{"id":5338,"date":"2020-12-15T12:28:42","date_gmt":"2020-12-15T15:28:42","guid":{"rendered":"https:\/\/blogfca.pucminas.br\/colab\/?p=5338"},"modified":"2020-12-15T20:23:33","modified_gmt":"2020-12-15T23:23:33","slug":"homem-pateta-e-outros-perigos-da-internet","status":"publish","type":"post","link":"https:\/\/blogfca.pucminas.br\/colab\/homem-pateta-e-outros-perigos-da-internet\/","title":{"rendered":"Homem Pateta ataca novamente: crian\u00e7as s\u00e3o v\u00edtimas preferenciais"},"content":{"rendered":"\n<p>O per\u00edodo de isolamento social, em fun\u00e7\u00e3o da Covid-19, trouxe de volta a figura fict\u00edcia do <em>Homem Pateta<\/em>, motivo de ins\u00f4nia para muitos pais. Trata-se de uma personalidade <em>online<\/em> que incentiva brincadeiras perigosas e violentas.<\/p>\n\n\n\n<p>Com a pandemia, o tempo que as crian\u00e7as passam na internet aumentou e, assim, o consumo de conte\u00fado impr\u00f3prio nas plataformas sociais. De acordo com levantamento do <em><a href=\"https:\/\/www.appguardian.com.br\/\">AppGuardian<\/a><\/em>, aplicativo de controle parental, crian\u00e7as de 5 a 15 anos passam, em m\u00e9dia, 25 horas por m\u00eas no YouTube. O excesso, refletido em depend\u00eancia ou m\u00e1 utiliza\u00e7\u00e3o, pode provocar problemas como ansiedade, sedentarismo, transtornos mentais e de alimenta\u00e7\u00e3o, conforme a <a href=\"https:\/\/www.sbp.com.br\/\">Sociedade Brasileira de Pediatria<\/a> (SBP).<\/p>\n\n\n\n<h2 class=\"wp-block-heading\">Caso de v\u00edtima fatal alerta profissionais da sa\u00fade e educa\u00e7\u00e3o<\/h2>\n\n\n\n<p>Em 2014, o adolescente Dimitri Jereissati, 16 anos, perdeu a vida ao participar de uma \u201cbrincadeira\u201d online, conhecida por \u201cjogo do desmaio\u201d. Com isso, foi criado, em Fortaleza (CE), o <a href=\"http:\/\/www.institutodimicuida.org.br\/\">Instituto Dimicuida<\/a>, na tentativa de preservar a vida de outros jovens e conscientizar pais e respons\u00e1veis sobre os perigos da rede.<\/p>\n\n\n\n<p>\u201cFoi necess\u00e1rio conhecer mais sobre esses conte\u00fados e problemas para que consegu\u00edssemos responder v\u00e1rias perguntas e ajudar as fam\u00edlias. Come\u00e7amos a investigar o comportamento de adolescentes na escola para trabalhar na preven\u00e7\u00e3o; diferenciar brincadeiras saud\u00e1veis de perigosas\u201d, explica Fabiana Vasconcelos, psic\u00f3loga do instituto.&nbsp;<\/p>\n\n\n\n<figure class=\"wp-block-pullquote alignwide\"><blockquote><p>Segundo a pesquisa <a href=\"https:\/\/cetic.br\/pesquisa\/kids-online\/\">TIC Kids Online Brasil 2018<\/a>, divulgada pelo Comit\u00ea Gestor da Internet no Brasil, 86% de jovens entre 9 e 17 anos, est\u00e3o conectadas no ciberespa\u00e7o \u2013 o equivalente a cerca de 24,3 milh\u00f5es de crian\u00e7as e adolescentes. Desse total, 73% usam para comunica\u00e7\u00e3o e redes sociais e 77% assistem v\u00eddeos, filmes e s\u00e9ries. O n\u00famero aumenta se reduzirmos a faixa et\u00e1ria para 9 e 10 anos: s\u00e3o 84% consumindo conte\u00fados audiovisuais.&nbsp;<\/p><\/blockquote><\/figure>\n\n\n\n<p>A psic\u00f3loga cita dois canais do YouTube, cuja produ\u00e7\u00e3o violenta e perigosa \u00e9 respons\u00e1vel por parte dos acidentes com crian\u00e7as. O Instituto conseguiu derrubar o do influencer La F\u00eanix, e Fabiana destaca exemplos de pr\u00e1ticas e discursos de propriet\u00e1rios do perfil: \u201cEles incentivavam brincadeiras como chutar uma bola, descal\u00e7o (a bola pode ter arame farpado). Um dos donos desse canal me disse: \u2018Meu filho n\u00e3o assiste meus v\u00eddeos, ent\u00e3o cada fam\u00edlia cuide dos seus\u2019. Isso n\u00e3o condiz com o conv\u00edvio em sociedade\u201d, assevera.<\/p>\n\n\n\n<p>J\u00e1 Everson Z\u00f3io, respons\u00e1vel pelo canal Zoio do Dia, \u201cmandava seus inscritos enviarem desafios criativos para serem selecionados. Um v\u00eddeo dele&nbsp; com o seguinte t\u00edtulo foi bloqueado: colocar fogo no corpo e pular no rio. O youtube retirou o v\u00eddeo antes de ser postado\u201d, exemplifica Fabiana.<\/p>\n\n\n\n<h4 class=\"has-text-align-center wp-block-heading\"><a href=\"https:\/\/blogfca.pucminas.br\/colab\/nomofobia-sera-que-voce-precisa-de-um-detox-digital\/\" target=\"_blank\" rel=\"noreferrer noopener\">Leia tamb\u00e9m: Nomofobia? Ser\u00e1 que voc\u00ea precisa de detox digital?<\/a><\/h4>\n\n\n\n<p>De acordo com um estudo realizado pelo <em>AppGuardian<\/em>, aplicativo de controle parental, crian\u00e7as de 5 a 15 anos passam, em m\u00e9dia, 25 horas por m\u00eas no YouTube. A soma entre YouTube <em>Kids<\/em> e YouTube <em>Go<\/em> resulta em 47 horas mensais. Al\u00e9m disso, a pesquisa mostrou que a m\u00e9dia de perman\u00eancia no celular \u00e9 de 5,7 horas por dia, de segunda a quinta-feira. Nos finais de semana, esse n\u00famero aumenta para 6,9.&nbsp;<\/p>\n\n\n\n<p>Al\u00e9m dos desafios estimulados pelos canais, o jogo Baleia Azul tamb\u00e9m ficou conhecido por provocar acidentes e muita preocupa\u00e7\u00e3o. Trata-se de um conjunto de 50 miss\u00f5es extremamente perigosas e a \u00faltima delas \u00e9 dar fim \u00e0 pr\u00f3pria vida.<\/p>\n\n\n\n<p>Segundo a jornalista Andrea Ramal, do G1, em 2015 uma jovem russa de 15 anos se jogou de um pr\u00e9dio; depois, outro adolescente se jogou na frente de um trem. No Brasil, casos em Mato Grosso e na Para\u00edba foram investigados, envolvendo v\u00edtimas da mesma faixa et\u00e1ria em jogos de automutila\u00e7\u00e3o e su\u00edcidio.&nbsp;<\/p>\n\n\n\n<h2 class=\"wp-block-heading\"><strong>Medidas governamentais<\/strong><\/h2>\n\n\n\n<p>A psic\u00f3loga tamb\u00e9m destaca incoer\u00eancia e contradi\u00e7\u00f5es legislativas percebidas no momento em que o Dimicuida decidiu fazer contato com o Governo.<\/p>\n\n\n\n<p>Existem Artigos do Marco Civil da Internet (Art. 19, 20 e 21) que preveem a retirada de conte\u00fados perigosos das plataformas digitais. Contudo, tratando-se de v\u00eddeos, os ju\u00edzes precisam assistir a todos para dar o parecer definitivo. <em>\u201cA velocidade com que os v\u00eddeos s\u00e3o postados \u00e9 bem maior do que a velocidade da Justi\u00e7a brasileira\u201d,<\/em><strong><em> <\/em><\/strong><em>aponta Fabiana Vasconcelos<\/em>,<em> psic\u00f3loga do Dimicuida<\/em>.<\/p>\n\n\n\n<p>Em rela\u00e7\u00e3o \u00e0s contradi\u00e7\u00f5es, Fabiana cita um exemplo: \u201cV\u00eddeos com viola\u00e7\u00e3o de direitos autorais s\u00e3o automaticamente bloqueados, j\u00e1 os com conte\u00fados perigosos t\u00eam que passar por um lento processo\u201d.&nbsp;<\/p>\n\n\n\n<h2 class=\"wp-block-heading\">Homem Pateta? <strong>\u201cA responsabilidade \u00e9 dos pais\u201d<\/strong><\/h2>\n\n\n\n<p>O Homem Pateta pode at\u00e9 intimidar e sinalizar que o perigo est\u00e1 pr\u00f3ximo, mas existem duas armas letais para combat\u00ea-lo: observa\u00e7\u00e3o e di\u00e1logo. Segundo a psic\u00f3loga&nbsp; Carolina Fonseca, <em>&nbsp;<\/em>especialista em Sa\u00fade Mental, Atendimento Familiar Sist\u00eamico e em Psicologia Organizacional e do Trabalho, \u201cos pais t\u00eam total responsabilidade em perceber pequenas altera\u00e7\u00f5es de comportamento, isolamento, marcas pelo corpo, marcas de automutila\u00e7\u00e3o, irritabilidade, quedas no rendimento escolar, e \u00e9 essencial que eles estabele\u00e7am um di\u00e1logo com seus filhos.\u201d<\/p>\n\n\n\n<p>Conforme Carolina, os perigos da internet n\u00e3o s\u00e3o silenciosos e se manifestam de diversas formas, sendo essencial que pais e respons\u00e1veis prestem aten\u00e7\u00e3o no comportamento das crian\u00e7as e tenham em mente que a internet \u00e9&nbsp; um simples meio de acesso. \u201c[..] A tecnologia pode auxiliar, mas n\u00e3o deve ser responsabilizada pelo o que as crian\u00e7as assistem. Os pais devem verificar o hist\u00f3rico de busca, controlar o tempo de acesso e conversar com seus filhos e filhas para saber qual conte\u00fado est\u00e3o consumindo\u201d, alerta a especialista.&nbsp;<\/p>\n\n\n\n<p>Para alertar as fam\u00edlias sobre os sinais mais recorrentes de que algo n\u00e3o vai bem no tipo de acesso \u00e0 tecnologia, o Instituto Dimicuida fez uma cartilha informando sobre os jogos de n\u00e3o-oxigena\u00e7\u00e3o, que s\u00e3o denominados \u201cbrincadeira do desmaio (<em>choking game<\/em>)\u201d. Essa brincadeira tem causado diversos acidentes fatais de autoasfixia ou desmaios volunt\u00e1rios em crian\u00e7as que s\u00e3o encorajadas por colegas e pelos v\u00eddeos presentes nas plataformas de m\u00eddias sociais. Segue trecho da cartilha com dicas direcionadas aos familiares:<\/p>\n\n\n\n<figure class=\"wp-block-image size-large\"><img loading=\"lazy\" decoding=\"async\" width=\"1024\" height=\"653\" sizes=\"auto, (max-width: 1024px) 100vw, 1024px\" src=\"https:\/\/blogfca.pucminas.br\/colab\/wp-content\/uploads\/2020\/12\/sinais1-1024x653.png\" alt=\"\" class=\"wp-image-5339\" srcset=\"https:\/\/blogfca.pucminas.br\/colab\/wp-content\/uploads\/2020\/12\/sinais1-1024x653.png 1024w, https:\/\/blogfca.pucminas.br\/colab\/wp-content\/uploads\/2020\/12\/sinais1-300x191.png 300w, https:\/\/blogfca.pucminas.br\/colab\/wp-content\/uploads\/2020\/12\/sinais1-768x490.png 768w, https:\/\/blogfca.pucminas.br\/colab\/wp-content\/uploads\/2020\/12\/sinais1-1536x979.png 1536w, https:\/\/blogfca.pucminas.br\/colab\/wp-content\/uploads\/2020\/12\/sinais1-2048x1306.png 2048w, https:\/\/blogfca.pucminas.br\/colab\/wp-content\/uploads\/2020\/12\/sinais1-370x236.png 370w, https:\/\/blogfca.pucminas.br\/colab\/wp-content\/uploads\/2020\/12\/sinais1-270x172.png 270w, https:\/\/blogfca.pucminas.br\/colab\/wp-content\/uploads\/2020\/12\/sinais1-470x300.png 470w, https:\/\/blogfca.pucminas.br\/colab\/wp-content\/uploads\/2020\/12\/sinais1-570x363.png 570w, https:\/\/blogfca.pucminas.br\/colab\/wp-content\/uploads\/2020\/12\/sinais1-740x472.png 740w, https:\/\/blogfca.pucminas.br\/colab\/wp-content\/uploads\/2020\/12\/sinais1-150x96.png 150w\" \/><figcaption><em>Fonte: cartilha \u201cJogos de N\u00e3o Oxigena\u00e7\u00e3o \u2013 Conhecer, Compreender, Prevenir\u201d, do Instituto Dimicuida<\/em><\/figcaption><\/figure>\n\n\n\n<figure class=\"wp-block-image size-large\"><img loading=\"lazy\" decoding=\"async\" width=\"1024\" height=\"653\" sizes=\"auto, (max-width: 1024px) 100vw, 1024px\" src=\"https:\/\/blogfca.pucminas.br\/colab\/wp-content\/uploads\/2020\/12\/sinais2-1024x653.png\" alt=\"\" class=\"wp-image-5340\" srcset=\"https:\/\/blogfca.pucminas.br\/colab\/wp-content\/uploads\/2020\/12\/sinais2-1024x653.png 1024w, https:\/\/blogfca.pucminas.br\/colab\/wp-content\/uploads\/2020\/12\/sinais2-300x191.png 300w, https:\/\/blogfca.pucminas.br\/colab\/wp-content\/uploads\/2020\/12\/sinais2-768x490.png 768w, https:\/\/blogfca.pucminas.br\/colab\/wp-content\/uploads\/2020\/12\/sinais2-1536x979.png 1536w, https:\/\/blogfca.pucminas.br\/colab\/wp-content\/uploads\/2020\/12\/sinais2-2048x1306.png 2048w, https:\/\/blogfca.pucminas.br\/colab\/wp-content\/uploads\/2020\/12\/sinais2-370x236.png 370w, https:\/\/blogfca.pucminas.br\/colab\/wp-content\/uploads\/2020\/12\/sinais2-270x172.png 270w, https:\/\/blogfca.pucminas.br\/colab\/wp-content\/uploads\/2020\/12\/sinais2-470x300.png 470w, https:\/\/blogfca.pucminas.br\/colab\/wp-content\/uploads\/2020\/12\/sinais2-570x363.png 570w, https:\/\/blogfca.pucminas.br\/colab\/wp-content\/uploads\/2020\/12\/sinais2-740x472.png 740w, https:\/\/blogfca.pucminas.br\/colab\/wp-content\/uploads\/2020\/12\/sinais2-150x96.png 150w\" \/><figcaption><em>Fonte: cartilha \u201cJogos de N\u00e3o Oxigena\u00e7\u00e3o \u2013 Conhecer, Compreender, Prevenir\u201d, do Instituto Dimicuida<\/em><\/figcaption><\/figure>\n\n\n\n<h4 class=\"has-text-align-center wp-block-heading\">Para outras informa\u00e7\u00f5es, acesse a cartilha completa \u201c<a href=\"http:\/\/www.institutodimicuida.org.br\/biblioteca\/\">Jogos de N\u00e3o Oxigena\u00e7\u00e3o \u2013 Conhecer, Compreender, Prevenir<\/a>\u201d.<\/h4>\n\n\n\n<div class=\"wp-block-group\"><div class=\"wp-block-group__inner-container is-layout-flow wp-block-group-is-layout-flow\">\n<div class=\"wp-block-group\"><div class=\"wp-block-group__inner-container is-layout-flow wp-block-group-is-layout-flow\">\n<h2 class=\"wp-block-heading\">Publicidade infantil em plataformas sociais<\/h2>\n\n\n\n<p>A psic\u00f3loga Fabiana Vasconcelos diz existir uma contradi\u00e7\u00e3o na lei que regula a exposi\u00e7\u00e3o de publicidade infantil. \u201cA crian\u00e7a \u00e9 protegida na TV aberta, pois \u00e9 proibido merchandising que incentive o consumo; por\u00e9m, na internet pode, [e esse \u00e9] o meio que a crian\u00e7a mais usa\u201d. A preocupa\u00e7\u00e3o da especialista \u00e9 em decorr\u00eancia principalmente da chamada \u201cpublicidade infantil camuflada\u201d, que nada mais \u00e9 do que o direcionamento comercial a crian\u00e7as menores de 12 anos.&nbsp;<\/p>\n\n\n\n<p>Identificar tal pr\u00e1tica ilegal \u2013 segundo os Art. 36 e 37 do C\u00f3digo de Defesa do Consumidor e a Resolu\u00e7\u00e3o n\u00ba 163 de 2014 do Conselho Nacional dos Direitos da Crian\u00e7a e do Adolescente \u2013 \u00e9 um desafio.<\/p>\n\n\n\n<p>Den\u00fancias contra o Google, enviadas \u00e0 Comiss\u00e3o Federal de Com\u00e9rcio (FTC) e apresentadas pelo G1, acusam a plataforma de coleta de dados e direcionamento de merchandising infantil, contrariando a Coppa \u2013 lei americana que protege dados de crian\u00e7as na internet.&nbsp;<\/p>\n\n\n\n<p>Contudo, Carolina Fonseca n\u00e3o acredita haver problemas com esta pr\u00e1tica. \u201cAcredito que n\u00e3o h\u00e1 problemas na publicidade infantil. A quest\u00e3o \u00e9 os pais conseguirem se posicionar frente a isso. Existe sim uma influ\u00eancia, mas o que a gente tamb\u00e9m precisa, o que a psicologia vem trabalhando no contexto escolar e no contexto cl\u00ednico, \u00e9 o fortalecimento dos pais, para mostrar de fato a realidade para a crian\u00e7a: o que pode, o que d\u00e1 e o que n\u00e3o d\u00e1 pra fazer\u201d.<\/p>\n<\/div><\/div>\n\n\n\n<iframe loading=\"lazy\" width=\"550\" height=\"400\" src=\"https:\/\/prezi.com\/view\/36CN1aJ4rp2F4VfF5vxm\/embed\" webkitallowfullscreen=\"1\" mozallowfullscreen=\"1\" allowfullscreen=\"1\"><\/iframe>\n<\/div><\/div>\n\n\n\n<pre class=\"wp-block-verse\">Reportagem desenvolvida por Carlos Eduardo de Noronha, Daniela de Faria, Isabella Cerqueira, Lu\u00eds Henrique, Maria Fernanda Machado, Maria Fernanda Ramos, Maria J\u00falia Henriques, Renata Pedrosa, Sarah Gon\u00e7alves e Vit\u00f3ria Dias&nbsp;para a disciplina de Apura\u00e7\u00e3o, Reda\u00e7\u00e3o e Entrevista, no semestre 2020\/2.<\/pre>\n\n\n\n<p><\/p>\n","protected":false},"excerpt":{"rendered":"<p>Figuras que estimulam atos de viol\u00eancia e brincadeiras perigosas apavoram os pais<\/p>\n","protected":false},"author":7,"featured_media":5359,"comment_status":"open","ping_status":"open","sticky":false,"template":"","format":"standard","meta":{"_eb_attr":"","ngg_post_thumbnail":0,"footnotes":""},"categories":[5],"tags":[398,397,393,394,392,396,391,395,231],"class_list":["post-5338","post","type-post","status-publish","format-standard","has-post-thumbnail","hentry","category-sociedade","tag-baleia-azul","tag-brincadeira-do-desmaio","tag-brincadeiras-perigosas","tag-criancas-e-adolescentes","tag-homem-pateta","tag-perigos-das-redes-sociais","tag-perigos-na-internet","tag-perigos-online","tag-violencia"],"yoast_head":"<!-- This site is optimized with the Yoast SEO plugin v27.5 - https:\/\/yoast.com\/product\/yoast-seo-wordpress\/ -->\n<title>Homem Pateta ataca novamente: crian\u00e7as s\u00e3o v\u00edtimas preferenciais<\/title>\n<meta name=\"description\" content=\"Com o isolamento social e mais tempo de acesso \u00e0 internet, figuras que estimulam atos de viol\u00eancia e brincadeiras perigosas apavoram os pais\" \/>\n<meta name=\"robots\" content=\"index, follow, max-snippet:-1, max-image-preview:large, max-video-preview:-1\" \/>\n<link rel=\"canonical\" href=\"https:\/\/blogfca.pucminas.br\/colab\/homem-pateta-e-outros-perigos-da-internet\/\" \/>\n<meta property=\"og:locale\" content=\"pt_BR\" \/>\n<meta property=\"og:type\" content=\"article\" \/>\n<meta property=\"og:title\" content=\"Homem Pateta ataca novamente: crian\u00e7as s\u00e3o v\u00edtimas preferenciais\" \/>\n<meta property=\"og:description\" content=\"Com o isolamento social e mais tempo de acesso \u00e0 internet, figuras que estimulam atos de viol\u00eancia e brincadeiras perigosas apavoram os pais\" \/>\n<meta property=\"og:url\" content=\"https:\/\/blogfca.pucminas.br\/colab\/homem-pateta-e-outros-perigos-da-internet\/\" \/>\n<meta property=\"og:site_name\" content=\"Colab\" \/>\n<meta property=\"article:publisher\" content=\"https:\/\/www.facebook.com\/colabpucminas\" \/>\n<meta property=\"article:author\" content=\"https:\/\/www.facebook.com\/colabpucminas\" \/>\n<meta property=\"article:published_time\" content=\"2020-12-15T15:28:42+00:00\" \/>\n<meta property=\"article:modified_time\" content=\"2020-12-15T23:23:33+00:00\" \/>\n<meta property=\"og:image\" content=\"https:\/\/blogfca.pucminas.br\/colab\/wp-content\/uploads\/2020\/12\/homem_pateta.png\" \/>\n\t<meta property=\"og:image:width\" content=\"1300\" \/>\n\t<meta property=\"og:image:height\" content=\"957\" \/>\n\t<meta property=\"og:image:type\" content=\"image\/png\" \/>\n<meta name=\"author\" content=\"Colab PUC Minas\" \/>\n<meta name=\"twitter:card\" content=\"summary_large_image\" \/>\n<meta name=\"twitter:creator\" content=\"@https:\/\/twitter.com\/colabpucminas\" \/>\n<meta name=\"twitter:site\" content=\"@colabpucminas\" \/>\n<meta name=\"twitter:label1\" content=\"Escrito por\" \/>\n\t<meta name=\"twitter:data1\" content=\"Colab PUC Minas\" \/>\n\t<meta name=\"twitter:label2\" content=\"Est. tempo de leitura\" \/>\n\t<meta name=\"twitter:data2\" content=\"7 minutos\" \/>\n<script type=\"application\/ld+json\" class=\"yoast-schema-graph\">{\"@context\":\"https:\\\/\\\/schema.org\",\"@graph\":[{\"@type\":\"Article\",\"@id\":\"https:\\\/\\\/blogfca.pucminas.br\\\/colab\\\/homem-pateta-e-outros-perigos-da-internet\\\/#article\",\"isPartOf\":{\"@id\":\"https:\\\/\\\/blogfca.pucminas.br\\\/colab\\\/homem-pateta-e-outros-perigos-da-internet\\\/\"},\"author\":{\"name\":\"Colab PUC Minas\",\"@id\":\"https:\\\/\\\/blogfca.pucminas.br\\\/colab\\\/#\\\/schema\\\/person\\\/1558d8148a80ebc84231cd55495bd7a4\"},\"headline\":\"Homem Pateta ataca novamente: crian\u00e7as s\u00e3o v\u00edtimas preferenciais\",\"datePublished\":\"2020-12-15T15:28:42+00:00\",\"dateModified\":\"2020-12-15T23:23:33+00:00\",\"mainEntityOfPage\":{\"@id\":\"https:\\\/\\\/blogfca.pucminas.br\\\/colab\\\/homem-pateta-e-outros-perigos-da-internet\\\/\"},\"wordCount\":1347,\"commentCount\":0,\"publisher\":{\"@id\":\"https:\\\/\\\/blogfca.pucminas.br\\\/colab\\\/#organization\"},\"image\":{\"@id\":\"https:\\\/\\\/blogfca.pucminas.br\\\/colab\\\/homem-pateta-e-outros-perigos-da-internet\\\/#primaryimage\"},\"thumbnailUrl\":\"https:\\\/\\\/blogfca.pucminas.br\\\/colab\\\/wp-content\\\/uploads\\\/2020\\\/12\\\/homem_pateta.png\",\"keywords\":[\"Baleia Azul\",\"brincadeira do desmaio\",\"Brincadeiras perigosas\",\"crian\u00e7as e adolescentes\",\"Homem Pateta\",\"perigos das redes sociais\",\"perigos na internet\",\"perigos online\",\"viol\u00eancia\"],\"articleSection\":[\"Sociedade\"],\"inLanguage\":\"pt-BR\",\"potentialAction\":[{\"@type\":\"CommentAction\",\"name\":\"Comment\",\"target\":[\"https:\\\/\\\/blogfca.pucminas.br\\\/colab\\\/homem-pateta-e-outros-perigos-da-internet\\\/#respond\"]}]},{\"@type\":\"WebPage\",\"@id\":\"https:\\\/\\\/blogfca.pucminas.br\\\/colab\\\/homem-pateta-e-outros-perigos-da-internet\\\/\",\"url\":\"https:\\\/\\\/blogfca.pucminas.br\\\/colab\\\/homem-pateta-e-outros-perigos-da-internet\\\/\",\"name\":\"Homem Pateta ataca novamente: crian\u00e7as s\u00e3o v\u00edtimas preferenciais\",\"isPartOf\":{\"@id\":\"https:\\\/\\\/blogfca.pucminas.br\\\/colab\\\/#website\"},\"primaryImageOfPage\":{\"@id\":\"https:\\\/\\\/blogfca.pucminas.br\\\/colab\\\/homem-pateta-e-outros-perigos-da-internet\\\/#primaryimage\"},\"image\":{\"@id\":\"https:\\\/\\\/blogfca.pucminas.br\\\/colab\\\/homem-pateta-e-outros-perigos-da-internet\\\/#primaryimage\"},\"thumbnailUrl\":\"https:\\\/\\\/blogfca.pucminas.br\\\/colab\\\/wp-content\\\/uploads\\\/2020\\\/12\\\/homem_pateta.png\",\"datePublished\":\"2020-12-15T15:28:42+00:00\",\"dateModified\":\"2020-12-15T23:23:33+00:00\",\"description\":\"Com o isolamento social e mais tempo de acesso \u00e0 internet, figuras que estimulam atos de viol\u00eancia e brincadeiras perigosas apavoram os pais\",\"breadcrumb\":{\"@id\":\"https:\\\/\\\/blogfca.pucminas.br\\\/colab\\\/homem-pateta-e-outros-perigos-da-internet\\\/#breadcrumb\"},\"inLanguage\":\"pt-BR\",\"potentialAction\":[{\"@type\":\"ReadAction\",\"target\":[\"https:\\\/\\\/blogfca.pucminas.br\\\/colab\\\/homem-pateta-e-outros-perigos-da-internet\\\/\"]}]},{\"@type\":\"ImageObject\",\"inLanguage\":\"pt-BR\",\"@id\":\"https:\\\/\\\/blogfca.pucminas.br\\\/colab\\\/homem-pateta-e-outros-perigos-da-internet\\\/#primaryimage\",\"url\":\"https:\\\/\\\/blogfca.pucminas.br\\\/colab\\\/wp-content\\\/uploads\\\/2020\\\/12\\\/homem_pateta.png\",\"contentUrl\":\"https:\\\/\\\/blogfca.pucminas.br\\\/colab\\\/wp-content\\\/uploads\\\/2020\\\/12\\\/homem_pateta.png\",\"width\":1300,\"height\":957},{\"@type\":\"BreadcrumbList\",\"@id\":\"https:\\\/\\\/blogfca.pucminas.br\\\/colab\\\/homem-pateta-e-outros-perigos-da-internet\\\/#breadcrumb\",\"itemListElement\":[{\"@type\":\"ListItem\",\"position\":1,\"name\":\"In\u00edcio\",\"item\":\"https:\\\/\\\/blogfca.pucminas.br\\\/colab\\\/\"},{\"@type\":\"ListItem\",\"position\":2,\"name\":\"Homem Pateta ataca novamente: crian\u00e7as s\u00e3o v\u00edtimas preferenciais\"}]},{\"@type\":\"WebSite\",\"@id\":\"https:\\\/\\\/blogfca.pucminas.br\\\/colab\\\/#website\",\"url\":\"https:\\\/\\\/blogfca.pucminas.br\\\/colab\\\/\",\"name\":\"Colab\",\"description\":\"Experimenta\u00e7\u00e3o, conte\u00fado e colabora\u00e7\u00e3o em Jornalismo Digital\",\"publisher\":{\"@id\":\"https:\\\/\\\/blogfca.pucminas.br\\\/colab\\\/#organization\"},\"potentialAction\":[{\"@type\":\"SearchAction\",\"target\":{\"@type\":\"EntryPoint\",\"urlTemplate\":\"https:\\\/\\\/blogfca.pucminas.br\\\/colab\\\/?s={search_term_string}\"},\"query-input\":{\"@type\":\"PropertyValueSpecification\",\"valueRequired\":true,\"valueName\":\"search_term_string\"}}],\"inLanguage\":\"pt-BR\"},{\"@type\":\"Organization\",\"@id\":\"https:\\\/\\\/blogfca.pucminas.br\\\/colab\\\/#organization\",\"name\":\"Colab :: Laborat\u00f3rio de Comunica\u00e7\u00e3o Digital da FCA \\\/ PUC Minas\",\"url\":\"https:\\\/\\\/blogfca.pucminas.br\\\/colab\\\/\",\"logo\":{\"@type\":\"ImageObject\",\"inLanguage\":\"pt-BR\",\"@id\":\"https:\\\/\\\/blogfca.pucminas.br\\\/colab\\\/#\\\/schema\\\/logo\\\/image\\\/\",\"url\":\"https:\\\/\\\/blogfca.pucminas.br\\\/colab\\\/wp-content\\\/uploads\\\/2020\\\/03\\\/Avatar-Colab.jpg\",\"contentUrl\":\"https:\\\/\\\/blogfca.pucminas.br\\\/colab\\\/wp-content\\\/uploads\\\/2020\\\/03\\\/Avatar-Colab.jpg\",\"width\":1682,\"height\":1682,\"caption\":\"Colab :: Laborat\u00f3rio de Comunica\u00e7\u00e3o Digital da FCA \\\/ PUC Minas\"},\"image\":{\"@id\":\"https:\\\/\\\/blogfca.pucminas.br\\\/colab\\\/#\\\/schema\\\/logo\\\/image\\\/\"},\"sameAs\":[\"https:\\\/\\\/www.facebook.com\\\/colabpucminas\",\"https:\\\/\\\/x.com\\\/colabpucminas\",\"https:\\\/\\\/www.instagram.com\\\/colabpucminas\\\/\",\"https:\\\/\\\/www.linkedin.com\\\/company\\\/colab-puc-minas\",\"https:\\\/\\\/www.youtube.com\\\/channel\\\/UC14mKIqnnGCOgVr4DG6FPkA\"]},{\"@type\":\"Person\",\"@id\":\"https:\\\/\\\/blogfca.pucminas.br\\\/colab\\\/#\\\/schema\\\/person\\\/1558d8148a80ebc84231cd55495bd7a4\",\"name\":\"Colab PUC Minas\",\"image\":{\"@type\":\"ImageObject\",\"inLanguage\":\"pt-BR\",\"@id\":\"https:\\\/\\\/secure.gravatar.com\\\/avatar\\\/8e2ad0447c23d0e32e8541cfe4edfc398613871a2d36fd66bd308611ccd7d23a?s=96&d=mm&r=g\",\"url\":\"https:\\\/\\\/secure.gravatar.com\\\/avatar\\\/8e2ad0447c23d0e32e8541cfe4edfc398613871a2d36fd66bd308611ccd7d23a?s=96&d=mm&r=g\",\"contentUrl\":\"https:\\\/\\\/secure.gravatar.com\\\/avatar\\\/8e2ad0447c23d0e32e8541cfe4edfc398613871a2d36fd66bd308611ccd7d23a?s=96&d=mm&r=g\",\"caption\":\"Colab PUC Minas\"},\"description\":\"Colab \u00e9 o Laborat\u00f3rio de Comunica\u00e7\u00e3o Digital da FCA \\\/ PUC Minas. Os textos publicados neste perfil s\u00e3o de autoria coletiva ou de convidados externos.\",\"sameAs\":[\"https:\\\/\\\/blogfca.pucminas.br\\\/colab\\\/\",\"https:\\\/\\\/www.facebook.com\\\/colabpucminas\",\"https:\\\/\\\/www.instagram.com\\\/colabpucminas\\\/\",\"https:\\\/\\\/x.com\\\/https:\\\/\\\/twitter.com\\\/colabpucminas\",\"https:\\\/\\\/www.youtube.com\\\/channel\\\/UC14mKIqnnGCOgVr4DG6FPkA\"],\"url\":\"https:\\\/\\\/blogfca.pucminas.br\\\/colab\\\/author\\\/colab\\\/\"}]}<\/script>\n<!-- \/ Yoast SEO plugin. -->","yoast_head_json":{"title":"Homem Pateta ataca novamente: crian\u00e7as s\u00e3o v\u00edtimas preferenciais","description":"Com o isolamento social e mais tempo de acesso \u00e0 internet, figuras que estimulam atos de viol\u00eancia e brincadeiras perigosas apavoram os pais","robots":{"index":"index","follow":"follow","max-snippet":"max-snippet:-1","max-image-preview":"max-image-preview:large","max-video-preview":"max-video-preview:-1"},"canonical":"https:\/\/blogfca.pucminas.br\/colab\/homem-pateta-e-outros-perigos-da-internet\/","og_locale":"pt_BR","og_type":"article","og_title":"Homem Pateta ataca novamente: crian\u00e7as s\u00e3o v\u00edtimas preferenciais","og_description":"Com o isolamento social e mais tempo de acesso \u00e0 internet, figuras que estimulam atos de viol\u00eancia e brincadeiras perigosas apavoram os pais","og_url":"https:\/\/blogfca.pucminas.br\/colab\/homem-pateta-e-outros-perigos-da-internet\/","og_site_name":"Colab","article_publisher":"https:\/\/www.facebook.com\/colabpucminas","article_author":"https:\/\/www.facebook.com\/colabpucminas","article_published_time":"2020-12-15T15:28:42+00:00","article_modified_time":"2020-12-15T23:23:33+00:00","og_image":[{"width":1300,"height":957,"url":"https:\/\/blogfca.pucminas.br\/colab\/wp-content\/uploads\/2020\/12\/homem_pateta.png","type":"image\/png"}],"author":"Colab PUC Minas","twitter_card":"summary_large_image","twitter_creator":"@https:\/\/twitter.com\/colabpucminas","twitter_site":"@colabpucminas","twitter_misc":{"Escrito por":"Colab PUC Minas","Est. tempo de leitura":"7 minutos"},"schema":{"@context":"https:\/\/schema.org","@graph":[{"@type":"Article","@id":"https:\/\/blogfca.pucminas.br\/colab\/homem-pateta-e-outros-perigos-da-internet\/#article","isPartOf":{"@id":"https:\/\/blogfca.pucminas.br\/colab\/homem-pateta-e-outros-perigos-da-internet\/"},"author":{"name":"Colab PUC Minas","@id":"https:\/\/blogfca.pucminas.br\/colab\/#\/schema\/person\/1558d8148a80ebc84231cd55495bd7a4"},"headline":"Homem Pateta ataca novamente: crian\u00e7as s\u00e3o v\u00edtimas preferenciais","datePublished":"2020-12-15T15:28:42+00:00","dateModified":"2020-12-15T23:23:33+00:00","mainEntityOfPage":{"@id":"https:\/\/blogfca.pucminas.br\/colab\/homem-pateta-e-outros-perigos-da-internet\/"},"wordCount":1347,"commentCount":0,"publisher":{"@id":"https:\/\/blogfca.pucminas.br\/colab\/#organization"},"image":{"@id":"https:\/\/blogfca.pucminas.br\/colab\/homem-pateta-e-outros-perigos-da-internet\/#primaryimage"},"thumbnailUrl":"https:\/\/blogfca.pucminas.br\/colab\/wp-content\/uploads\/2020\/12\/homem_pateta.png","keywords":["Baleia Azul","brincadeira do desmaio","Brincadeiras perigosas","crian\u00e7as e adolescentes","Homem Pateta","perigos das redes sociais","perigos na internet","perigos online","viol\u00eancia"],"articleSection":["Sociedade"],"inLanguage":"pt-BR","potentialAction":[{"@type":"CommentAction","name":"Comment","target":["https:\/\/blogfca.pucminas.br\/colab\/homem-pateta-e-outros-perigos-da-internet\/#respond"]}]},{"@type":"WebPage","@id":"https:\/\/blogfca.pucminas.br\/colab\/homem-pateta-e-outros-perigos-da-internet\/","url":"https:\/\/blogfca.pucminas.br\/colab\/homem-pateta-e-outros-perigos-da-internet\/","name":"Homem Pateta ataca novamente: crian\u00e7as s\u00e3o v\u00edtimas preferenciais","isPartOf":{"@id":"https:\/\/blogfca.pucminas.br\/colab\/#website"},"primaryImageOfPage":{"@id":"https:\/\/blogfca.pucminas.br\/colab\/homem-pateta-e-outros-perigos-da-internet\/#primaryimage"},"image":{"@id":"https:\/\/blogfca.pucminas.br\/colab\/homem-pateta-e-outros-perigos-da-internet\/#primaryimage"},"thumbnailUrl":"https:\/\/blogfca.pucminas.br\/colab\/wp-content\/uploads\/2020\/12\/homem_pateta.png","datePublished":"2020-12-15T15:28:42+00:00","dateModified":"2020-12-15T23:23:33+00:00","description":"Com o isolamento social e mais tempo de acesso \u00e0 internet, figuras que estimulam atos de viol\u00eancia e brincadeiras perigosas apavoram os pais","breadcrumb":{"@id":"https:\/\/blogfca.pucminas.br\/colab\/homem-pateta-e-outros-perigos-da-internet\/#breadcrumb"},"inLanguage":"pt-BR","potentialAction":[{"@type":"ReadAction","target":["https:\/\/blogfca.pucminas.br\/colab\/homem-pateta-e-outros-perigos-da-internet\/"]}]},{"@type":"ImageObject","inLanguage":"pt-BR","@id":"https:\/\/blogfca.pucminas.br\/colab\/homem-pateta-e-outros-perigos-da-internet\/#primaryimage","url":"https:\/\/blogfca.pucminas.br\/colab\/wp-content\/uploads\/2020\/12\/homem_pateta.png","contentUrl":"https:\/\/blogfca.pucminas.br\/colab\/wp-content\/uploads\/2020\/12\/homem_pateta.png","width":1300,"height":957},{"@type":"BreadcrumbList","@id":"https:\/\/blogfca.pucminas.br\/colab\/homem-pateta-e-outros-perigos-da-internet\/#breadcrumb","itemListElement":[{"@type":"ListItem","position":1,"name":"In\u00edcio","item":"https:\/\/blogfca.pucminas.br\/colab\/"},{"@type":"ListItem","position":2,"name":"Homem Pateta ataca novamente: crian\u00e7as s\u00e3o v\u00edtimas preferenciais"}]},{"@type":"WebSite","@id":"https:\/\/blogfca.pucminas.br\/colab\/#website","url":"https:\/\/blogfca.pucminas.br\/colab\/","name":"Colab","description":"Experimenta\u00e7\u00e3o, conte\u00fado e colabora\u00e7\u00e3o em Jornalismo Digital","publisher":{"@id":"https:\/\/blogfca.pucminas.br\/colab\/#organization"},"potentialAction":[{"@type":"SearchAction","target":{"@type":"EntryPoint","urlTemplate":"https:\/\/blogfca.pucminas.br\/colab\/?s={search_term_string}"},"query-input":{"@type":"PropertyValueSpecification","valueRequired":true,"valueName":"search_term_string"}}],"inLanguage":"pt-BR"},{"@type":"Organization","@id":"https:\/\/blogfca.pucminas.br\/colab\/#organization","name":"Colab :: Laborat\u00f3rio de Comunica\u00e7\u00e3o Digital da FCA \/ PUC Minas","url":"https:\/\/blogfca.pucminas.br\/colab\/","logo":{"@type":"ImageObject","inLanguage":"pt-BR","@id":"https:\/\/blogfca.pucminas.br\/colab\/#\/schema\/logo\/image\/","url":"https:\/\/blogfca.pucminas.br\/colab\/wp-content\/uploads\/2020\/03\/Avatar-Colab.jpg","contentUrl":"https:\/\/blogfca.pucminas.br\/colab\/wp-content\/uploads\/2020\/03\/Avatar-Colab.jpg","width":1682,"height":1682,"caption":"Colab :: Laborat\u00f3rio de Comunica\u00e7\u00e3o Digital da FCA \/ PUC Minas"},"image":{"@id":"https:\/\/blogfca.pucminas.br\/colab\/#\/schema\/logo\/image\/"},"sameAs":["https:\/\/www.facebook.com\/colabpucminas","https:\/\/x.com\/colabpucminas","https:\/\/www.instagram.com\/colabpucminas\/","https:\/\/www.linkedin.com\/company\/colab-puc-minas","https:\/\/www.youtube.com\/channel\/UC14mKIqnnGCOgVr4DG6FPkA"]},{"@type":"Person","@id":"https:\/\/blogfca.pucminas.br\/colab\/#\/schema\/person\/1558d8148a80ebc84231cd55495bd7a4","name":"Colab PUC Minas","image":{"@type":"ImageObject","inLanguage":"pt-BR","@id":"https:\/\/secure.gravatar.com\/avatar\/8e2ad0447c23d0e32e8541cfe4edfc398613871a2d36fd66bd308611ccd7d23a?s=96&d=mm&r=g","url":"https:\/\/secure.gravatar.com\/avatar\/8e2ad0447c23d0e32e8541cfe4edfc398613871a2d36fd66bd308611ccd7d23a?s=96&d=mm&r=g","contentUrl":"https:\/\/secure.gravatar.com\/avatar\/8e2ad0447c23d0e32e8541cfe4edfc398613871a2d36fd66bd308611ccd7d23a?s=96&d=mm&r=g","caption":"Colab PUC Minas"},"description":"Colab \u00e9 o Laborat\u00f3rio de Comunica\u00e7\u00e3o Digital da FCA \/ PUC Minas. Os textos publicados neste perfil s\u00e3o de autoria coletiva ou de convidados externos.","sameAs":["https:\/\/blogfca.pucminas.br\/colab\/","https:\/\/www.facebook.com\/colabpucminas","https:\/\/www.instagram.com\/colabpucminas\/","https:\/\/x.com\/https:\/\/twitter.com\/colabpucminas","https:\/\/www.youtube.com\/channel\/UC14mKIqnnGCOgVr4DG6FPkA"],"url":"https:\/\/blogfca.pucminas.br\/colab\/author\/colab\/"}]}},"amp_enabled":true,"_links":{"self":[{"href":"https:\/\/blogfca.pucminas.br\/colab\/wp-json\/wp\/v2\/posts\/5338","targetHints":{"allow":["GET"]}}],"collection":[{"href":"https:\/\/blogfca.pucminas.br\/colab\/wp-json\/wp\/v2\/posts"}],"about":[{"href":"https:\/\/blogfca.pucminas.br\/colab\/wp-json\/wp\/v2\/types\/post"}],"author":[{"embeddable":true,"href":"https:\/\/blogfca.pucminas.br\/colab\/wp-json\/wp\/v2\/users\/7"}],"replies":[{"embeddable":true,"href":"https:\/\/blogfca.pucminas.br\/colab\/wp-json\/wp\/v2\/comments?post=5338"}],"version-history":[{"count":9,"href":"https:\/\/blogfca.pucminas.br\/colab\/wp-json\/wp\/v2\/posts\/5338\/revisions"}],"predecessor-version":[{"id":5377,"href":"https:\/\/blogfca.pucminas.br\/colab\/wp-json\/wp\/v2\/posts\/5338\/revisions\/5377"}],"wp:featuredmedia":[{"embeddable":true,"href":"https:\/\/blogfca.pucminas.br\/colab\/wp-json\/wp\/v2\/media\/5359"}],"wp:attachment":[{"href":"https:\/\/blogfca.pucminas.br\/colab\/wp-json\/wp\/v2\/media?parent=5338"}],"wp:term":[{"taxonomy":"category","embeddable":true,"href":"https:\/\/blogfca.pucminas.br\/colab\/wp-json\/wp\/v2\/categories?post=5338"},{"taxonomy":"post_tag","embeddable":true,"href":"https:\/\/blogfca.pucminas.br\/colab\/wp-json\/wp\/v2\/tags?post=5338"}],"curies":[{"name":"wp","href":"https:\/\/api.w.org\/{rel}","templated":true}]}}