{"id":5058,"date":"2020-10-27T22:14:50","date_gmt":"2020-10-28T01:14:50","guid":{"rendered":"https:\/\/blogfca.pucminas.br\/colab\/?p=5058"},"modified":"2021-02-24T23:11:58","modified_gmt":"2021-02-25T02:11:58","slug":"nomofobia-sera-que-voce-precisa-de-um-detox-digital","status":"publish","type":"post","link":"https:\/\/blogfca.pucminas.br\/colab\/nomofobia-sera-que-voce-precisa-de-um-detox-digital\/","title":{"rendered":"Nomofobia: ser\u00e1 que voc\u00ea precisa de detox digital?"},"content":{"rendered":"\n<p class=\"has-normal-font-size\">J\u00e1 ouviu falar em <strong>nomofobia<\/strong>? Talvez voc\u00ea n\u00e3o saiba o que \u00e9, mas pode sentir que precisa de um detox digital.<\/p>\n\n\n\n<p class=\"has-normal-font-size\">Se voc\u00ea est\u00e1 todo tempo alerta \u00e0s notifica\u00e7\u00f5es do celular, n\u00e3o sai do lado dos aparelhos eletr\u00f4nicos, passa o dia todo em frente \u00e0s telas e plataformas de m\u00eddias sociais, sente que seu trabalho ou as rela\u00e7\u00f5es interpessoais est\u00e3o prejudicadas e considera que n\u00e3o seria poss\u00edvel viver sem tais tecnologias, pode estar acometido por esta <strong>patologia<\/strong>.<\/p>\n\n\n\n<p class=\"has-normal-font-size\">A nomofobia \u00e9 caracterizada pela <strong>depend\u00eancia intensa da tecnologia e pelo medo incontrol\u00e1vel de ficar sem acesso ao celular ou a outros aparelhos eletr\u00f4nicos<\/strong>.&nbsp;&nbsp;A psic\u00f3loga e doutora em <a href=\"https:\/\/blogfca.pucminas.br\/colab\/como-cuidar-da-saude-mental\/\">sa\u00fade mental<\/a> pela Universidade Federal do Rio de Janeiro (UFRJ), Anna Lucia Spear King, faz um alerta: n\u00e3o se pode confundir v\u00edcio e maus h\u00e1bitos. Para Anna Lucia, \u00e9 necess\u00e1rio haver educa\u00e7\u00e3o digital e diferencia\u00e7\u00e3o entre os usu\u00e1rios patol\u00f3gicos&nbsp; e os \u201cmal-educados\u201d digitalmente.<\/p>\n\n\n\n<p>Ela \u00e9 fundadora da primeira iniciativa voltada a tratar dependentes de tecnologia no Brasil, o <strong><a href=\"https:\/\/www.institutodelete.com\/home\">Laborat\u00f3rio Delete Detox Digital e Uso Consciente de Tecnologias<\/a><\/strong>. O laborat\u00f3rio fica no Rio de Janeiro e atende em m\u00e9dia 800 pessoas por ano, atingindo um n\u00famero maior em 2020, em decorr\u00eancia da pandemia do novo coronav\u00edrus.&nbsp;<\/p>\n\n\n\n<p>No laborat\u00f3rio, a diferencia\u00e7\u00e3o entre mal-educados digitalmente e dependentes patol\u00f3gicos \u00e9 feita por um profissional de sa\u00fade mental em uma triagem e, posteriormente, o paciente inicia o tratamento adequado, de acordo com o seu quadro, podendo incluir terapia, inser\u00e7\u00e3o em grupos de apoio e orienta\u00e7\u00e3o com fisioterapeuta, que trata da no\u00e7\u00e3o corporal e postura. Em casos patol\u00f3gicos, \u00e9 feito o uso de medica\u00e7\u00e3o para o transtorno de origem.<\/p>\n\n\n\n<h2 class=\"wp-block-heading\">Telas por mais tempo<\/h2>\n\n\n\n<p>Com a necessidade do distanciamento social e do trabalho ou estudo remoto, muita gente passou a conviver com as telas por mais tempo. Seja do celular, do computador, seja dos tablets, da televis\u00e3o ou at\u00e9 do videogame. <\/p>\n\n\n\n<p>Al\u00e9m do uso para fins profissionais ou de aprendizagem, as telas passaram a ser o principal elemento de aproxima\u00e7\u00e3o entre familiares e amigos, um modo de ocupar o tempo ou de distra\u00e7\u00e3o diante da impossibilidade de fazer tarefas rotineiras fora de casa ou com outras pessoas. Mas al\u00e9m das tradicionais &#8220;dor nas costas&#8221; e &#8220;vista cansada&#8221; ocasionadas pelo maior tempo de exposi\u00e7\u00e3o aos aparelhos eletr\u00f4nicos, a nova rotina tecnol\u00f3gica acende o sinal de alerta de muitas pessoas para os excessos e v\u00edcios.<\/p>\n\n\n\n<p>Conforme a psic\u00f3loga, h\u00e1 possibilidade de tratamento para os dois casos, mas nem todos os pacientes s\u00e3o realmente dependentes patol\u00f3gicos de tecnologia.<\/p>\n\n\n\n<blockquote class=\"wp-block-quote is-layout-flow wp-block-quote-is-layout-flow\"><p>\u201cAs pessoas acham que por usarem as tecnologias por muito tempo, todo dia e por muitas horas, no \u00f4nibus, metr\u00f4, salas de espera, no trabalho e no hor\u00e1rio das refei\u00e7\u00f5es, elas est\u00e3o viciadas, mas isso n\u00e3o \u00e9 depend\u00eancia patol\u00f3gica, \u00e9 falta de educa\u00e7\u00e3o, limites e orienta\u00e7\u00e3o para usar adequadamente\u201d<em>.<\/em><\/p><cite>Anna Lucia Spear King<\/cite><\/blockquote>\n\n\n\n<h2 class=\"wp-block-heading\">Nomofobia e transtornos pr\u00e9-existentes<\/h2>\n\n\n\n<p>Anna Lucia explica que a nomofobia n\u00e3o \u00e9 uma nova patologia e sim a manifesta\u00e7\u00e3o de um transtorno pr\u00e9-existente, como ansiedade, depress\u00e3o e p\u00e2nico, intensificados com o escape oferecido no meio digital.&nbsp; <\/p>\n\n\n\n<p>\u201cSe eu sou compulsivo, eu vou usar o meio digital para ficar viciado em jogos, sites de compras ou outros. Se eu for deprimida, vou usar tecnologia para me inserir em uma rede social para n\u00e3o me sentir t\u00e3o s\u00f3 e vou ficar ainda mais deprimida por acreditar na ilus\u00e3o de que a vida alheia \u00e9 perfeita. Se eu tenho fobia social, eu vou utilizar para me comunicar, colocando o computador como um escudo de prote\u00e7\u00e3o para evitar de passar pelo estresse maior, que seria fazer uma amizade pessoalmente, assim posso pensar mais no que falar e me sinto melhor e por a\u00ed vai\u201d,<em> <\/em>esclarece a psic\u00f3loga.<\/p>\n\n\n\n<p>Ela declara que o <a href=\"https:\/\/www.institutodelete.com\/home\"><strong>laborat\u00f3rio<\/strong><\/a> por ela idealizado n\u00e3o \u00e9 contra o uso das tecnologias e reconhece que elas s\u00e3o precursoras de muitos avan\u00e7os cient\u00edficos e sociais, mas ressalta a necessidade do uso consciente e da educa\u00e7\u00e3o digital para que a sociedade lide melhor com esses recursos.<\/p>\n\n\n\n<h2 class=\"wp-block-heading\"><strong>Desconectar para conectar<\/strong><\/h2>\n\n\n\n<p>Preocupada com o pr\u00f3prio comportamento diante das telas, a blogueira e publicit\u00e1ria Mariany Gomes, 30 anos, natural de Pernambuco e moradora da cidade de Itatiba, no estado de S\u00e3o Paulo, aderiu ao detox digital por conta pr\u00f3pria. Ela ficou sete dias sem acessar as plataformas de redes sociais. A decis\u00e3o foi tomada depois que Mariany se viu por quatro horas ininterruptas vislumbrando o feed do Instagram.&nbsp;<\/p>\n\n\n\n<p>\u201cNos tr\u00eas primeiros dias, eu sentia o celular vibrando e desbloqueava o tempo todo em busca de alguma notifica\u00e7\u00e3o, mesmo sabendo que n\u00e3o havia nada l\u00e1. Depois dessa experi\u00eancia, eu notei que seguia muitas personalidades famosas, achava que se eu perdesse alguma coisa da vida daquelas pessoas eu n\u00e3o estaria inserida em um grupo seleto. Depois do detox me questionei: por que eu seguia cada uma e quando a resposta era \u2018porque ela \u00e9 bonita, todo mundo segue ou porque \u00e9 famoso\u2019, eu deixava de seguir. Hoje me sinto menos ansiosa, passei usar o <em>Instagram<\/em> de outra forma, de um jeito leve e que fa\u00e7a sentido para mim. Sigo amigos, pessoas que eu gosto e s\u00f3 personalidades que admiro\u201d, revela Mariany.<\/p>\n\n\n\n<p>Estudante de moda, Maria Vict\u00f3ria Souza da Silva, 20 anos, moradora da regi\u00e3o Nordeste de Belo Horizonte, foi al\u00e9m e estendeu o detox digital por oito meses. A jovem desinstalou todos os aplicativos interativos, at\u00e9 o <em>Whatsapp<\/em>, respondendo apenas liga\u00e7\u00f5es e SMS. Ela conta que come\u00e7ou a sofrer de ansiedade em 2019, chegando a ter crises intensas no fim do ano.<\/p>\n\n\n\n<p>\u201cEu ficava praticamente 24 horas com o celular na m\u00e3o. No fim do ano, eu tinha crises di\u00e1rias. Percebi que precisava me desconectar das futilidades que vemos nas m\u00eddias, desejamos e sofremos por antecipa\u00e7\u00e3o por coisas min\u00fasculas sem necessidade\u201d, conta Maria Vict\u00f3ria.<\/p>\n\n\n\n<p>Depois de oito meses, com a sa\u00fade mental recuperada e diante de um cen\u00e1rio de isolamento digital e social, inicialmente adotado por escolha individual e, depois,como preven\u00e7\u00e3o \u00e0 Covid-19, Maria Vict\u00f3ria sentiu falta de se comunicar com os amigos mais pr\u00f3ximos e instalou os aplicativos novamente em julho deste ano. Ela relata que agora se sente mais tranquila, foca mais no presente e \u201cat\u00e9&#8221; perde o celular dentro de casa, brinca.<\/p>\n\n\n\n<blockquote class=\"wp-block-quote is-layout-flow wp-block-quote-is-layout-flow\"><p><strong>\u201cComecei a usar tecnologia bem cedo. Antes de ter celular, j\u00e1 tinha computador e&nbsp; jogava o dia todo. Antes do computador, eu tinha como passatempo a televis\u00e3o, que tamb\u00e9m ficava ligada o dia todo. Ou seja, desde pequena j\u00e1 estava nessa. N\u00e3o aprendi a nadar, andar de bicicleta ou jogar qualquer esporte&#8221;.<\/strong><\/p><cite><strong>Vanessa Batista Ribeiro, 23 anos, propriet\u00e1ria de loja e moradora da regi\u00e3o Norte da capital mineira.<\/strong><\/cite><\/blockquote>\n\n\n\n<p>Questionada sobre o detox digital Vanessa diz que considera v\u00e1lido, mas que \u00e9 complicado j\u00e1 que quase tudo hoje depende da internet. A jovem relata que j\u00e1 tentou fazer o detox digital mas n\u00e3o conseguiu ficar longe do aparelho celular por mais de meia hora.&nbsp;<\/p>\n\n\n\n<h2 class=\"wp-block-heading\"><strong>O que \u00e9 detox digital<\/strong>?<\/h2>\n\n\n\n<h3 class=\"wp-block-heading\">O detox digital envolve pr\u00e1ticas como:<\/h3>\n\n\n\n<ul class=\"wp-block-list\"><li>Deixar o celular de lado durante a refei\u00e7\u00e3o;<\/li><li>Estabelecer limite de hor\u00e1rio para receber emails e mensagens relacionadas ao trabalho;<\/li><li>Piscar mais vezes para lubrificar os olhos e ficar atento \u00e0 postura, levantando o celular \u00e0 altura da cabe\u00e7a ao inv\u00e9s de abaixar o pesco\u00e7o;<\/li><li>Evitar a troca frequente de aparelhos eletr\u00f4nicos sem necessidade;<\/li><li>Verificar se as rela\u00e7\u00f5es pessoais, o desempenho acad\u00eamico ou no trabalho est\u00e3o sendo prejudicados pelo uso abusivo das tecnologias;<\/li><li>Valorizar as rela\u00e7\u00f5es pessoais e n\u00e3o troc\u00e1-las pelas mediadas pela tecnologia.<\/li><\/ul>\n\n\n\n<p>Essas s\u00e3o algumas das pr\u00e1ticas ensinadas pelos profissionais do Laborat\u00f3rio Delete Detox Digital e Uso Consciente de Tecnologias.&nbsp;Para obter ajuda profissional gratuita, procure o laborat\u00f3rio enviando e-mail para <a href=\"mailto:grupodelete@gmail.com\">grupodelete@gmail.com<\/a>.<\/p>\n\n\n\n<h3 class=\"wp-block-heading\" style=\"font-size:20px\"><strong>Livros podem auxiliar no processo:<\/strong><\/h3>\n\n\n\n<p class=\"has-text-align-center\"><img loading=\"lazy\" decoding=\"async\" width=\"155\" height=\"242\" src=\"https:\/\/blogfca.pucminas.br\/colab\/wp-content\/uploads\/2020\/10\/etiqueta-digital.jpg\" class=\"wp-image-5065\" style=\"width: 155px;\" alt=\"\" srcset=\"https:\/\/blogfca.pucminas.br\/colab\/wp-content\/uploads\/2020\/10\/etiqueta-digital.jpg 616w, https:\/\/blogfca.pucminas.br\/colab\/wp-content\/uploads\/2020\/10\/etiqueta-digital-193x300.jpg 193w, https:\/\/blogfca.pucminas.br\/colab\/wp-content\/uploads\/2020\/10\/etiqueta-digital-370x577.jpg 370w, https:\/\/blogfca.pucminas.br\/colab\/wp-content\/uploads\/2020\/10\/etiqueta-digital-270x421.jpg 270w, https:\/\/blogfca.pucminas.br\/colab\/wp-content\/uploads\/2020\/10\/etiqueta-digital-570x888.jpg 570w, https:\/\/blogfca.pucminas.br\/colab\/wp-content\/uploads\/2020\/10\/etiqueta-digital-150x234.jpg 150w\" sizes=\"auto, (max-width: 155px) 100vw, 155px\" \/>       <img loading=\"lazy\" decoding=\"async\" width=\"170\" height=\"240\" class=\"wp-image-5063\" style=\"width: 170px;\" src=\"https:\/\/blogfca.pucminas.br\/colab\/wp-content\/uploads\/2020\/10\/novoshumanos.jpg\" alt=\"\" srcset=\"https:\/\/blogfca.pucminas.br\/colab\/wp-content\/uploads\/2020\/10\/novoshumanos.jpg 1813w, https:\/\/blogfca.pucminas.br\/colab\/wp-content\/uploads\/2020\/10\/novoshumanos-212x300.jpg 212w, https:\/\/blogfca.pucminas.br\/colab\/wp-content\/uploads\/2020\/10\/novoshumanos-725x1024.jpg 725w, https:\/\/blogfca.pucminas.br\/colab\/wp-content\/uploads\/2020\/10\/novoshumanos-768x1084.jpg 768w, https:\/\/blogfca.pucminas.br\/colab\/wp-content\/uploads\/2020\/10\/novoshumanos-1088x1536.jpg 1088w, https:\/\/blogfca.pucminas.br\/colab\/wp-content\/uploads\/2020\/10\/novoshumanos-1450x2048.jpg 1450w, https:\/\/blogfca.pucminas.br\/colab\/wp-content\/uploads\/2020\/10\/novoshumanos-370x522.jpg 370w, https:\/\/blogfca.pucminas.br\/colab\/wp-content\/uploads\/2020\/10\/novoshumanos-270x381.jpg 270w, https:\/\/blogfca.pucminas.br\/colab\/wp-content\/uploads\/2020\/10\/novoshumanos-570x805.jpg 570w, https:\/\/blogfca.pucminas.br\/colab\/wp-content\/uploads\/2020\/10\/novoshumanos-740x1045.jpg 740w, https:\/\/blogfca.pucminas.br\/colab\/wp-content\/uploads\/2020\/10\/novoshumanos-150x212.jpg 150w\" sizes=\"auto, (max-width: 170px) 100vw, 170px\" \/>       <img loading=\"lazy\" decoding=\"async\" width=\"180\" height=\"240\" class=\"wp-image-5064\" style=\"width: 180px;\" src=\"https:\/\/blogfca.pucminas.br\/colab\/wp-content\/uploads\/2020\/10\/ergonomia.jpg\" alt=\"\" srcset=\"https:\/\/blogfca.pucminas.br\/colab\/wp-content\/uploads\/2020\/10\/ergonomia.jpg 384w, https:\/\/blogfca.pucminas.br\/colab\/wp-content\/uploads\/2020\/10\/ergonomia-225x300.jpg 225w, https:\/\/blogfca.pucminas.br\/colab\/wp-content\/uploads\/2020\/10\/ergonomia-370x493.jpg 370w, https:\/\/blogfca.pucminas.br\/colab\/wp-content\/uploads\/2020\/10\/ergonomia-270x360.jpg 270w, https:\/\/blogfca.pucminas.br\/colab\/wp-content\/uploads\/2020\/10\/ergonomia-150x200.jpg 150w\" sizes=\"auto, (max-width: 180px) 100vw, 180px\" \/><\/p>\n","protected":false},"excerpt":{"rendered":"<p>O uso desenfreado de aparelhos eletr\u00f4nicos somado \u00e0 falta de orienta\u00e7\u00e3o para lidar com o ambiente digital alerta para o impacto negativo na sa\u00fade dos usu\u00e1rios.<\/p>\n","protected":false},"author":14,"featured_media":5072,"comment_status":"open","ping_status":"open","sticky":false,"template":"","format":"standard","meta":{"_eb_attr":"","ngg_post_thumbnail":0,"footnotes":""},"categories":[12],"tags":[308,305,304,310,307,306,309],"class_list":["post-5058","post","type-post","status-publish","format-standard","has-post-thumbnail","hentry","category-saude","tag-celulares","tag-detox","tag-detox-digital","tag-maus-habitos","tag-midias-sociais","tag-nomofobia","tag-vicio"],"yoast_head":"<!-- This site is optimized with the Yoast SEO plugin v27.5 - https:\/\/yoast.com\/product\/yoast-seo-wordpress\/ -->\n<title>Nomofobia: ser\u00e1 que voc\u00ea precisa de detox digital? - Colab<\/title>\n<meta name=\"description\" content=\"Nomofobia \u00e9 o uso desenfreado de aparelhos eletr\u00f4nicos somado \u00e0 falta de orienta\u00e7\u00e3o para lidar com o digital. Detox digital pode ajudar.\" \/>\n<meta name=\"robots\" content=\"index, follow, max-snippet:-1, max-image-preview:large, max-video-preview:-1\" \/>\n<link rel=\"canonical\" href=\"https:\/\/blogfca.pucminas.br\/colab\/nomofobia-sera-que-voce-precisa-de-um-detox-digital\/\" \/>\n<meta property=\"og:locale\" content=\"pt_BR\" \/>\n<meta property=\"og:type\" content=\"article\" \/>\n<meta property=\"og:title\" content=\"Nomofobia: ser\u00e1 que voc\u00ea precisa de detox digital? - Colab\" \/>\n<meta property=\"og:description\" content=\"Nomofobia \u00e9 o uso desenfreado de aparelhos eletr\u00f4nicos somado \u00e0 falta de orienta\u00e7\u00e3o para lidar com o digital. Detox digital pode ajudar.\" \/>\n<meta property=\"og:url\" content=\"https:\/\/blogfca.pucminas.br\/colab\/nomofobia-sera-que-voce-precisa-de-um-detox-digital\/\" \/>\n<meta property=\"og:site_name\" content=\"Colab\" \/>\n<meta property=\"article:publisher\" content=\"https:\/\/www.facebook.com\/colabpucminas\" \/>\n<meta property=\"article:published_time\" content=\"2020-10-28T01:14:50+00:00\" \/>\n<meta property=\"article:modified_time\" content=\"2021-02-25T02:11:58+00:00\" \/>\n<meta property=\"og:image\" content=\"https:\/\/blogfca.pucminas.br\/colab\/wp-content\/uploads\/2020\/10\/robin-worrall-FPt10LXK0cg-unsplash-scaled.jpg\" \/>\n\t<meta property=\"og:image:width\" content=\"2560\" \/>\n\t<meta property=\"og:image:height\" content=\"1707\" \/>\n\t<meta property=\"og:image:type\" content=\"image\/jpeg\" \/>\n<meta name=\"author\" content=\"Isabela Lana\" \/>\n<meta name=\"twitter:card\" content=\"summary_large_image\" \/>\n<meta name=\"twitter:creator\" content=\"@colabpucminas\" \/>\n<meta name=\"twitter:site\" content=\"@colabpucminas\" \/>\n<meta name=\"twitter:label1\" content=\"Escrito por\" \/>\n\t<meta name=\"twitter:data1\" content=\"Isabela Lana\" \/>\n\t<meta name=\"twitter:label2\" content=\"Est. tempo de leitura\" \/>\n\t<meta name=\"twitter:data2\" content=\"7 minutos\" \/>\n<script type=\"application\/ld+json\" class=\"yoast-schema-graph\">{\"@context\":\"https:\\\/\\\/schema.org\",\"@graph\":[{\"@type\":\"Article\",\"@id\":\"https:\\\/\\\/blogfca.pucminas.br\\\/colab\\\/nomofobia-sera-que-voce-precisa-de-um-detox-digital\\\/#article\",\"isPartOf\":{\"@id\":\"https:\\\/\\\/blogfca.pucminas.br\\\/colab\\\/nomofobia-sera-que-voce-precisa-de-um-detox-digital\\\/\"},\"author\":{\"name\":\"Isabela Lana\",\"@id\":\"https:\\\/\\\/blogfca.pucminas.br\\\/colab\\\/#\\\/schema\\\/person\\\/0f864ab537c66fe9bbd5750096493b1f\"},\"headline\":\"Nomofobia: ser\u00e1 que voc\u00ea precisa de detox digital?\",\"datePublished\":\"2020-10-28T01:14:50+00:00\",\"dateModified\":\"2021-02-25T02:11:58+00:00\",\"mainEntityOfPage\":{\"@id\":\"https:\\\/\\\/blogfca.pucminas.br\\\/colab\\\/nomofobia-sera-que-voce-precisa-de-um-detox-digital\\\/\"},\"wordCount\":1384,\"commentCount\":3,\"publisher\":{\"@id\":\"https:\\\/\\\/blogfca.pucminas.br\\\/colab\\\/#organization\"},\"image\":{\"@id\":\"https:\\\/\\\/blogfca.pucminas.br\\\/colab\\\/nomofobia-sera-que-voce-precisa-de-um-detox-digital\\\/#primaryimage\"},\"thumbnailUrl\":\"https:\\\/\\\/blogfca.pucminas.br\\\/colab\\\/wp-content\\\/uploads\\\/2020\\\/10\\\/robin-worrall-FPt10LXK0cg-unsplash-scaled.jpg\",\"keywords\":[\"celulares\",\"detox\",\"detox digital\",\"maus h\u00e1bitos\",\"m\u00eddias sociais\",\"nomofobia\",\"v\u00edcio\"],\"articleSection\":[\"Sa\u00fade\"],\"inLanguage\":\"pt-BR\",\"potentialAction\":[{\"@type\":\"CommentAction\",\"name\":\"Comment\",\"target\":[\"https:\\\/\\\/blogfca.pucminas.br\\\/colab\\\/nomofobia-sera-que-voce-precisa-de-um-detox-digital\\\/#respond\"]}]},{\"@type\":\"WebPage\",\"@id\":\"https:\\\/\\\/blogfca.pucminas.br\\\/colab\\\/nomofobia-sera-que-voce-precisa-de-um-detox-digital\\\/\",\"url\":\"https:\\\/\\\/blogfca.pucminas.br\\\/colab\\\/nomofobia-sera-que-voce-precisa-de-um-detox-digital\\\/\",\"name\":\"Nomofobia: ser\u00e1 que voc\u00ea precisa de detox digital? - Colab\",\"isPartOf\":{\"@id\":\"https:\\\/\\\/blogfca.pucminas.br\\\/colab\\\/#website\"},\"primaryImageOfPage\":{\"@id\":\"https:\\\/\\\/blogfca.pucminas.br\\\/colab\\\/nomofobia-sera-que-voce-precisa-de-um-detox-digital\\\/#primaryimage\"},\"image\":{\"@id\":\"https:\\\/\\\/blogfca.pucminas.br\\\/colab\\\/nomofobia-sera-que-voce-precisa-de-um-detox-digital\\\/#primaryimage\"},\"thumbnailUrl\":\"https:\\\/\\\/blogfca.pucminas.br\\\/colab\\\/wp-content\\\/uploads\\\/2020\\\/10\\\/robin-worrall-FPt10LXK0cg-unsplash-scaled.jpg\",\"datePublished\":\"2020-10-28T01:14:50+00:00\",\"dateModified\":\"2021-02-25T02:11:58+00:00\",\"description\":\"Nomofobia \u00e9 o uso desenfreado de aparelhos eletr\u00f4nicos somado \u00e0 falta de orienta\u00e7\u00e3o para lidar com o digital. Detox digital pode ajudar.\",\"breadcrumb\":{\"@id\":\"https:\\\/\\\/blogfca.pucminas.br\\\/colab\\\/nomofobia-sera-que-voce-precisa-de-um-detox-digital\\\/#breadcrumb\"},\"inLanguage\":\"pt-BR\",\"potentialAction\":[{\"@type\":\"ReadAction\",\"target\":[\"https:\\\/\\\/blogfca.pucminas.br\\\/colab\\\/nomofobia-sera-que-voce-precisa-de-um-detox-digital\\\/\"]}]},{\"@type\":\"ImageObject\",\"inLanguage\":\"pt-BR\",\"@id\":\"https:\\\/\\\/blogfca.pucminas.br\\\/colab\\\/nomofobia-sera-que-voce-precisa-de-um-detox-digital\\\/#primaryimage\",\"url\":\"https:\\\/\\\/blogfca.pucminas.br\\\/colab\\\/wp-content\\\/uploads\\\/2020\\\/10\\\/robin-worrall-FPt10LXK0cg-unsplash-scaled.jpg\",\"contentUrl\":\"https:\\\/\\\/blogfca.pucminas.br\\\/colab\\\/wp-content\\\/uploads\\\/2020\\\/10\\\/robin-worrall-FPt10LXK0cg-unsplash-scaled.jpg\",\"width\":2560,\"height\":1707,\"caption\":\"Imagem meramente ilustrativa \\\/ Cr\u00e9ditos: Robin Worrall\"},{\"@type\":\"BreadcrumbList\",\"@id\":\"https:\\\/\\\/blogfca.pucminas.br\\\/colab\\\/nomofobia-sera-que-voce-precisa-de-um-detox-digital\\\/#breadcrumb\",\"itemListElement\":[{\"@type\":\"ListItem\",\"position\":1,\"name\":\"In\u00edcio\",\"item\":\"https:\\\/\\\/blogfca.pucminas.br\\\/colab\\\/\"},{\"@type\":\"ListItem\",\"position\":2,\"name\":\"Nomofobia: ser\u00e1 que voc\u00ea precisa de detox digital?\"}]},{\"@type\":\"WebSite\",\"@id\":\"https:\\\/\\\/blogfca.pucminas.br\\\/colab\\\/#website\",\"url\":\"https:\\\/\\\/blogfca.pucminas.br\\\/colab\\\/\",\"name\":\"Colab\",\"description\":\"Experimenta\u00e7\u00e3o, conte\u00fado e colabora\u00e7\u00e3o em Jornalismo Digital\",\"publisher\":{\"@id\":\"https:\\\/\\\/blogfca.pucminas.br\\\/colab\\\/#organization\"},\"potentialAction\":[{\"@type\":\"SearchAction\",\"target\":{\"@type\":\"EntryPoint\",\"urlTemplate\":\"https:\\\/\\\/blogfca.pucminas.br\\\/colab\\\/?s={search_term_string}\"},\"query-input\":{\"@type\":\"PropertyValueSpecification\",\"valueRequired\":true,\"valueName\":\"search_term_string\"}}],\"inLanguage\":\"pt-BR\"},{\"@type\":\"Organization\",\"@id\":\"https:\\\/\\\/blogfca.pucminas.br\\\/colab\\\/#organization\",\"name\":\"Colab :: Laborat\u00f3rio de Comunica\u00e7\u00e3o Digital da FCA \\\/ PUC Minas\",\"url\":\"https:\\\/\\\/blogfca.pucminas.br\\\/colab\\\/\",\"logo\":{\"@type\":\"ImageObject\",\"inLanguage\":\"pt-BR\",\"@id\":\"https:\\\/\\\/blogfca.pucminas.br\\\/colab\\\/#\\\/schema\\\/logo\\\/image\\\/\",\"url\":\"https:\\\/\\\/blogfca.pucminas.br\\\/colab\\\/wp-content\\\/uploads\\\/2020\\\/03\\\/Avatar-Colab.jpg\",\"contentUrl\":\"https:\\\/\\\/blogfca.pucminas.br\\\/colab\\\/wp-content\\\/uploads\\\/2020\\\/03\\\/Avatar-Colab.jpg\",\"width\":1682,\"height\":1682,\"caption\":\"Colab :: Laborat\u00f3rio de Comunica\u00e7\u00e3o Digital da FCA \\\/ PUC Minas\"},\"image\":{\"@id\":\"https:\\\/\\\/blogfca.pucminas.br\\\/colab\\\/#\\\/schema\\\/logo\\\/image\\\/\"},\"sameAs\":[\"https:\\\/\\\/www.facebook.com\\\/colabpucminas\",\"https:\\\/\\\/x.com\\\/colabpucminas\",\"https:\\\/\\\/www.instagram.com\\\/colabpucminas\\\/\",\"https:\\\/\\\/www.linkedin.com\\\/company\\\/colab-puc-minas\",\"https:\\\/\\\/www.youtube.com\\\/channel\\\/UC14mKIqnnGCOgVr4DG6FPkA\"]},{\"@type\":\"Person\",\"@id\":\"https:\\\/\\\/blogfca.pucminas.br\\\/colab\\\/#\\\/schema\\\/person\\\/0f864ab537c66fe9bbd5750096493b1f\",\"name\":\"Isabela Lana\",\"image\":{\"@type\":\"ImageObject\",\"inLanguage\":\"pt-BR\",\"@id\":\"https:\\\/\\\/secure.gravatar.com\\\/avatar\\\/7cc9401ae0adacd012446dd83975b49eb8734dd7cc9e5d08ac86f43f20f98e94?s=96&d=mm&r=g\",\"url\":\"https:\\\/\\\/secure.gravatar.com\\\/avatar\\\/7cc9401ae0adacd012446dd83975b49eb8734dd7cc9e5d08ac86f43f20f98e94?s=96&d=mm&r=g\",\"contentUrl\":\"https:\\\/\\\/secure.gravatar.com\\\/avatar\\\/7cc9401ae0adacd012446dd83975b49eb8734dd7cc9e5d08ac86f43f20f98e94?s=96&d=mm&r=g\",\"caption\":\"Isabela Lana\"},\"url\":\"https:\\\/\\\/blogfca.pucminas.br\\\/colab\\\/author\\\/isalana\\\/\"}]}<\/script>\n<!-- \/ Yoast SEO plugin. -->","yoast_head_json":{"title":"Nomofobia: ser\u00e1 que voc\u00ea precisa de detox digital? - Colab","description":"Nomofobia \u00e9 o uso desenfreado de aparelhos eletr\u00f4nicos somado \u00e0 falta de orienta\u00e7\u00e3o para lidar com o digital. Detox digital pode ajudar.","robots":{"index":"index","follow":"follow","max-snippet":"max-snippet:-1","max-image-preview":"max-image-preview:large","max-video-preview":"max-video-preview:-1"},"canonical":"https:\/\/blogfca.pucminas.br\/colab\/nomofobia-sera-que-voce-precisa-de-um-detox-digital\/","og_locale":"pt_BR","og_type":"article","og_title":"Nomofobia: ser\u00e1 que voc\u00ea precisa de detox digital? - Colab","og_description":"Nomofobia \u00e9 o uso desenfreado de aparelhos eletr\u00f4nicos somado \u00e0 falta de orienta\u00e7\u00e3o para lidar com o digital. Detox digital pode ajudar.","og_url":"https:\/\/blogfca.pucminas.br\/colab\/nomofobia-sera-que-voce-precisa-de-um-detox-digital\/","og_site_name":"Colab","article_publisher":"https:\/\/www.facebook.com\/colabpucminas","article_published_time":"2020-10-28T01:14:50+00:00","article_modified_time":"2021-02-25T02:11:58+00:00","og_image":[{"width":2560,"height":1707,"url":"https:\/\/blogfca.pucminas.br\/colab\/wp-content\/uploads\/2020\/10\/robin-worrall-FPt10LXK0cg-unsplash-scaled.jpg","type":"image\/jpeg"}],"author":"Isabela Lana","twitter_card":"summary_large_image","twitter_creator":"@colabpucminas","twitter_site":"@colabpucminas","twitter_misc":{"Escrito por":"Isabela Lana","Est. tempo de leitura":"7 minutos"},"schema":{"@context":"https:\/\/schema.org","@graph":[{"@type":"Article","@id":"https:\/\/blogfca.pucminas.br\/colab\/nomofobia-sera-que-voce-precisa-de-um-detox-digital\/#article","isPartOf":{"@id":"https:\/\/blogfca.pucminas.br\/colab\/nomofobia-sera-que-voce-precisa-de-um-detox-digital\/"},"author":{"name":"Isabela Lana","@id":"https:\/\/blogfca.pucminas.br\/colab\/#\/schema\/person\/0f864ab537c66fe9bbd5750096493b1f"},"headline":"Nomofobia: ser\u00e1 que voc\u00ea precisa de detox digital?","datePublished":"2020-10-28T01:14:50+00:00","dateModified":"2021-02-25T02:11:58+00:00","mainEntityOfPage":{"@id":"https:\/\/blogfca.pucminas.br\/colab\/nomofobia-sera-que-voce-precisa-de-um-detox-digital\/"},"wordCount":1384,"commentCount":3,"publisher":{"@id":"https:\/\/blogfca.pucminas.br\/colab\/#organization"},"image":{"@id":"https:\/\/blogfca.pucminas.br\/colab\/nomofobia-sera-que-voce-precisa-de-um-detox-digital\/#primaryimage"},"thumbnailUrl":"https:\/\/blogfca.pucminas.br\/colab\/wp-content\/uploads\/2020\/10\/robin-worrall-FPt10LXK0cg-unsplash-scaled.jpg","keywords":["celulares","detox","detox digital","maus h\u00e1bitos","m\u00eddias sociais","nomofobia","v\u00edcio"],"articleSection":["Sa\u00fade"],"inLanguage":"pt-BR","potentialAction":[{"@type":"CommentAction","name":"Comment","target":["https:\/\/blogfca.pucminas.br\/colab\/nomofobia-sera-que-voce-precisa-de-um-detox-digital\/#respond"]}]},{"@type":"WebPage","@id":"https:\/\/blogfca.pucminas.br\/colab\/nomofobia-sera-que-voce-precisa-de-um-detox-digital\/","url":"https:\/\/blogfca.pucminas.br\/colab\/nomofobia-sera-que-voce-precisa-de-um-detox-digital\/","name":"Nomofobia: ser\u00e1 que voc\u00ea precisa de detox digital? - Colab","isPartOf":{"@id":"https:\/\/blogfca.pucminas.br\/colab\/#website"},"primaryImageOfPage":{"@id":"https:\/\/blogfca.pucminas.br\/colab\/nomofobia-sera-que-voce-precisa-de-um-detox-digital\/#primaryimage"},"image":{"@id":"https:\/\/blogfca.pucminas.br\/colab\/nomofobia-sera-que-voce-precisa-de-um-detox-digital\/#primaryimage"},"thumbnailUrl":"https:\/\/blogfca.pucminas.br\/colab\/wp-content\/uploads\/2020\/10\/robin-worrall-FPt10LXK0cg-unsplash-scaled.jpg","datePublished":"2020-10-28T01:14:50+00:00","dateModified":"2021-02-25T02:11:58+00:00","description":"Nomofobia \u00e9 o uso desenfreado de aparelhos eletr\u00f4nicos somado \u00e0 falta de orienta\u00e7\u00e3o para lidar com o digital. Detox digital pode ajudar.","breadcrumb":{"@id":"https:\/\/blogfca.pucminas.br\/colab\/nomofobia-sera-que-voce-precisa-de-um-detox-digital\/#breadcrumb"},"inLanguage":"pt-BR","potentialAction":[{"@type":"ReadAction","target":["https:\/\/blogfca.pucminas.br\/colab\/nomofobia-sera-que-voce-precisa-de-um-detox-digital\/"]}]},{"@type":"ImageObject","inLanguage":"pt-BR","@id":"https:\/\/blogfca.pucminas.br\/colab\/nomofobia-sera-que-voce-precisa-de-um-detox-digital\/#primaryimage","url":"https:\/\/blogfca.pucminas.br\/colab\/wp-content\/uploads\/2020\/10\/robin-worrall-FPt10LXK0cg-unsplash-scaled.jpg","contentUrl":"https:\/\/blogfca.pucminas.br\/colab\/wp-content\/uploads\/2020\/10\/robin-worrall-FPt10LXK0cg-unsplash-scaled.jpg","width":2560,"height":1707,"caption":"Imagem meramente ilustrativa \/ Cr\u00e9ditos: Robin Worrall"},{"@type":"BreadcrumbList","@id":"https:\/\/blogfca.pucminas.br\/colab\/nomofobia-sera-que-voce-precisa-de-um-detox-digital\/#breadcrumb","itemListElement":[{"@type":"ListItem","position":1,"name":"In\u00edcio","item":"https:\/\/blogfca.pucminas.br\/colab\/"},{"@type":"ListItem","position":2,"name":"Nomofobia: ser\u00e1 que voc\u00ea precisa de detox digital?"}]},{"@type":"WebSite","@id":"https:\/\/blogfca.pucminas.br\/colab\/#website","url":"https:\/\/blogfca.pucminas.br\/colab\/","name":"Colab","description":"Experimenta\u00e7\u00e3o, conte\u00fado e colabora\u00e7\u00e3o em Jornalismo Digital","publisher":{"@id":"https:\/\/blogfca.pucminas.br\/colab\/#organization"},"potentialAction":[{"@type":"SearchAction","target":{"@type":"EntryPoint","urlTemplate":"https:\/\/blogfca.pucminas.br\/colab\/?s={search_term_string}"},"query-input":{"@type":"PropertyValueSpecification","valueRequired":true,"valueName":"search_term_string"}}],"inLanguage":"pt-BR"},{"@type":"Organization","@id":"https:\/\/blogfca.pucminas.br\/colab\/#organization","name":"Colab :: Laborat\u00f3rio de Comunica\u00e7\u00e3o Digital da FCA \/ PUC Minas","url":"https:\/\/blogfca.pucminas.br\/colab\/","logo":{"@type":"ImageObject","inLanguage":"pt-BR","@id":"https:\/\/blogfca.pucminas.br\/colab\/#\/schema\/logo\/image\/","url":"https:\/\/blogfca.pucminas.br\/colab\/wp-content\/uploads\/2020\/03\/Avatar-Colab.jpg","contentUrl":"https:\/\/blogfca.pucminas.br\/colab\/wp-content\/uploads\/2020\/03\/Avatar-Colab.jpg","width":1682,"height":1682,"caption":"Colab :: Laborat\u00f3rio de Comunica\u00e7\u00e3o Digital da FCA \/ PUC Minas"},"image":{"@id":"https:\/\/blogfca.pucminas.br\/colab\/#\/schema\/logo\/image\/"},"sameAs":["https:\/\/www.facebook.com\/colabpucminas","https:\/\/x.com\/colabpucminas","https:\/\/www.instagram.com\/colabpucminas\/","https:\/\/www.linkedin.com\/company\/colab-puc-minas","https:\/\/www.youtube.com\/channel\/UC14mKIqnnGCOgVr4DG6FPkA"]},{"@type":"Person","@id":"https:\/\/blogfca.pucminas.br\/colab\/#\/schema\/person\/0f864ab537c66fe9bbd5750096493b1f","name":"Isabela Lana","image":{"@type":"ImageObject","inLanguage":"pt-BR","@id":"https:\/\/secure.gravatar.com\/avatar\/7cc9401ae0adacd012446dd83975b49eb8734dd7cc9e5d08ac86f43f20f98e94?s=96&d=mm&r=g","url":"https:\/\/secure.gravatar.com\/avatar\/7cc9401ae0adacd012446dd83975b49eb8734dd7cc9e5d08ac86f43f20f98e94?s=96&d=mm&r=g","contentUrl":"https:\/\/secure.gravatar.com\/avatar\/7cc9401ae0adacd012446dd83975b49eb8734dd7cc9e5d08ac86f43f20f98e94?s=96&d=mm&r=g","caption":"Isabela Lana"},"url":"https:\/\/blogfca.pucminas.br\/colab\/author\/isalana\/"}]}},"amp_enabled":true,"_links":{"self":[{"href":"https:\/\/blogfca.pucminas.br\/colab\/wp-json\/wp\/v2\/posts\/5058","targetHints":{"allow":["GET"]}}],"collection":[{"href":"https:\/\/blogfca.pucminas.br\/colab\/wp-json\/wp\/v2\/posts"}],"about":[{"href":"https:\/\/blogfca.pucminas.br\/colab\/wp-json\/wp\/v2\/types\/post"}],"author":[{"embeddable":true,"href":"https:\/\/blogfca.pucminas.br\/colab\/wp-json\/wp\/v2\/users\/14"}],"replies":[{"embeddable":true,"href":"https:\/\/blogfca.pucminas.br\/colab\/wp-json\/wp\/v2\/comments?post=5058"}],"version-history":[{"count":7,"href":"https:\/\/blogfca.pucminas.br\/colab\/wp-json\/wp\/v2\/posts\/5058\/revisions"}],"predecessor-version":[{"id":5584,"href":"https:\/\/blogfca.pucminas.br\/colab\/wp-json\/wp\/v2\/posts\/5058\/revisions\/5584"}],"wp:featuredmedia":[{"embeddable":true,"href":"https:\/\/blogfca.pucminas.br\/colab\/wp-json\/wp\/v2\/media\/5072"}],"wp:attachment":[{"href":"https:\/\/blogfca.pucminas.br\/colab\/wp-json\/wp\/v2\/media?parent=5058"}],"wp:term":[{"taxonomy":"category","embeddable":true,"href":"https:\/\/blogfca.pucminas.br\/colab\/wp-json\/wp\/v2\/categories?post=5058"},{"taxonomy":"post_tag","embeddable":true,"href":"https:\/\/blogfca.pucminas.br\/colab\/wp-json\/wp\/v2\/tags?post=5058"}],"curies":[{"name":"wp","href":"https:\/\/api.w.org\/{rel}","templated":true}]}}