{"id":4965,"date":"2020-10-05T16:05:03","date_gmt":"2020-10-05T19:05:03","guid":{"rendered":"https:\/\/blogfca.pucminas.br\/colab\/?p=4965"},"modified":"2020-10-06T15:41:06","modified_gmt":"2020-10-06T18:41:06","slug":"o-efeito-invisivel-da-seguranca-do-trabalho-na-pandemia","status":"publish","type":"post","link":"https:\/\/blogfca.pucminas.br\/colab\/o-efeito-invisivel-da-seguranca-do-trabalho-na-pandemia\/","title":{"rendered":"O efeito invis\u00edvel da seguran\u00e7a do trabalho na pandemia"},"content":{"rendered":"\n<p>Invis\u00edvel na rotina de muitos trabalhadores, a <strong>seguran\u00e7a do trabalho<\/strong> \u00e9 uma \u00e1rea fundamental para a garantia das melhores condi\u00e7\u00f5es de execu\u00e7\u00e3o da rotina de profissionais diversos.<\/p>\n\n\n\n<p>Durante a pandemia, esses profissionais tiveram que prestar servi\u00e7os em car\u00e1ter de urg\u00eancia para manter setores em atividade, especialmente aqueles ligados ao setor aliment\u00edcio e de medicamentos, considerados como parte das atividades essenciais.&nbsp;<\/p>\n\n\n\n<p><em><img loading=\"lazy\" decoding=\"async\" src=\"https:\/\/lh6.googleusercontent.com\/CKnZPR49IOXP8IFdKW0TSA53h3EtwyvdanY5_mqsX-0kG-qhlL1xwmWTAGQK5cwmHXVveOzK0zbPoXgk4Jbe_sMUMUt-qC26pjI5UeiND6-88isIud0WOtVSvXD-I2lGzvJ1amOz\" width=\"602\" height=\"301\"><\/em><\/p>\n\n\n\n<p>Com as novas recomenda\u00e7\u00f5es de seguran\u00e7a derivadas da crise sanit\u00e1ria da Covid-19, como necessidade de higieniza\u00e7\u00e3o frequente das m\u00e3os e constante aferi\u00e7\u00e3o da temperatura corporal, a <a href=\"https:\/\/www.gov.br\/anvisa\/pt-br\/assuntos\/paf\/coronavirus\/protocolos\/protocolos\" target=\"_blank\" rel=\"noreferrer noopener\">Ag\u00eancia Nacional de Vigil\u00e2ncia Sanit\u00e1ria (ANVISA)<\/a> e outros \u00f3rg\u00e3os de fiscaliza\u00e7\u00e3o aumentaram cuidados com regulamenta\u00e7\u00e3o e controles da seguran\u00e7a do trabalho, para que empresas pudessem retomar suas atividades com redu\u00e7\u00e3o de danos a colaboradores e p\u00fablicos.<\/p>\n\n\n\n<p>A demanda de refor\u00e7o de procedimentos de seguran\u00e7a partiu tamb\u00e9m de entidades como a <a href=\"https:\/\/www.cut.org.br\/noticias\/cut-lanca-cartilha-sobre-saude-e-seguranca-no-trabalho-durante-a-pandemia-4ca1\">Central \u00danica dos Trabalhadores (CUT)<\/a> e foi destaque tamb\u00e9m em a\u00e7\u00f5es do <a href=\"https:\/\/www.tst.jus.br\/-\/pandemia-refor%C3%A7a-import%C3%A2ncia-da-sa%C3%BAde-e-da-seguran%C3%A7a-no-trabalho\">Tribunal Superior do Trabalho (TST)<\/a> no dia Nacional de Preven\u00e7\u00e3o de Acidentes de Trabalho, celebrado em 27 de julho. A pandemia do novo coronav\u00edrus pautou, em abril, o tema do <strong>Programa Trabalho Seguro<\/strong> do TST, que definiu como eixo de atua\u00e7\u00e3o no bi\u00eanio 2020-2022 a \u201c<em><a href=\"http:\/\/www.csjt.jus.br\/web\/csjt\/noticias3\/-\/asset_publisher\/RPt2\/content\/id\/7684420\">Constru\u00e7\u00e3o do trabalho seguro e decente em tempos de crise: preven\u00e7\u00e3o de acidentes e de doen\u00e7as ocupacionais<\/a><\/em>\u201d. <\/p>\n\n\n\n<p>Em maio, tamb\u00e9m o Minist\u00e9rio P\u00fablico do Trabalho (MPT) veiculou normas instrucionais para empresas e funcion\u00e1rios disporem de mais capacidade t\u00e9cnica de trabalho diante das <a href=\"https:\/\/mpt.mp.br\/pgt\/noticias\/mg-resultados-da-atuacao-parametrizados-pelo-plano-de-acao-nacional-covid-19-prt-mg-3.pdf\">normas de vigil\u00e2ncia sanit\u00e1ria<\/a>. <\/p>\n\n\n\n<h2 class=\"wp-block-heading\"><strong>Novas rotinas para profissionais da seguran\u00e7a<\/strong><\/h2>\n\n\n\n<p>Em meio a novas normas e diretrizes, profissionais formados em engenharia de seguran\u00e7a do trabalho tiveram como miss\u00e3o avaliar poss\u00edveis riscos que pudessem afetar atividades de trabalhadores essenciais, n\u00e3o somente aquelas que dependem de esfor\u00e7o f\u00edsico ou trabalho bra\u00e7al.&nbsp;<\/p>\n\n\n\n<p>Para Maria Clara Rocha, T\u00e9cnica de Seguran\u00e7a do Trabalho da Drogaria Ara\u00fajo S\/A, \u00e9 evidente que medidas protocolares adotadas contra a propaga\u00e7\u00e3o do novo coronav\u00edrus foram favor\u00e1veis ao n\u00famero reduzido de cont\u00e1gios nos \u00faltimos meses.&nbsp;<\/p>\n\n\n\n<blockquote class=\"wp-block-quote is-layout-flow wp-block-quote-is-layout-flow\"><p>\u201cO uso da m\u00e1scara, a higieniza\u00e7\u00e3o constante e rigorosa e a restri\u00e7\u00e3o de contato, somadas ao isolamento entre os operantes, dentro das empresas, fizeram com que fosse menos turbulento todo esse processo de lidar com o v\u00edrus em um local de trabalho essencial \u00e0 popula\u00e7\u00e3o\u201d.<\/p><cite>Maria Clara Rocha<\/cite><\/blockquote>\n\n\n\n<p>Ela acredita que, daqui para frente, situa\u00e7\u00f5es que foram impostas no cotidiano pela pandemia v\u00e3o se manter, principalmente em ambientes mais prop\u00edcios \u00e0 aglomera\u00e7\u00e3o.<\/p>\n\n\n\n<blockquote class=\"wp-block-quote is-layout-flow wp-block-quote-is-layout-flow\"><p>\u201cO uso do \u00e1lcool, por exemplo, \u00e9 uma dessas pr\u00e1ticas que v\u00e3o se estender e permanecer de vez. Antes da pandemia, em alguns locais, j\u00e1 era disponibilizado o uso do produto, mas n\u00e3o era exigido de forma t\u00e3o severa como poderemos observar daqui para frente\u201d.<\/p><cite>Maria Clara Rocha<\/cite><\/blockquote>\n\n\n\n<figure class=\"wp-block-pullquote\"><blockquote><p><strong><em>quarentena:<\/em><\/strong><em> conjunto de medidas e restri\u00e7\u00f5es que consistia esp. no isolamento (original. de 42 dias) de indiv\u00edduos e mercadorias provenientes de regi\u00f5es onde grassavam epidemias de doen\u00e7as contagiosas.<\/em><\/p><\/blockquote><\/figure>\n\n\n\n<h2 class=\"wp-block-heading\"><strong>Seguran\u00e7a na \u00e1rea da sa\u00fade<\/strong><\/h2>\n\n\n\n<p>Nestes dias de caos na sa\u00fade o que n\u00e3o falta \u00e9 adrenalina e cortisol para o profissional de Enfermagem, que deixou a capa da invisibilidade e virou \u201csuper-her\u00f3i\u201d. Embora tenham ganhado reconhecimento, enfrentam os desafios de estarem na linha de frente durante um momento cr\u00edtico para o sistema de sa\u00fade &#8211; e com novos protocolos de seguran\u00e7a sendo implementados.<\/p>\n\n\n\n<p>A coordenadora geral da ala de enfermaria no Hospital Biocor, Lucia Carvalho, avalia que essa exposi\u00e7\u00e3o da profiss\u00e3o na m\u00eddia e a aten\u00e7\u00e3o em torno do tema deve aumentar o interesse pelo curso t\u00e9cnico de Enfermagem, que j\u00e1 est\u00e1 entre os mais procurados pelos inscritos no processo seletivo das Escolas T\u00e9cnicas.<\/p>\n\n\n\n<p>O cen\u00e1rio da pandemia aumentou o n\u00edvel de dificuldade protocolar quanto a acesso de materiais que viabilizam a realiza\u00e7\u00e3o de procedimentos manuais como, por exemplo, a coleta sangu\u00ednea para avalia\u00e7\u00e3o m\u00e9dica. Mas Lucia Carvalho acredita que haver\u00e1 maior procura por forma\u00e7\u00e3o na \u00e1rea: \u201cHaver\u00e1 tamb\u00e9m uma mudan\u00e7a no perfil dos candidatos que, a partir da COVID-19, far\u00e3o sua escolha de forma mais consciente. O caos da pandemia escancarou a realidade do mercado\u201d.&nbsp;<\/p>\n\n\n\n<p>Sobre as novas normas de seguran\u00e7a, Lucia Carvalho comentou: \u201cO compartilhamento de diversos saberes profissionais e de informa\u00e7\u00f5es t\u00e9cnicas oficiais s\u00e3o essenciais para reorganiza\u00e7\u00e3o do processo de trabalho diante deste cen\u00e1rio pand\u00eamico. A aproxima\u00e7\u00e3o do setor de seguran\u00e7a do trabalho foi essencial para o seguimento dos trabalhos nos hospitais\u201d, destacou.<\/p>\n\n\n\n<p>Segundo ela, orienta\u00e7\u00f5es quanto ao reuso de materiais, o descarte e o correto manuseio de materiais com quem a equipe n\u00e3o estava familiarizada tamb\u00e9m foi muito importante. \u201cMesmo em meio aos desafios, nossa equipe segue buscando treinamento e capacita\u00e7\u00e3o para garantir uma assist\u00eancia segura e qualificada para os pacientes\u201d, concluiu<\/p>\n","protected":false},"excerpt":{"rendered":"<p>Profissionais da seguran\u00e7a do trabalho s\u00e3o respons\u00e1veis por garantir rigor de condutas t\u00e9cnicas para colaboradores e p\u00fablicos<\/p>\n","protected":false},"author":8,"featured_media":4970,"comment_status":"open","ping_status":"open","sticky":false,"template":"","format":"standard","meta":{"_eb_attr":"","ngg_post_thumbnail":0,"footnotes":""},"categories":[172,12],"tags":[288,176,173,287,254,286],"class_list":["post-4965","post","type-post","status-publish","format-standard","has-post-thumbnail","hentry","category-pandemia","category-saude","tag-anvisa","tag-novo-coronavirus","tag-pandemia","tag-regras-sanitarias","tag-saude","tag-seguranca-do-trabalho"],"yoast_head":"<!-- This site is optimized with the Yoast SEO plugin v27.5 - https:\/\/yoast.com\/product\/yoast-seo-wordpress\/ -->\n<title>O efeito invis\u00edvel da seguran\u00e7a do trabalho na pandemia - Colab<\/title>\n<meta name=\"description\" content=\"Profissionais da seguran\u00e7a do trabalho s\u00e3o respons\u00e1veis por garantir rigor de condutas t\u00e9cnicas para colaboradores e p\u00fablicos\" \/>\n<meta name=\"robots\" content=\"index, follow, max-snippet:-1, max-image-preview:large, max-video-preview:-1\" \/>\n<link rel=\"canonical\" href=\"https:\/\/blogfca.pucminas.br\/colab\/o-efeito-invisivel-da-seguranca-do-trabalho-na-pandemia\/\" \/>\n<meta property=\"og:locale\" content=\"pt_BR\" \/>\n<meta property=\"og:type\" content=\"article\" \/>\n<meta property=\"og:title\" content=\"O efeito invis\u00edvel da seguran\u00e7a do trabalho na pandemia - Colab\" \/>\n<meta property=\"og:description\" content=\"Profissionais da seguran\u00e7a do trabalho s\u00e3o respons\u00e1veis por garantir rigor de condutas t\u00e9cnicas para colaboradores e p\u00fablicos\" \/>\n<meta property=\"og:url\" content=\"https:\/\/blogfca.pucminas.br\/colab\/o-efeito-invisivel-da-seguranca-do-trabalho-na-pandemia\/\" \/>\n<meta property=\"og:site_name\" content=\"Colab\" \/>\n<meta property=\"article:publisher\" content=\"https:\/\/www.facebook.com\/colabpucminas\" \/>\n<meta property=\"article:author\" content=\"https:\/\/www.facebook.com\/marcio.vitor.7777?ref=bookmarks\" \/>\n<meta property=\"article:published_time\" content=\"2020-10-05T19:05:03+00:00\" \/>\n<meta property=\"article:modified_time\" content=\"2020-10-06T18:41:06+00:00\" \/>\n<meta property=\"og:image\" content=\"https:\/\/blogfca.pucminas.br\/colab\/wp-content\/uploads\/2020\/10\/fotos_27_servicos.jpg\" \/>\n\t<meta property=\"og:image:width\" content=\"700\" \/>\n\t<meta property=\"og:image:height\" content=\"700\" \/>\n\t<meta property=\"og:image:type\" content=\"image\/jpeg\" \/>\n<meta name=\"author\" content=\"M\u00e1rcio V\u00edtor Pereira\" \/>\n<meta name=\"twitter:card\" content=\"summary_large_image\" \/>\n<meta name=\"twitter:creator\" content=\"@marciovitorsp\" \/>\n<meta name=\"twitter:site\" content=\"@colabpucminas\" \/>\n<meta name=\"twitter:label1\" content=\"Escrito por\" \/>\n\t<meta name=\"twitter:data1\" content=\"M\u00e1rcio V\u00edtor Pereira\" \/>\n\t<meta name=\"twitter:label2\" content=\"Est. tempo de leitura\" \/>\n\t<meta name=\"twitter:data2\" content=\"4 minutos\" \/>\n<script type=\"application\/ld+json\" class=\"yoast-schema-graph\">{\"@context\":\"https:\\\/\\\/schema.org\",\"@graph\":[{\"@type\":\"Article\",\"@id\":\"https:\\\/\\\/blogfca.pucminas.br\\\/colab\\\/o-efeito-invisivel-da-seguranca-do-trabalho-na-pandemia\\\/#article\",\"isPartOf\":{\"@id\":\"https:\\\/\\\/blogfca.pucminas.br\\\/colab\\\/o-efeito-invisivel-da-seguranca-do-trabalho-na-pandemia\\\/\"},\"author\":{\"name\":\"M\u00e1rcio V\u00edtor Pereira\",\"@id\":\"https:\\\/\\\/blogfca.pucminas.br\\\/colab\\\/#\\\/schema\\\/person\\\/59ea8ccdbfe0afe0a3dc183641fbaaf9\"},\"headline\":\"O efeito invis\u00edvel da seguran\u00e7a do trabalho na pandemia\",\"datePublished\":\"2020-10-05T19:05:03+00:00\",\"dateModified\":\"2020-10-06T18:41:06+00:00\",\"mainEntityOfPage\":{\"@id\":\"https:\\\/\\\/blogfca.pucminas.br\\\/colab\\\/o-efeito-invisivel-da-seguranca-do-trabalho-na-pandemia\\\/\"},\"wordCount\":875,\"commentCount\":0,\"publisher\":{\"@id\":\"https:\\\/\\\/blogfca.pucminas.br\\\/colab\\\/#organization\"},\"image\":{\"@id\":\"https:\\\/\\\/blogfca.pucminas.br\\\/colab\\\/o-efeito-invisivel-da-seguranca-do-trabalho-na-pandemia\\\/#primaryimage\"},\"thumbnailUrl\":\"https:\\\/\\\/blogfca.pucminas.br\\\/colab\\\/wp-content\\\/uploads\\\/2020\\\/10\\\/fotos_27_servicos.jpg\",\"keywords\":[\"anvisa\",\"novo coronav\u00edrus\",\"pandemia\",\"regras sanit\u00e1rias\",\"sa\u00fade\",\"seguran\u00e7a do trabalho\"],\"articleSection\":[\"Pandemia\",\"Sa\u00fade\"],\"inLanguage\":\"pt-BR\",\"potentialAction\":[{\"@type\":\"CommentAction\",\"name\":\"Comment\",\"target\":[\"https:\\\/\\\/blogfca.pucminas.br\\\/colab\\\/o-efeito-invisivel-da-seguranca-do-trabalho-na-pandemia\\\/#respond\"]}]},{\"@type\":\"WebPage\",\"@id\":\"https:\\\/\\\/blogfca.pucminas.br\\\/colab\\\/o-efeito-invisivel-da-seguranca-do-trabalho-na-pandemia\\\/\",\"url\":\"https:\\\/\\\/blogfca.pucminas.br\\\/colab\\\/o-efeito-invisivel-da-seguranca-do-trabalho-na-pandemia\\\/\",\"name\":\"O efeito invis\u00edvel da seguran\u00e7a do trabalho na pandemia - Colab\",\"isPartOf\":{\"@id\":\"https:\\\/\\\/blogfca.pucminas.br\\\/colab\\\/#website\"},\"primaryImageOfPage\":{\"@id\":\"https:\\\/\\\/blogfca.pucminas.br\\\/colab\\\/o-efeito-invisivel-da-seguranca-do-trabalho-na-pandemia\\\/#primaryimage\"},\"image\":{\"@id\":\"https:\\\/\\\/blogfca.pucminas.br\\\/colab\\\/o-efeito-invisivel-da-seguranca-do-trabalho-na-pandemia\\\/#primaryimage\"},\"thumbnailUrl\":\"https:\\\/\\\/blogfca.pucminas.br\\\/colab\\\/wp-content\\\/uploads\\\/2020\\\/10\\\/fotos_27_servicos.jpg\",\"datePublished\":\"2020-10-05T19:05:03+00:00\",\"dateModified\":\"2020-10-06T18:41:06+00:00\",\"description\":\"Profissionais da seguran\u00e7a do trabalho s\u00e3o respons\u00e1veis por garantir rigor de condutas t\u00e9cnicas para colaboradores e p\u00fablicos\",\"breadcrumb\":{\"@id\":\"https:\\\/\\\/blogfca.pucminas.br\\\/colab\\\/o-efeito-invisivel-da-seguranca-do-trabalho-na-pandemia\\\/#breadcrumb\"},\"inLanguage\":\"pt-BR\",\"potentialAction\":[{\"@type\":\"ReadAction\",\"target\":[\"https:\\\/\\\/blogfca.pucminas.br\\\/colab\\\/o-efeito-invisivel-da-seguranca-do-trabalho-na-pandemia\\\/\"]}]},{\"@type\":\"ImageObject\",\"inLanguage\":\"pt-BR\",\"@id\":\"https:\\\/\\\/blogfca.pucminas.br\\\/colab\\\/o-efeito-invisivel-da-seguranca-do-trabalho-na-pandemia\\\/#primaryimage\",\"url\":\"https:\\\/\\\/blogfca.pucminas.br\\\/colab\\\/wp-content\\\/uploads\\\/2020\\\/10\\\/fotos_27_servicos.jpg\",\"contentUrl\":\"https:\\\/\\\/blogfca.pucminas.br\\\/colab\\\/wp-content\\\/uploads\\\/2020\\\/10\\\/fotos_27_servicos.jpg\",\"width\":700,\"height\":700},{\"@type\":\"BreadcrumbList\",\"@id\":\"https:\\\/\\\/blogfca.pucminas.br\\\/colab\\\/o-efeito-invisivel-da-seguranca-do-trabalho-na-pandemia\\\/#breadcrumb\",\"itemListElement\":[{\"@type\":\"ListItem\",\"position\":1,\"name\":\"In\u00edcio\",\"item\":\"https:\\\/\\\/blogfca.pucminas.br\\\/colab\\\/\"},{\"@type\":\"ListItem\",\"position\":2,\"name\":\"O efeito invis\u00edvel da seguran\u00e7a do trabalho na pandemia\"}]},{\"@type\":\"WebSite\",\"@id\":\"https:\\\/\\\/blogfca.pucminas.br\\\/colab\\\/#website\",\"url\":\"https:\\\/\\\/blogfca.pucminas.br\\\/colab\\\/\",\"name\":\"Colab\",\"description\":\"Experimenta\u00e7\u00e3o, conte\u00fado e colabora\u00e7\u00e3o em Jornalismo Digital\",\"publisher\":{\"@id\":\"https:\\\/\\\/blogfca.pucminas.br\\\/colab\\\/#organization\"},\"potentialAction\":[{\"@type\":\"SearchAction\",\"target\":{\"@type\":\"EntryPoint\",\"urlTemplate\":\"https:\\\/\\\/blogfca.pucminas.br\\\/colab\\\/?s={search_term_string}\"},\"query-input\":{\"@type\":\"PropertyValueSpecification\",\"valueRequired\":true,\"valueName\":\"search_term_string\"}}],\"inLanguage\":\"pt-BR\"},{\"@type\":\"Organization\",\"@id\":\"https:\\\/\\\/blogfca.pucminas.br\\\/colab\\\/#organization\",\"name\":\"Colab :: Laborat\u00f3rio de Comunica\u00e7\u00e3o Digital da FCA \\\/ PUC Minas\",\"url\":\"https:\\\/\\\/blogfca.pucminas.br\\\/colab\\\/\",\"logo\":{\"@type\":\"ImageObject\",\"inLanguage\":\"pt-BR\",\"@id\":\"https:\\\/\\\/blogfca.pucminas.br\\\/colab\\\/#\\\/schema\\\/logo\\\/image\\\/\",\"url\":\"https:\\\/\\\/blogfca.pucminas.br\\\/colab\\\/wp-content\\\/uploads\\\/2020\\\/03\\\/Avatar-Colab.jpg\",\"contentUrl\":\"https:\\\/\\\/blogfca.pucminas.br\\\/colab\\\/wp-content\\\/uploads\\\/2020\\\/03\\\/Avatar-Colab.jpg\",\"width\":1682,\"height\":1682,\"caption\":\"Colab :: Laborat\u00f3rio de Comunica\u00e7\u00e3o Digital da FCA \\\/ PUC Minas\"},\"image\":{\"@id\":\"https:\\\/\\\/blogfca.pucminas.br\\\/colab\\\/#\\\/schema\\\/logo\\\/image\\\/\"},\"sameAs\":[\"https:\\\/\\\/www.facebook.com\\\/colabpucminas\",\"https:\\\/\\\/x.com\\\/colabpucminas\",\"https:\\\/\\\/www.instagram.com\\\/colabpucminas\\\/\",\"https:\\\/\\\/www.linkedin.com\\\/company\\\/colab-puc-minas\",\"https:\\\/\\\/www.youtube.com\\\/channel\\\/UC14mKIqnnGCOgVr4DG6FPkA\"]},{\"@type\":\"Person\",\"@id\":\"https:\\\/\\\/blogfca.pucminas.br\\\/colab\\\/#\\\/schema\\\/person\\\/59ea8ccdbfe0afe0a3dc183641fbaaf9\",\"name\":\"M\u00e1rcio V\u00edtor Pereira\",\"image\":{\"@type\":\"ImageObject\",\"inLanguage\":\"pt-BR\",\"@id\":\"https:\\\/\\\/secure.gravatar.com\\\/avatar\\\/d1266c5d288730bfa538b073582f1fc69e57cc6ed2b5d17ad7aeb554ede7b116?s=96&d=mm&r=g\",\"url\":\"https:\\\/\\\/secure.gravatar.com\\\/avatar\\\/d1266c5d288730bfa538b073582f1fc69e57cc6ed2b5d17ad7aeb554ede7b116?s=96&d=mm&r=g\",\"contentUrl\":\"https:\\\/\\\/secure.gravatar.com\\\/avatar\\\/d1266c5d288730bfa538b073582f1fc69e57cc6ed2b5d17ad7aeb554ede7b116?s=96&d=mm&r=g\",\"caption\":\"M\u00e1rcio V\u00edtor Pereira\"},\"sameAs\":[\"https:\\\/\\\/www.facebook.com\\\/marcio.vitor.7777?ref=bookmarks\",\"marciiovitor\",\"https:\\\/\\\/x.com\\\/marciovitorsp\"],\"url\":\"https:\\\/\\\/blogfca.pucminas.br\\\/colab\\\/author\\\/marciovitor\\\/\"}]}<\/script>\n<!-- \/ Yoast SEO plugin. -->","yoast_head_json":{"title":"O efeito invis\u00edvel da seguran\u00e7a do trabalho na pandemia - Colab","description":"Profissionais da seguran\u00e7a do trabalho s\u00e3o respons\u00e1veis por garantir rigor de condutas t\u00e9cnicas para colaboradores e p\u00fablicos","robots":{"index":"index","follow":"follow","max-snippet":"max-snippet:-1","max-image-preview":"max-image-preview:large","max-video-preview":"max-video-preview:-1"},"canonical":"https:\/\/blogfca.pucminas.br\/colab\/o-efeito-invisivel-da-seguranca-do-trabalho-na-pandemia\/","og_locale":"pt_BR","og_type":"article","og_title":"O efeito invis\u00edvel da seguran\u00e7a do trabalho na pandemia - Colab","og_description":"Profissionais da seguran\u00e7a do trabalho s\u00e3o respons\u00e1veis por garantir rigor de condutas t\u00e9cnicas para colaboradores e p\u00fablicos","og_url":"https:\/\/blogfca.pucminas.br\/colab\/o-efeito-invisivel-da-seguranca-do-trabalho-na-pandemia\/","og_site_name":"Colab","article_publisher":"https:\/\/www.facebook.com\/colabpucminas","article_author":"https:\/\/www.facebook.com\/marcio.vitor.7777?ref=bookmarks","article_published_time":"2020-10-05T19:05:03+00:00","article_modified_time":"2020-10-06T18:41:06+00:00","og_image":[{"width":700,"height":700,"url":"https:\/\/blogfca.pucminas.br\/colab\/wp-content\/uploads\/2020\/10\/fotos_27_servicos.jpg","type":"image\/jpeg"}],"author":"M\u00e1rcio V\u00edtor Pereira","twitter_card":"summary_large_image","twitter_creator":"@marciovitorsp","twitter_site":"@colabpucminas","twitter_misc":{"Escrito por":"M\u00e1rcio V\u00edtor Pereira","Est. tempo de leitura":"4 minutos"},"schema":{"@context":"https:\/\/schema.org","@graph":[{"@type":"Article","@id":"https:\/\/blogfca.pucminas.br\/colab\/o-efeito-invisivel-da-seguranca-do-trabalho-na-pandemia\/#article","isPartOf":{"@id":"https:\/\/blogfca.pucminas.br\/colab\/o-efeito-invisivel-da-seguranca-do-trabalho-na-pandemia\/"},"author":{"name":"M\u00e1rcio V\u00edtor Pereira","@id":"https:\/\/blogfca.pucminas.br\/colab\/#\/schema\/person\/59ea8ccdbfe0afe0a3dc183641fbaaf9"},"headline":"O efeito invis\u00edvel da seguran\u00e7a do trabalho na pandemia","datePublished":"2020-10-05T19:05:03+00:00","dateModified":"2020-10-06T18:41:06+00:00","mainEntityOfPage":{"@id":"https:\/\/blogfca.pucminas.br\/colab\/o-efeito-invisivel-da-seguranca-do-trabalho-na-pandemia\/"},"wordCount":875,"commentCount":0,"publisher":{"@id":"https:\/\/blogfca.pucminas.br\/colab\/#organization"},"image":{"@id":"https:\/\/blogfca.pucminas.br\/colab\/o-efeito-invisivel-da-seguranca-do-trabalho-na-pandemia\/#primaryimage"},"thumbnailUrl":"https:\/\/blogfca.pucminas.br\/colab\/wp-content\/uploads\/2020\/10\/fotos_27_servicos.jpg","keywords":["anvisa","novo coronav\u00edrus","pandemia","regras sanit\u00e1rias","sa\u00fade","seguran\u00e7a do trabalho"],"articleSection":["Pandemia","Sa\u00fade"],"inLanguage":"pt-BR","potentialAction":[{"@type":"CommentAction","name":"Comment","target":["https:\/\/blogfca.pucminas.br\/colab\/o-efeito-invisivel-da-seguranca-do-trabalho-na-pandemia\/#respond"]}]},{"@type":"WebPage","@id":"https:\/\/blogfca.pucminas.br\/colab\/o-efeito-invisivel-da-seguranca-do-trabalho-na-pandemia\/","url":"https:\/\/blogfca.pucminas.br\/colab\/o-efeito-invisivel-da-seguranca-do-trabalho-na-pandemia\/","name":"O efeito invis\u00edvel da seguran\u00e7a do trabalho na pandemia - Colab","isPartOf":{"@id":"https:\/\/blogfca.pucminas.br\/colab\/#website"},"primaryImageOfPage":{"@id":"https:\/\/blogfca.pucminas.br\/colab\/o-efeito-invisivel-da-seguranca-do-trabalho-na-pandemia\/#primaryimage"},"image":{"@id":"https:\/\/blogfca.pucminas.br\/colab\/o-efeito-invisivel-da-seguranca-do-trabalho-na-pandemia\/#primaryimage"},"thumbnailUrl":"https:\/\/blogfca.pucminas.br\/colab\/wp-content\/uploads\/2020\/10\/fotos_27_servicos.jpg","datePublished":"2020-10-05T19:05:03+00:00","dateModified":"2020-10-06T18:41:06+00:00","description":"Profissionais da seguran\u00e7a do trabalho s\u00e3o respons\u00e1veis por garantir rigor de condutas t\u00e9cnicas para colaboradores e p\u00fablicos","breadcrumb":{"@id":"https:\/\/blogfca.pucminas.br\/colab\/o-efeito-invisivel-da-seguranca-do-trabalho-na-pandemia\/#breadcrumb"},"inLanguage":"pt-BR","potentialAction":[{"@type":"ReadAction","target":["https:\/\/blogfca.pucminas.br\/colab\/o-efeito-invisivel-da-seguranca-do-trabalho-na-pandemia\/"]}]},{"@type":"ImageObject","inLanguage":"pt-BR","@id":"https:\/\/blogfca.pucminas.br\/colab\/o-efeito-invisivel-da-seguranca-do-trabalho-na-pandemia\/#primaryimage","url":"https:\/\/blogfca.pucminas.br\/colab\/wp-content\/uploads\/2020\/10\/fotos_27_servicos.jpg","contentUrl":"https:\/\/blogfca.pucminas.br\/colab\/wp-content\/uploads\/2020\/10\/fotos_27_servicos.jpg","width":700,"height":700},{"@type":"BreadcrumbList","@id":"https:\/\/blogfca.pucminas.br\/colab\/o-efeito-invisivel-da-seguranca-do-trabalho-na-pandemia\/#breadcrumb","itemListElement":[{"@type":"ListItem","position":1,"name":"In\u00edcio","item":"https:\/\/blogfca.pucminas.br\/colab\/"},{"@type":"ListItem","position":2,"name":"O efeito invis\u00edvel da seguran\u00e7a do trabalho na pandemia"}]},{"@type":"WebSite","@id":"https:\/\/blogfca.pucminas.br\/colab\/#website","url":"https:\/\/blogfca.pucminas.br\/colab\/","name":"Colab","description":"Experimenta\u00e7\u00e3o, conte\u00fado e colabora\u00e7\u00e3o em Jornalismo Digital","publisher":{"@id":"https:\/\/blogfca.pucminas.br\/colab\/#organization"},"potentialAction":[{"@type":"SearchAction","target":{"@type":"EntryPoint","urlTemplate":"https:\/\/blogfca.pucminas.br\/colab\/?s={search_term_string}"},"query-input":{"@type":"PropertyValueSpecification","valueRequired":true,"valueName":"search_term_string"}}],"inLanguage":"pt-BR"},{"@type":"Organization","@id":"https:\/\/blogfca.pucminas.br\/colab\/#organization","name":"Colab :: Laborat\u00f3rio de Comunica\u00e7\u00e3o Digital da FCA \/ PUC Minas","url":"https:\/\/blogfca.pucminas.br\/colab\/","logo":{"@type":"ImageObject","inLanguage":"pt-BR","@id":"https:\/\/blogfca.pucminas.br\/colab\/#\/schema\/logo\/image\/","url":"https:\/\/blogfca.pucminas.br\/colab\/wp-content\/uploads\/2020\/03\/Avatar-Colab.jpg","contentUrl":"https:\/\/blogfca.pucminas.br\/colab\/wp-content\/uploads\/2020\/03\/Avatar-Colab.jpg","width":1682,"height":1682,"caption":"Colab :: Laborat\u00f3rio de Comunica\u00e7\u00e3o Digital da FCA \/ PUC Minas"},"image":{"@id":"https:\/\/blogfca.pucminas.br\/colab\/#\/schema\/logo\/image\/"},"sameAs":["https:\/\/www.facebook.com\/colabpucminas","https:\/\/x.com\/colabpucminas","https:\/\/www.instagram.com\/colabpucminas\/","https:\/\/www.linkedin.com\/company\/colab-puc-minas","https:\/\/www.youtube.com\/channel\/UC14mKIqnnGCOgVr4DG6FPkA"]},{"@type":"Person","@id":"https:\/\/blogfca.pucminas.br\/colab\/#\/schema\/person\/59ea8ccdbfe0afe0a3dc183641fbaaf9","name":"M\u00e1rcio V\u00edtor Pereira","image":{"@type":"ImageObject","inLanguage":"pt-BR","@id":"https:\/\/secure.gravatar.com\/avatar\/d1266c5d288730bfa538b073582f1fc69e57cc6ed2b5d17ad7aeb554ede7b116?s=96&d=mm&r=g","url":"https:\/\/secure.gravatar.com\/avatar\/d1266c5d288730bfa538b073582f1fc69e57cc6ed2b5d17ad7aeb554ede7b116?s=96&d=mm&r=g","contentUrl":"https:\/\/secure.gravatar.com\/avatar\/d1266c5d288730bfa538b073582f1fc69e57cc6ed2b5d17ad7aeb554ede7b116?s=96&d=mm&r=g","caption":"M\u00e1rcio V\u00edtor Pereira"},"sameAs":["https:\/\/www.facebook.com\/marcio.vitor.7777?ref=bookmarks","marciiovitor","https:\/\/x.com\/marciovitorsp"],"url":"https:\/\/blogfca.pucminas.br\/colab\/author\/marciovitor\/"}]}},"amp_enabled":true,"_links":{"self":[{"href":"https:\/\/blogfca.pucminas.br\/colab\/wp-json\/wp\/v2\/posts\/4965","targetHints":{"allow":["GET"]}}],"collection":[{"href":"https:\/\/blogfca.pucminas.br\/colab\/wp-json\/wp\/v2\/posts"}],"about":[{"href":"https:\/\/blogfca.pucminas.br\/colab\/wp-json\/wp\/v2\/types\/post"}],"author":[{"embeddable":true,"href":"https:\/\/blogfca.pucminas.br\/colab\/wp-json\/wp\/v2\/users\/8"}],"replies":[{"embeddable":true,"href":"https:\/\/blogfca.pucminas.br\/colab\/wp-json\/wp\/v2\/comments?post=4965"}],"version-history":[{"count":5,"href":"https:\/\/blogfca.pucminas.br\/colab\/wp-json\/wp\/v2\/posts\/4965\/revisions"}],"predecessor-version":[{"id":4982,"href":"https:\/\/blogfca.pucminas.br\/colab\/wp-json\/wp\/v2\/posts\/4965\/revisions\/4982"}],"wp:featuredmedia":[{"embeddable":true,"href":"https:\/\/blogfca.pucminas.br\/colab\/wp-json\/wp\/v2\/media\/4970"}],"wp:attachment":[{"href":"https:\/\/blogfca.pucminas.br\/colab\/wp-json\/wp\/v2\/media?parent=4965"}],"wp:term":[{"taxonomy":"category","embeddable":true,"href":"https:\/\/blogfca.pucminas.br\/colab\/wp-json\/wp\/v2\/categories?post=4965"},{"taxonomy":"post_tag","embeddable":true,"href":"https:\/\/blogfca.pucminas.br\/colab\/wp-json\/wp\/v2\/tags?post=4965"}],"curies":[{"name":"wp","href":"https:\/\/api.w.org\/{rel}","templated":true}]}}