{"id":4768,"date":"2020-09-10T17:54:25","date_gmt":"2020-09-10T20:54:25","guid":{"rendered":"https:\/\/blogfca.pucminas.br\/colab\/?p=4768"},"modified":"2020-09-10T20:08:27","modified_gmt":"2020-09-10T23:08:27","slug":"desafios-da-ressocializacao-de-mulheres-pos-encarceramento","status":"publish","type":"post","link":"https:\/\/blogfca.pucminas.br\/colab\/desafios-da-ressocializacao-de-mulheres-pos-encarceramento\/","title":{"rendered":"Vida p\u00f3s-encarceramento: ressocializa\u00e7\u00e3o e desafios da maternidade na pris\u00e3o"},"content":{"rendered":"\n<p>Ana*, 25 anos, morava no interior de Minas Gerais quando foi presa por tr\u00e1fico de drogas. A realidade do encarceramento tinha uma peculiaridade: gr\u00e1vida, n\u00e3o p\u00f4de ficar no pres\u00eddio da cidade por falta de estrutura. Ent\u00e3o, foi transferida para Belo Horizonte, longe da fam\u00edlia e de conhecidos.<\/p>\n\n\n\n<p>Que futuro uma mulher gr\u00e1vida, do interior tem em uma cidade grande como a capital? Prestes a dar a luz, sem saber o que seria de sua vida quando o filho nascesse, muitas eram as d\u00favidas.<\/p>\n\n\n\n<blockquote class=\"wp-block-quote is-layout-flow wp-block-quote-is-layout-flow\"><p><em>\u201cEu fazia programa para conseguir dinheiro pro crack\u201d<\/em><\/p><\/blockquote>\n\n\n\n<p>Ana aprendeu a usar drogas com o pai de seus filhos quando tinha 15 anos, j\u00e1 gr\u00e1vida do primeiro beb\u00ea. Usava crack constantemente, mesmo durante a gravidez. A press\u00e3o da maternidade era um desafio na juventude, o que a impulsionou ainda mais para o v\u00edcio.&nbsp;<\/p>\n\n\n\n<p>O beb\u00ea seria o terceiro &#8211;&nbsp; os outros foram deixados com membros de sua fam\u00edlia. Ela era uma m\u00e3e muito jovem e usu\u00e1ria de drogas. Que estruturas o sistema carcer\u00e1rio oferece para que mulheres como Ana, ao sa\u00edrem do c\u00e1rcere, tenham uma vida digna longe da criminalidade?<\/p>\n\n\n\n<p>Hoje, Ana j\u00e1 n\u00e3o usa drogas h\u00e1 dois anos e vive com o filho mais novo, mas n\u00e3o sabe o paradeiro dos demais, que deixou no interior antes de ser presa.&nbsp;&nbsp;<\/p>\n\n\n\n<div class=\"wp-block-image\"><figure class=\"alignright size-large\"><a href=\"http:\/\/www.revista.pucminas.br\/materia\/i-love-my-white\/\"><img loading=\"lazy\" decoding=\"async\" width=\"250\" height=\"350\" src=\"https:\/\/blogfca.pucminas.br\/colab\/wp-content\/uploads\/2020\/09\/IMG_7983-250x350-1.jpg\" alt=\"L\u00facia Lamounier \u00e9 fotografada em \u00e2ngulo de cima para baixo, em uma escadaria. Ela veste blusa vermelha, tem semblante s\u00e9rio e altivo, e segura p\u00e1ginas encadernadas em espiral.\" class=\"wp-image-4782\" srcset=\"https:\/\/blogfca.pucminas.br\/colab\/wp-content\/uploads\/2020\/09\/IMG_7983-250x350-1.jpg 250w, https:\/\/blogfca.pucminas.br\/colab\/wp-content\/uploads\/2020\/09\/IMG_7983-250x350-1-214x300.jpg 214w\" sizes=\"auto, (max-width: 250px) 100vw, 250px\" \/><\/a><figcaption>Lucia Lamounier Sena, professora da PUC Minas e autora de livro sobre mulheres e o tr\u00e1fico de drogas (Reprodu\u00e7\u00e3o \/ Revista PUC Minas)<\/figcaption><\/figure><\/div>\n\n\n\n<h2 class=\"wp-block-heading\">Camadas de viol\u00eancias<\/h2>\n\n\n\n<p>L\u00facia Lamounier Sena, <a href=\"http:\/\/fca.pucminas.br\/\">professora da PUC Minas<\/a>, mestre em Comunica\u00e7\u00e3o Social pela UFMG e doutora em Ci\u00eancias Sociais pela PUC, \u00e9 autora do livro \u201c<em>I<a href=\"http:\/\/www.revista.pucminas.br\/materia\/i-love-my-white\/\"> Love My White: Mulheres no registro do tr\u00e1fico de drogas\u201d<\/a>, <\/em>no qual problematiza a complexa rela\u00e7\u00e3o entre g\u00eanero e crime.<\/p>\n\n\n\n<p>A obra traz uma reflex\u00e3o humana sobre a realidade de&nbsp; mulheres no tr\u00e1fico. <\/p>\n\n\n\n<p>A soci\u00f3loga explica que existe uma constru\u00e7\u00e3o social de que, se a mulher gera a vida, ela \u00e9 incapaz de matar. Por isso, mulheres s\u00e3o frequentemente colocadas fora do perfil de algu\u00e9m capaz de cometer crimes. Quando envolvidas na criminalidade, est\u00e3o sob um duplo delito: o crime cometido e o crime moral (relacionado ao g\u00eanero).&nbsp;<\/p>\n\n\n\n<blockquote class=\"wp-block-quote is-layout-flow wp-block-quote-is-layout-flow\"><p>Qualquer sistema carcer\u00e1rio fere a dignidade, \u00e9 como se fizesse parte do castigo. Ela \u00e9 ferida na medida em que, nos pres\u00eddios, h\u00e1 mais pessoas do que deveria. O sistema prisional apresenta um dom\u00ednio for\u00e7ado, programado para ferir a dignidade.&nbsp;<\/p><cite>L\u00facia Lamounier Sena<\/cite><\/blockquote>\n\n\n\n<p>&#8220;Se, socialmente, dizemos que a mulher n\u00e3o \u00e9 afeita ao crime, \u00e9 muito mais f\u00e1cil que ela n\u00e3o seja alvo da pol\u00edtica. Se estiver na rodovi\u00e1ria carregando droga e um homem tamb\u00e9m, a pol\u00edcia vai no homem e n\u00e3o na mulher. <em>Aquela garota ali deve estar indo viajar<\/em>. Mas, se \u00e9 um homem, o tratamento \u00e9 diferente\u201d, analisa L\u00facia Sena.<\/p>\n\n\n\n<p>Essa constru\u00e7\u00e3o social tamb\u00e9m faz com que, em determinadas situa\u00e7\u00f5es de crime, a mulher seja uma dimens\u00e3o estrat\u00e9gica muito importante. <\/p>\n\n\n\n<p>De acordo com dados do Conselho Nacional de Justi\u00e7a, atualmente, o total da popula\u00e7\u00e3o carcer\u00e1ria do Brasil \u00e9 de 862.343 pessoas, sendo 5,3% s\u00e3o mulheres, ou seja, mais de 43.117.<\/p>\n\n\n\n<p>O sistema prisional opera de tal maneira que a sa\u00edda, frequentemente, leva os sujeitos a estarem ainda mais envolvidos com a criminalidade, ou muito mais marginalizados do que quando entraram.&nbsp;<\/p>\n\n\n\n<h2 class=\"wp-block-heading\"><strong>Maternidade e dificuldades da recomposi\u00e7\u00e3o familiar<\/strong><\/h2>\n\n\n\n<p>Ao sair da cadeia, a mulher se encontra em uma sociedade em que os direitos que antes eram negados, agora, praticamente n\u00e3o existem. A falta de pol\u00edticas p\u00fablicas \u00e9 uma realidade que pode ser devastadora em determinados casos, como a maternidade.&nbsp;<\/p>\n\n\n\n<p>Em um levantamento feito pelo <a href=\"http:\/\/www.depen.seguranca.mg.gov.br\/\" target=\"_blank\" rel=\"noreferrer noopener\">Departamento Penitenci\u00e1rio do Estado de Minas Gerais<\/a>, em 2017, existem apenas cinco estabelecimentos penais com dormit\u00f3rios adequados para gestantes. Apenas tr\u00eas possuem ber\u00e7\u00e1rio ou centro de refer\u00eancia materno-infantil. No total, a capacidade \u00e9 para 81 crian\u00e7as de at\u00e9 dois anos de idade.<\/p>\n\n\n\n<p>A professora L\u00facia Lamounier refor\u00e7a que a mulher presa no tr\u00e1fico de drogas deixa de ser a sustenta\u00e7\u00e3o financeira que cuida dos filhos e, assim, o n\u00facleo familiar empobrece. Sua aus\u00eancia no lar pode fazer com que os filhos n\u00e3o permane\u00e7am nele.<\/p>\n\n\n\n<p>Al\u00e9m disso, ap\u00f3s o c\u00e1rcere, muitas mulheres n\u00e3o se identificam no pr\u00f3prio lar. Isso tamb\u00e9m \u00e9 uma dificuldade para os filhos, visto que a recomposi\u00e7\u00e3o do n\u00facleo familiar come\u00e7a a partir deles.<\/p>\n\n\n\n<blockquote class=\"wp-block-quote is-layout-flow wp-block-quote-is-layout-flow\"><p>Usualmente, quando o homem \u00e9 preso, a fam\u00edlia aguarda em casa seu retorno. J\u00e1 a mulher presa perde toda a sua estrutura familiar: marido, casa, filhos\u2026 A maternidade \u00e9 dificultada na medida em que filhos s\u00e3o distribu\u00eddos entre familiares e abrigos. Essa situa\u00e7\u00e3o for\u00e7a a mulher a sair e ter que reconstruir sua vida.<\/p><cite>L\u00facia Lamounier Sena<\/cite><\/blockquote>\n\n\n\n<p>Quando a mulher sai com uma \u201cm\u00e3o na frente e outra atr\u00e1s\u201d, totalmente desamparada socialmente, o processo para voltar ao n\u00facleo familiar \u00e9 mais lento.<\/p>\n\n\n\n<h2 class=\"wp-block-heading\"><strong>A primeira porta que se abre \u00e9 a do crime<\/strong><\/h2>\n\n\n\n<blockquote class=\"wp-block-quote is-layout-flow wp-block-quote-is-layout-flow\"><p>Eu quero dar para o meu filho tudo o que eu n\u00e3o consegui dar para os outros, mas ningu\u00e9m d\u00e1 um voto de confian\u00e7a na gente, a\u00ed a gente acaba ficando meio desanimada.<\/p><cite>Ana, ex-presidi\u00e1ria<\/cite><\/blockquote>\n\n\n\n<p>Quando uma pessoa fica presa durante muito tempo, tamb\u00e9m fica descolada dos sistemas- padr\u00e3o da sociedade. Sem incentivos e oportunidades de aprendizagem e atualiza\u00e7\u00e3o, ser\u00e1 extremamente prejudicada e suas chances de retomada da pr\u00f3pria vida diminuem.<\/p>\n\n\n\n<p>Por este motivo, muitas mulheres acabam voltando para o crime, por ser este um caminho muito mais f\u00e1cil e, geralmente, aquele que mant\u00e9m as portas abertas.<\/p>\n\n\n\n<p>Hoje, Ana tem um emprego e condi\u00e7\u00f5es de pagar seu aluguel e sustentar o filho mais novo. Mesmo assim, enfrenta dificuldades para sobreviver, considerando o preconceito que vivencia como ex-presidi\u00e1rias.&nbsp;<\/p>\n\n\n\n<p>A professora L\u00facia Lamounier Sena refor\u00e7a que o Brasil precisa encarar a situa\u00e7\u00e3o carcer\u00e1ria com responsabilidade e maturidade para que o sistema n\u00e3o sirva como uma escola do crime, que vai provocar um tipo de comportamento nocivo nos encarcerados, situa\u00e7\u00e3o que os deixa \u201cpior\u201d do que quando entraram.<\/p>\n\n\n\n<p>Segundo ela, o Estado precisa agir como um \u00f3rg\u00e3o de conscientiza\u00e7\u00e3o da sociedade, ir para as periferias e possibilitar que os moradores tenham conhecimento e, assim, causar uma mudan\u00e7a na postura social.<\/p>\n\n\n\n<blockquote class=\"wp-block-quote is-layout-flow wp-block-quote-is-layout-flow\"><p>\u00c9 dever do Estado pensar em pol\u00edticas p\u00fablicas de recoloca\u00e7\u00e3o no mercado de trabalho. Muitas mulheres que ficaram presas nunca estiveram no mercado formal. Este processo deve ser iniciado dentro dos pres\u00eddios, associado a incentivos ao estudo. Essas interven\u00e7\u00f5es podem ser um caminho para que o objetivo da ressocializa\u00e7\u00e3o seja cumprido\u201d.<\/p><cite>L\u00facia Lamounier Sena<\/cite><\/blockquote>\n\n\n\n<h2 class=\"wp-block-heading\">Mulheres e encarceramento: dica de leitura<\/h2>\n\n\n\n<p>O livro <em>Presos Que Menstruam<\/em>, de <a href=\"https:\/\/www.instagram.com\/nana.queiroz\/\">Nana Queiroz<\/a>, aborda a situa\u00e7\u00e3o de mulheres afetadas pelo sistema carcer\u00e1rio.<\/p>\n\n\n\n<p>A youtuber Bel Rodrigues fez uma an\u00e1lise da obra e conta como diferentes fatos interferiram nas vidas das personagens do livro:<\/p>\n\n\n\n<figure class=\"wp-block-embed-youtube wp-block-embed is-type-video is-provider-youtube wp-embed-aspect-16-9 wp-has-aspect-ratio\"><div class=\"wp-block-embed__wrapper\">\n<iframe loading=\"lazy\" title=\"A brutal vida das mulheres nas pris\u00f5es brasileiras | PRESOS QUE MENSTRUAM (Nana Queiroz)\" width=\"770\" height=\"433\" src=\"https:\/\/www.youtube.com\/embed\/1ofPWuQM5c8?feature=oembed\" frameborder=\"0\" allow=\"accelerometer; autoplay; encrypted-media; gyroscope; picture-in-picture\" allowfullscreen><\/iframe>\n<\/div><\/figure>\n\n\n\n<pre class=\"wp-block-verse\">*O nome da entrevistada foi trocado para preservar sua identidade.<\/pre>\n","protected":false},"excerpt":{"rendered":"<p>Reinser\u00e7\u00e3o de mulheres ex-presidi\u00e1rias na sociedade enfrenta desafios e a falta de pol\u00edticas p\u00fablicas que as beneficiem<\/p>\n","protected":false},"author":4,"featured_media":4780,"comment_status":"open","ping_status":"open","sticky":false,"template":"","format":"standard","meta":{"_eb_attr":"","ngg_post_thumbnail":0,"footnotes":""},"categories":[5],"tags":[246,247],"class_list":["post-4768","post","type-post","status-publish","format-standard","has-post-thumbnail","hentry","category-sociedade","tag-encarceramento","tag-vida-pos-prisao"],"yoast_head":"<!-- This site is optimized with the Yoast SEO plugin v27.4 - https:\/\/yoast.com\/product\/yoast-seo-wordpress\/ -->\n<title>Vida p\u00f3s-encarceramento: desafios de ressocializa\u00e7\u00e3o das mulheres<\/title>\n<meta name=\"description\" content=\"Professora Lucia Lamounier Sena explica as dificuldades da reinser\u00e7\u00e3o social de mulheres ap\u00f3s o encarceramento.\" \/>\n<meta name=\"robots\" content=\"index, follow, max-snippet:-1, max-image-preview:large, max-video-preview:-1\" \/>\n<link rel=\"canonical\" href=\"https:\/\/blogfca.pucminas.br\/colab\/desafios-da-ressocializacao-de-mulheres-pos-encarceramento\/\" \/>\n<meta property=\"og:locale\" content=\"pt_BR\" \/>\n<meta property=\"og:type\" content=\"article\" \/>\n<meta property=\"og:title\" content=\"Vida p\u00f3s-encarceramento: desafios de ressocializa\u00e7\u00e3o das mulheres\" \/>\n<meta property=\"og:description\" content=\"Professora Lucia Lamounier Sena explica as dificuldades da reinser\u00e7\u00e3o social de mulheres ap\u00f3s o encarceramento.\" \/>\n<meta property=\"og:url\" content=\"https:\/\/blogfca.pucminas.br\/colab\/desafios-da-ressocializacao-de-mulheres-pos-encarceramento\/\" \/>\n<meta property=\"og:site_name\" content=\"Colab\" \/>\n<meta property=\"article:publisher\" content=\"https:\/\/www.facebook.com\/colabpucminas\" \/>\n<meta property=\"article:published_time\" content=\"2020-09-10T20:54:25+00:00\" \/>\n<meta property=\"article:modified_time\" content=\"2020-09-10T23:08:27+00:00\" \/>\n<meta property=\"og:image\" content=\"https:\/\/blogfca.pucminas.br\/colab\/wp-content\/uploads\/2020\/09\/ye-jinghan-T5roX1jajzU-unsplash-scaled.jpg\" \/>\n\t<meta property=\"og:image:width\" content=\"2560\" \/>\n\t<meta property=\"og:image:height\" content=\"1687\" \/>\n\t<meta property=\"og:image:type\" content=\"image\/jpeg\" \/>\n<meta name=\"author\" content=\"Maria Cec\u00edlia Bas\u00edlio\" \/>\n<meta name=\"twitter:card\" content=\"summary_large_image\" \/>\n<meta name=\"twitter:creator\" content=\"@colabpucminas\" \/>\n<meta name=\"twitter:site\" content=\"@colabpucminas\" \/>\n<meta name=\"twitter:label1\" content=\"Escrito por\" \/>\n\t<meta name=\"twitter:data1\" content=\"Maria Cec\u00edlia Bas\u00edlio\" \/>\n\t<meta name=\"twitter:label2\" content=\"Est. tempo de leitura\" \/>\n\t<meta name=\"twitter:data2\" content=\"6 minutos\" \/>\n<script type=\"application\/ld+json\" class=\"yoast-schema-graph\">{\"@context\":\"https:\\\/\\\/schema.org\",\"@graph\":[{\"@type\":\"Article\",\"@id\":\"https:\\\/\\\/blogfca.pucminas.br\\\/colab\\\/desafios-da-ressocializacao-de-mulheres-pos-encarceramento\\\/#article\",\"isPartOf\":{\"@id\":\"https:\\\/\\\/blogfca.pucminas.br\\\/colab\\\/desafios-da-ressocializacao-de-mulheres-pos-encarceramento\\\/\"},\"author\":{\"name\":\"Maria Cec\u00edlia Bas\u00edlio\",\"@id\":\"https:\\\/\\\/blogfca.pucminas.br\\\/colab\\\/#\\\/schema\\\/person\\\/bf3ef0e60fb297d64b80dc2f9f15f06e\"},\"headline\":\"Vida p\u00f3s-encarceramento: ressocializa\u00e7\u00e3o e desafios da maternidade na pris\u00e3o\",\"datePublished\":\"2020-09-10T20:54:25+00:00\",\"dateModified\":\"2020-09-10T23:08:27+00:00\",\"mainEntityOfPage\":{\"@id\":\"https:\\\/\\\/blogfca.pucminas.br\\\/colab\\\/desafios-da-ressocializacao-de-mulheres-pos-encarceramento\\\/\"},\"wordCount\":1234,\"commentCount\":0,\"publisher\":{\"@id\":\"https:\\\/\\\/blogfca.pucminas.br\\\/colab\\\/#organization\"},\"image\":{\"@id\":\"https:\\\/\\\/blogfca.pucminas.br\\\/colab\\\/desafios-da-ressocializacao-de-mulheres-pos-encarceramento\\\/#primaryimage\"},\"thumbnailUrl\":\"https:\\\/\\\/blogfca.pucminas.br\\\/colab\\\/wp-content\\\/uploads\\\/2020\\\/09\\\/ye-jinghan-T5roX1jajzU-unsplash-scaled.jpg\",\"keywords\":[\"encarceramento\",\"vida p\u00f3s-pris\u00e3o\"],\"articleSection\":[\"Sociedade\"],\"inLanguage\":\"pt-BR\",\"potentialAction\":[{\"@type\":\"CommentAction\",\"name\":\"Comment\",\"target\":[\"https:\\\/\\\/blogfca.pucminas.br\\\/colab\\\/desafios-da-ressocializacao-de-mulheres-pos-encarceramento\\\/#respond\"]}]},{\"@type\":\"WebPage\",\"@id\":\"https:\\\/\\\/blogfca.pucminas.br\\\/colab\\\/desafios-da-ressocializacao-de-mulheres-pos-encarceramento\\\/\",\"url\":\"https:\\\/\\\/blogfca.pucminas.br\\\/colab\\\/desafios-da-ressocializacao-de-mulheres-pos-encarceramento\\\/\",\"name\":\"Vida p\u00f3s-encarceramento: desafios de ressocializa\u00e7\u00e3o das mulheres\",\"isPartOf\":{\"@id\":\"https:\\\/\\\/blogfca.pucminas.br\\\/colab\\\/#website\"},\"primaryImageOfPage\":{\"@id\":\"https:\\\/\\\/blogfca.pucminas.br\\\/colab\\\/desafios-da-ressocializacao-de-mulheres-pos-encarceramento\\\/#primaryimage\"},\"image\":{\"@id\":\"https:\\\/\\\/blogfca.pucminas.br\\\/colab\\\/desafios-da-ressocializacao-de-mulheres-pos-encarceramento\\\/#primaryimage\"},\"thumbnailUrl\":\"https:\\\/\\\/blogfca.pucminas.br\\\/colab\\\/wp-content\\\/uploads\\\/2020\\\/09\\\/ye-jinghan-T5roX1jajzU-unsplash-scaled.jpg\",\"datePublished\":\"2020-09-10T20:54:25+00:00\",\"dateModified\":\"2020-09-10T23:08:27+00:00\",\"description\":\"Professora Lucia Lamounier Sena explica as dificuldades da reinser\u00e7\u00e3o social de mulheres ap\u00f3s o encarceramento.\",\"breadcrumb\":{\"@id\":\"https:\\\/\\\/blogfca.pucminas.br\\\/colab\\\/desafios-da-ressocializacao-de-mulheres-pos-encarceramento\\\/#breadcrumb\"},\"inLanguage\":\"pt-BR\",\"potentialAction\":[{\"@type\":\"ReadAction\",\"target\":[\"https:\\\/\\\/blogfca.pucminas.br\\\/colab\\\/desafios-da-ressocializacao-de-mulheres-pos-encarceramento\\\/\"]}]},{\"@type\":\"ImageObject\",\"inLanguage\":\"pt-BR\",\"@id\":\"https:\\\/\\\/blogfca.pucminas.br\\\/colab\\\/desafios-da-ressocializacao-de-mulheres-pos-encarceramento\\\/#primaryimage\",\"url\":\"https:\\\/\\\/blogfca.pucminas.br\\\/colab\\\/wp-content\\\/uploads\\\/2020\\\/09\\\/ye-jinghan-T5roX1jajzU-unsplash-scaled.jpg\",\"contentUrl\":\"https:\\\/\\\/blogfca.pucminas.br\\\/colab\\\/wp-content\\\/uploads\\\/2020\\\/09\\\/ye-jinghan-T5roX1jajzU-unsplash-scaled.jpg\",\"width\":2560,\"height\":1687,\"caption\":\"Imagem meramente ilustrativa via Unsplash\"},{\"@type\":\"BreadcrumbList\",\"@id\":\"https:\\\/\\\/blogfca.pucminas.br\\\/colab\\\/desafios-da-ressocializacao-de-mulheres-pos-encarceramento\\\/#breadcrumb\",\"itemListElement\":[{\"@type\":\"ListItem\",\"position\":1,\"name\":\"In\u00edcio\",\"item\":\"https:\\\/\\\/blogfca.pucminas.br\\\/colab\\\/\"},{\"@type\":\"ListItem\",\"position\":2,\"name\":\"Vida p\u00f3s-encarceramento: ressocializa\u00e7\u00e3o e desafios da maternidade na pris\u00e3o\"}]},{\"@type\":\"WebSite\",\"@id\":\"https:\\\/\\\/blogfca.pucminas.br\\\/colab\\\/#website\",\"url\":\"https:\\\/\\\/blogfca.pucminas.br\\\/colab\\\/\",\"name\":\"Colab\",\"description\":\"Experimenta\u00e7\u00e3o, conte\u00fado e colabora\u00e7\u00e3o em Jornalismo Digital\",\"publisher\":{\"@id\":\"https:\\\/\\\/blogfca.pucminas.br\\\/colab\\\/#organization\"},\"potentialAction\":[{\"@type\":\"SearchAction\",\"target\":{\"@type\":\"EntryPoint\",\"urlTemplate\":\"https:\\\/\\\/blogfca.pucminas.br\\\/colab\\\/?s={search_term_string}\"},\"query-input\":{\"@type\":\"PropertyValueSpecification\",\"valueRequired\":true,\"valueName\":\"search_term_string\"}}],\"inLanguage\":\"pt-BR\"},{\"@type\":\"Organization\",\"@id\":\"https:\\\/\\\/blogfca.pucminas.br\\\/colab\\\/#organization\",\"name\":\"Colab :: Laborat\u00f3rio de Comunica\u00e7\u00e3o Digital da FCA \\\/ PUC Minas\",\"url\":\"https:\\\/\\\/blogfca.pucminas.br\\\/colab\\\/\",\"logo\":{\"@type\":\"ImageObject\",\"inLanguage\":\"pt-BR\",\"@id\":\"https:\\\/\\\/blogfca.pucminas.br\\\/colab\\\/#\\\/schema\\\/logo\\\/image\\\/\",\"url\":\"https:\\\/\\\/blogfca.pucminas.br\\\/colab\\\/wp-content\\\/uploads\\\/2020\\\/03\\\/Avatar-Colab.jpg\",\"contentUrl\":\"https:\\\/\\\/blogfca.pucminas.br\\\/colab\\\/wp-content\\\/uploads\\\/2020\\\/03\\\/Avatar-Colab.jpg\",\"width\":1682,\"height\":1682,\"caption\":\"Colab :: Laborat\u00f3rio de Comunica\u00e7\u00e3o Digital da FCA \\\/ PUC Minas\"},\"image\":{\"@id\":\"https:\\\/\\\/blogfca.pucminas.br\\\/colab\\\/#\\\/schema\\\/logo\\\/image\\\/\"},\"sameAs\":[\"https:\\\/\\\/www.facebook.com\\\/colabpucminas\",\"https:\\\/\\\/x.com\\\/colabpucminas\",\"https:\\\/\\\/www.instagram.com\\\/colabpucminas\\\/\",\"https:\\\/\\\/www.linkedin.com\\\/company\\\/colab-puc-minas\",\"https:\\\/\\\/www.youtube.com\\\/channel\\\/UC14mKIqnnGCOgVr4DG6FPkA\"]},{\"@type\":\"Person\",\"@id\":\"https:\\\/\\\/blogfca.pucminas.br\\\/colab\\\/#\\\/schema\\\/person\\\/bf3ef0e60fb297d64b80dc2f9f15f06e\",\"name\":\"Maria Cec\u00edlia Bas\u00edlio\",\"image\":{\"@type\":\"ImageObject\",\"inLanguage\":\"pt-BR\",\"@id\":\"https:\\\/\\\/secure.gravatar.com\\\/avatar\\\/dd7094592a9476658bdcd0751db8fae210203d5954fc6ea168361500fbd8adb5?s=96&d=mm&r=g\",\"url\":\"https:\\\/\\\/secure.gravatar.com\\\/avatar\\\/dd7094592a9476658bdcd0751db8fae210203d5954fc6ea168361500fbd8adb5?s=96&d=mm&r=g\",\"contentUrl\":\"https:\\\/\\\/secure.gravatar.com\\\/avatar\\\/dd7094592a9476658bdcd0751db8fae210203d5954fc6ea168361500fbd8adb5?s=96&d=mm&r=g\",\"caption\":\"Maria Cec\u00edlia Bas\u00edlio\"},\"url\":\"https:\\\/\\\/blogfca.pucminas.br\\\/colab\\\/author\\\/mariacecilia\\\/\"}]}<\/script>\n<!-- \/ Yoast SEO plugin. -->","yoast_head_json":{"title":"Vida p\u00f3s-encarceramento: desafios de ressocializa\u00e7\u00e3o das mulheres","description":"Professora Lucia Lamounier Sena explica as dificuldades da reinser\u00e7\u00e3o social de mulheres ap\u00f3s o encarceramento.","robots":{"index":"index","follow":"follow","max-snippet":"max-snippet:-1","max-image-preview":"max-image-preview:large","max-video-preview":"max-video-preview:-1"},"canonical":"https:\/\/blogfca.pucminas.br\/colab\/desafios-da-ressocializacao-de-mulheres-pos-encarceramento\/","og_locale":"pt_BR","og_type":"article","og_title":"Vida p\u00f3s-encarceramento: desafios de ressocializa\u00e7\u00e3o das mulheres","og_description":"Professora Lucia Lamounier Sena explica as dificuldades da reinser\u00e7\u00e3o social de mulheres ap\u00f3s o encarceramento.","og_url":"https:\/\/blogfca.pucminas.br\/colab\/desafios-da-ressocializacao-de-mulheres-pos-encarceramento\/","og_site_name":"Colab","article_publisher":"https:\/\/www.facebook.com\/colabpucminas","article_published_time":"2020-09-10T20:54:25+00:00","article_modified_time":"2020-09-10T23:08:27+00:00","og_image":[{"width":2560,"height":1687,"url":"https:\/\/blogfca.pucminas.br\/colab\/wp-content\/uploads\/2020\/09\/ye-jinghan-T5roX1jajzU-unsplash-scaled.jpg","type":"image\/jpeg"}],"author":"Maria Cec\u00edlia Bas\u00edlio","twitter_card":"summary_large_image","twitter_creator":"@colabpucminas","twitter_site":"@colabpucminas","twitter_misc":{"Escrito por":"Maria Cec\u00edlia Bas\u00edlio","Est. tempo de leitura":"6 minutos"},"schema":{"@context":"https:\/\/schema.org","@graph":[{"@type":"Article","@id":"https:\/\/blogfca.pucminas.br\/colab\/desafios-da-ressocializacao-de-mulheres-pos-encarceramento\/#article","isPartOf":{"@id":"https:\/\/blogfca.pucminas.br\/colab\/desafios-da-ressocializacao-de-mulheres-pos-encarceramento\/"},"author":{"name":"Maria Cec\u00edlia Bas\u00edlio","@id":"https:\/\/blogfca.pucminas.br\/colab\/#\/schema\/person\/bf3ef0e60fb297d64b80dc2f9f15f06e"},"headline":"Vida p\u00f3s-encarceramento: ressocializa\u00e7\u00e3o e desafios da maternidade na pris\u00e3o","datePublished":"2020-09-10T20:54:25+00:00","dateModified":"2020-09-10T23:08:27+00:00","mainEntityOfPage":{"@id":"https:\/\/blogfca.pucminas.br\/colab\/desafios-da-ressocializacao-de-mulheres-pos-encarceramento\/"},"wordCount":1234,"commentCount":0,"publisher":{"@id":"https:\/\/blogfca.pucminas.br\/colab\/#organization"},"image":{"@id":"https:\/\/blogfca.pucminas.br\/colab\/desafios-da-ressocializacao-de-mulheres-pos-encarceramento\/#primaryimage"},"thumbnailUrl":"https:\/\/blogfca.pucminas.br\/colab\/wp-content\/uploads\/2020\/09\/ye-jinghan-T5roX1jajzU-unsplash-scaled.jpg","keywords":["encarceramento","vida p\u00f3s-pris\u00e3o"],"articleSection":["Sociedade"],"inLanguage":"pt-BR","potentialAction":[{"@type":"CommentAction","name":"Comment","target":["https:\/\/blogfca.pucminas.br\/colab\/desafios-da-ressocializacao-de-mulheres-pos-encarceramento\/#respond"]}]},{"@type":"WebPage","@id":"https:\/\/blogfca.pucminas.br\/colab\/desafios-da-ressocializacao-de-mulheres-pos-encarceramento\/","url":"https:\/\/blogfca.pucminas.br\/colab\/desafios-da-ressocializacao-de-mulheres-pos-encarceramento\/","name":"Vida p\u00f3s-encarceramento: desafios de ressocializa\u00e7\u00e3o das mulheres","isPartOf":{"@id":"https:\/\/blogfca.pucminas.br\/colab\/#website"},"primaryImageOfPage":{"@id":"https:\/\/blogfca.pucminas.br\/colab\/desafios-da-ressocializacao-de-mulheres-pos-encarceramento\/#primaryimage"},"image":{"@id":"https:\/\/blogfca.pucminas.br\/colab\/desafios-da-ressocializacao-de-mulheres-pos-encarceramento\/#primaryimage"},"thumbnailUrl":"https:\/\/blogfca.pucminas.br\/colab\/wp-content\/uploads\/2020\/09\/ye-jinghan-T5roX1jajzU-unsplash-scaled.jpg","datePublished":"2020-09-10T20:54:25+00:00","dateModified":"2020-09-10T23:08:27+00:00","description":"Professora Lucia Lamounier Sena explica as dificuldades da reinser\u00e7\u00e3o social de mulheres ap\u00f3s o encarceramento.","breadcrumb":{"@id":"https:\/\/blogfca.pucminas.br\/colab\/desafios-da-ressocializacao-de-mulheres-pos-encarceramento\/#breadcrumb"},"inLanguage":"pt-BR","potentialAction":[{"@type":"ReadAction","target":["https:\/\/blogfca.pucminas.br\/colab\/desafios-da-ressocializacao-de-mulheres-pos-encarceramento\/"]}]},{"@type":"ImageObject","inLanguage":"pt-BR","@id":"https:\/\/blogfca.pucminas.br\/colab\/desafios-da-ressocializacao-de-mulheres-pos-encarceramento\/#primaryimage","url":"https:\/\/blogfca.pucminas.br\/colab\/wp-content\/uploads\/2020\/09\/ye-jinghan-T5roX1jajzU-unsplash-scaled.jpg","contentUrl":"https:\/\/blogfca.pucminas.br\/colab\/wp-content\/uploads\/2020\/09\/ye-jinghan-T5roX1jajzU-unsplash-scaled.jpg","width":2560,"height":1687,"caption":"Imagem meramente ilustrativa via Unsplash"},{"@type":"BreadcrumbList","@id":"https:\/\/blogfca.pucminas.br\/colab\/desafios-da-ressocializacao-de-mulheres-pos-encarceramento\/#breadcrumb","itemListElement":[{"@type":"ListItem","position":1,"name":"In\u00edcio","item":"https:\/\/blogfca.pucminas.br\/colab\/"},{"@type":"ListItem","position":2,"name":"Vida p\u00f3s-encarceramento: ressocializa\u00e7\u00e3o e desafios da maternidade na pris\u00e3o"}]},{"@type":"WebSite","@id":"https:\/\/blogfca.pucminas.br\/colab\/#website","url":"https:\/\/blogfca.pucminas.br\/colab\/","name":"Colab","description":"Experimenta\u00e7\u00e3o, conte\u00fado e colabora\u00e7\u00e3o em Jornalismo Digital","publisher":{"@id":"https:\/\/blogfca.pucminas.br\/colab\/#organization"},"potentialAction":[{"@type":"SearchAction","target":{"@type":"EntryPoint","urlTemplate":"https:\/\/blogfca.pucminas.br\/colab\/?s={search_term_string}"},"query-input":{"@type":"PropertyValueSpecification","valueRequired":true,"valueName":"search_term_string"}}],"inLanguage":"pt-BR"},{"@type":"Organization","@id":"https:\/\/blogfca.pucminas.br\/colab\/#organization","name":"Colab :: Laborat\u00f3rio de Comunica\u00e7\u00e3o Digital da FCA \/ PUC Minas","url":"https:\/\/blogfca.pucminas.br\/colab\/","logo":{"@type":"ImageObject","inLanguage":"pt-BR","@id":"https:\/\/blogfca.pucminas.br\/colab\/#\/schema\/logo\/image\/","url":"https:\/\/blogfca.pucminas.br\/colab\/wp-content\/uploads\/2020\/03\/Avatar-Colab.jpg","contentUrl":"https:\/\/blogfca.pucminas.br\/colab\/wp-content\/uploads\/2020\/03\/Avatar-Colab.jpg","width":1682,"height":1682,"caption":"Colab :: Laborat\u00f3rio de Comunica\u00e7\u00e3o Digital da FCA \/ PUC Minas"},"image":{"@id":"https:\/\/blogfca.pucminas.br\/colab\/#\/schema\/logo\/image\/"},"sameAs":["https:\/\/www.facebook.com\/colabpucminas","https:\/\/x.com\/colabpucminas","https:\/\/www.instagram.com\/colabpucminas\/","https:\/\/www.linkedin.com\/company\/colab-puc-minas","https:\/\/www.youtube.com\/channel\/UC14mKIqnnGCOgVr4DG6FPkA"]},{"@type":"Person","@id":"https:\/\/blogfca.pucminas.br\/colab\/#\/schema\/person\/bf3ef0e60fb297d64b80dc2f9f15f06e","name":"Maria Cec\u00edlia Bas\u00edlio","image":{"@type":"ImageObject","inLanguage":"pt-BR","@id":"https:\/\/secure.gravatar.com\/avatar\/dd7094592a9476658bdcd0751db8fae210203d5954fc6ea168361500fbd8adb5?s=96&d=mm&r=g","url":"https:\/\/secure.gravatar.com\/avatar\/dd7094592a9476658bdcd0751db8fae210203d5954fc6ea168361500fbd8adb5?s=96&d=mm&r=g","contentUrl":"https:\/\/secure.gravatar.com\/avatar\/dd7094592a9476658bdcd0751db8fae210203d5954fc6ea168361500fbd8adb5?s=96&d=mm&r=g","caption":"Maria Cec\u00edlia Bas\u00edlio"},"url":"https:\/\/blogfca.pucminas.br\/colab\/author\/mariacecilia\/"}]}},"amp_enabled":true,"_links":{"self":[{"href":"https:\/\/blogfca.pucminas.br\/colab\/wp-json\/wp\/v2\/posts\/4768","targetHints":{"allow":["GET"]}}],"collection":[{"href":"https:\/\/blogfca.pucminas.br\/colab\/wp-json\/wp\/v2\/posts"}],"about":[{"href":"https:\/\/blogfca.pucminas.br\/colab\/wp-json\/wp\/v2\/types\/post"}],"author":[{"embeddable":true,"href":"https:\/\/blogfca.pucminas.br\/colab\/wp-json\/wp\/v2\/users\/4"}],"replies":[{"embeddable":true,"href":"https:\/\/blogfca.pucminas.br\/colab\/wp-json\/wp\/v2\/comments?post=4768"}],"version-history":[{"count":6,"href":"https:\/\/blogfca.pucminas.br\/colab\/wp-json\/wp\/v2\/posts\/4768\/revisions"}],"predecessor-version":[{"id":4792,"href":"https:\/\/blogfca.pucminas.br\/colab\/wp-json\/wp\/v2\/posts\/4768\/revisions\/4792"}],"wp:featuredmedia":[{"embeddable":true,"href":"https:\/\/blogfca.pucminas.br\/colab\/wp-json\/wp\/v2\/media\/4780"}],"wp:attachment":[{"href":"https:\/\/blogfca.pucminas.br\/colab\/wp-json\/wp\/v2\/media?parent=4768"}],"wp:term":[{"taxonomy":"category","embeddable":true,"href":"https:\/\/blogfca.pucminas.br\/colab\/wp-json\/wp\/v2\/categories?post=4768"},{"taxonomy":"post_tag","embeddable":true,"href":"https:\/\/blogfca.pucminas.br\/colab\/wp-json\/wp\/v2\/tags?post=4768"}],"curies":[{"name":"wp","href":"https:\/\/api.w.org\/{rel}","templated":true}]}}