{"id":32957,"date":"2026-08-31T14:50:47","date_gmt":"2026-08-31T17:50:47","guid":{"rendered":"https:\/\/blogfca.pucminas.br\/colab\/?p=32957"},"modified":"2026-08-31T14:50:48","modified_gmt":"2026-08-31T17:50:48","slug":"batalhas-de-rima-a-voz-da-periferia-nas-ruas","status":"publish","type":"post","link":"https:\/\/blogfca.pucminas.br\/colab\/batalhas-de-rima-a-voz-da-periferia-nas-ruas\/","title":{"rendered":"Batalhas de rima: a voz da periferia nas ruas"},"content":{"rendered":"\n<p class=\"wp-block-paragraph\">Dezenove anos atr\u00e1s, uma das primeiras grandes batalhas de rima mineiras nasceu na Pra\u00e7a da Esta\u00e7\u00e3o. O Duelo de MCs, batalha idealizada pelo <a href=\"https:\/\/www.associacaofamiliaderua.com.br\/\" data-type=\"link\" data-id=\"https:\/\/www.associacaofamiliaderua.com.br\/\">coletivo Fam\u00edlia de Rua<\/a>, logo passou a ser realizado no Viaduto Santa Tereza e se transformou em uma das maiores competi\u00e7\u00f5es de <em>freestyle rap<\/em>, ou rimas improvisadas no cen\u00e1rio nacional.\u00a0<\/p>\n\n\n\n<p class=\"wp-block-paragraph\">O Duelo se tornou uma das principais refer\u00eancias para a estrutura\u00e7\u00e3o do formato das outras batalhas de rima, que acontecem em diversas regi\u00f5es brasileiras. A manifesta\u00e7\u00e3o cultural \u00e9 realizada em espa\u00e7os p\u00fablicos e promovida gratuitamente, sendo considerada uma op\u00e7\u00e3o de lazer democr\u00e1tica e acess\u00edvel.&nbsp;<\/p>\n\n\n\n<p class=\"wp-block-paragraph\">Para a juventude mineira, as batalhas tamb\u00e9m funcionam como espa\u00e7o de entendimento da pr\u00f3pria identidade, tanto para pessoas negras e perif\u00e9ricas, que se encontram em maioria nessas batalhas, quanto para outros grupos que sofrem discrimina\u00e7\u00e3o.&nbsp;&nbsp;<\/p>\n\n\n\n<p class=\"wp-block-paragraph\">\u201cEu come\u00e7o a rimar como uma necessidade mesmo de falar aquilo que eu n\u00e3o tinha espa\u00e7o. Eu tinha uma oportunidade de ter nem que seja 45 segundos, uma modalidade ou quatro versos para eu poder falar o que eu quiser\u201d, explica Luna Ventura, mulher trans e uma das idealizadoras da Batalha da Revolu\u00e7\u00e3o (BDR), evento que acontece na Pontif\u00edcia Universidade Cat\u00f3lica de Minas (<a href=\"https:\/\/www.pucminas.br\/destaques\/Paginas\/default.aspx\" data-type=\"link\" data-id=\"https:\/\/www.pucminas.br\/destaques\/Paginas\/default.aspx\">PUC Minas<\/a>) e promove saraus de poesia e batalhas de conhecimento.<\/p>\n\n\n\n<p class=\"wp-block-paragraph\">As batalhas de rima exp\u00f5em e questionam o lugar imposto pela sociedade \u00e0s comunidades e minorias.<\/p>\n\n\n\n<figure class=\"wp-block-image size-large\"><img data-dominant-color=\"423728\" data-has-transparency=\"false\" style=\"--dominant-color: #423728;\" loading=\"lazy\" decoding=\"async\" width=\"1024\" height=\"683\" sizes=\"auto, (max-width: 1024px) 100vw, 1024px\" src=\"https:\/\/blogfca.pucminas.br\/colab\/wp-content\/uploads\/2026\/08\/IMG_0224-1024x683.avif\" alt=\"\" class=\"wp-image-32958 not-transparent\" srcset=\"https:\/\/blogfca.pucminas.br\/colab\/wp-content\/uploads\/2026\/08\/IMG_0224-1024x683.avif 1024w, https:\/\/blogfca.pucminas.br\/colab\/wp-content\/uploads\/2026\/08\/IMG_0224-300x200.avif 300w, https:\/\/blogfca.pucminas.br\/colab\/wp-content\/uploads\/2026\/08\/IMG_0224-768x512.avif 768w, https:\/\/blogfca.pucminas.br\/colab\/wp-content\/uploads\/2026\/08\/IMG_0224-1536x1024.avif 1536w, https:\/\/blogfca.pucminas.br\/colab\/wp-content\/uploads\/2026\/08\/IMG_0224-2048x1365.avif 2048w, https:\/\/blogfca.pucminas.br\/colab\/wp-content\/uploads\/2026\/08\/IMG_0224-370x247.avif 370w, https:\/\/blogfca.pucminas.br\/colab\/wp-content\/uploads\/2026\/08\/IMG_0224-270x180.avif 270w, https:\/\/blogfca.pucminas.br\/colab\/wp-content\/uploads\/2026\/08\/IMG_0224-570x380.avif 570w, https:\/\/blogfca.pucminas.br\/colab\/wp-content\/uploads\/2026\/08\/IMG_0224-740x493.avif 740w, https:\/\/blogfca.pucminas.br\/colab\/wp-content\/uploads\/2026\/08\/IMG_0224-150x100.avif 150w\" \/><figcaption class=\"wp-element-caption\">Batalha da Revolu\u00e7\u00e3o (11\/06\/2026) \/Alice Giovana<\/figcaption><\/figure>\n\n\n\n<p class=\"wp-block-paragraph\">&#8220;O hip-hop \u00e9 sobre conex\u00e3o&#8221;, explica Amazonita, fundadora <em>da coletiva*<\/em> <a href=\"https:\/\/nutrilhar.com.br\/\" data-type=\"link\" data-id=\"https:\/\/nutrilhar.com.br\/\">NuTrilhar<\/a>, que trata da divulga\u00e7\u00e3o e organiza\u00e7\u00e3o de eventos culturais, incluindo batalhas de rima. Para Amazonita, a cultura do hip-hop n\u00e3o se constr\u00f3i sozinha e necessita de parceria entre os organizadores e de acessibilidade para o p\u00fablico.<\/p>\n\n\n\n<p class=\"wp-block-paragraph\">Entre os DJs, os organizadores de eventos, os MCs, os cerimonialistas, o p\u00fablico que frequenta os eventos e tantos outros nomes por tr\u00e1s dos bastidores, as batalhas de rima constroem uma comunidade que mant\u00e9m a cultura do hip-hop viva no cen\u00e1rio nacional.<\/p>\n\n\n\n<p class=\"wp-block-paragraph\">A populariza\u00e7\u00e3o gradual das batalhas de rima, ao tentar democratizar a cultura de um povo que \u00e9 constantemente negligenciado, fez com que esse tipo de evento se tornasse ambiente de conforto para aqueles que podem compartilhar experi\u00eancias e interagir com pessoas que se identificam<\/p>\n\n\n\n<h2 class=\"wp-block-heading\"><strong>NuTrilhar e a dificuldade de ocupa\u00e7\u00e3o nas batalhas de rua<\/strong><\/h2>\n\n\n\n<p class=\"wp-block-paragraph\">A NuTrilhar \u00e9 uma coletiva feminina fundada em 2018 por Amazonita, com o objetivo de incentivar a cultura hip-hop em Minas Gerais. Segundo ela, a coletiva surgiu com a proposta de fortalecer a comunidade mineira do hip-hop. Atualmente, a NuTrilhar realiza o mapeamento de mais de 120 batalhas. Apesar da import\u00e2ncia, a ocupa\u00e7\u00e3o dos espa\u00e7os p\u00fablicos ainda enfrenta dificuldades.\u00a0<\/p>\n\n\n\n<p class=\"wp-block-paragraph\">Amazonita destaca que um dos principais problemas est\u00e1 relacionado \u00e0 falta de estrutura e ao preconceito que as institui\u00e7\u00f5es possuem em rela\u00e7\u00e3o ao hip-hop. Al\u00e9m disso, o machismo aparece como uma das barreiras enfrentadas pela coletiva, tanto por ser formada por mulheres quanto por atuar em um ambiente historicamente marcado pela predomin\u00e2ncia masculina.<\/p>\n\n\n\n<p class=\"wp-block-paragraph\">Mesmo com a ascens\u00e3o de mulheres e pessoas LGBTQIAPN+ nas rodas de rima nos \u00faltimos anos, o ambiente ainda enfrenta situa\u00e7\u00f5es de desigualdade de g\u00eanero ou homofobia. Pontuando isso, Amazonita considera que apesar de o machismo ser enraizado, \u201cele \u00e9 enraizado h\u00e1 tanto tempo, \u2018c\u00eas n\u00e3o v\u00e3o tirar ele da\u00ed n\u00e3o?\u2019 N\u00f3s estamos nesse momento, sabe? Vamos girar essa chavinha na galera. Enraizado j\u00e1 passou,a gente precisava tirar essa raiz e construir um outro fruto a\u00ed\u201d.<\/p>\n\n\n\n<p class=\"wp-block-paragraph\">Outro desafio apontado, \u00e9 a burocracia necess\u00e1ria para a realiza\u00e7\u00e3o das batalhas em espa\u00e7os p\u00fablicos. Amazonita explica que o sistema dificulta a obten\u00e7\u00e3o de autoriza\u00e7\u00f5es e estruturas b\u00e1sicas para os eventos. Para conseguir um banheiro p\u00fablico, por exemplo, \u00e9 necess\u00e1rio passar por v\u00e1rias etapas, como consultas pr\u00e9vias, pagamento de taxas e preenchimento de diferentes documentos. Esse processo \u00e9 demorado e pouco compat\u00edvel com a realidade das batalhas, muitas delas realizadas semanalmente ou quinzenalmente.&nbsp;<\/p>\n\n\n\n<p class=\"wp-block-paragraph\">A quest\u00e3o da rela\u00e7\u00e3o com os \u00f3rg\u00e3os p\u00fablicos tamb\u00e9m aparece como um obst\u00e1culo. Em Belo Horizonte, a Guarda Municipal \u00e9 frequentemente apontada como uma das principais dificuldades para a realiza\u00e7\u00e3o das batalhas de rua. Muitas vezes, as abordagens acontecem sem di\u00e1logo pr\u00e9vio, o que causa conflito entre os agentes p\u00fablicos e os participantes dos eventos.&nbsp;<\/p>\n\n\n\n<p class=\"wp-block-paragraph\">Mesmo diante das dificuldades, a NuTrilhar continua atuando para fortalecer a cultura hip-hop e garantir que as batalhas de rima ocupem os espa\u00e7os da cidade. A coletiva busca construir redes de apoio e compartilhar conhecimentos sobre produ\u00e7\u00e3o cultural, organiza\u00e7\u00e3o de eventos e acesso a recursos p\u00fablicos.&nbsp;<\/p>\n\n\n\n<p class=\"wp-block-paragraph\">Amazonita destaca que o aprendizado adquirido ao longo dos anos \u00e9 constantemente repassado para outros coletivos, indicando que as batalhas v\u00e3o al\u00e9m do entretenimento.<\/p>\n\n\n\n<figure class=\"wp-block-image size-large\"><img data-dominant-color=\"4e4730\" data-has-transparency=\"false\" style=\"--dominant-color: #4e4730;\" loading=\"lazy\" decoding=\"async\" width=\"1024\" height=\"683\" sizes=\"auto, (max-width: 1024px) 100vw, 1024px\" src=\"https:\/\/blogfca.pucminas.br\/colab\/wp-content\/uploads\/2026\/08\/IMG_9173-1024x683.avif\" alt=\"\" class=\"wp-image-32961 not-transparent\" srcset=\"https:\/\/blogfca.pucminas.br\/colab\/wp-content\/uploads\/2026\/08\/IMG_9173-1024x683.avif 1024w, https:\/\/blogfca.pucminas.br\/colab\/wp-content\/uploads\/2026\/08\/IMG_9173-300x200.avif 300w, https:\/\/blogfca.pucminas.br\/colab\/wp-content\/uploads\/2026\/08\/IMG_9173-768x512.avif 768w, https:\/\/blogfca.pucminas.br\/colab\/wp-content\/uploads\/2026\/08\/IMG_9173-1536x1025.avif 1536w, https:\/\/blogfca.pucminas.br\/colab\/wp-content\/uploads\/2026\/08\/IMG_9173-370x247.avif 370w, https:\/\/blogfca.pucminas.br\/colab\/wp-content\/uploads\/2026\/08\/IMG_9173-270x180.avif 270w, https:\/\/blogfca.pucminas.br\/colab\/wp-content\/uploads\/2026\/08\/IMG_9173-570x380.avif 570w, https:\/\/blogfca.pucminas.br\/colab\/wp-content\/uploads\/2026\/08\/IMG_9173-740x494.avif 740w, https:\/\/blogfca.pucminas.br\/colab\/wp-content\/uploads\/2026\/08\/IMG_9173-150x100.avif 150w, https:\/\/blogfca.pucminas.br\/colab\/wp-content\/uploads\/2026\/08\/IMG_9173.avif 2048w\" \/><figcaption class=\"wp-element-caption\">Batalha da NuTrilhar no FAN (14\/06\/2026) \/ Cynthya Tatyelle (P.H.O.E.S.I.A)<\/figcaption><\/figure>\n\n\n\n<h2 class=\"wp-block-heading\"><strong><em>Hip-hop<\/em><\/strong> <strong>ganha espa\u00e7o nas universidades<\/strong><\/h2>\n\n\n\n<p class=\"wp-block-paragraph\">As batalhas de rima tamb\u00e9m v\u00eam se consolidando como importante manifesta\u00e7\u00e3o cultural no ambiente universit\u00e1rio. Embora tenham ganhado destaque no Brasil a partir dos anos 2000, \u00e9 recente a ocupa\u00e7\u00e3o mais frequente desses espa\u00e7os nas institui\u00e7\u00f5es de ensino superior. Hoje, al\u00e9m de integrarem a cultura <em>hip-hop<\/em>, essas manifesta\u00e7\u00f5es despertam interesse acad\u00eamico e s\u00e3o objeto de estudos em \u00e1reas como linguagem, educa\u00e7\u00e3o, comunica\u00e7\u00e3o e cultura. \u00c9 nesse contexto que surge a Batalha da Revolu\u00e7\u00e3o (BDR). Criada por estudantes da PUC Minas, tem o objetivo de aproximar a cultura <em>hip-hop<\/em> do cotidiano universit\u00e1rio e ampliar os espa\u00e7os de express\u00e3o art\u00edstica dentro da institui\u00e7\u00e3o.<\/p>\n\n\n\n<p class=\"wp-block-paragraph\">Idealizada pelos pr\u00f3prios alunos, a BDR vem conquistando visibilidade dentro e fora do ambiente acad\u00eamico. O projeto nasceu da iniciativa de um grupo de estudantes que compartilham n\u00e3o apenas o interesse pelo <em>hip-hop<\/em>, mas tamb\u00e9m a necessidade de fortalecer a produ\u00e7\u00e3o cultural na universidade.&nbsp;<\/p>\n\n\n\n<p class=\"wp-block-paragraph\">Foi durante uma conversa entre amigos que Pedro Anthony, de 20 anos, estudante de Letras e coordenador da batalha, e Luna Ventura, estudante de Psicologia e tamb\u00e9m coordenadora da BDR, perceberam o potencial da proposta, que at\u00e9 ent\u00e3o permanecia apenas no papel. \u201cA\u00ed eu parei e pensei: \u00e9 isso mesmo, vamos pra frente e deixar acontecer\u201d, relata Pedro. <\/p>\n\n\n\n<figure class=\"wp-block-image size-large\"><img data-dominant-color=\"644e28\" data-has-transparency=\"false\" style=\"--dominant-color: #644e28;\" loading=\"lazy\" decoding=\"async\" width=\"1024\" height=\"683\" sizes=\"auto, (max-width: 1024px) 100vw, 1024px\" src=\"https:\/\/blogfca.pucminas.br\/colab\/wp-content\/uploads\/2026\/08\/IMG_0194-1024x683.avif\" alt=\"\" class=\"wp-image-32963 not-transparent\" srcset=\"https:\/\/blogfca.pucminas.br\/colab\/wp-content\/uploads\/2026\/08\/IMG_0194-1024x683.avif 1024w, https:\/\/blogfca.pucminas.br\/colab\/wp-content\/uploads\/2026\/08\/IMG_0194-300x200.avif 300w, https:\/\/blogfca.pucminas.br\/colab\/wp-content\/uploads\/2026\/08\/IMG_0194-768x512.avif 768w, https:\/\/blogfca.pucminas.br\/colab\/wp-content\/uploads\/2026\/08\/IMG_0194-1536x1024.avif 1536w, https:\/\/blogfca.pucminas.br\/colab\/wp-content\/uploads\/2026\/08\/IMG_0194-2048x1365.avif 2048w, https:\/\/blogfca.pucminas.br\/colab\/wp-content\/uploads\/2026\/08\/IMG_0194-370x247.avif 370w, https:\/\/blogfca.pucminas.br\/colab\/wp-content\/uploads\/2026\/08\/IMG_0194-270x180.avif 270w, https:\/\/blogfca.pucminas.br\/colab\/wp-content\/uploads\/2026\/08\/IMG_0194-570x380.avif 570w, https:\/\/blogfca.pucminas.br\/colab\/wp-content\/uploads\/2026\/08\/IMG_0194-740x493.avif 740w, https:\/\/blogfca.pucminas.br\/colab\/wp-content\/uploads\/2026\/08\/IMG_0194-150x100.avif 150w\" \/><figcaption class=\"wp-element-caption\">Luna Ventura e Pedro Anthony durante a entrevista  \/ Alice Giovana<\/figcaption><\/figure>\n\n\n\n<p class=\"wp-block-paragraph\">A iniciativa pretende ampliar as possibilidades de pesquisa e reflex\u00e3o sobre manifesta\u00e7\u00f5es culturais dentro da universidade. Helena F\u00e9lix, 20 anos, estudante de Letras e integrante da equipe organizadora, destaca as oportunidades que o projeto proporciona. \u201cQueremos focar em trazer a Batalha da Revolu\u00e7\u00e3o para o meio acad\u00eamico, efetivamente na escrita de projetos, na produ\u00e7\u00e3o de artigos e publica\u00e7\u00f5es. Em breve, queremos tentar uma parceria com a editora da PUC. Levar isso para fora da faculdade e permanecer\u201d, afirma.<\/p>\n\n\n\n<h3 class=\"wp-block-heading\">Sem batalhas de sangue<\/h3>\n\n\n\n<p class=\"wp-block-paragraph\">Diferentemente das chamadas \u201cbatalhas de sangue\u201d, em que os participantes costumam direcionar ataques verbais aos advers\u00e1rios, a Batalha da Revolu\u00e7\u00e3o prop\u00f5e um formato voltado ao di\u00e1logo e \u00e0 reflex\u00e3o. No in\u00edcio de cada disputa, \u00e9 sorteado um tema de relev\u00e2ncia social, sugerido pelos pr\u00f3prios participantes ou pelo p\u00fablico presente. A partir da escolha do tema, os MCs precisam construir suas rimas com base no assunto debatido, sem a inten\u00e7\u00e3o de ofender ou desmoralizar o oponente, mas de desenvolver argumentos e reflex\u00f5es sobre a quest\u00e3o proposta.<\/p>\n\n\n\n<p class=\"wp-block-paragraph\">\u201c\u00c9 uma tentativa de agrupar esses estudantes que est\u00e3o num contexto educacional e faz\u00ea-los pensar sobre temas que a gente considera relevantes\u201d, explica Victor Hugo Carvalho, de 21 anos, estudante de Hist\u00f3ria e tamb\u00e9m organizador do projeto.&nbsp;<\/p>\n\n\n\n<p class=\"wp-block-paragraph\">Al\u00e9m das batalhas, a BDR tamb\u00e9m reserva espa\u00e7o para o sarau, momento em que os participantes podem apresentar poesias autorais e outras manifesta\u00e7\u00f5es art\u00edsticas. Para os organizadores, essa proposta amplia as possibilidades de participa\u00e7\u00e3o e fortalece o car\u00e1ter cultural do evento.<\/p>\n\n\n\n<p class=\"wp-block-paragraph\">Respons\u00e1vel pelas quest\u00f5es organizacionais da iniciativa, Victor revela ainda que existe o interesse de formalizar o projeto junto \u00e0 institui\u00e7\u00e3o. Segundo ele, a equipe pretende apresentar \u00e0 Diretoria do Instituto de Ci\u00eancias Humanas (<a href=\"https:\/\/ich.pucminas.br\/conheca-o-ich\/\" data-type=\"link\" data-id=\"https:\/\/ich.pucminas.br\/conheca-o-ich\/\">ICH<\/a>) uma proposta de representa\u00e7\u00e3o formal para oficializar a Batalha da Revolu\u00e7\u00e3o dentro da universidade. Com planos de expans\u00e3o e institucionaliza\u00e7\u00e3o, a BDR busca se consolidar como um espa\u00e7o permanente de express\u00e3o art\u00edstica, reflex\u00e3o social e produ\u00e7\u00e3o de conhecimento, refor\u00e7ando a presen\u00e7a da cultura <em>hip-hop<\/em> no ambiente universit\u00e1rio.<\/p>\n\n\n\n<figure class=\"wp-block-image size-large\"><img data-dominant-color=\"745224\" data-has-transparency=\"false\" style=\"--dominant-color: #745224;\" loading=\"lazy\" decoding=\"async\" width=\"1024\" height=\"683\" sizes=\"auto, (max-width: 1024px) 100vw, 1024px\" src=\"https:\/\/blogfca.pucminas.br\/colab\/wp-content\/uploads\/2026\/08\/IMG_0202-1024x683.avif\" alt=\"\" class=\"wp-image-32962 not-transparent\" srcset=\"https:\/\/blogfca.pucminas.br\/colab\/wp-content\/uploads\/2026\/08\/IMG_0202-1024x683.avif 1024w, https:\/\/blogfca.pucminas.br\/colab\/wp-content\/uploads\/2026\/08\/IMG_0202-300x200.avif 300w, https:\/\/blogfca.pucminas.br\/colab\/wp-content\/uploads\/2026\/08\/IMG_0202-768x512.avif 768w, https:\/\/blogfca.pucminas.br\/colab\/wp-content\/uploads\/2026\/08\/IMG_0202-1536x1024.avif 1536w, https:\/\/blogfca.pucminas.br\/colab\/wp-content\/uploads\/2026\/08\/IMG_0202-2048x1365.avif 2048w, https:\/\/blogfca.pucminas.br\/colab\/wp-content\/uploads\/2026\/08\/IMG_0202-370x247.avif 370w, https:\/\/blogfca.pucminas.br\/colab\/wp-content\/uploads\/2026\/08\/IMG_0202-270x180.avif 270w, https:\/\/blogfca.pucminas.br\/colab\/wp-content\/uploads\/2026\/08\/IMG_0202-570x380.avif 570w, https:\/\/blogfca.pucminas.br\/colab\/wp-content\/uploads\/2026\/08\/IMG_0202-740x493.avif 740w, https:\/\/blogfca.pucminas.br\/colab\/wp-content\/uploads\/2026\/08\/IMG_0202-150x100.avif 150w\" \/><figcaption class=\"wp-element-caption\"> Equipe de organizadores da BDR (Batalha da Revolu\u00e7\u00e3o). A direita: Pedro Anthony,Victor Hugo Carvalho e Thales Augusto; A esquerda: Luna Ventura, Helena F\u00e9lix e Davi Diniz.    \/ Alice Giovana<\/figcaption><\/figure>\n\n\n\n<h2 class=\"wp-block-heading\"><strong>Entre rimas e desafios<\/strong><\/h2>\n\n\n\n<p class=\"wp-block-paragraph\">Dentre as dificuldades enfrentadas no ambiente acad\u00eamico, os estudantes e coordenadores mencionam que, tanto nos espa\u00e7os p\u00fablicos quanto nos locais privados, um dos maiores desafios est\u00e1 na divulga\u00e7\u00e3o, convencimento e conhecimento acerca dos objetivos da cultura do <em>hip hop<\/em>. \u201cSeja pela rotina, interesse ou por se sentir parte do movimento, \u00e9 dif\u00edcil conciliar a comunidade que a gente est\u00e1 e trazer para dentro da PUC ou da UFMG. As pessoas n\u00e3o veem o que fazemos como forma de conhecimento ou n\u00e3o sabem por que estamos lutando\u2019\u2019, explica Thales Augusto, 27 anos, psic\u00f3logo e coordenador da Drillin BH.&nbsp;<\/p>\n\n\n\n<p class=\"wp-block-paragraph\">Entre as metas do grupo, al\u00e9m do reconhecimento pela comunidade e pelos pr\u00f3prios alunos, eles buscam por legitima\u00e7\u00e3o como projeto extensionista. Apesar de alguns desentendimentos com a institui\u00e7\u00e3o, o estudante do curso de Educa\u00e7\u00e3o F\u00edsica Davi Diniz, de 23 anos, relata que o BDR \u00e9 um projeto que est\u00e1 na quarta edi\u00e7\u00e3o e a tend\u00eancia \u00e9 crescer, al\u00e9m de ocupar um lugar que \u00e9 dos alunos por direito. Eles refor\u00e7am a necessidade de reconhecimento dentro da PUC Minas, que, apesar do ensino privado, atua como pastoral no Bairro Cora\u00e7\u00e3o Eucar\u00edstico, Regi\u00e3o Noroeste de Belo Horizonte, com acesso liberado \u00e0 comunidade.<\/p>\n\n\n\n<p class=\"wp-block-paragraph\">A coordenadora Luna Ventura conta que a batalha nasce da dificuldade da perman\u00eancia das pessoas na universidade, sobretudo bolsistas ou grupos que t\u00eam viv\u00eancia marginalizada. \u201cCom esse recorte, a gente n\u00e3o v\u00ea o nosso conhecimento, jeito de falar, vestir e andar como v\u00e1lidos neste espa\u00e7o\u201d, declara a estudante de Psicologia.&nbsp;<\/p>\n\n\n\n<p class=\"wp-block-paragraph\">Luna Ventura tamb\u00e9m reflete sobre como as batalhas podem funcionar como uma atividade voltada \u00e0 sa\u00fade e ao desenvolvimento do ser humano. \u201cEu sou MC, eu sou pesquisadora, eu sou artista e eu come\u00e7o a rimar como uma necessidade de falar aquilo que eu n\u00e3o tinha espa\u00e7o ou oportunidade. Quando eu fa\u00e7o a inicia\u00e7\u00e3o cient\u00edfica, fa\u00e7o um projeto pensando nisso e, enquanto MC, trago a pesquisa no olhar e no corpo de quem participa e envolve uma ci\u00eancia da rua, do envolvimento. Isso, pra mim, vira, al\u00e9m de uma ferramenta de express\u00e3o, um lugar de constru\u00e7\u00e3o da realidade, no sentido de escrever sobre aquilo que eu vivo e a\u00ed ter um dom\u00ednio da epistemologia nesse lugar que nos foi recusado. Enquanto um corpo marginal, trans, como uma \u2018pessoa da quebrada\u2019 e bolsista na universidade, consigo entender enquanto MC e pesquisadora\u201d, contextualiza.<\/p>\n\n\n\n<pre class=\"wp-block-preformatted\">* Optamos pelo uso de \"a coletiva\" respeitando a decis\u00e3o do grupo de ser referenciado em pronomes femininos<\/pre>\n\n\n\n<pre class=\"wp-block-preformatted\">Conte\u00fado produzido por Alice Giovana, Ot\u00e1vio Abreu, Rafaela Tom\u00e1z e Samara Estevam na disciplina Sociologia e Comunica\u00e7\u00e3o<\/pre>\n","protected":false},"excerpt":{"rendered":"<p>Entre versos e disputas, jovens ocupam espa\u00e7os p\u00fablicos e universit\u00e1rios para transformar a rima em express\u00e3o, resist\u00eancia e reflex\u00e3o<\/p>\n","protected":false},"author":7,"featured_media":32959,"comment_status":"open","ping_status":"open","sticky":false,"template":"","format":"standard","meta":{"_eb_attr":"","ngg_post_thumbnail":0,"footnotes":""},"categories":[22,243],"tags":[3045,3046,174,3044,182],"class_list":["post-32957","post","type-post","status-publish","format-standard","has-post-thumbnail","hentry","category-cultura","category-educacao","tag-batalha-de-rima","tag-batalha-de-rua","tag-cultura","tag-hip-hop","tag-universidade"],"yoast_head":"<!-- This site is optimized with the Yoast SEO plugin v28.4 - https:\/\/yoast.com\/product\/yoast-seo-wordpress\/ -->\n<title>Batalhas de rima: a voz da periferia nas ruas - Colab<\/title>\n<meta name=\"robots\" content=\"index, follow, max-snippet:-1, max-image-preview:large, max-video-preview:-1\" \/>\n<link rel=\"canonical\" href=\"https:\/\/blogfca.pucminas.br\/colab\/batalhas-de-rima-a-voz-da-periferia-nas-ruas\/\" \/>\n<meta property=\"og:locale\" content=\"pt_BR\" \/>\n<meta property=\"og:type\" content=\"article\" \/>\n<meta property=\"og:title\" content=\"Batalhas de rima: a voz da periferia nas ruas - Colab\" \/>\n<meta property=\"og:description\" content=\"Entre versos e disputas, jovens ocupam espa\u00e7os p\u00fablicos e universit\u00e1rios para transformar a rima em express\u00e3o, resist\u00eancia e reflex\u00e3o\" \/>\n<meta property=\"og:url\" content=\"https:\/\/blogfca.pucminas.br\/colab\/batalhas-de-rima-a-voz-da-periferia-nas-ruas\/\" \/>\n<meta property=\"og:site_name\" content=\"Colab\" \/>\n<meta property=\"article:publisher\" content=\"https:\/\/www.facebook.com\/colabpucminas\" \/>\n<meta property=\"article:author\" content=\"https:\/\/www.facebook.com\/colabpucminas\" \/>\n<meta property=\"article:published_time\" content=\"2026-08-31T17:50:47+00:00\" \/>\n<meta property=\"article:modified_time\" content=\"2026-08-31T17:50:48+00:00\" \/>\n<meta property=\"og:image\" content=\"https:\/\/blogfca.pucminas.br\/colab\/wp-content\/uploads\/2026\/08\/20250723_221854-1.avif\" \/>\n\t<meta property=\"og:image:width\" content=\"2048\" \/>\n\t<meta property=\"og:image:height\" content=\"1536\" \/>\n\t<meta property=\"og:image:type\" content=\"image\/jpeg\" \/>\n<meta name=\"author\" content=\"Colab PUC Minas\" \/>\n<meta name=\"twitter:card\" content=\"summary_large_image\" \/>\n<meta name=\"twitter:creator\" content=\"@https:\/\/twitter.com\/colabpucminas\" \/>\n<meta name=\"twitter:site\" content=\"@colabpucminas\" \/>\n<meta name=\"twitter:label1\" content=\"Escrito por\" \/>\n\t<meta name=\"twitter:data1\" content=\"Colab PUC Minas\" \/>\n\t<meta name=\"twitter:label2\" content=\"Est. tempo de leitura\" \/>\n\t<meta name=\"twitter:data2\" content=\"11 minutos\" \/>\n<script type=\"application\/ld+json\" class=\"yoast-schema-graph\">{\"@context\":\"https:\\\/\\\/schema.org\",\"@graph\":[{\"@type\":\"Article\",\"@id\":\"https:\\\/\\\/blogfca.pucminas.br\\\/colab\\\/batalhas-de-rima-a-voz-da-periferia-nas-ruas\\\/#article\",\"isPartOf\":{\"@id\":\"https:\\\/\\\/blogfca.pucminas.br\\\/colab\\\/batalhas-de-rima-a-voz-da-periferia-nas-ruas\\\/\"},\"author\":{\"name\":\"Colab PUC Minas\",\"@id\":\"https:\\\/\\\/blogfca.pucminas.br\\\/colab\\\/#\\\/schema\\\/person\\\/1558d8148a80ebc84231cd55495bd7a4\"},\"headline\":\"Batalhas de rima: a voz da periferia nas ruas\",\"datePublished\":\"2026-08-31T17:50:47+00:00\",\"dateModified\":\"2026-08-31T17:50:48+00:00\",\"mainEntityOfPage\":{\"@id\":\"https:\\\/\\\/blogfca.pucminas.br\\\/colab\\\/batalhas-de-rima-a-voz-da-periferia-nas-ruas\\\/\"},\"wordCount\":1922,\"commentCount\":0,\"publisher\":{\"@id\":\"https:\\\/\\\/blogfca.pucminas.br\\\/colab\\\/#organization\"},\"image\":{\"@id\":\"https:\\\/\\\/blogfca.pucminas.br\\\/colab\\\/batalhas-de-rima-a-voz-da-periferia-nas-ruas\\\/#primaryimage\"},\"thumbnailUrl\":\"https:\\\/\\\/blogfca.pucminas.br\\\/colab\\\/wp-content\\\/uploads\\\/2026\\\/08\\\/20250723_221854-1.avif\",\"keywords\":[\"batalha de rima\",\"batalha de rua\",\"cultura\",\"hip hop\",\"universidade\"],\"articleSection\":[\"Cultura\",\"Educa\u00e7\u00e3o\"],\"inLanguage\":\"pt-BR\",\"potentialAction\":[{\"@type\":\"CommentAction\",\"name\":\"Comment\",\"target\":[\"https:\\\/\\\/blogfca.pucminas.br\\\/colab\\\/batalhas-de-rima-a-voz-da-periferia-nas-ruas\\\/#respond\"]}]},{\"@type\":\"WebPage\",\"@id\":\"https:\\\/\\\/blogfca.pucminas.br\\\/colab\\\/batalhas-de-rima-a-voz-da-periferia-nas-ruas\\\/\",\"url\":\"https:\\\/\\\/blogfca.pucminas.br\\\/colab\\\/batalhas-de-rima-a-voz-da-periferia-nas-ruas\\\/\",\"name\":\"Batalhas de rima: a voz da periferia nas ruas - Colab\",\"isPartOf\":{\"@id\":\"https:\\\/\\\/blogfca.pucminas.br\\\/colab\\\/#website\"},\"primaryImageOfPage\":{\"@id\":\"https:\\\/\\\/blogfca.pucminas.br\\\/colab\\\/batalhas-de-rima-a-voz-da-periferia-nas-ruas\\\/#primaryimage\"},\"image\":{\"@id\":\"https:\\\/\\\/blogfca.pucminas.br\\\/colab\\\/batalhas-de-rima-a-voz-da-periferia-nas-ruas\\\/#primaryimage\"},\"thumbnailUrl\":\"https:\\\/\\\/blogfca.pucminas.br\\\/colab\\\/wp-content\\\/uploads\\\/2026\\\/08\\\/20250723_221854-1.avif\",\"datePublished\":\"2026-08-31T17:50:47+00:00\",\"dateModified\":\"2026-08-31T17:50:48+00:00\",\"breadcrumb\":{\"@id\":\"https:\\\/\\\/blogfca.pucminas.br\\\/colab\\\/batalhas-de-rima-a-voz-da-periferia-nas-ruas\\\/#breadcrumb\"},\"inLanguage\":\"pt-BR\",\"potentialAction\":[{\"@type\":\"ReadAction\",\"target\":[\"https:\\\/\\\/blogfca.pucminas.br\\\/colab\\\/batalhas-de-rima-a-voz-da-periferia-nas-ruas\\\/\"]}]},{\"@type\":\"ImageObject\",\"inLanguage\":\"pt-BR\",\"@id\":\"https:\\\/\\\/blogfca.pucminas.br\\\/colab\\\/batalhas-de-rima-a-voz-da-periferia-nas-ruas\\\/#primaryimage\",\"url\":\"https:\\\/\\\/blogfca.pucminas.br\\\/colab\\\/wp-content\\\/uploads\\\/2026\\\/08\\\/20250723_221854-1.avif\",\"contentUrl\":\"https:\\\/\\\/blogfca.pucminas.br\\\/colab\\\/wp-content\\\/uploads\\\/2026\\\/08\\\/20250723_221854-1.avif\",\"width\":2048,\"height\":1536,\"caption\":\"NuTrilhar e Batalha Far\u00e1Oeste em evento noturno (23\\\/07\\\/2025) \\\/ Cynthya Tatyelle (P.H.O.E.S.I.A)\"},{\"@type\":\"BreadcrumbList\",\"@id\":\"https:\\\/\\\/blogfca.pucminas.br\\\/colab\\\/batalhas-de-rima-a-voz-da-periferia-nas-ruas\\\/#breadcrumb\",\"itemListElement\":[{\"@type\":\"ListItem\",\"position\":1,\"name\":\"In\u00edcio\",\"item\":\"https:\\\/\\\/blogfca.pucminas.br\\\/colab\\\/\"},{\"@type\":\"ListItem\",\"position\":2,\"name\":\"Batalhas de rima: a voz da periferia nas ruas\"}]},{\"@type\":\"WebSite\",\"@id\":\"https:\\\/\\\/blogfca.pucminas.br\\\/colab\\\/#website\",\"url\":\"https:\\\/\\\/blogfca.pucminas.br\\\/colab\\\/\",\"name\":\"Colab\",\"description\":\"Experimenta\u00e7\u00e3o, conte\u00fado e colabora\u00e7\u00e3o em Jornalismo Digital\",\"publisher\":{\"@id\":\"https:\\\/\\\/blogfca.pucminas.br\\\/colab\\\/#organization\"},\"potentialAction\":[{\"@type\":\"SearchAction\",\"target\":{\"@type\":\"EntryPoint\",\"urlTemplate\":\"https:\\\/\\\/blogfca.pucminas.br\\\/colab\\\/?s={search_term_string}\"},\"query-input\":{\"@type\":\"PropertyValueSpecification\",\"valueRequired\":true,\"valueName\":\"search_term_string\"}}],\"inLanguage\":\"pt-BR\"},{\"@type\":\"Organization\",\"@id\":\"https:\\\/\\\/blogfca.pucminas.br\\\/colab\\\/#organization\",\"name\":\"Colab :: Laborat\u00f3rio de Comunica\u00e7\u00e3o Digital da FCA \\\/ PUC Minas\",\"url\":\"https:\\\/\\\/blogfca.pucminas.br\\\/colab\\\/\",\"logo\":{\"@type\":\"ImageObject\",\"inLanguage\":\"pt-BR\",\"@id\":\"https:\\\/\\\/blogfca.pucminas.br\\\/colab\\\/#\\\/schema\\\/logo\\\/image\\\/\",\"url\":\"https:\\\/\\\/blogfca.pucminas.br\\\/colab\\\/wp-content\\\/uploads\\\/2020\\\/03\\\/Avatar-Colab.jpg\",\"contentUrl\":\"https:\\\/\\\/blogfca.pucminas.br\\\/colab\\\/wp-content\\\/uploads\\\/2020\\\/03\\\/Avatar-Colab.jpg\",\"width\":1682,\"height\":1682,\"caption\":\"Colab :: Laborat\u00f3rio de Comunica\u00e7\u00e3o Digital da FCA \\\/ PUC Minas\"},\"image\":{\"@id\":\"https:\\\/\\\/blogfca.pucminas.br\\\/colab\\\/#\\\/schema\\\/logo\\\/image\\\/\"},\"sameAs\":[\"https:\\\/\\\/www.facebook.com\\\/colabpucminas\",\"https:\\\/\\\/x.com\\\/colabpucminas\",\"https:\\\/\\\/www.instagram.com\\\/colabpucminas\\\/\",\"https:\\\/\\\/www.linkedin.com\\\/company\\\/colab-puc-minas\",\"https:\\\/\\\/www.youtube.com\\\/channel\\\/UC14mKIqnnGCOgVr4DG6FPkA\"]},{\"@type\":\"Person\",\"@id\":\"https:\\\/\\\/blogfca.pucminas.br\\\/colab\\\/#\\\/schema\\\/person\\\/1558d8148a80ebc84231cd55495bd7a4\",\"name\":\"Colab PUC Minas\",\"image\":{\"@type\":\"ImageObject\",\"inLanguage\":\"pt-BR\",\"@id\":\"https:\\\/\\\/secure.gravatar.com\\\/avatar\\\/8e2ad0447c23d0e32e8541cfe4edfc398613871a2d36fd66bd308611ccd7d23a?s=96&d=mm&r=g\",\"url\":\"https:\\\/\\\/secure.gravatar.com\\\/avatar\\\/8e2ad0447c23d0e32e8541cfe4edfc398613871a2d36fd66bd308611ccd7d23a?s=96&d=mm&r=g\",\"contentUrl\":\"https:\\\/\\\/secure.gravatar.com\\\/avatar\\\/8e2ad0447c23d0e32e8541cfe4edfc398613871a2d36fd66bd308611ccd7d23a?s=96&d=mm&r=g\",\"caption\":\"Colab PUC Minas\"},\"description\":\"Colab \u00e9 o Laborat\u00f3rio de Comunica\u00e7\u00e3o Digital da FCA \\\/ PUC Minas. Os textos publicados neste perfil s\u00e3o de autoria coletiva ou de convidados externos.\",\"sameAs\":[\"https:\\\/\\\/blogfca.pucminas.br\\\/colab\\\/\",\"https:\\\/\\\/www.facebook.com\\\/colabpucminas\",\"https:\\\/\\\/www.instagram.com\\\/colabpucminas\\\/\",\"https:\\\/\\\/x.com\\\/https:\\\/\\\/twitter.com\\\/colabpucminas\",\"https:\\\/\\\/www.youtube.com\\\/channel\\\/UC14mKIqnnGCOgVr4DG6FPkA\"],\"url\":\"https:\\\/\\\/blogfca.pucminas.br\\\/colab\\\/author\\\/colab\\\/\"}]}<\/script>\n<!-- \/ Yoast SEO plugin. -->","yoast_head_json":{"title":"Batalhas de rima: a voz da periferia nas ruas - Colab","robots":{"index":"index","follow":"follow","max-snippet":"max-snippet:-1","max-image-preview":"max-image-preview:large","max-video-preview":"max-video-preview:-1"},"canonical":"https:\/\/blogfca.pucminas.br\/colab\/batalhas-de-rima-a-voz-da-periferia-nas-ruas\/","og_locale":"pt_BR","og_type":"article","og_title":"Batalhas de rima: a voz da periferia nas ruas - Colab","og_description":"Entre versos e disputas, jovens ocupam espa\u00e7os p\u00fablicos e universit\u00e1rios para transformar a rima em express\u00e3o, resist\u00eancia e reflex\u00e3o","og_url":"https:\/\/blogfca.pucminas.br\/colab\/batalhas-de-rima-a-voz-da-periferia-nas-ruas\/","og_site_name":"Colab","article_publisher":"https:\/\/www.facebook.com\/colabpucminas","article_author":"https:\/\/www.facebook.com\/colabpucminas","article_published_time":"2026-08-31T17:50:47+00:00","article_modified_time":"2026-08-31T17:50:48+00:00","og_image":[{"width":2048,"height":1536,"url":"https:\/\/blogfca.pucminas.br\/colab\/wp-content\/uploads\/2026\/08\/20250723_221854-1.avif","type":"image\/jpeg"}],"author":"Colab PUC Minas","twitter_card":"summary_large_image","twitter_creator":"@https:\/\/twitter.com\/colabpucminas","twitter_site":"@colabpucminas","twitter_misc":{"Escrito por":"Colab PUC Minas","Est. tempo de leitura":"11 minutos"},"schema":{"@context":"https:\/\/schema.org","@graph":[{"@type":"Article","@id":"https:\/\/blogfca.pucminas.br\/colab\/batalhas-de-rima-a-voz-da-periferia-nas-ruas\/#article","isPartOf":{"@id":"https:\/\/blogfca.pucminas.br\/colab\/batalhas-de-rima-a-voz-da-periferia-nas-ruas\/"},"author":{"name":"Colab PUC Minas","@id":"https:\/\/blogfca.pucminas.br\/colab\/#\/schema\/person\/1558d8148a80ebc84231cd55495bd7a4"},"headline":"Batalhas de rima: a voz da periferia nas ruas","datePublished":"2026-08-31T17:50:47+00:00","dateModified":"2026-08-31T17:50:48+00:00","mainEntityOfPage":{"@id":"https:\/\/blogfca.pucminas.br\/colab\/batalhas-de-rima-a-voz-da-periferia-nas-ruas\/"},"wordCount":1922,"commentCount":0,"publisher":{"@id":"https:\/\/blogfca.pucminas.br\/colab\/#organization"},"image":{"@id":"https:\/\/blogfca.pucminas.br\/colab\/batalhas-de-rima-a-voz-da-periferia-nas-ruas\/#primaryimage"},"thumbnailUrl":"https:\/\/blogfca.pucminas.br\/colab\/wp-content\/uploads\/2026\/08\/20250723_221854-1.avif","keywords":["batalha de rima","batalha de rua","cultura","hip hop","universidade"],"articleSection":["Cultura","Educa\u00e7\u00e3o"],"inLanguage":"pt-BR","potentialAction":[{"@type":"CommentAction","name":"Comment","target":["https:\/\/blogfca.pucminas.br\/colab\/batalhas-de-rima-a-voz-da-periferia-nas-ruas\/#respond"]}]},{"@type":"WebPage","@id":"https:\/\/blogfca.pucminas.br\/colab\/batalhas-de-rima-a-voz-da-periferia-nas-ruas\/","url":"https:\/\/blogfca.pucminas.br\/colab\/batalhas-de-rima-a-voz-da-periferia-nas-ruas\/","name":"Batalhas de rima: a voz da periferia nas ruas - Colab","isPartOf":{"@id":"https:\/\/blogfca.pucminas.br\/colab\/#website"},"primaryImageOfPage":{"@id":"https:\/\/blogfca.pucminas.br\/colab\/batalhas-de-rima-a-voz-da-periferia-nas-ruas\/#primaryimage"},"image":{"@id":"https:\/\/blogfca.pucminas.br\/colab\/batalhas-de-rima-a-voz-da-periferia-nas-ruas\/#primaryimage"},"thumbnailUrl":"https:\/\/blogfca.pucminas.br\/colab\/wp-content\/uploads\/2026\/08\/20250723_221854-1.avif","datePublished":"2026-08-31T17:50:47+00:00","dateModified":"2026-08-31T17:50:48+00:00","breadcrumb":{"@id":"https:\/\/blogfca.pucminas.br\/colab\/batalhas-de-rima-a-voz-da-periferia-nas-ruas\/#breadcrumb"},"inLanguage":"pt-BR","potentialAction":[{"@type":"ReadAction","target":["https:\/\/blogfca.pucminas.br\/colab\/batalhas-de-rima-a-voz-da-periferia-nas-ruas\/"]}]},{"@type":"ImageObject","inLanguage":"pt-BR","@id":"https:\/\/blogfca.pucminas.br\/colab\/batalhas-de-rima-a-voz-da-periferia-nas-ruas\/#primaryimage","url":"https:\/\/blogfca.pucminas.br\/colab\/wp-content\/uploads\/2026\/08\/20250723_221854-1.avif","contentUrl":"https:\/\/blogfca.pucminas.br\/colab\/wp-content\/uploads\/2026\/08\/20250723_221854-1.avif","width":2048,"height":1536,"caption":"NuTrilhar e Batalha Far\u00e1Oeste em evento noturno (23\/07\/2025) \/ Cynthya Tatyelle (P.H.O.E.S.I.A)"},{"@type":"BreadcrumbList","@id":"https:\/\/blogfca.pucminas.br\/colab\/batalhas-de-rima-a-voz-da-periferia-nas-ruas\/#breadcrumb","itemListElement":[{"@type":"ListItem","position":1,"name":"In\u00edcio","item":"https:\/\/blogfca.pucminas.br\/colab\/"},{"@type":"ListItem","position":2,"name":"Batalhas de rima: a voz da periferia nas ruas"}]},{"@type":"WebSite","@id":"https:\/\/blogfca.pucminas.br\/colab\/#website","url":"https:\/\/blogfca.pucminas.br\/colab\/","name":"Colab","description":"Experimenta\u00e7\u00e3o, conte\u00fado e colabora\u00e7\u00e3o em Jornalismo Digital","publisher":{"@id":"https:\/\/blogfca.pucminas.br\/colab\/#organization"},"potentialAction":[{"@type":"SearchAction","target":{"@type":"EntryPoint","urlTemplate":"https:\/\/blogfca.pucminas.br\/colab\/?s={search_term_string}"},"query-input":{"@type":"PropertyValueSpecification","valueRequired":true,"valueName":"search_term_string"}}],"inLanguage":"pt-BR"},{"@type":"Organization","@id":"https:\/\/blogfca.pucminas.br\/colab\/#organization","name":"Colab :: Laborat\u00f3rio de Comunica\u00e7\u00e3o Digital da FCA \/ PUC Minas","url":"https:\/\/blogfca.pucminas.br\/colab\/","logo":{"@type":"ImageObject","inLanguage":"pt-BR","@id":"https:\/\/blogfca.pucminas.br\/colab\/#\/schema\/logo\/image\/","url":"https:\/\/blogfca.pucminas.br\/colab\/wp-content\/uploads\/2020\/03\/Avatar-Colab.jpg","contentUrl":"https:\/\/blogfca.pucminas.br\/colab\/wp-content\/uploads\/2020\/03\/Avatar-Colab.jpg","width":1682,"height":1682,"caption":"Colab :: Laborat\u00f3rio de Comunica\u00e7\u00e3o Digital da FCA \/ PUC Minas"},"image":{"@id":"https:\/\/blogfca.pucminas.br\/colab\/#\/schema\/logo\/image\/"},"sameAs":["https:\/\/www.facebook.com\/colabpucminas","https:\/\/x.com\/colabpucminas","https:\/\/www.instagram.com\/colabpucminas\/","https:\/\/www.linkedin.com\/company\/colab-puc-minas","https:\/\/www.youtube.com\/channel\/UC14mKIqnnGCOgVr4DG6FPkA"]},{"@type":"Person","@id":"https:\/\/blogfca.pucminas.br\/colab\/#\/schema\/person\/1558d8148a80ebc84231cd55495bd7a4","name":"Colab PUC Minas","image":{"@type":"ImageObject","inLanguage":"pt-BR","@id":"https:\/\/secure.gravatar.com\/avatar\/8e2ad0447c23d0e32e8541cfe4edfc398613871a2d36fd66bd308611ccd7d23a?s=96&d=mm&r=g","url":"https:\/\/secure.gravatar.com\/avatar\/8e2ad0447c23d0e32e8541cfe4edfc398613871a2d36fd66bd308611ccd7d23a?s=96&d=mm&r=g","contentUrl":"https:\/\/secure.gravatar.com\/avatar\/8e2ad0447c23d0e32e8541cfe4edfc398613871a2d36fd66bd308611ccd7d23a?s=96&d=mm&r=g","caption":"Colab PUC Minas"},"description":"Colab \u00e9 o Laborat\u00f3rio de Comunica\u00e7\u00e3o Digital da FCA \/ PUC Minas. Os textos publicados neste perfil s\u00e3o de autoria coletiva ou de convidados externos.","sameAs":["https:\/\/blogfca.pucminas.br\/colab\/","https:\/\/www.facebook.com\/colabpucminas","https:\/\/www.instagram.com\/colabpucminas\/","https:\/\/x.com\/https:\/\/twitter.com\/colabpucminas","https:\/\/www.youtube.com\/channel\/UC14mKIqnnGCOgVr4DG6FPkA"],"url":"https:\/\/blogfca.pucminas.br\/colab\/author\/colab\/"}]}},"amp_enabled":true,"_links":{"self":[{"href":"https:\/\/blogfca.pucminas.br\/colab\/wp-json\/wp\/v2\/posts\/32957","targetHints":{"allow":["GET"]}}],"collection":[{"href":"https:\/\/blogfca.pucminas.br\/colab\/wp-json\/wp\/v2\/posts"}],"about":[{"href":"https:\/\/blogfca.pucminas.br\/colab\/wp-json\/wp\/v2\/types\/post"}],"author":[{"embeddable":true,"href":"https:\/\/blogfca.pucminas.br\/colab\/wp-json\/wp\/v2\/users\/7"}],"replies":[{"embeddable":true,"href":"https:\/\/blogfca.pucminas.br\/colab\/wp-json\/wp\/v2\/comments?post=32957"}],"version-history":[{"count":2,"href":"https:\/\/blogfca.pucminas.br\/colab\/wp-json\/wp\/v2\/posts\/32957\/revisions"}],"predecessor-version":[{"id":32964,"href":"https:\/\/blogfca.pucminas.br\/colab\/wp-json\/wp\/v2\/posts\/32957\/revisions\/32964"}],"wp:featuredmedia":[{"embeddable":true,"href":"https:\/\/blogfca.pucminas.br\/colab\/wp-json\/wp\/v2\/media\/32959"}],"wp:attachment":[{"href":"https:\/\/blogfca.pucminas.br\/colab\/wp-json\/wp\/v2\/media?parent=32957"}],"wp:term":[{"taxonomy":"category","embeddable":true,"href":"https:\/\/blogfca.pucminas.br\/colab\/wp-json\/wp\/v2\/categories?post=32957"},{"taxonomy":"post_tag","embeddable":true,"href":"https:\/\/blogfca.pucminas.br\/colab\/wp-json\/wp\/v2\/tags?post=32957"}],"curies":[{"name":"wp","href":"https:\/\/api.w.org\/{rel}","templated":true}]}}