{"id":29128,"date":"2026-04-30T15:47:39","date_gmt":"2026-04-30T18:47:39","guid":{"rendered":"https:\/\/blogfca.pucminas.br\/colab\/?p=29128"},"modified":"2026-04-30T15:47:43","modified_gmt":"2026-04-30T18:47:43","slug":"a-republica-nao-aguenta-mais-piranhas-insaciaveis","status":"publish","type":"post","link":"https:\/\/blogfca.pucminas.br\/colab\/a-republica-nao-aguenta-mais-piranhas-insaciaveis\/","title":{"rendered":"A rep\u00fablica n\u00e3o aguenta mais piranhas insaci\u00e1veis"},"content":{"rendered":"\n<p>A cinco meses das elei\u00e7\u00f5es, Lula n\u00e3o pode mais se manter no balan\u00e7o pol\u00edtico com escolhas concessivas ou jogos atr\u00e1s das cortinas. \u00c9 chegada a hora de assumir a capa de her\u00f3i faminto por justi\u00e7a que parte da esquerda gosta de pintar, mas, acima de tudo, entender que o governo de centro-esquerda, centro, ou o que quer que seja, n\u00e3o vai ser suficiente para destronar os bar\u00f5es do champanhe, de terno e escala 3&#215;4. Ele se encontra entre a biografia de oper\u00e1rio da pol\u00edtica ou pol\u00edtico dos oper\u00e1rios. Os dois biografados n\u00e3o cabem mais juntos. A extrema-direita n\u00e3o teme mais, e o centr\u00e3o est\u00e1 sentindo gosto de poder como as piranhas sentem de sangue gotejante.<\/p>\n\n\n\n<p>Quatro anos se passaram e os jogos de poder que acontecem na rep\u00fablica desde seu nascimento mais uma vez fazem de palco a paci\u00eancia do trabalhador. O homem ou mulher cansados de trabalhar oito, nove, doze horas por dia l\u00ea as not\u00edcias sobre uma \u201cderrota hist\u00f3rica que n\u00e3o acontecia desde 1894\u201d e se pergunta: \u201co que eu tenho a ver com isso?\u201d. Os trabalhadores se indagam por que reconhecem que esses ritos j\u00e1 n\u00e3o passam de teatros dissociados das dores materiais vivenciadas por eles, dia ap\u00f3s dia.<\/p>\n\n\n\n<p>Pela primeira vez, desde o marechal Floriano Peixoto, que foi nosso segundo presidente da Rep\u00fablica, uma indica\u00e7\u00e3o do Planalto n\u00e3o era negada pelo plen\u00e1rio do Senado. \u00c9 um espa\u00e7o de 132 anos; isso n\u00e3o \u00e9 pouca coisa para abrir precedente. Mesmo com vota\u00e7\u00f5es apertadas, este acordo invis\u00edvel era cumprido.<\/p>\n\n\n\n<figure class=\"wp-block-image size-full is-resized\"><img data-dominant-color=\"66636a\" data-has-transparency=\"false\" loading=\"lazy\" decoding=\"async\" width=\"640\" height=\"427\" sizes=\"auto, (max-width: 640px) 100vw, 640px\" src=\"https:\/\/blogfca.pucminas.br\/colab\/wp-content\/uploads\/2026\/04\/Carlos-Moura.Agencia-Senado.jpg\" alt=\"\" class=\"wp-image-29129 not-transparent\" style=\"--dominant-color: #66636a; width:650px;height:auto\"\/><figcaption class=\"wp-element-caption\">Foto: Carlos Moura\/Ag\u00eancia Senado.<\/figcaption><\/figure>\n\n\n\n<p>A rejei\u00e7\u00e3o do advogado-geral da Uni\u00e3o, Jorge Messias, indicado por Lula \u00e0 vaga no Supremo Tribunal Federal (STF), tem um peso concreto nas guinadas que as elei\u00e7\u00f5es tomar\u00e3o, possivelmente deixando mais uma vaga no Judici\u00e1rio para ser indicada pelo governo seguinte. Isso, \u00e9 claro, se Lula n\u00e3o tentar indicar apressadamente um nome que passe no Congresso antes das elei\u00e7\u00f5es, em um calend\u00e1rio bem apertado, sem a ben\u00e7\u00e3o de Alcolumbre. Improv\u00e1vel.<\/p>\n\n\n\n<p>A possibilidade de manter esta vaga em aberto para o pr\u00f3ximo governo indicar \u00e9 uma vontade dos apreciadores do filho 01. O tema foi amplamente discutido pelos senadores que votaram contra Messias durante a sabatina, e que aguardam ansiosamente por um governo Bolsonaro 2.0 para fazerem o que bem entenderem da rep\u00fablica a partir das emendas ca\u00e7adas por Dino. A briga pelo Senado, que renovar\u00e1 70% dos seus parlamentares, \u00e9 central na constru\u00e7\u00e3o do pa\u00eds e objetivo ineg\u00e1vel da extrema-direita para impeachamar ministros do STF.&nbsp;<\/p>\n\n\n\n<p>Steven Levitsky, professor de Ci\u00eancia Pol\u00edtica da Universidade Harvard e coautor do livro <em>Como as Democracias Morrem,<\/em> j\u00e1 havia avisado l\u00e1 atr\u00e1s como n\u00e3o s\u00f3 ataques sutis e sistem\u00e1ticos \u00e0s institui\u00e7\u00f5es eram capazes de enfraquecer uma democracia, mas tamb\u00e9m como a disrup\u00e7\u00e3o de acordos invis\u00edveis pode ser respons\u00e1vel por, aos poucos, destruir uma rep\u00fablica.<\/p>\n\n\n\n<figure class=\"wp-block-image size-full is-resized\"><img data-dominant-color=\"5e5942\" data-has-transparency=\"false\" loading=\"lazy\" decoding=\"async\" width=\"640\" height=\"427\" sizes=\"auto, (max-width: 640px) 100vw, 640px\" src=\"https:\/\/blogfca.pucminas.br\/colab\/wp-content\/uploads\/2026\/04\/55239669912_ed7e3abdda_z.jpg\" alt=\"\" class=\"wp-image-29133 not-transparent\" style=\"--dominant-color: #5e5942; width:650px;height:auto\"\/><figcaption class=\"wp-element-caption\">Foto: Geraldo Magela\/Ag\u00eancia Senado<\/figcaption><\/figure>\n\n\n\n<p>Assim, podemos somar mais uma derrocada dos pesos e contrapesos que guiam e controlam as for\u00e7as da nossa democracia liberal desde a redemocratiza\u00e7\u00e3o. A tentativa de golpe de Estado, as 129 milh\u00f5es de suspeitas STFianas, o caso Master coordenado pelo banqueiro anfitri\u00e3o de corruptos, o resort antirrepublicano, a fraude do INSS, Faria Limers fechados com o PCC, entre outros esc\u00e2ndalos protagonizados pelo sistema neoliberal vigente insistem em favorecer deliberadamente as elites, os corruptos e aqueles que n\u00e3o tomam o lado da democracia.<\/p>\n\n\n\n<p>Lula j\u00e1 demonstrou em outras ocasi\u00f5es que pode, sim, se construir um pa\u00eds capaz de combater suas desigualdades a partir da pol\u00edtica. Ele mesmo j\u00e1 passou muito tempo preocupado e devotado a fazer alian\u00e7as para conversar com o centr\u00e3o na tentativa de uma governabilidade sem conflitos. Podemos, agora, ver o resultado de confiar em oportunistas que beijam testas, pedem cargos e adoram jantar nos melhores restaurantes de Bras\u00edlia durante o trabalho. Lula precisa se posicionar; n\u00e3o d\u00e1 mais pra fazer pol\u00edtica dentro dos pal\u00e1cios ou da sala de estar nacional. O quarto de despejo est\u00e1 encharcado de consci\u00eancia e impaci\u00eancia; se rimou, foi porque o destino escreveu com sarcasmo o que o neoliberalismo faria com o povo, sem imaginar que eles transformariam \u00e2nsia de justi\u00e7a em pol\u00edtica de rua.&nbsp;<\/p>\n\n\n\n<p>Independentemente do que Lula decida fazer, fica claro que \u00e9 urgente imaginar um novo pa\u00eds, um novo l\u00edder, um novo futuro, para que n\u00e3o nos perguntemos para sempre: \u201co que isso tem a ver comigo?\u201d. E para que possamos enxergar, n\u00e3o muito longe, um futuro em que os parlamentares, os ministros e os presidentes se preocupem mais com a desigualdade que atravessa o pa\u00eds do que com seus ritos babil\u00f4nicos regados de uma f\u00e9 que protege s\u00f3 aqueles a quem eles devem favores.&nbsp;<\/p>\n\n\n\n<figure class=\"wp-block-pullquote\"><blockquote><p>Leia tamb\u00e9m: <a href=\"https:\/\/blogfca.pucminas.br\/colab\/opiniao-entre-a-justica-e-seletividade-corpos-de-mulheres-negras-permanecem-em-constante-violencia\/\">Opini\u00e3o: entre justi\u00e7a e seletividade<\/a><\/p><\/blockquote><\/figure>\n","protected":false},"excerpt":{"rendered":"<p>A rejei\u00e7\u00e3o de Messias traz novos contornos a uma elei\u00e7\u00e3o j\u00e1 tumultuada<\/p>\n","protected":false},"author":136,"featured_media":29129,"comment_status":"open","ping_status":"open","sticky":false,"template":"","format":"standard","meta":{"_eb_attr":"","ngg_post_thumbnail":0,"footnotes":""},"categories":[213,11,5],"tags":[2920,210],"class_list":["post-29128","post","type-post","status-publish","format-standard","has-post-thumbnail","hentry","category-op","category-politica","category-sociedade","tag-jorge-messias","tag-politica"],"yoast_head":"<!-- This site is optimized with the Yoast SEO plugin v27.5 - https:\/\/yoast.com\/product\/yoast-seo-wordpress\/ -->\n<title>A rep\u00fablica n\u00e3o aguenta mais piranhas insaci\u00e1veis - Colab<\/title>\n<meta name=\"description\" content=\"Ele se encontra entre a biografia de oper\u00e1rio da pol\u00edtica ou pol\u00edtico dos oper\u00e1rios. Os dois biografados n\u00e3o cabem mais juntos.\" \/>\n<meta name=\"robots\" content=\"index, follow, max-snippet:-1, max-image-preview:large, max-video-preview:-1\" \/>\n<link rel=\"canonical\" href=\"https:\/\/blogfca.pucminas.br\/colab\/a-republica-nao-aguenta-mais-piranhas-insaciaveis\/\" \/>\n<meta property=\"og:locale\" content=\"pt_BR\" \/>\n<meta property=\"og:type\" content=\"article\" \/>\n<meta property=\"og:title\" content=\"A rep\u00fablica n\u00e3o aguenta mais piranhas insaci\u00e1veis - Colab\" \/>\n<meta property=\"og:description\" content=\"Ele se encontra entre a biografia de oper\u00e1rio da pol\u00edtica ou pol\u00edtico dos oper\u00e1rios. Os dois biografados n\u00e3o cabem mais juntos.\" \/>\n<meta property=\"og:url\" content=\"https:\/\/blogfca.pucminas.br\/colab\/a-republica-nao-aguenta-mais-piranhas-insaciaveis\/\" \/>\n<meta property=\"og:site_name\" content=\"Colab\" \/>\n<meta property=\"article:publisher\" content=\"https:\/\/www.facebook.com\/colabpucminas\" \/>\n<meta property=\"article:published_time\" content=\"2026-04-30T18:47:39+00:00\" \/>\n<meta property=\"article:modified_time\" content=\"2026-04-30T18:47:43+00:00\" \/>\n<meta property=\"og:image\" content=\"https:\/\/blogfca.pucminas.br\/colab\/wp-content\/uploads\/2026\/04\/Carlos-Moura.Agencia-Senado.jpg\" \/>\n\t<meta property=\"og:image:width\" content=\"640\" \/>\n\t<meta property=\"og:image:height\" content=\"427\" \/>\n\t<meta property=\"og:image:type\" content=\"image\/jpeg\" \/>\n<meta name=\"author\" content=\"Davi Tufic\" \/>\n<meta name=\"twitter:card\" content=\"summary_large_image\" \/>\n<meta name=\"twitter:creator\" content=\"@colabpucminas\" \/>\n<meta name=\"twitter:site\" content=\"@colabpucminas\" \/>\n<meta name=\"twitter:label1\" content=\"Escrito por\" \/>\n\t<meta name=\"twitter:data1\" content=\"Davi Tufic\" \/>\n\t<meta name=\"twitter:label2\" content=\"Est. tempo de leitura\" \/>\n\t<meta name=\"twitter:data2\" content=\"5 minutos\" \/>\n<script type=\"application\/ld+json\" class=\"yoast-schema-graph\">{\"@context\":\"https:\\\/\\\/schema.org\",\"@graph\":[{\"@type\":\"Article\",\"@id\":\"https:\\\/\\\/blogfca.pucminas.br\\\/colab\\\/a-republica-nao-aguenta-mais-piranhas-insaciaveis\\\/#article\",\"isPartOf\":{\"@id\":\"https:\\\/\\\/blogfca.pucminas.br\\\/colab\\\/a-republica-nao-aguenta-mais-piranhas-insaciaveis\\\/\"},\"author\":{\"name\":\"Davi Tufic\",\"@id\":\"https:\\\/\\\/blogfca.pucminas.br\\\/colab\\\/#\\\/schema\\\/person\\\/2b5a694c05ebdb61b94e2ff97733fb60\"},\"headline\":\"A rep\u00fablica n\u00e3o aguenta mais piranhas insaci\u00e1veis\",\"datePublished\":\"2026-04-30T18:47:39+00:00\",\"dateModified\":\"2026-04-30T18:47:43+00:00\",\"mainEntityOfPage\":{\"@id\":\"https:\\\/\\\/blogfca.pucminas.br\\\/colab\\\/a-republica-nao-aguenta-mais-piranhas-insaciaveis\\\/\"},\"wordCount\":858,\"commentCount\":0,\"publisher\":{\"@id\":\"https:\\\/\\\/blogfca.pucminas.br\\\/colab\\\/#organization\"},\"image\":{\"@id\":\"https:\\\/\\\/blogfca.pucminas.br\\\/colab\\\/a-republica-nao-aguenta-mais-piranhas-insaciaveis\\\/#primaryimage\"},\"thumbnailUrl\":\"https:\\\/\\\/blogfca.pucminas.br\\\/colab\\\/wp-content\\\/uploads\\\/2026\\\/04\\\/Carlos-Moura.Agencia-Senado.jpg\",\"keywords\":[\"Jorge Messias\",\"pol\u00edtica\"],\"articleSection\":[\"Opini\u00e3o\",\"Pol\u00edtica\",\"Sociedade\"],\"inLanguage\":\"pt-BR\",\"potentialAction\":[{\"@type\":\"CommentAction\",\"name\":\"Comment\",\"target\":[\"https:\\\/\\\/blogfca.pucminas.br\\\/colab\\\/a-republica-nao-aguenta-mais-piranhas-insaciaveis\\\/#respond\"]}]},{\"@type\":\"WebPage\",\"@id\":\"https:\\\/\\\/blogfca.pucminas.br\\\/colab\\\/a-republica-nao-aguenta-mais-piranhas-insaciaveis\\\/\",\"url\":\"https:\\\/\\\/blogfca.pucminas.br\\\/colab\\\/a-republica-nao-aguenta-mais-piranhas-insaciaveis\\\/\",\"name\":\"A rep\u00fablica n\u00e3o aguenta mais piranhas insaci\u00e1veis - Colab\",\"isPartOf\":{\"@id\":\"https:\\\/\\\/blogfca.pucminas.br\\\/colab\\\/#website\"},\"primaryImageOfPage\":{\"@id\":\"https:\\\/\\\/blogfca.pucminas.br\\\/colab\\\/a-republica-nao-aguenta-mais-piranhas-insaciaveis\\\/#primaryimage\"},\"image\":{\"@id\":\"https:\\\/\\\/blogfca.pucminas.br\\\/colab\\\/a-republica-nao-aguenta-mais-piranhas-insaciaveis\\\/#primaryimage\"},\"thumbnailUrl\":\"https:\\\/\\\/blogfca.pucminas.br\\\/colab\\\/wp-content\\\/uploads\\\/2026\\\/04\\\/Carlos-Moura.Agencia-Senado.jpg\",\"datePublished\":\"2026-04-30T18:47:39+00:00\",\"dateModified\":\"2026-04-30T18:47:43+00:00\",\"description\":\"Ele se encontra entre a biografia de oper\u00e1rio da pol\u00edtica ou pol\u00edtico dos oper\u00e1rios. Os dois biografados n\u00e3o cabem mais juntos.\",\"breadcrumb\":{\"@id\":\"https:\\\/\\\/blogfca.pucminas.br\\\/colab\\\/a-republica-nao-aguenta-mais-piranhas-insaciaveis\\\/#breadcrumb\"},\"inLanguage\":\"pt-BR\",\"potentialAction\":[{\"@type\":\"ReadAction\",\"target\":[\"https:\\\/\\\/blogfca.pucminas.br\\\/colab\\\/a-republica-nao-aguenta-mais-piranhas-insaciaveis\\\/\"]}]},{\"@type\":\"ImageObject\",\"inLanguage\":\"pt-BR\",\"@id\":\"https:\\\/\\\/blogfca.pucminas.br\\\/colab\\\/a-republica-nao-aguenta-mais-piranhas-insaciaveis\\\/#primaryimage\",\"url\":\"https:\\\/\\\/blogfca.pucminas.br\\\/colab\\\/wp-content\\\/uploads\\\/2026\\\/04\\\/Carlos-Moura.Agencia-Senado.jpg\",\"contentUrl\":\"https:\\\/\\\/blogfca.pucminas.br\\\/colab\\\/wp-content\\\/uploads\\\/2026\\\/04\\\/Carlos-Moura.Agencia-Senado.jpg\",\"width\":640,\"height\":427},{\"@type\":\"BreadcrumbList\",\"@id\":\"https:\\\/\\\/blogfca.pucminas.br\\\/colab\\\/a-republica-nao-aguenta-mais-piranhas-insaciaveis\\\/#breadcrumb\",\"itemListElement\":[{\"@type\":\"ListItem\",\"position\":1,\"name\":\"In\u00edcio\",\"item\":\"https:\\\/\\\/blogfca.pucminas.br\\\/colab\\\/\"},{\"@type\":\"ListItem\",\"position\":2,\"name\":\"A rep\u00fablica n\u00e3o aguenta mais piranhas insaci\u00e1veis\"}]},{\"@type\":\"WebSite\",\"@id\":\"https:\\\/\\\/blogfca.pucminas.br\\\/colab\\\/#website\",\"url\":\"https:\\\/\\\/blogfca.pucminas.br\\\/colab\\\/\",\"name\":\"Colab\",\"description\":\"Experimenta\u00e7\u00e3o, conte\u00fado e colabora\u00e7\u00e3o em Jornalismo Digital\",\"publisher\":{\"@id\":\"https:\\\/\\\/blogfca.pucminas.br\\\/colab\\\/#organization\"},\"potentialAction\":[{\"@type\":\"SearchAction\",\"target\":{\"@type\":\"EntryPoint\",\"urlTemplate\":\"https:\\\/\\\/blogfca.pucminas.br\\\/colab\\\/?s={search_term_string}\"},\"query-input\":{\"@type\":\"PropertyValueSpecification\",\"valueRequired\":true,\"valueName\":\"search_term_string\"}}],\"inLanguage\":\"pt-BR\"},{\"@type\":\"Organization\",\"@id\":\"https:\\\/\\\/blogfca.pucminas.br\\\/colab\\\/#organization\",\"name\":\"Colab :: Laborat\u00f3rio de Comunica\u00e7\u00e3o Digital da FCA \\\/ PUC Minas\",\"url\":\"https:\\\/\\\/blogfca.pucminas.br\\\/colab\\\/\",\"logo\":{\"@type\":\"ImageObject\",\"inLanguage\":\"pt-BR\",\"@id\":\"https:\\\/\\\/blogfca.pucminas.br\\\/colab\\\/#\\\/schema\\\/logo\\\/image\\\/\",\"url\":\"https:\\\/\\\/blogfca.pucminas.br\\\/colab\\\/wp-content\\\/uploads\\\/2020\\\/03\\\/Avatar-Colab.jpg\",\"contentUrl\":\"https:\\\/\\\/blogfca.pucminas.br\\\/colab\\\/wp-content\\\/uploads\\\/2020\\\/03\\\/Avatar-Colab.jpg\",\"width\":1682,\"height\":1682,\"caption\":\"Colab :: Laborat\u00f3rio de Comunica\u00e7\u00e3o Digital da FCA \\\/ PUC Minas\"},\"image\":{\"@id\":\"https:\\\/\\\/blogfca.pucminas.br\\\/colab\\\/#\\\/schema\\\/logo\\\/image\\\/\"},\"sameAs\":[\"https:\\\/\\\/www.facebook.com\\\/colabpucminas\",\"https:\\\/\\\/x.com\\\/colabpucminas\",\"https:\\\/\\\/www.instagram.com\\\/colabpucminas\\\/\",\"https:\\\/\\\/www.linkedin.com\\\/company\\\/colab-puc-minas\",\"https:\\\/\\\/www.youtube.com\\\/channel\\\/UC14mKIqnnGCOgVr4DG6FPkA\"]},{\"@type\":\"Person\",\"@id\":\"https:\\\/\\\/blogfca.pucminas.br\\\/colab\\\/#\\\/schema\\\/person\\\/2b5a694c05ebdb61b94e2ff97733fb60\",\"name\":\"Davi Tufic\",\"image\":{\"@type\":\"ImageObject\",\"inLanguage\":\"pt-BR\",\"@id\":\"https:\\\/\\\/secure.gravatar.com\\\/avatar\\\/b71974047b8bdc113c6bac9d4728a9adda06db440cf79d76a61d8066c43ddc00?s=96&d=mm&r=g\",\"url\":\"https:\\\/\\\/secure.gravatar.com\\\/avatar\\\/b71974047b8bdc113c6bac9d4728a9adda06db440cf79d76a61d8066c43ddc00?s=96&d=mm&r=g\",\"contentUrl\":\"https:\\\/\\\/secure.gravatar.com\\\/avatar\\\/b71974047b8bdc113c6bac9d4728a9adda06db440cf79d76a61d8066c43ddc00?s=96&d=mm&r=g\",\"caption\":\"Davi Tufic\"},\"url\":\"https:\\\/\\\/blogfca.pucminas.br\\\/colab\\\/author\\\/davitufic\\\/\"}]}<\/script>\n<!-- \/ Yoast SEO plugin. -->","yoast_head_json":{"title":"A rep\u00fablica n\u00e3o aguenta mais piranhas insaci\u00e1veis - Colab","description":"Ele se encontra entre a biografia de oper\u00e1rio da pol\u00edtica ou pol\u00edtico dos oper\u00e1rios. Os dois biografados n\u00e3o cabem mais juntos.","robots":{"index":"index","follow":"follow","max-snippet":"max-snippet:-1","max-image-preview":"max-image-preview:large","max-video-preview":"max-video-preview:-1"},"canonical":"https:\/\/blogfca.pucminas.br\/colab\/a-republica-nao-aguenta-mais-piranhas-insaciaveis\/","og_locale":"pt_BR","og_type":"article","og_title":"A rep\u00fablica n\u00e3o aguenta mais piranhas insaci\u00e1veis - Colab","og_description":"Ele se encontra entre a biografia de oper\u00e1rio da pol\u00edtica ou pol\u00edtico dos oper\u00e1rios. Os dois biografados n\u00e3o cabem mais juntos.","og_url":"https:\/\/blogfca.pucminas.br\/colab\/a-republica-nao-aguenta-mais-piranhas-insaciaveis\/","og_site_name":"Colab","article_publisher":"https:\/\/www.facebook.com\/colabpucminas","article_published_time":"2026-04-30T18:47:39+00:00","article_modified_time":"2026-04-30T18:47:43+00:00","og_image":[{"width":640,"height":427,"url":"https:\/\/blogfca.pucminas.br\/colab\/wp-content\/uploads\/2026\/04\/Carlos-Moura.Agencia-Senado.jpg","type":"image\/jpeg"}],"author":"Davi Tufic","twitter_card":"summary_large_image","twitter_creator":"@colabpucminas","twitter_site":"@colabpucminas","twitter_misc":{"Escrito por":"Davi Tufic","Est. tempo de leitura":"5 minutos"},"schema":{"@context":"https:\/\/schema.org","@graph":[{"@type":"Article","@id":"https:\/\/blogfca.pucminas.br\/colab\/a-republica-nao-aguenta-mais-piranhas-insaciaveis\/#article","isPartOf":{"@id":"https:\/\/blogfca.pucminas.br\/colab\/a-republica-nao-aguenta-mais-piranhas-insaciaveis\/"},"author":{"name":"Davi Tufic","@id":"https:\/\/blogfca.pucminas.br\/colab\/#\/schema\/person\/2b5a694c05ebdb61b94e2ff97733fb60"},"headline":"A rep\u00fablica n\u00e3o aguenta mais piranhas insaci\u00e1veis","datePublished":"2026-04-30T18:47:39+00:00","dateModified":"2026-04-30T18:47:43+00:00","mainEntityOfPage":{"@id":"https:\/\/blogfca.pucminas.br\/colab\/a-republica-nao-aguenta-mais-piranhas-insaciaveis\/"},"wordCount":858,"commentCount":0,"publisher":{"@id":"https:\/\/blogfca.pucminas.br\/colab\/#organization"},"image":{"@id":"https:\/\/blogfca.pucminas.br\/colab\/a-republica-nao-aguenta-mais-piranhas-insaciaveis\/#primaryimage"},"thumbnailUrl":"https:\/\/blogfca.pucminas.br\/colab\/wp-content\/uploads\/2026\/04\/Carlos-Moura.Agencia-Senado.jpg","keywords":["Jorge Messias","pol\u00edtica"],"articleSection":["Opini\u00e3o","Pol\u00edtica","Sociedade"],"inLanguage":"pt-BR","potentialAction":[{"@type":"CommentAction","name":"Comment","target":["https:\/\/blogfca.pucminas.br\/colab\/a-republica-nao-aguenta-mais-piranhas-insaciaveis\/#respond"]}]},{"@type":"WebPage","@id":"https:\/\/blogfca.pucminas.br\/colab\/a-republica-nao-aguenta-mais-piranhas-insaciaveis\/","url":"https:\/\/blogfca.pucminas.br\/colab\/a-republica-nao-aguenta-mais-piranhas-insaciaveis\/","name":"A rep\u00fablica n\u00e3o aguenta mais piranhas insaci\u00e1veis - Colab","isPartOf":{"@id":"https:\/\/blogfca.pucminas.br\/colab\/#website"},"primaryImageOfPage":{"@id":"https:\/\/blogfca.pucminas.br\/colab\/a-republica-nao-aguenta-mais-piranhas-insaciaveis\/#primaryimage"},"image":{"@id":"https:\/\/blogfca.pucminas.br\/colab\/a-republica-nao-aguenta-mais-piranhas-insaciaveis\/#primaryimage"},"thumbnailUrl":"https:\/\/blogfca.pucminas.br\/colab\/wp-content\/uploads\/2026\/04\/Carlos-Moura.Agencia-Senado.jpg","datePublished":"2026-04-30T18:47:39+00:00","dateModified":"2026-04-30T18:47:43+00:00","description":"Ele se encontra entre a biografia de oper\u00e1rio da pol\u00edtica ou pol\u00edtico dos oper\u00e1rios. Os dois biografados n\u00e3o cabem mais juntos.","breadcrumb":{"@id":"https:\/\/blogfca.pucminas.br\/colab\/a-republica-nao-aguenta-mais-piranhas-insaciaveis\/#breadcrumb"},"inLanguage":"pt-BR","potentialAction":[{"@type":"ReadAction","target":["https:\/\/blogfca.pucminas.br\/colab\/a-republica-nao-aguenta-mais-piranhas-insaciaveis\/"]}]},{"@type":"ImageObject","inLanguage":"pt-BR","@id":"https:\/\/blogfca.pucminas.br\/colab\/a-republica-nao-aguenta-mais-piranhas-insaciaveis\/#primaryimage","url":"https:\/\/blogfca.pucminas.br\/colab\/wp-content\/uploads\/2026\/04\/Carlos-Moura.Agencia-Senado.jpg","contentUrl":"https:\/\/blogfca.pucminas.br\/colab\/wp-content\/uploads\/2026\/04\/Carlos-Moura.Agencia-Senado.jpg","width":640,"height":427},{"@type":"BreadcrumbList","@id":"https:\/\/blogfca.pucminas.br\/colab\/a-republica-nao-aguenta-mais-piranhas-insaciaveis\/#breadcrumb","itemListElement":[{"@type":"ListItem","position":1,"name":"In\u00edcio","item":"https:\/\/blogfca.pucminas.br\/colab\/"},{"@type":"ListItem","position":2,"name":"A rep\u00fablica n\u00e3o aguenta mais piranhas insaci\u00e1veis"}]},{"@type":"WebSite","@id":"https:\/\/blogfca.pucminas.br\/colab\/#website","url":"https:\/\/blogfca.pucminas.br\/colab\/","name":"Colab","description":"Experimenta\u00e7\u00e3o, conte\u00fado e colabora\u00e7\u00e3o em Jornalismo Digital","publisher":{"@id":"https:\/\/blogfca.pucminas.br\/colab\/#organization"},"potentialAction":[{"@type":"SearchAction","target":{"@type":"EntryPoint","urlTemplate":"https:\/\/blogfca.pucminas.br\/colab\/?s={search_term_string}"},"query-input":{"@type":"PropertyValueSpecification","valueRequired":true,"valueName":"search_term_string"}}],"inLanguage":"pt-BR"},{"@type":"Organization","@id":"https:\/\/blogfca.pucminas.br\/colab\/#organization","name":"Colab :: Laborat\u00f3rio de Comunica\u00e7\u00e3o Digital da FCA \/ PUC Minas","url":"https:\/\/blogfca.pucminas.br\/colab\/","logo":{"@type":"ImageObject","inLanguage":"pt-BR","@id":"https:\/\/blogfca.pucminas.br\/colab\/#\/schema\/logo\/image\/","url":"https:\/\/blogfca.pucminas.br\/colab\/wp-content\/uploads\/2020\/03\/Avatar-Colab.jpg","contentUrl":"https:\/\/blogfca.pucminas.br\/colab\/wp-content\/uploads\/2020\/03\/Avatar-Colab.jpg","width":1682,"height":1682,"caption":"Colab :: Laborat\u00f3rio de Comunica\u00e7\u00e3o Digital da FCA \/ PUC Minas"},"image":{"@id":"https:\/\/blogfca.pucminas.br\/colab\/#\/schema\/logo\/image\/"},"sameAs":["https:\/\/www.facebook.com\/colabpucminas","https:\/\/x.com\/colabpucminas","https:\/\/www.instagram.com\/colabpucminas\/","https:\/\/www.linkedin.com\/company\/colab-puc-minas","https:\/\/www.youtube.com\/channel\/UC14mKIqnnGCOgVr4DG6FPkA"]},{"@type":"Person","@id":"https:\/\/blogfca.pucminas.br\/colab\/#\/schema\/person\/2b5a694c05ebdb61b94e2ff97733fb60","name":"Davi Tufic","image":{"@type":"ImageObject","inLanguage":"pt-BR","@id":"https:\/\/secure.gravatar.com\/avatar\/b71974047b8bdc113c6bac9d4728a9adda06db440cf79d76a61d8066c43ddc00?s=96&d=mm&r=g","url":"https:\/\/secure.gravatar.com\/avatar\/b71974047b8bdc113c6bac9d4728a9adda06db440cf79d76a61d8066c43ddc00?s=96&d=mm&r=g","contentUrl":"https:\/\/secure.gravatar.com\/avatar\/b71974047b8bdc113c6bac9d4728a9adda06db440cf79d76a61d8066c43ddc00?s=96&d=mm&r=g","caption":"Davi Tufic"},"url":"https:\/\/blogfca.pucminas.br\/colab\/author\/davitufic\/"}]}},"amp_enabled":true,"_links":{"self":[{"href":"https:\/\/blogfca.pucminas.br\/colab\/wp-json\/wp\/v2\/posts\/29128","targetHints":{"allow":["GET"]}}],"collection":[{"href":"https:\/\/blogfca.pucminas.br\/colab\/wp-json\/wp\/v2\/posts"}],"about":[{"href":"https:\/\/blogfca.pucminas.br\/colab\/wp-json\/wp\/v2\/types\/post"}],"author":[{"embeddable":true,"href":"https:\/\/blogfca.pucminas.br\/colab\/wp-json\/wp\/v2\/users\/136"}],"replies":[{"embeddable":true,"href":"https:\/\/blogfca.pucminas.br\/colab\/wp-json\/wp\/v2\/comments?post=29128"}],"version-history":[{"count":5,"href":"https:\/\/blogfca.pucminas.br\/colab\/wp-json\/wp\/v2\/posts\/29128\/revisions"}],"predecessor-version":[{"id":29135,"href":"https:\/\/blogfca.pucminas.br\/colab\/wp-json\/wp\/v2\/posts\/29128\/revisions\/29135"}],"wp:featuredmedia":[{"embeddable":true,"href":"https:\/\/blogfca.pucminas.br\/colab\/wp-json\/wp\/v2\/media\/29129"}],"wp:attachment":[{"href":"https:\/\/blogfca.pucminas.br\/colab\/wp-json\/wp\/v2\/media?parent=29128"}],"wp:term":[{"taxonomy":"category","embeddable":true,"href":"https:\/\/blogfca.pucminas.br\/colab\/wp-json\/wp\/v2\/categories?post=29128"},{"taxonomy":"post_tag","embeddable":true,"href":"https:\/\/blogfca.pucminas.br\/colab\/wp-json\/wp\/v2\/tags?post=29128"}],"curies":[{"name":"wp","href":"https:\/\/api.w.org\/{rel}","templated":true}]}}