{"id":29090,"date":"2026-04-29T15:45:44","date_gmt":"2026-04-29T18:45:44","guid":{"rendered":"https:\/\/blogfca.pucminas.br\/colab\/?p=29090"},"modified":"2026-04-29T15:45:47","modified_gmt":"2026-04-29T18:45:47","slug":"desafios-confeitaria-caseira","status":"publish","type":"post","link":"https:\/\/blogfca.pucminas.br\/colab\/desafios-confeitaria-caseira\/","title":{"rendered":"Confeitaria caseira contra a ind\u00fastria: como confeiteiras de BH driblam altos custos e entregas em aplicativo"},"content":{"rendered":"\n<p>Somente em 2025, o mercado de confeitaria faturou R$ 164,12 bilh\u00f5es no Brasil, um crescimento de 7,02% em rela\u00e7\u00e3o a 2024, segundo a Associa\u00e7\u00e3o Brasileira da Ind\u00fastria de Panifica\u00e7\u00e3o e Confeitaria (ABIP). Mas, para quem produz em casa, a realidade \u00e9 outra. Competir com ind\u00fastrias e padarias que produzem em larga escala exige criatividade, relacionamento interpessoal e muito controle de qualidade. 69% das pessoas que trabalham no ramo se dedicam \u00e0 atividade sozinhas, enquanto 85% dos estabelecimentos s\u00e3o feitos na pr\u00f3pria resid\u00eancia, de acordo com o Sebrae. Ou seja, com baixo custo de investimento inicial.<\/p>\n\n\n\n<p>Em Belo Horizonte e regi\u00e3o metropolitana, duas profissionais que trabalham com a confeitaria caseira revelaram ao Colab os principais desafios da produ\u00e7\u00e3o artesanal e as solu\u00e7\u00f5es que encontraram para se destacar.<\/p>\n\n\n\n<blockquote class=\"wp-block-quote is-layout-flow wp-block-quote-is-layout-flow\">\n<p><strong>\u201cCompetir com produ\u00e7\u00e3o em grande escala n\u00e3o \u00e9 f\u00e1cil, principalmente no pre\u00e7o e na rapidez. Mas eu nem tento entrar nessa disputa.\u201d<\/strong><br><strong>\u2014 M\u00f4nica Chagas, do O Bolo da M\u00f4nica<\/strong><\/p>\n<\/blockquote>\n\n\n<div class=\"wp-block-image\">\n<figure class=\"alignleft size-full is-resized\"><img data-dominant-color=\"b2a29a\" data-has-transparency=\"false\" loading=\"lazy\" decoding=\"async\" width=\"1200\" height=\"1600\" sizes=\"auto, (max-width: 1200px) 100vw, 1200px\" src=\"https:\/\/blogfca.pucminas.br\/colab\/wp-content\/uploads\/2026\/04\/WhatsApp-Image-2026-04-07-at-11.57.52.jpeg\" alt=\"\" class=\"wp-image-29097 not-transparent\" style=\"--dominant-color: #b2a29a; aspect-ratio:0.7499999823937054;width:424px;height:auto\"\/><figcaption class=\"wp-element-caption\">Reprodu\u00e7\u00e3o: M\u00f4nica Chagas<\/figcaption><\/figure>\n<\/div>\n\n\n<p>M\u00f4nica Chagas tem dezessete anos de carreira na confeitaria e \u00e9 especializada na produ\u00e7\u00e3o de bolos, atuando em Contagem e Grande BH. Ela conta que seu diferencial est\u00e1 no atendimento e compreens\u00e3o do pedido do cliente. Ela acompanha cada pedido de perto e diz que a maioria dos clientes volta ap\u00f3s a primeira compra.<\/p>\n\n\n\n<p><strong>\u201cN\u00e3o \u00e9 s\u00f3 vender um bolo, \u00e9 entender o momento daquela pessoa. No fim, eu n\u00e3o vendo s\u00f3 bolo. Eu fa\u00e7o parte da comemora\u00e7\u00e3o.\u201d<\/strong><br><strong>\u2014 M\u00f4nica Chagas, do O Bolo da M\u00f4nica<\/strong><\/p>\n\n\n\n<p>J\u00e1 Ros\u00e2ngela de Sousa, da empresa Tem Bombom, acumula 14 anos de trabalho na \u00e1rea e atua na regi\u00e3o de Sabar\u00e1, nordeste e leste de BH. Ela trabalha com uma variada gama de bolos personalizados e aposta na experi\u00eancia:<\/p>\n\n\n\n<blockquote class=\"wp-block-quote is-layout-flow wp-block-quote-is-layout-flow\">\n<p><strong>\u201cO fato de ser uma produ\u00e7\u00e3o caseira j\u00e1 \u00e9 um diferencial, uma vez que o cliente que deseja algo personalizado, tanto em sabor, quanto em decora\u00e7\u00e3o, vive uma experi\u00eancia \u00fanica.\u201d<\/strong> <br><strong>\u2014 Ros\u00e2ngela de Sousa, do Tem Bombom<\/strong><\/p>\n<\/blockquote>\n\n\n\n<h2 class=\"wp-block-heading\"><strong>O controle de qualidade no Brasil inflacionado<\/strong><\/h2>\n\n\n<div class=\"wp-block-image\">\n<figure class=\"alignright size-full is-resized\"><img data-dominant-color=\"b08c83\" data-has-transparency=\"false\" loading=\"lazy\" decoding=\"async\" width=\"1183\" height=\"1600\" sizes=\"auto, (max-width: 1183px) 100vw, 1183px\" src=\"https:\/\/blogfca.pucminas.br\/colab\/wp-content\/uploads\/2026\/04\/WhatsApp-Image-2026-04-06-at-20.56.51-2.jpeg\" alt=\"\" class=\"wp-image-29112 not-transparent\" style=\"--dominant-color: #b08c83; aspect-ratio:0.7393785668111251;width:376px;height:auto\"\/><figcaption class=\"wp-element-caption\">Reprodu\u00e7\u00e3o: Ros\u00e2ngela de Sousa<\/figcaption><\/figure>\n<\/div>\n\n\n<p>Segundo dados do \u00cdndice Nacional de Pre\u00e7os ao Consumidor Amplo (IPCA), o pre\u00e7o do chocolate acumulou alta de 24,77% em 2025, impulsionado principalmente pela valoriza\u00e7\u00e3o do cacau no mercado internacional. O encarecimento est\u00e1 ligado a problemas clim\u00e1ticos e redu\u00e7\u00e3o da oferta em pa\u00edses africanos, como Costa do Marfim e Gana, respons\u00e1veis por grande parte da produ\u00e7\u00e3o mundial do fruto. Dessa maneira, manter a qualidade sem repassar todos os custos \u00e9 um dos maiores dilemas.<\/p>\n\n\n\n<p>M\u00f4nica Chagas n\u00e3o v\u00ea muito atalho, ela relata que conforme os pre\u00e7os aumentam, ela vai reajustando o de seus produtos aos poucos por n\u00e3o gostar de mudan\u00e7as bruscas, pois acredita que \u00e9 mais ben\u00e9fico ajustar o valor do que mexer na qualidade dos ingredientes. Ela ainda conclui esclarecendo que o cliente percebe esse movimento, fortalecendo o v\u00ednculo de confian\u00e7a e garantindo o retorno do mesmo.<\/p>\n\n\n\n<blockquote class=\"wp-block-quote is-layout-flow wp-block-quote-is-layout-flow\">\n<p>Ros\u00e2ngela de Sousa usa t\u00e9cnica de \u201ccombo\u201d para diluir custos:<br><strong>\u201cSe o cliente quer bolo, ofere\u00e7o doces e lembran\u00e7as para aumentar o valor do pedido e ainda diluir o valor alto dos insumos em mais itens. Funciona em alguns casos.<\/strong>\u201d<\/p>\n<\/blockquote>\n\n\n\n<h2 class=\"wp-block-heading\"><strong>Entregas por aplicativo e plataformas sociais podem ser desafio<\/strong><\/h2>\n\n\n\n<p>A depend\u00eancia de entregadores e aplicativos \u00e9 um ponto cr\u00edtico, especialmente em dias de calor intenso ou chuva na Grande BH. Nas palavras da pr\u00f3pria M\u00f4nica Chagas, o calor, a chuva e o tr\u00e2nsito influenciam no transporte das mercadorias, por isso, al\u00e9m de orientar o cliente para o produto n\u00e3o chegar de forma diferente do que foi enviado, a confeiteira tamb\u00e9m realiza entregas pessoalmente, para evitar qualquer contratempo que possa aparecer.&nbsp;&nbsp;&nbsp;<\/p>\n\n\n\n<p>J\u00e1 Ros\u00e2ngela de Sousa adota um modelo de proximidade, ela nos conta que prefere trabalhar exclusivamente com clientes de sua regi\u00e3o para facilitar o transporte \u2013 isso quando o pr\u00f3prio consumidor j\u00e1 n\u00e3o faz a retirada dos produtos. Ela tamb\u00e9m recebe pedidos corporativos e, segundo a confeiteira, o transporte das encomendas \u00e9 mais seguro porque a pr\u00f3pria empresa se responsabiliza pelo frete e transportador.<\/p>\n\n\n\n<h2 class=\"wp-block-heading\"><strong>Consumidores confiam no mercado caseiro<\/strong><\/h2>\n\n\n\n<p>Outro desafio destacado pelas confeiteiras \u00e9 a confian\u00e7a de novos clientes no mercado caseiro e a constru\u00e7\u00e3o dessa credibilidade. Segundo M\u00f4nica Chagas, \u201cMuitos clientes j\u00e1 chegam por indica\u00e7\u00e3o, ent\u00e3o, j\u00e1 v\u00eam com uma seguran\u00e7a\u201d. Ela conta que ainda se sente com uma vasta carga de responsabilidade na constru\u00e7\u00e3o dessa confian\u00e7a que, de acordo com ela, se concretiza \u201cpedido por pedido\u201d.<\/p>\n\n\n\n<p>Por\u00e9m, quando h\u00e1 certa resist\u00eancia e questionamento por parte dos consumidores, Ros\u00e2ngela de Sousa tem o costume de guiar os clientes para seu perfil nas plataformas sociais, para que vejam o feedback positivo que a confeiteira comumente recebe. Ela ainda conta que muitos de seus fregueses a conhecem atrav\u00e9s de feiras e eventos.&nbsp;<\/p>\n\n\n\n<p>A pesquisa da ABIP aponta que o setor de confeitaria no Brasil fatura bilh\u00f5es, mas s\u00e3o as pequenas produtoras que mant\u00eam viva a rela\u00e7\u00e3o de afeto com o alimento:<\/p>\n\n\n\n<blockquote class=\"wp-block-quote is-layout-flow wp-block-quote-is-layout-flow\">\n<p><strong>\u201cNo fim, o que me destaca n\u00e3o \u00e9 o tamanho da produ\u00e7\u00e3o, \u00e9 a experi\u00eancia que eu entrego.\u201d<\/strong> <br><strong>\u2014 M\u00f4nica Chagas<\/strong><\/p>\n\n\n\n<p><strong>\u201cA produ\u00e7\u00e3o caseira j\u00e1 \u00e9 um diferencial; O cliente vive uma experi\u00eancia \u00fanica\u201d<\/strong> <br><strong>\u2014 Ros\u00e2ngela de Sousa<\/strong><\/p>\n\n\n\n<figure class=\"wp-block-pullquote\"><blockquote><p>Leia Tamb\u00e9m: <br><a href=\"https:\/\/blogfca.pucminas.br\/colab\/os-segredos-por-tras-da-producao-do-pao-de-queijo\/\" target=\"_blank\" rel=\"noreferrer noopener\">Os segredos por tr\u00e1s da produ\u00e7\u00e3o do p\u00e3o de queijo<\/a><\/p><\/blockquote><\/figure>\n<\/blockquote>\n","protected":false},"excerpt":{"rendered":"<p>Confeiteiras revelam estrat\u00e9gias para sobreviver e vencer em um mercado altamente  lucrativo<\/p>\n","protected":false},"author":144,"featured_media":29091,"comment_status":"open","ping_status":"open","sticky":false,"template":"","format":"standard","meta":{"_eb_attr":"","ngg_post_thumbnail":0,"footnotes":""},"categories":[1,375,1507],"tags":[2918,2917,2919,695,1510],"class_list":["post-29090","post","type-post","status-publish","format-standard","has-post-thumbnail","hentry","category-colab","category-economia","category-gastronomia","tag-bolo","tag-confeitaria","tag-doce","tag-economia","tag-gastronomia"],"yoast_head":"<!-- This site is optimized with the Yoast SEO plugin v27.5 - https:\/\/yoast.com\/product\/yoast-seo-wordpress\/ -->\n<title>Confeitaria caseira contra a ind\u00fastria: como confeiteiras de BH driblam altos custos e entregas em aplicativo - Colab<\/title>\n<meta name=\"description\" content=\"Os desafios encontrados pelas confeiteiras mineiras frente \u00e0 ind\u00fastria de bolos e doces, e suas solu\u00e7\u00f5es para vender nesse mercado altamente lucrativo.\" \/>\n<meta name=\"robots\" content=\"index, follow, max-snippet:-1, max-image-preview:large, max-video-preview:-1\" \/>\n<link rel=\"canonical\" href=\"https:\/\/blogfca.pucminas.br\/colab\/desafios-confeitaria-caseira\/\" \/>\n<meta property=\"og:locale\" content=\"pt_BR\" \/>\n<meta property=\"og:type\" content=\"article\" \/>\n<meta property=\"og:title\" content=\"Confeitaria caseira contra a ind\u00fastria: como confeiteiras de BH driblam altos custos e entregas em aplicativo - Colab\" \/>\n<meta property=\"og:description\" content=\"Os desafios encontrados pelas confeiteiras mineiras frente \u00e0 ind\u00fastria de bolos e doces, e suas solu\u00e7\u00f5es para vender nesse mercado altamente lucrativo.\" \/>\n<meta property=\"og:url\" content=\"https:\/\/blogfca.pucminas.br\/colab\/desafios-confeitaria-caseira\/\" \/>\n<meta property=\"og:site_name\" content=\"Colab\" \/>\n<meta property=\"article:publisher\" content=\"https:\/\/www.facebook.com\/colabpucminas\" \/>\n<meta property=\"article:published_time\" content=\"2026-04-29T18:45:44+00:00\" \/>\n<meta property=\"article:modified_time\" content=\"2026-04-29T18:45:47+00:00\" \/>\n<meta property=\"og:image\" content=\"https:\/\/blogfca.pucminas.br\/colab\/wp-content\/uploads\/2026\/04\/rosemary-williams-MUbR4H4UhAM-unsplash.jpg\" \/>\n\t<meta property=\"og:image:width\" content=\"2400\" \/>\n\t<meta property=\"og:image:height\" content=\"1595\" \/>\n\t<meta property=\"og:image:type\" content=\"image\/jpeg\" \/>\n<meta name=\"author\" content=\"Mateus Alc\u00e2ntara\" \/>\n<meta name=\"twitter:card\" content=\"summary_large_image\" \/>\n<meta name=\"twitter:creator\" content=\"@colabpucminas\" \/>\n<meta name=\"twitter:site\" content=\"@colabpucminas\" \/>\n<meta name=\"twitter:label1\" content=\"Escrito por\" \/>\n\t<meta name=\"twitter:data1\" content=\"Mateus Alc\u00e2ntara\" \/>\n\t<meta name=\"twitter:label2\" content=\"Est. tempo de leitura\" \/>\n\t<meta name=\"twitter:data2\" content=\"5 minutos\" \/>\n<script type=\"application\/ld+json\" class=\"yoast-schema-graph\">{\"@context\":\"https:\\\/\\\/schema.org\",\"@graph\":[{\"@type\":\"Article\",\"@id\":\"https:\\\/\\\/blogfca.pucminas.br\\\/colab\\\/desafios-confeitaria-caseira\\\/#article\",\"isPartOf\":{\"@id\":\"https:\\\/\\\/blogfca.pucminas.br\\\/colab\\\/desafios-confeitaria-caseira\\\/\"},\"author\":{\"name\":\"Mateus Alc\u00e2ntara\",\"@id\":\"https:\\\/\\\/blogfca.pucminas.br\\\/colab\\\/#\\\/schema\\\/person\\\/0a36550d220289e04202b82f96006f16\"},\"headline\":\"Confeitaria caseira contra a ind\u00fastria: como confeiteiras de BH driblam altos custos e entregas em aplicativo\",\"datePublished\":\"2026-04-29T18:45:44+00:00\",\"dateModified\":\"2026-04-29T18:45:47+00:00\",\"mainEntityOfPage\":{\"@id\":\"https:\\\/\\\/blogfca.pucminas.br\\\/colab\\\/desafios-confeitaria-caseira\\\/\"},\"wordCount\":944,\"commentCount\":0,\"publisher\":{\"@id\":\"https:\\\/\\\/blogfca.pucminas.br\\\/colab\\\/#organization\"},\"image\":{\"@id\":\"https:\\\/\\\/blogfca.pucminas.br\\\/colab\\\/desafios-confeitaria-caseira\\\/#primaryimage\"},\"thumbnailUrl\":\"https:\\\/\\\/blogfca.pucminas.br\\\/colab\\\/wp-content\\\/uploads\\\/2026\\\/04\\\/rosemary-williams-MUbR4H4UhAM-unsplash.jpg\",\"keywords\":[\"bolo\",\"confeitaria\",\"doce\",\"economia\",\"gastronomia\"],\"articleSection\":[\"Colab\",\"Economia\",\"Gastronomia\"],\"inLanguage\":\"pt-BR\",\"potentialAction\":[{\"@type\":\"CommentAction\",\"name\":\"Comment\",\"target\":[\"https:\\\/\\\/blogfca.pucminas.br\\\/colab\\\/desafios-confeitaria-caseira\\\/#respond\"]}]},{\"@type\":\"WebPage\",\"@id\":\"https:\\\/\\\/blogfca.pucminas.br\\\/colab\\\/desafios-confeitaria-caseira\\\/\",\"url\":\"https:\\\/\\\/blogfca.pucminas.br\\\/colab\\\/desafios-confeitaria-caseira\\\/\",\"name\":\"Confeitaria caseira contra a ind\u00fastria: como confeiteiras de BH driblam altos custos e entregas em aplicativo - Colab\",\"isPartOf\":{\"@id\":\"https:\\\/\\\/blogfca.pucminas.br\\\/colab\\\/#website\"},\"primaryImageOfPage\":{\"@id\":\"https:\\\/\\\/blogfca.pucminas.br\\\/colab\\\/desafios-confeitaria-caseira\\\/#primaryimage\"},\"image\":{\"@id\":\"https:\\\/\\\/blogfca.pucminas.br\\\/colab\\\/desafios-confeitaria-caseira\\\/#primaryimage\"},\"thumbnailUrl\":\"https:\\\/\\\/blogfca.pucminas.br\\\/colab\\\/wp-content\\\/uploads\\\/2026\\\/04\\\/rosemary-williams-MUbR4H4UhAM-unsplash.jpg\",\"datePublished\":\"2026-04-29T18:45:44+00:00\",\"dateModified\":\"2026-04-29T18:45:47+00:00\",\"description\":\"Os desafios encontrados pelas confeiteiras mineiras frente \u00e0 ind\u00fastria de bolos e doces, e suas solu\u00e7\u00f5es para vender nesse mercado altamente lucrativo.\",\"breadcrumb\":{\"@id\":\"https:\\\/\\\/blogfca.pucminas.br\\\/colab\\\/desafios-confeitaria-caseira\\\/#breadcrumb\"},\"inLanguage\":\"pt-BR\",\"potentialAction\":[{\"@type\":\"ReadAction\",\"target\":[\"https:\\\/\\\/blogfca.pucminas.br\\\/colab\\\/desafios-confeitaria-caseira\\\/\"]}]},{\"@type\":\"ImageObject\",\"inLanguage\":\"pt-BR\",\"@id\":\"https:\\\/\\\/blogfca.pucminas.br\\\/colab\\\/desafios-confeitaria-caseira\\\/#primaryimage\",\"url\":\"https:\\\/\\\/blogfca.pucminas.br\\\/colab\\\/wp-content\\\/uploads\\\/2026\\\/04\\\/rosemary-williams-MUbR4H4UhAM-unsplash.jpg\",\"contentUrl\":\"https:\\\/\\\/blogfca.pucminas.br\\\/colab\\\/wp-content\\\/uploads\\\/2026\\\/04\\\/rosemary-williams-MUbR4H4UhAM-unsplash.jpg\",\"width\":2400,\"height\":1595,\"caption\":\"Imagem meramente ilustrativa, via Unsplash\\\/Ev\"},{\"@type\":\"BreadcrumbList\",\"@id\":\"https:\\\/\\\/blogfca.pucminas.br\\\/colab\\\/desafios-confeitaria-caseira\\\/#breadcrumb\",\"itemListElement\":[{\"@type\":\"ListItem\",\"position\":1,\"name\":\"In\u00edcio\",\"item\":\"https:\\\/\\\/blogfca.pucminas.br\\\/colab\\\/\"},{\"@type\":\"ListItem\",\"position\":2,\"name\":\"Confeitaria caseira contra a ind\u00fastria: como confeiteiras de BH driblam altos custos e entregas em aplicativo\"}]},{\"@type\":\"WebSite\",\"@id\":\"https:\\\/\\\/blogfca.pucminas.br\\\/colab\\\/#website\",\"url\":\"https:\\\/\\\/blogfca.pucminas.br\\\/colab\\\/\",\"name\":\"Colab\",\"description\":\"Experimenta\u00e7\u00e3o, conte\u00fado e colabora\u00e7\u00e3o em Jornalismo Digital\",\"publisher\":{\"@id\":\"https:\\\/\\\/blogfca.pucminas.br\\\/colab\\\/#organization\"},\"potentialAction\":[{\"@type\":\"SearchAction\",\"target\":{\"@type\":\"EntryPoint\",\"urlTemplate\":\"https:\\\/\\\/blogfca.pucminas.br\\\/colab\\\/?s={search_term_string}\"},\"query-input\":{\"@type\":\"PropertyValueSpecification\",\"valueRequired\":true,\"valueName\":\"search_term_string\"}}],\"inLanguage\":\"pt-BR\"},{\"@type\":\"Organization\",\"@id\":\"https:\\\/\\\/blogfca.pucminas.br\\\/colab\\\/#organization\",\"name\":\"Colab :: Laborat\u00f3rio de Comunica\u00e7\u00e3o Digital da FCA \\\/ PUC Minas\",\"url\":\"https:\\\/\\\/blogfca.pucminas.br\\\/colab\\\/\",\"logo\":{\"@type\":\"ImageObject\",\"inLanguage\":\"pt-BR\",\"@id\":\"https:\\\/\\\/blogfca.pucminas.br\\\/colab\\\/#\\\/schema\\\/logo\\\/image\\\/\",\"url\":\"https:\\\/\\\/blogfca.pucminas.br\\\/colab\\\/wp-content\\\/uploads\\\/2020\\\/03\\\/Avatar-Colab.jpg\",\"contentUrl\":\"https:\\\/\\\/blogfca.pucminas.br\\\/colab\\\/wp-content\\\/uploads\\\/2020\\\/03\\\/Avatar-Colab.jpg\",\"width\":1682,\"height\":1682,\"caption\":\"Colab :: Laborat\u00f3rio de Comunica\u00e7\u00e3o Digital da FCA \\\/ PUC Minas\"},\"image\":{\"@id\":\"https:\\\/\\\/blogfca.pucminas.br\\\/colab\\\/#\\\/schema\\\/logo\\\/image\\\/\"},\"sameAs\":[\"https:\\\/\\\/www.facebook.com\\\/colabpucminas\",\"https:\\\/\\\/x.com\\\/colabpucminas\",\"https:\\\/\\\/www.instagram.com\\\/colabpucminas\\\/\",\"https:\\\/\\\/www.linkedin.com\\\/company\\\/colab-puc-minas\",\"https:\\\/\\\/www.youtube.com\\\/channel\\\/UC14mKIqnnGCOgVr4DG6FPkA\"]},{\"@type\":\"Person\",\"@id\":\"https:\\\/\\\/blogfca.pucminas.br\\\/colab\\\/#\\\/schema\\\/person\\\/0a36550d220289e04202b82f96006f16\",\"name\":\"Mateus Alc\u00e2ntara\",\"image\":{\"@type\":\"ImageObject\",\"inLanguage\":\"pt-BR\",\"@id\":\"https:\\\/\\\/secure.gravatar.com\\\/avatar\\\/1dac53b2de604c73dd0acec2c8b2fe927025db204ba75c20ef75d11b7a049cbd?s=96&d=mm&r=g\",\"url\":\"https:\\\/\\\/secure.gravatar.com\\\/avatar\\\/1dac53b2de604c73dd0acec2c8b2fe927025db204ba75c20ef75d11b7a049cbd?s=96&d=mm&r=g\",\"contentUrl\":\"https:\\\/\\\/secure.gravatar.com\\\/avatar\\\/1dac53b2de604c73dd0acec2c8b2fe927025db204ba75c20ef75d11b7a049cbd?s=96&d=mm&r=g\",\"caption\":\"Mateus Alc\u00e2ntara\"},\"url\":\"https:\\\/\\\/blogfca.pucminas.br\\\/colab\\\/author\\\/mateusbruno\\\/\"}]}<\/script>\n<!-- \/ Yoast SEO plugin. -->","yoast_head_json":{"title":"Confeitaria caseira contra a ind\u00fastria: como confeiteiras de BH driblam altos custos e entregas em aplicativo - Colab","description":"Os desafios encontrados pelas confeiteiras mineiras frente \u00e0 ind\u00fastria de bolos e doces, e suas solu\u00e7\u00f5es para vender nesse mercado altamente lucrativo.","robots":{"index":"index","follow":"follow","max-snippet":"max-snippet:-1","max-image-preview":"max-image-preview:large","max-video-preview":"max-video-preview:-1"},"canonical":"https:\/\/blogfca.pucminas.br\/colab\/desafios-confeitaria-caseira\/","og_locale":"pt_BR","og_type":"article","og_title":"Confeitaria caseira contra a ind\u00fastria: como confeiteiras de BH driblam altos custos e entregas em aplicativo - Colab","og_description":"Os desafios encontrados pelas confeiteiras mineiras frente \u00e0 ind\u00fastria de bolos e doces, e suas solu\u00e7\u00f5es para vender nesse mercado altamente lucrativo.","og_url":"https:\/\/blogfca.pucminas.br\/colab\/desafios-confeitaria-caseira\/","og_site_name":"Colab","article_publisher":"https:\/\/www.facebook.com\/colabpucminas","article_published_time":"2026-04-29T18:45:44+00:00","article_modified_time":"2026-04-29T18:45:47+00:00","og_image":[{"width":2400,"height":1595,"url":"https:\/\/blogfca.pucminas.br\/colab\/wp-content\/uploads\/2026\/04\/rosemary-williams-MUbR4H4UhAM-unsplash.jpg","type":"image\/jpeg"}],"author":"Mateus Alc\u00e2ntara","twitter_card":"summary_large_image","twitter_creator":"@colabpucminas","twitter_site":"@colabpucminas","twitter_misc":{"Escrito por":"Mateus Alc\u00e2ntara","Est. tempo de leitura":"5 minutos"},"schema":{"@context":"https:\/\/schema.org","@graph":[{"@type":"Article","@id":"https:\/\/blogfca.pucminas.br\/colab\/desafios-confeitaria-caseira\/#article","isPartOf":{"@id":"https:\/\/blogfca.pucminas.br\/colab\/desafios-confeitaria-caseira\/"},"author":{"name":"Mateus Alc\u00e2ntara","@id":"https:\/\/blogfca.pucminas.br\/colab\/#\/schema\/person\/0a36550d220289e04202b82f96006f16"},"headline":"Confeitaria caseira contra a ind\u00fastria: como confeiteiras de BH driblam altos custos e entregas em aplicativo","datePublished":"2026-04-29T18:45:44+00:00","dateModified":"2026-04-29T18:45:47+00:00","mainEntityOfPage":{"@id":"https:\/\/blogfca.pucminas.br\/colab\/desafios-confeitaria-caseira\/"},"wordCount":944,"commentCount":0,"publisher":{"@id":"https:\/\/blogfca.pucminas.br\/colab\/#organization"},"image":{"@id":"https:\/\/blogfca.pucminas.br\/colab\/desafios-confeitaria-caseira\/#primaryimage"},"thumbnailUrl":"https:\/\/blogfca.pucminas.br\/colab\/wp-content\/uploads\/2026\/04\/rosemary-williams-MUbR4H4UhAM-unsplash.jpg","keywords":["bolo","confeitaria","doce","economia","gastronomia"],"articleSection":["Colab","Economia","Gastronomia"],"inLanguage":"pt-BR","potentialAction":[{"@type":"CommentAction","name":"Comment","target":["https:\/\/blogfca.pucminas.br\/colab\/desafios-confeitaria-caseira\/#respond"]}]},{"@type":"WebPage","@id":"https:\/\/blogfca.pucminas.br\/colab\/desafios-confeitaria-caseira\/","url":"https:\/\/blogfca.pucminas.br\/colab\/desafios-confeitaria-caseira\/","name":"Confeitaria caseira contra a ind\u00fastria: como confeiteiras de BH driblam altos custos e entregas em aplicativo - Colab","isPartOf":{"@id":"https:\/\/blogfca.pucminas.br\/colab\/#website"},"primaryImageOfPage":{"@id":"https:\/\/blogfca.pucminas.br\/colab\/desafios-confeitaria-caseira\/#primaryimage"},"image":{"@id":"https:\/\/blogfca.pucminas.br\/colab\/desafios-confeitaria-caseira\/#primaryimage"},"thumbnailUrl":"https:\/\/blogfca.pucminas.br\/colab\/wp-content\/uploads\/2026\/04\/rosemary-williams-MUbR4H4UhAM-unsplash.jpg","datePublished":"2026-04-29T18:45:44+00:00","dateModified":"2026-04-29T18:45:47+00:00","description":"Os desafios encontrados pelas confeiteiras mineiras frente \u00e0 ind\u00fastria de bolos e doces, e suas solu\u00e7\u00f5es para vender nesse mercado altamente lucrativo.","breadcrumb":{"@id":"https:\/\/blogfca.pucminas.br\/colab\/desafios-confeitaria-caseira\/#breadcrumb"},"inLanguage":"pt-BR","potentialAction":[{"@type":"ReadAction","target":["https:\/\/blogfca.pucminas.br\/colab\/desafios-confeitaria-caseira\/"]}]},{"@type":"ImageObject","inLanguage":"pt-BR","@id":"https:\/\/blogfca.pucminas.br\/colab\/desafios-confeitaria-caseira\/#primaryimage","url":"https:\/\/blogfca.pucminas.br\/colab\/wp-content\/uploads\/2026\/04\/rosemary-williams-MUbR4H4UhAM-unsplash.jpg","contentUrl":"https:\/\/blogfca.pucminas.br\/colab\/wp-content\/uploads\/2026\/04\/rosemary-williams-MUbR4H4UhAM-unsplash.jpg","width":2400,"height":1595,"caption":"Imagem meramente ilustrativa, via Unsplash\/Ev"},{"@type":"BreadcrumbList","@id":"https:\/\/blogfca.pucminas.br\/colab\/desafios-confeitaria-caseira\/#breadcrumb","itemListElement":[{"@type":"ListItem","position":1,"name":"In\u00edcio","item":"https:\/\/blogfca.pucminas.br\/colab\/"},{"@type":"ListItem","position":2,"name":"Confeitaria caseira contra a ind\u00fastria: como confeiteiras de BH driblam altos custos e entregas em aplicativo"}]},{"@type":"WebSite","@id":"https:\/\/blogfca.pucminas.br\/colab\/#website","url":"https:\/\/blogfca.pucminas.br\/colab\/","name":"Colab","description":"Experimenta\u00e7\u00e3o, conte\u00fado e colabora\u00e7\u00e3o em Jornalismo Digital","publisher":{"@id":"https:\/\/blogfca.pucminas.br\/colab\/#organization"},"potentialAction":[{"@type":"SearchAction","target":{"@type":"EntryPoint","urlTemplate":"https:\/\/blogfca.pucminas.br\/colab\/?s={search_term_string}"},"query-input":{"@type":"PropertyValueSpecification","valueRequired":true,"valueName":"search_term_string"}}],"inLanguage":"pt-BR"},{"@type":"Organization","@id":"https:\/\/blogfca.pucminas.br\/colab\/#organization","name":"Colab :: Laborat\u00f3rio de Comunica\u00e7\u00e3o Digital da FCA \/ PUC Minas","url":"https:\/\/blogfca.pucminas.br\/colab\/","logo":{"@type":"ImageObject","inLanguage":"pt-BR","@id":"https:\/\/blogfca.pucminas.br\/colab\/#\/schema\/logo\/image\/","url":"https:\/\/blogfca.pucminas.br\/colab\/wp-content\/uploads\/2020\/03\/Avatar-Colab.jpg","contentUrl":"https:\/\/blogfca.pucminas.br\/colab\/wp-content\/uploads\/2020\/03\/Avatar-Colab.jpg","width":1682,"height":1682,"caption":"Colab :: Laborat\u00f3rio de Comunica\u00e7\u00e3o Digital da FCA \/ PUC Minas"},"image":{"@id":"https:\/\/blogfca.pucminas.br\/colab\/#\/schema\/logo\/image\/"},"sameAs":["https:\/\/www.facebook.com\/colabpucminas","https:\/\/x.com\/colabpucminas","https:\/\/www.instagram.com\/colabpucminas\/","https:\/\/www.linkedin.com\/company\/colab-puc-minas","https:\/\/www.youtube.com\/channel\/UC14mKIqnnGCOgVr4DG6FPkA"]},{"@type":"Person","@id":"https:\/\/blogfca.pucminas.br\/colab\/#\/schema\/person\/0a36550d220289e04202b82f96006f16","name":"Mateus Alc\u00e2ntara","image":{"@type":"ImageObject","inLanguage":"pt-BR","@id":"https:\/\/secure.gravatar.com\/avatar\/1dac53b2de604c73dd0acec2c8b2fe927025db204ba75c20ef75d11b7a049cbd?s=96&d=mm&r=g","url":"https:\/\/secure.gravatar.com\/avatar\/1dac53b2de604c73dd0acec2c8b2fe927025db204ba75c20ef75d11b7a049cbd?s=96&d=mm&r=g","contentUrl":"https:\/\/secure.gravatar.com\/avatar\/1dac53b2de604c73dd0acec2c8b2fe927025db204ba75c20ef75d11b7a049cbd?s=96&d=mm&r=g","caption":"Mateus Alc\u00e2ntara"},"url":"https:\/\/blogfca.pucminas.br\/colab\/author\/mateusbruno\/"}]}},"amp_enabled":true,"_links":{"self":[{"href":"https:\/\/blogfca.pucminas.br\/colab\/wp-json\/wp\/v2\/posts\/29090","targetHints":{"allow":["GET"]}}],"collection":[{"href":"https:\/\/blogfca.pucminas.br\/colab\/wp-json\/wp\/v2\/posts"}],"about":[{"href":"https:\/\/blogfca.pucminas.br\/colab\/wp-json\/wp\/v2\/types\/post"}],"author":[{"embeddable":true,"href":"https:\/\/blogfca.pucminas.br\/colab\/wp-json\/wp\/v2\/users\/144"}],"replies":[{"embeddable":true,"href":"https:\/\/blogfca.pucminas.br\/colab\/wp-json\/wp\/v2\/comments?post=29090"}],"version-history":[{"count":16,"href":"https:\/\/blogfca.pucminas.br\/colab\/wp-json\/wp\/v2\/posts\/29090\/revisions"}],"predecessor-version":[{"id":29116,"href":"https:\/\/blogfca.pucminas.br\/colab\/wp-json\/wp\/v2\/posts\/29090\/revisions\/29116"}],"wp:featuredmedia":[{"embeddable":true,"href":"https:\/\/blogfca.pucminas.br\/colab\/wp-json\/wp\/v2\/media\/29091"}],"wp:attachment":[{"href":"https:\/\/blogfca.pucminas.br\/colab\/wp-json\/wp\/v2\/media?parent=29090"}],"wp:term":[{"taxonomy":"category","embeddable":true,"href":"https:\/\/blogfca.pucminas.br\/colab\/wp-json\/wp\/v2\/categories?post=29090"},{"taxonomy":"post_tag","embeddable":true,"href":"https:\/\/blogfca.pucminas.br\/colab\/wp-json\/wp\/v2\/tags?post=29090"}],"curies":[{"name":"wp","href":"https:\/\/api.w.org\/{rel}","templated":true}]}}