{"id":29009,"date":"2026-04-29T14:42:11","date_gmt":"2026-04-29T17:42:11","guid":{"rendered":"https:\/\/blogfca.pucminas.br\/colab\/?p=29009"},"modified":"2026-04-29T14:42:15","modified_gmt":"2026-04-29T17:42:15","slug":"furo-humanizado-vira-negocio","status":"publish","type":"post","link":"https:\/\/blogfca.pucminas.br\/colab\/furo-humanizado-vira-negocio\/","title":{"rendered":"Enfermeiras transformam furo humanizado em neg\u00f3cio"},"content":{"rendered":"\n<p>Furar orelhas de beb\u00eas ainda \u00e9, para muitos, uma pr\u00e1tica associada a farm\u00e1cias, marcada pelo barulho do aparelho e, muitas vezes, por desconforto. Mas e se esse processo fosse conduzido com t\u00e9cnica, cuidado, humaniza\u00e7\u00e3o e ainda se transformasse em um neg\u00f3cio? Foi essa possibilidade que chamou a aten\u00e7\u00e3o de Michelle Carbonaro, moradora de Belo Horizonte, <strong>enfermeira especialista em furo humanizado<\/strong> h\u00e1 mais de quatro anos, que viu na pr\u00e1tica uma oportunidade de empreender.<\/p>\n\n\n\n<p>Michelle atua com furo humanizado, uma t\u00e9cnica de <em>body piercing<\/em> aplicada principalmente em beb\u00eas, crian\u00e7as e adultos, que prioriza cuidado, seguran\u00e7a e conforto durante o procedimento. Diferente do m\u00e9todo tradicional, que usa aparelhos de press\u00e3o comuns em farm\u00e1cias, o processo \u00e9 realizado com materiais esterilizados, t\u00e9cnicas de biosseguran\u00e7a e aten\u00e7\u00e3o individualizada ao paciente. Com forma\u00e7\u00e3o em enfermagem, ela utiliza conhecimentos como uso de EPIs, assepsia e manejo adequado de perfurocortantes para garantir um atendimento mais seguro e humanizado, transformando a pr\u00e1tica em um servi\u00e7o especializado dentro da \u00e1rea da sa\u00fade e est\u00e9tica.<\/p>\n\n\n\n<p>Nas m\u00eddias sociais, a empreendedora afirma j\u00e1 ter realizado mais de 2 mil perfura\u00e7\u00f5es e hoje tamb\u00e9m ensina outras mulheres a entrar no mercado. \u201cTe ensino como come\u00e7ar a empreender do zero! E mudar de vida!\u201d, divulga. Com mais de 100 alunas formadas, Michelle deixou o trabalho hospitalar e passou a viver exclusivamente do pr\u00f3prio neg\u00f3cio, trajet\u00f3ria que dialoga com o <strong>crescimento do empreendedorismo feminino no pa\u00eds<\/strong>.<\/p>\n\n\n\n<figure class=\"wp-block-image size-full\"><img data-dominant-color=\"aaa6a2\" data-has-transparency=\"false\" style=\"--dominant-color: #aaa6a2;\" loading=\"lazy\" decoding=\"async\" width=\"1080\" height=\"1080\" sizes=\"auto, (max-width: 1080px) 100vw, 1080px\" src=\"https:\/\/blogfca.pucminas.br\/colab\/wp-content\/uploads\/2026\/04\/SaveClip.App_471372179_18476523421010980_2487708232995094749_n.jpg\" alt=\"\" class=\"wp-image-29010 not-transparent\"\/><figcaption class=\"wp-element-caption\">Furo humanizado \u00e9 uma t\u00e9cnica de body piercing que substitui o aparelho de press\u00e3o por um procedimento esterilizado e individualizado, priorizando seguran\u00e7a, conforto e menor estresse, especialmente em beb\u00eas. Reprodu\u00e7\u00e3o: m\u00eddias sociais \/ Michelle Carbonaro<\/figcaption><\/figure>\n\n\n\n<h2 class=\"wp-block-heading\"><strong>Da enfermagem ao empreendedorismo<\/strong><\/h2>\n\n\n\n<p>Dados do Sebrae mostram que o Brasil registrou aumento de 27% no n\u00famero de mulheres donas de neg\u00f3cio nos \u00faltimos dez anos, passando de 8,2 milh\u00f5es em 2015 para 10,4 milh\u00f5es em 2025, um recorde hist\u00f3rico. Apesar do avan\u00e7o, elas ainda representam 34,3% dos empreendedores, o que evidencia um cen\u00e1rio de desigualdade, mesmo com a expans\u00e3o.<\/p>\n\n\n\n<p>No caso de Michelle, a virada come\u00e7ou ainda na faculdade, durante a escolha do tema do TCC, em 2019. \u201cEu n\u00e3o me enquadrava, n\u00e3o conseguia me ver dentro dos temas intra-hospitalares. N\u00e3o estava me achando\u201d, relata. A mudan\u00e7a veio a partir de um questionamento que a marcou: <\/p>\n\n\n\n<figure class=\"wp-block-pullquote\"><blockquote><p>\u201cPor que enfermeiro n\u00e3o empreende? Enfermeiro tem que trabalhar pros outros pro resto da vida?\u201d<\/p><\/blockquote><\/figure>\n\n\n\n<p>A inquieta\u00e7\u00e3o a levou a buscar caminhos fora do modelo tradicional. \u201cEra algo muito novo, n\u00e3o se falava sobre empreendedorismo na enfermagem, n\u00e3o tinha isso na nossa grade curricular\u201d, afirma. Ao explorar possibilidades, encontrou o furo humanizado, \u00e1rea que j\u00e1 dialogava com seu interesse pela sa\u00fade materno-infantil. \u201cFoi a\u00ed que eu percebi que o furo humanizado era uma oportunidade de neg\u00f3cio.\u201d conta.<\/p>\n\n\n<div class=\"wp-block-image\">\n<figure class=\"alignright size-full is-resized\"><img data-dominant-color=\"66625e\" data-has-transparency=\"false\" loading=\"lazy\" decoding=\"async\" width=\"1080\" height=\"1421\" sizes=\"auto, (max-width: 1080px) 100vw, 1080px\" src=\"https:\/\/blogfca.pucminas.br\/colab\/wp-content\/uploads\/2026\/04\/SaveClip.App_539898635_18523130707010980_5233933477293841794_n.jpg\" alt=\"\" class=\"wp-image-29012 not-transparent\" style=\"--dominant-color: #66625e; aspect-ratio:0.76003507938538;width:411px;height:auto\"\/><figcaption class=\"wp-element-caption\">Michelle ao lado de enfermeiras que conclu\u00edram seu curso de furo humanizado. Reprodu\u00e7\u00e3o: M\u00eddias sociais \/ Michelle Carbonaro<\/figcaption><\/figure>\n<\/div>\n\n\n<p>A falta de refer\u00eancias foi um dos primeiros desafios. Segundo ela, havia poucos artigos acad\u00eamicos sobre o tema e nenhuma forma\u00e7\u00e3o dispon\u00edvel em Belo Horizonte. \u201cTive que fazer meu curso no Rio de Janeiro. Aqui n\u00e3o se falava sobre isso\u201d, conta. Ainda assim, decidiu apostar na \u00e1rea, mesmo sem garantias de retorno.<\/p>\n\n\n\n<p>Com o tempo, a atividade se mostrou financeiramente vi\u00e1vel. \u201cO investimento inicial \u00e9 baixo, o material \u00e9 barato e, como \u00e9 um servi\u00e7o personalizado, a gente cobra mais caro, ent\u00e3o tem uma margem de lucro interessante\u201d, explica. O cen\u00e1rio acompanha uma tend\u00eancia apontada pelo Sebrae: embora as mulheres ainda tenham rendimento m\u00e9dio 24% inferior ao dos homens, houve redu\u00e7\u00e3o dessa diferen\u00e7a e crescimento da renda feminina, que chegou a R$ 2.929,94 em 2025.<\/p>\n\n\n\n<h2 class=\"wp-block-heading\"><strong>Novo mercado e impacto entre mulheres<\/strong><\/h2>\n\n\n\n<p>A forma\u00e7\u00e3o em enfermagem foi essencial nesse processo. \u201cBiosseguran\u00e7a, uso de EPIs, descarte de materiais, humaniza\u00e7\u00e3o\u2026 tudo isso a gente aprende na enfermagem e aplica no furo humanizado\u201d, diz Michelle, destacando o cuidado como diferencial no atendimento.<\/p>\n\n\n\n<p>O que come\u00e7ou como renda extra rapidamente se consolidou como principal fonte de sustento. \u201cHoje minha renda \u00e9 100% do furo humanizado. Me trouxe liberdade financeira e geogr\u00e1fica\u201d, afirma. A formaliza\u00e7\u00e3o tamb\u00e9m fez parte desse caminho, em linha com o cen\u00e1rio nacional, onde 37% das mulheres empreendedoras possuem CNPJ.<\/p>\n\n\n\n<figure class=\"wp-block-pullquote has-text-align-left\"><blockquote><p>\u201cAs pr\u00f3prias enfermeiras come\u00e7aram a me chamar, perguntando se eu ensinava. Isso despertou em mim a vontade de ministrar cursos\u201d.<\/p><cite>Michelle Carbonaro &#8211; Enfermeira e empres\u00e1ria<\/cite><\/blockquote><\/figure>\n\n\n\n<p>Hoje, al\u00e9m de empreender, Michelle impacta outras mulheres que buscam autonomia financeira. \u201cTenho alunas que conseguiram sair da CLT e vivem s\u00f3 do furo humanizado\u201d, conta. Para ela, o retorno vai al\u00e9m da renda: \u201c\u00c9 muito satisfat\u00f3rio poder proporcionar esse conhecimento e contribuir para a qualidade de vida e liberdade financeira delas\u201d.<\/p>\n\n\n\n<p>O avan\u00e7o da escolaridade feminina tamb\u00e9m acompanha esse movimento. Segundo o Sebrae, houve aumento significativo no n\u00famero de mulheres empreendedoras com ensino superior, o que refor\u00e7a a qualifica\u00e7\u00e3o como motor desse crescimento. Michelle faz parte desse perfil ao utilizar a pr\u00f3pria forma\u00e7\u00e3o para inovar dentro da \u00e1rea.<\/p>\n\n\n\n<p>Mesmo com os avan\u00e7os, os desafios persistem: a taxa de empreendedorismo entre mulheres (11,5%) ainda \u00e9 menos da metade da masculina (23,6%). Ainda assim, hist\u00f3rias como a dela revelam um movimento em expans\u00e3o, de profissionais que transformam conhecimento t\u00e9cnico em neg\u00f3cio e ampliam as possibilidades da enfermagem para al\u00e9m do ambiente hospitalar. \u201cEmpreender \u00e9 muito bom, mas d\u00e1 muito trabalho tamb\u00e9m. Voc\u00ea trabalha 24 horas se deixar\u201d, resume a empreendedora e enfermeira. Ainda assim, para ela, o saldo \u00e9 positivo e crescente, tanto no pr\u00f3prio neg\u00f3cio quanto na vida de outras mulheres.<\/p>\n","protected":false},"excerpt":{"rendered":"<p>Pr\u00e1tica de body piercing humanizado impulsiona autonomia financeira e amplia a atua\u00e7\u00e3o da enfermagem<\/p>\n","protected":false},"author":59,"featured_media":29011,"comment_status":"open","ping_status":"open","sticky":false,"template":"","format":"standard","meta":{"_eb_attr":"","ngg_post_thumbnail":0,"footnotes":""},"categories":[375],"tags":[651,1432,2913],"class_list":["post-29009","post","type-post","status-publish","format-standard","has-post-thumbnail","hentry","category-economia","tag-empreendedorismo","tag-empreendedorismo-feminino","tag-furo-humanizado"],"yoast_head":"<!-- This site is optimized with the Yoast SEO plugin v27.5 - https:\/\/yoast.com\/product\/yoast-seo-wordpress\/ -->\n<title>Enfermeiras transformam furo humanizado em neg\u00f3cio - Colab<\/title>\n<meta name=\"description\" content=\"Pr\u00e1tica de body piercing humanizado impulsiona autonomia financeira e amplia a atua\u00e7\u00e3o da enfermagem para al\u00e9m do hospital\" \/>\n<meta name=\"robots\" content=\"index, follow, max-snippet:-1, max-image-preview:large, max-video-preview:-1\" \/>\n<link rel=\"canonical\" href=\"https:\/\/blogfca.pucminas.br\/colab\/furo-humanizado-vira-negocio\/\" \/>\n<meta property=\"og:locale\" content=\"pt_BR\" \/>\n<meta property=\"og:type\" content=\"article\" \/>\n<meta property=\"og:title\" content=\"Enfermeiras transformam furo humanizado em neg\u00f3cio - Colab\" \/>\n<meta property=\"og:description\" content=\"Pr\u00e1tica de body piercing humanizado impulsiona autonomia financeira e amplia a atua\u00e7\u00e3o da enfermagem para al\u00e9m do hospital\" \/>\n<meta property=\"og:url\" content=\"https:\/\/blogfca.pucminas.br\/colab\/furo-humanizado-vira-negocio\/\" \/>\n<meta property=\"og:site_name\" content=\"Colab\" \/>\n<meta property=\"article:publisher\" content=\"https:\/\/www.facebook.com\/colabpucminas\" \/>\n<meta property=\"article:published_time\" content=\"2026-04-29T17:42:11+00:00\" \/>\n<meta property=\"article:modified_time\" content=\"2026-04-29T17:42:15+00:00\" \/>\n<meta property=\"og:image\" content=\"https:\/\/blogfca.pucminas.br\/colab\/wp-content\/uploads\/2026\/04\/SaveClip.App_623438832_18098526788494017_761584441340589074_n.jpg\" \/>\n\t<meta property=\"og:image:width\" content=\"1080\" \/>\n\t<meta property=\"og:image:height\" content=\"1350\" \/>\n\t<meta property=\"og:image:type\" content=\"image\/jpeg\" \/>\n<meta name=\"author\" content=\"Janaina Veloso\" \/>\n<meta name=\"twitter:card\" content=\"summary_large_image\" \/>\n<meta name=\"twitter:creator\" content=\"@colabpucminas\" \/>\n<meta name=\"twitter:site\" content=\"@colabpucminas\" \/>\n<meta name=\"twitter:label1\" content=\"Escrito por\" \/>\n\t<meta name=\"twitter:data1\" content=\"Janaina Veloso\" \/>\n\t<meta name=\"twitter:label2\" content=\"Est. tempo de leitura\" \/>\n\t<meta name=\"twitter:data2\" content=\"6 minutos\" \/>\n<script type=\"application\/ld+json\" class=\"yoast-schema-graph\">{\"@context\":\"https:\\\/\\\/schema.org\",\"@graph\":[{\"@type\":\"Article\",\"@id\":\"https:\\\/\\\/blogfca.pucminas.br\\\/colab\\\/furo-humanizado-vira-negocio\\\/#article\",\"isPartOf\":{\"@id\":\"https:\\\/\\\/blogfca.pucminas.br\\\/colab\\\/furo-humanizado-vira-negocio\\\/\"},\"author\":{\"name\":\"Janaina Veloso\",\"@id\":\"https:\\\/\\\/blogfca.pucminas.br\\\/colab\\\/#\\\/schema\\\/person\\\/cdc36442efa6edeb352f8f893179d848\"},\"headline\":\"Enfermeiras transformam furo humanizado em neg\u00f3cio\",\"datePublished\":\"2026-04-29T17:42:11+00:00\",\"dateModified\":\"2026-04-29T17:42:15+00:00\",\"mainEntityOfPage\":{\"@id\":\"https:\\\/\\\/blogfca.pucminas.br\\\/colab\\\/furo-humanizado-vira-negocio\\\/\"},\"wordCount\":982,\"commentCount\":0,\"publisher\":{\"@id\":\"https:\\\/\\\/blogfca.pucminas.br\\\/colab\\\/#organization\"},\"image\":{\"@id\":\"https:\\\/\\\/blogfca.pucminas.br\\\/colab\\\/furo-humanizado-vira-negocio\\\/#primaryimage\"},\"thumbnailUrl\":\"https:\\\/\\\/blogfca.pucminas.br\\\/colab\\\/wp-content\\\/uploads\\\/2026\\\/04\\\/SaveClip.App_623438832_18098526788494017_761584441340589074_n.jpg\",\"keywords\":[\"empreendedorismo\",\"empreendedorismo feminino\",\"furo humanizado\"],\"articleSection\":[\"Economia\"],\"inLanguage\":\"pt-BR\",\"potentialAction\":[{\"@type\":\"CommentAction\",\"name\":\"Comment\",\"target\":[\"https:\\\/\\\/blogfca.pucminas.br\\\/colab\\\/furo-humanizado-vira-negocio\\\/#respond\"]}]},{\"@type\":\"WebPage\",\"@id\":\"https:\\\/\\\/blogfca.pucminas.br\\\/colab\\\/furo-humanizado-vira-negocio\\\/\",\"url\":\"https:\\\/\\\/blogfca.pucminas.br\\\/colab\\\/furo-humanizado-vira-negocio\\\/\",\"name\":\"Enfermeiras transformam furo humanizado em neg\u00f3cio - Colab\",\"isPartOf\":{\"@id\":\"https:\\\/\\\/blogfca.pucminas.br\\\/colab\\\/#website\"},\"primaryImageOfPage\":{\"@id\":\"https:\\\/\\\/blogfca.pucminas.br\\\/colab\\\/furo-humanizado-vira-negocio\\\/#primaryimage\"},\"image\":{\"@id\":\"https:\\\/\\\/blogfca.pucminas.br\\\/colab\\\/furo-humanizado-vira-negocio\\\/#primaryimage\"},\"thumbnailUrl\":\"https:\\\/\\\/blogfca.pucminas.br\\\/colab\\\/wp-content\\\/uploads\\\/2026\\\/04\\\/SaveClip.App_623438832_18098526788494017_761584441340589074_n.jpg\",\"datePublished\":\"2026-04-29T17:42:11+00:00\",\"dateModified\":\"2026-04-29T17:42:15+00:00\",\"description\":\"Pr\u00e1tica de body piercing humanizado impulsiona autonomia financeira e amplia a atua\u00e7\u00e3o da enfermagem para al\u00e9m do hospital\",\"breadcrumb\":{\"@id\":\"https:\\\/\\\/blogfca.pucminas.br\\\/colab\\\/furo-humanizado-vira-negocio\\\/#breadcrumb\"},\"inLanguage\":\"pt-BR\",\"potentialAction\":[{\"@type\":\"ReadAction\",\"target\":[\"https:\\\/\\\/blogfca.pucminas.br\\\/colab\\\/furo-humanizado-vira-negocio\\\/\"]}]},{\"@type\":\"ImageObject\",\"inLanguage\":\"pt-BR\",\"@id\":\"https:\\\/\\\/blogfca.pucminas.br\\\/colab\\\/furo-humanizado-vira-negocio\\\/#primaryimage\",\"url\":\"https:\\\/\\\/blogfca.pucminas.br\\\/colab\\\/wp-content\\\/uploads\\\/2026\\\/04\\\/SaveClip.App_623438832_18098526788494017_761584441340589074_n.jpg\",\"contentUrl\":\"https:\\\/\\\/blogfca.pucminas.br\\\/colab\\\/wp-content\\\/uploads\\\/2026\\\/04\\\/SaveClip.App_623438832_18098526788494017_761584441340589074_n.jpg\",\"width\":1080,\"height\":1350,\"caption\":\"Hoje, al\u00e9m de empreender, Michelle impacta outras mulheres que buscam autonomia financeira.\"},{\"@type\":\"BreadcrumbList\",\"@id\":\"https:\\\/\\\/blogfca.pucminas.br\\\/colab\\\/furo-humanizado-vira-negocio\\\/#breadcrumb\",\"itemListElement\":[{\"@type\":\"ListItem\",\"position\":1,\"name\":\"In\u00edcio\",\"item\":\"https:\\\/\\\/blogfca.pucminas.br\\\/colab\\\/\"},{\"@type\":\"ListItem\",\"position\":2,\"name\":\"Enfermeiras transformam furo humanizado em neg\u00f3cio\"}]},{\"@type\":\"WebSite\",\"@id\":\"https:\\\/\\\/blogfca.pucminas.br\\\/colab\\\/#website\",\"url\":\"https:\\\/\\\/blogfca.pucminas.br\\\/colab\\\/\",\"name\":\"Colab\",\"description\":\"Experimenta\u00e7\u00e3o, conte\u00fado e colabora\u00e7\u00e3o em Jornalismo Digital\",\"publisher\":{\"@id\":\"https:\\\/\\\/blogfca.pucminas.br\\\/colab\\\/#organization\"},\"potentialAction\":[{\"@type\":\"SearchAction\",\"target\":{\"@type\":\"EntryPoint\",\"urlTemplate\":\"https:\\\/\\\/blogfca.pucminas.br\\\/colab\\\/?s={search_term_string}\"},\"query-input\":{\"@type\":\"PropertyValueSpecification\",\"valueRequired\":true,\"valueName\":\"search_term_string\"}}],\"inLanguage\":\"pt-BR\"},{\"@type\":\"Organization\",\"@id\":\"https:\\\/\\\/blogfca.pucminas.br\\\/colab\\\/#organization\",\"name\":\"Colab :: Laborat\u00f3rio de Comunica\u00e7\u00e3o Digital da FCA \\\/ PUC Minas\",\"url\":\"https:\\\/\\\/blogfca.pucminas.br\\\/colab\\\/\",\"logo\":{\"@type\":\"ImageObject\",\"inLanguage\":\"pt-BR\",\"@id\":\"https:\\\/\\\/blogfca.pucminas.br\\\/colab\\\/#\\\/schema\\\/logo\\\/image\\\/\",\"url\":\"https:\\\/\\\/blogfca.pucminas.br\\\/colab\\\/wp-content\\\/uploads\\\/2020\\\/03\\\/Avatar-Colab.jpg\",\"contentUrl\":\"https:\\\/\\\/blogfca.pucminas.br\\\/colab\\\/wp-content\\\/uploads\\\/2020\\\/03\\\/Avatar-Colab.jpg\",\"width\":1682,\"height\":1682,\"caption\":\"Colab :: Laborat\u00f3rio de Comunica\u00e7\u00e3o Digital da FCA \\\/ PUC Minas\"},\"image\":{\"@id\":\"https:\\\/\\\/blogfca.pucminas.br\\\/colab\\\/#\\\/schema\\\/logo\\\/image\\\/\"},\"sameAs\":[\"https:\\\/\\\/www.facebook.com\\\/colabpucminas\",\"https:\\\/\\\/x.com\\\/colabpucminas\",\"https:\\\/\\\/www.instagram.com\\\/colabpucminas\\\/\",\"https:\\\/\\\/www.linkedin.com\\\/company\\\/colab-puc-minas\",\"https:\\\/\\\/www.youtube.com\\\/channel\\\/UC14mKIqnnGCOgVr4DG6FPkA\"]},{\"@type\":\"Person\",\"@id\":\"https:\\\/\\\/blogfca.pucminas.br\\\/colab\\\/#\\\/schema\\\/person\\\/cdc36442efa6edeb352f8f893179d848\",\"name\":\"Janaina Veloso\",\"image\":{\"@type\":\"ImageObject\",\"inLanguage\":\"pt-BR\",\"@id\":\"https:\\\/\\\/secure.gravatar.com\\\/avatar\\\/42d0383c1ba831a5ec83966cbc6af0469741918fa4fd0c213d0ec6253f54f956?s=96&d=mm&r=g\",\"url\":\"https:\\\/\\\/secure.gravatar.com\\\/avatar\\\/42d0383c1ba831a5ec83966cbc6af0469741918fa4fd0c213d0ec6253f54f956?s=96&d=mm&r=g\",\"contentUrl\":\"https:\\\/\\\/secure.gravatar.com\\\/avatar\\\/42d0383c1ba831a5ec83966cbc6af0469741918fa4fd0c213d0ec6253f54f956?s=96&d=mm&r=g\",\"caption\":\"Janaina Veloso\"},\"url\":\"https:\\\/\\\/blogfca.pucminas.br\\\/colab\\\/author\\\/janainaveloso\\\/\"}]}<\/script>\n<!-- \/ Yoast SEO plugin. -->","yoast_head_json":{"title":"Enfermeiras transformam furo humanizado em neg\u00f3cio - Colab","description":"Pr\u00e1tica de body piercing humanizado impulsiona autonomia financeira e amplia a atua\u00e7\u00e3o da enfermagem para al\u00e9m do hospital","robots":{"index":"index","follow":"follow","max-snippet":"max-snippet:-1","max-image-preview":"max-image-preview:large","max-video-preview":"max-video-preview:-1"},"canonical":"https:\/\/blogfca.pucminas.br\/colab\/furo-humanizado-vira-negocio\/","og_locale":"pt_BR","og_type":"article","og_title":"Enfermeiras transformam furo humanizado em neg\u00f3cio - Colab","og_description":"Pr\u00e1tica de body piercing humanizado impulsiona autonomia financeira e amplia a atua\u00e7\u00e3o da enfermagem para al\u00e9m do hospital","og_url":"https:\/\/blogfca.pucminas.br\/colab\/furo-humanizado-vira-negocio\/","og_site_name":"Colab","article_publisher":"https:\/\/www.facebook.com\/colabpucminas","article_published_time":"2026-04-29T17:42:11+00:00","article_modified_time":"2026-04-29T17:42:15+00:00","og_image":[{"width":1080,"height":1350,"url":"https:\/\/blogfca.pucminas.br\/colab\/wp-content\/uploads\/2026\/04\/SaveClip.App_623438832_18098526788494017_761584441340589074_n.jpg","type":"image\/jpeg"}],"author":"Janaina Veloso","twitter_card":"summary_large_image","twitter_creator":"@colabpucminas","twitter_site":"@colabpucminas","twitter_misc":{"Escrito por":"Janaina Veloso","Est. tempo de leitura":"6 minutos"},"schema":{"@context":"https:\/\/schema.org","@graph":[{"@type":"Article","@id":"https:\/\/blogfca.pucminas.br\/colab\/furo-humanizado-vira-negocio\/#article","isPartOf":{"@id":"https:\/\/blogfca.pucminas.br\/colab\/furo-humanizado-vira-negocio\/"},"author":{"name":"Janaina Veloso","@id":"https:\/\/blogfca.pucminas.br\/colab\/#\/schema\/person\/cdc36442efa6edeb352f8f893179d848"},"headline":"Enfermeiras transformam furo humanizado em neg\u00f3cio","datePublished":"2026-04-29T17:42:11+00:00","dateModified":"2026-04-29T17:42:15+00:00","mainEntityOfPage":{"@id":"https:\/\/blogfca.pucminas.br\/colab\/furo-humanizado-vira-negocio\/"},"wordCount":982,"commentCount":0,"publisher":{"@id":"https:\/\/blogfca.pucminas.br\/colab\/#organization"},"image":{"@id":"https:\/\/blogfca.pucminas.br\/colab\/furo-humanizado-vira-negocio\/#primaryimage"},"thumbnailUrl":"https:\/\/blogfca.pucminas.br\/colab\/wp-content\/uploads\/2026\/04\/SaveClip.App_623438832_18098526788494017_761584441340589074_n.jpg","keywords":["empreendedorismo","empreendedorismo feminino","furo humanizado"],"articleSection":["Economia"],"inLanguage":"pt-BR","potentialAction":[{"@type":"CommentAction","name":"Comment","target":["https:\/\/blogfca.pucminas.br\/colab\/furo-humanizado-vira-negocio\/#respond"]}]},{"@type":"WebPage","@id":"https:\/\/blogfca.pucminas.br\/colab\/furo-humanizado-vira-negocio\/","url":"https:\/\/blogfca.pucminas.br\/colab\/furo-humanizado-vira-negocio\/","name":"Enfermeiras transformam furo humanizado em neg\u00f3cio - Colab","isPartOf":{"@id":"https:\/\/blogfca.pucminas.br\/colab\/#website"},"primaryImageOfPage":{"@id":"https:\/\/blogfca.pucminas.br\/colab\/furo-humanizado-vira-negocio\/#primaryimage"},"image":{"@id":"https:\/\/blogfca.pucminas.br\/colab\/furo-humanizado-vira-negocio\/#primaryimage"},"thumbnailUrl":"https:\/\/blogfca.pucminas.br\/colab\/wp-content\/uploads\/2026\/04\/SaveClip.App_623438832_18098526788494017_761584441340589074_n.jpg","datePublished":"2026-04-29T17:42:11+00:00","dateModified":"2026-04-29T17:42:15+00:00","description":"Pr\u00e1tica de body piercing humanizado impulsiona autonomia financeira e amplia a atua\u00e7\u00e3o da enfermagem para al\u00e9m do hospital","breadcrumb":{"@id":"https:\/\/blogfca.pucminas.br\/colab\/furo-humanizado-vira-negocio\/#breadcrumb"},"inLanguage":"pt-BR","potentialAction":[{"@type":"ReadAction","target":["https:\/\/blogfca.pucminas.br\/colab\/furo-humanizado-vira-negocio\/"]}]},{"@type":"ImageObject","inLanguage":"pt-BR","@id":"https:\/\/blogfca.pucminas.br\/colab\/furo-humanizado-vira-negocio\/#primaryimage","url":"https:\/\/blogfca.pucminas.br\/colab\/wp-content\/uploads\/2026\/04\/SaveClip.App_623438832_18098526788494017_761584441340589074_n.jpg","contentUrl":"https:\/\/blogfca.pucminas.br\/colab\/wp-content\/uploads\/2026\/04\/SaveClip.App_623438832_18098526788494017_761584441340589074_n.jpg","width":1080,"height":1350,"caption":"Hoje, al\u00e9m de empreender, Michelle impacta outras mulheres que buscam autonomia financeira."},{"@type":"BreadcrumbList","@id":"https:\/\/blogfca.pucminas.br\/colab\/furo-humanizado-vira-negocio\/#breadcrumb","itemListElement":[{"@type":"ListItem","position":1,"name":"In\u00edcio","item":"https:\/\/blogfca.pucminas.br\/colab\/"},{"@type":"ListItem","position":2,"name":"Enfermeiras transformam furo humanizado em neg\u00f3cio"}]},{"@type":"WebSite","@id":"https:\/\/blogfca.pucminas.br\/colab\/#website","url":"https:\/\/blogfca.pucminas.br\/colab\/","name":"Colab","description":"Experimenta\u00e7\u00e3o, conte\u00fado e colabora\u00e7\u00e3o em Jornalismo Digital","publisher":{"@id":"https:\/\/blogfca.pucminas.br\/colab\/#organization"},"potentialAction":[{"@type":"SearchAction","target":{"@type":"EntryPoint","urlTemplate":"https:\/\/blogfca.pucminas.br\/colab\/?s={search_term_string}"},"query-input":{"@type":"PropertyValueSpecification","valueRequired":true,"valueName":"search_term_string"}}],"inLanguage":"pt-BR"},{"@type":"Organization","@id":"https:\/\/blogfca.pucminas.br\/colab\/#organization","name":"Colab :: Laborat\u00f3rio de Comunica\u00e7\u00e3o Digital da FCA \/ PUC Minas","url":"https:\/\/blogfca.pucminas.br\/colab\/","logo":{"@type":"ImageObject","inLanguage":"pt-BR","@id":"https:\/\/blogfca.pucminas.br\/colab\/#\/schema\/logo\/image\/","url":"https:\/\/blogfca.pucminas.br\/colab\/wp-content\/uploads\/2020\/03\/Avatar-Colab.jpg","contentUrl":"https:\/\/blogfca.pucminas.br\/colab\/wp-content\/uploads\/2020\/03\/Avatar-Colab.jpg","width":1682,"height":1682,"caption":"Colab :: Laborat\u00f3rio de Comunica\u00e7\u00e3o Digital da FCA \/ PUC Minas"},"image":{"@id":"https:\/\/blogfca.pucminas.br\/colab\/#\/schema\/logo\/image\/"},"sameAs":["https:\/\/www.facebook.com\/colabpucminas","https:\/\/x.com\/colabpucminas","https:\/\/www.instagram.com\/colabpucminas\/","https:\/\/www.linkedin.com\/company\/colab-puc-minas","https:\/\/www.youtube.com\/channel\/UC14mKIqnnGCOgVr4DG6FPkA"]},{"@type":"Person","@id":"https:\/\/blogfca.pucminas.br\/colab\/#\/schema\/person\/cdc36442efa6edeb352f8f893179d848","name":"Janaina Veloso","image":{"@type":"ImageObject","inLanguage":"pt-BR","@id":"https:\/\/secure.gravatar.com\/avatar\/42d0383c1ba831a5ec83966cbc6af0469741918fa4fd0c213d0ec6253f54f956?s=96&d=mm&r=g","url":"https:\/\/secure.gravatar.com\/avatar\/42d0383c1ba831a5ec83966cbc6af0469741918fa4fd0c213d0ec6253f54f956?s=96&d=mm&r=g","contentUrl":"https:\/\/secure.gravatar.com\/avatar\/42d0383c1ba831a5ec83966cbc6af0469741918fa4fd0c213d0ec6253f54f956?s=96&d=mm&r=g","caption":"Janaina Veloso"},"url":"https:\/\/blogfca.pucminas.br\/colab\/author\/janainaveloso\/"}]}},"amp_enabled":true,"_links":{"self":[{"href":"https:\/\/blogfca.pucminas.br\/colab\/wp-json\/wp\/v2\/posts\/29009","targetHints":{"allow":["GET"]}}],"collection":[{"href":"https:\/\/blogfca.pucminas.br\/colab\/wp-json\/wp\/v2\/posts"}],"about":[{"href":"https:\/\/blogfca.pucminas.br\/colab\/wp-json\/wp\/v2\/types\/post"}],"author":[{"embeddable":true,"href":"https:\/\/blogfca.pucminas.br\/colab\/wp-json\/wp\/v2\/users\/59"}],"replies":[{"embeddable":true,"href":"https:\/\/blogfca.pucminas.br\/colab\/wp-json\/wp\/v2\/comments?post=29009"}],"version-history":[{"count":6,"href":"https:\/\/blogfca.pucminas.br\/colab\/wp-json\/wp\/v2\/posts\/29009\/revisions"}],"predecessor-version":[{"id":29087,"href":"https:\/\/blogfca.pucminas.br\/colab\/wp-json\/wp\/v2\/posts\/29009\/revisions\/29087"}],"wp:featuredmedia":[{"embeddable":true,"href":"https:\/\/blogfca.pucminas.br\/colab\/wp-json\/wp\/v2\/media\/29011"}],"wp:attachment":[{"href":"https:\/\/blogfca.pucminas.br\/colab\/wp-json\/wp\/v2\/media?parent=29009"}],"wp:term":[{"taxonomy":"category","embeddable":true,"href":"https:\/\/blogfca.pucminas.br\/colab\/wp-json\/wp\/v2\/categories?post=29009"},{"taxonomy":"post_tag","embeddable":true,"href":"https:\/\/blogfca.pucminas.br\/colab\/wp-json\/wp\/v2\/tags?post=29009"}],"curies":[{"name":"wp","href":"https:\/\/api.w.org\/{rel}","templated":true}]}}