{"id":28912,"date":"2026-04-29T15:02:14","date_gmt":"2026-04-29T18:02:14","guid":{"rendered":"https:\/\/blogfca.pucminas.br\/colab\/?p=28912"},"modified":"2026-04-29T15:02:17","modified_gmt":"2026-04-29T18:02:17","slug":"vestuario-infantil-impulsiona-negocios-em-mg","status":"publish","type":"post","link":"https:\/\/blogfca.pucminas.br\/colab\/vestuario-infantil-impulsiona-negocios-em-mg\/","title":{"rendered":"Vestu\u00e1rio infantil movimenta R$ 17,2 bi e impulsiona neg\u00f3cios em MG"},"content":{"rendered":"\n<p>O mercado de vestu\u00e1rio infantil em Minas Gerais prova que o setor \u00e9 um dos pilares mais s\u00f3lidos da economia mineira. Em pleno domingo, antes mesmo de o sol nascer, a movimenta\u00e7\u00e3o na Feira Hippie, em Belo Horizonte, j\u00e1 revela o motor dessa engrenagem: pequenos empreendedores que sustentam, na pr\u00e1tica, uma cadeia produtiva bilion\u00e1ria. Minas \u00e9 o segundo estado com maior n\u00famero de empresas de moda no Brasil e responde por mais de 10% dos empregos do setor no pa\u00eds com 225 mil postos de trabalho (6% do total estadual).<\/p>\n\n\n\n<p>Para os empres\u00e1rios e feirantes Carol Matozinhos e Thales Linhares, que comandam a marca <a href=\"https:\/\/www.instagram.com\/lugardobebe.babyclothes\/\" id=\"https:\/\/www.instagram.com\/lugardobebe.babyclothes\/\">Lugar do Beb\u00ea <\/a> (@<a href=\"https:\/\/www.instagram.com\/lugardobebe.babyclothes\" target=\"_blank\" rel=\"noreferrer noopener\">lugardobebe.babyclothes<\/a> no Instagram) h\u00e1 dois anos, o neg\u00f3cio vai al\u00e9m das m\u00e9tricas. Embora o desafio de levar a produ\u00e7\u00e3o para outros estados seja grande, como em feiras e exposi\u00e7\u00f5es, eles destacam o entusiasmo de fortalecer o mercado &#8220;em casa&#8221;. Esse sentimento \u00e9 o que sustenta milhares de expositores que, todos os domingos, fazem da capital mineira um polo de refer\u00eancia nacional. \u201cSomos gratos a Deus, acima de qualquer coisa. Somos gratos pelos nossos colaboradores, por toda dedica\u00e7\u00e3o. Somos gratos pelos nossos clientes, por confiarem em nosso trabalho\u201d.<\/p>\n\n\n\n<figure class=\"wp-block-image size-large\"><img data-dominant-color=\"7f7269\" data-has-transparency=\"false\" style=\"--dominant-color: #7f7269;\" loading=\"lazy\" decoding=\"async\" width=\"771\" height=\"1024\" sizes=\"auto, (max-width: 771px) 100vw, 771px\" src=\"https:\/\/blogfca.pucminas.br\/colab\/wp-content\/uploads\/2026\/04\/SaveClip.App_520460473_18521421103028764_7788154399972097800_n-771x1024.avif\" alt=\"\" class=\"wp-image-28917 not-transparent\" srcset=\"https:\/\/blogfca.pucminas.br\/colab\/wp-content\/uploads\/2026\/04\/SaveClip.App_520460473_18521421103028764_7788154399972097800_n-771x1024.avif 771w, https:\/\/blogfca.pucminas.br\/colab\/wp-content\/uploads\/2026\/04\/SaveClip.App_520460473_18521421103028764_7788154399972097800_n-226x300.avif 226w, https:\/\/blogfca.pucminas.br\/colab\/wp-content\/uploads\/2026\/04\/SaveClip.App_520460473_18521421103028764_7788154399972097800_n-768x1020.avif 768w, https:\/\/blogfca.pucminas.br\/colab\/wp-content\/uploads\/2026\/04\/SaveClip.App_520460473_18521421103028764_7788154399972097800_n-1156x1536.avif 1156w, https:\/\/blogfca.pucminas.br\/colab\/wp-content\/uploads\/2026\/04\/SaveClip.App_520460473_18521421103028764_7788154399972097800_n-370x492.avif 370w, https:\/\/blogfca.pucminas.br\/colab\/wp-content\/uploads\/2026\/04\/SaveClip.App_520460473_18521421103028764_7788154399972097800_n-270x359.avif 270w, https:\/\/blogfca.pucminas.br\/colab\/wp-content\/uploads\/2026\/04\/SaveClip.App_520460473_18521421103028764_7788154399972097800_n-570x757.avif 570w, https:\/\/blogfca.pucminas.br\/colab\/wp-content\/uploads\/2026\/04\/SaveClip.App_520460473_18521421103028764_7788154399972097800_n-740x983.avif 740w, https:\/\/blogfca.pucminas.br\/colab\/wp-content\/uploads\/2026\/04\/SaveClip.App_520460473_18521421103028764_7788154399972097800_n-150x199.avif 150w, https:\/\/blogfca.pucminas.br\/colab\/wp-content\/uploads\/2026\/04\/SaveClip.App_520460473_18521421103028764_7788154399972097800_n.avif 1440w\" \/><figcaption class=\"wp-element-caption\">Carol e Thales, empreendedores do setor de vestu\u00e1rio infantil, compartilham nas redes sociais reflex\u00f5es sobre a movimenta\u00e7\u00e3o do mercado. Reprodu\u00e7\u00e3o Instagram \/ @lugardobebe.babyclothes<\/figcaption><\/figure>\n\n\n\n<p>O cen\u00e1rio vivido por empreendedores como Carol e Thales reflete a for\u00e7a do setor em Minas Gerais. A moda representa 17,6% da produ\u00e7\u00e3o industrial do estado e movimenta mais de R$ 17,2 bilh\u00f5es em receita anual, segundo a Secretaria de Desenvolvimento Econ\u00f4mico de Minas Gerais (Sede-MG), por meio da Subsecretaria de Liberdade Econ\u00f4mica e Empreendedorismo.<\/p>\n\n\n\n<p>Ao todo, Minas possui mais de 272 mil empreendimentos de moda e gera 225 mil empregos, cerca de 6% do total estadual. Micro e pequenas empresas responderam por 47% da gera\u00e7\u00e3o de empregos na ind\u00fastria da moda, com participa\u00e7\u00e3o de 70% no setor.<\/p>\n\n\n\n<p>No cen\u00e1rio nacional, o segmento infantil tamb\u00e9m se destaca: movimenta mais de R$ 50 bilh\u00f5es por ano no Brasil, segundo estimativas do Servi\u00e7o Brasileiro de Apoio \u00e0s Micro e Pequenas Empresas (Sebrae). Esse desempenho contribui para que o pa\u00eds ocupe a posi\u00e7\u00e3o de quinto maior produtor t\u00eaxtil do mundo, de acordo com a Associa\u00e7\u00e3o Brasileira da Ind\u00fastria T\u00eaxtil e de Confec\u00e7\u00e3o (Abit).<\/p>\n\n\n\n<div class=\"wp-block-group is-vertical is-layout-flex wp-container-core-group-is-layout-8cf370e7 wp-block-group-is-layout-flex\">\n<h3 class=\"wp-block-heading\"><strong>Os n\u00fameros de Minas Gerais<\/strong><\/h3>\n\n\n\n<ul class=\"wp-block-list\">\n<li><strong>Faturamento: <\/strong>O setor de moda movimenta R$ 17,2 bilh\u00f5es em receita anual no estado<\/li>\n\n\n\n<li><strong>Ind\u00fastria: <\/strong>Representa 17,6% de toda a produ\u00e7\u00e3o industrial mineira.<\/li>\n\n\n\n<li><strong>Empregos: <\/strong>S\u00e3o 225 mil postos de trabalho (6% do total estadual), distribu\u00eddos em mais de 272 mil empreendimentos.<\/li>\n\n\n\n<li><strong>Protagonismo: <\/strong>Minas \u00e9 o segundo estado com maior n\u00famero de empresas de moda no Brasil e responde por mais de 10% dos empregos do setor no pa\u00eds.<\/li>\n<\/ul>\n\n\n\n<p class=\"has-text-align-right\"><em> Fonte: Sede MG<\/em><\/p>\n<\/div>\n\n\n\n<figure class=\"wp-block-image size-large\"><img data-dominant-color=\"897b75\" data-has-transparency=\"false\" style=\"--dominant-color: #897b75;\" loading=\"lazy\" decoding=\"async\" width=\"845\" height=\"1024\" sizes=\"auto, (max-width: 845px) 100vw, 845px\" src=\"https:\/\/blogfca.pucminas.br\/colab\/wp-content\/uploads\/2026\/04\/SaveClip.App_520605914_17929354575082112_1118198189112739763_n-845x1024.avif\" alt=\"\" class=\"wp-image-28918 not-transparent\" srcset=\"https:\/\/blogfca.pucminas.br\/colab\/wp-content\/uploads\/2026\/04\/SaveClip.App_520605914_17929354575082112_1118198189112739763_n-845x1024.avif 845w, https:\/\/blogfca.pucminas.br\/colab\/wp-content\/uploads\/2026\/04\/SaveClip.App_520605914_17929354575082112_1118198189112739763_n-248x300.avif 248w, https:\/\/blogfca.pucminas.br\/colab\/wp-content\/uploads\/2026\/04\/SaveClip.App_520605914_17929354575082112_1118198189112739763_n-768x931.avif 768w, https:\/\/blogfca.pucminas.br\/colab\/wp-content\/uploads\/2026\/04\/SaveClip.App_520605914_17929354575082112_1118198189112739763_n-370x448.avif 370w, https:\/\/blogfca.pucminas.br\/colab\/wp-content\/uploads\/2026\/04\/SaveClip.App_520605914_17929354575082112_1118198189112739763_n-270x327.avif 270w, https:\/\/blogfca.pucminas.br\/colab\/wp-content\/uploads\/2026\/04\/SaveClip.App_520605914_17929354575082112_1118198189112739763_n-570x691.avif 570w, https:\/\/blogfca.pucminas.br\/colab\/wp-content\/uploads\/2026\/04\/SaveClip.App_520605914_17929354575082112_1118198189112739763_n-740x897.avif 740w, https:\/\/blogfca.pucminas.br\/colab\/wp-content\/uploads\/2026\/04\/SaveClip.App_520605914_17929354575082112_1118198189112739763_n-150x182.avif 150w, https:\/\/blogfca.pucminas.br\/colab\/wp-content\/uploads\/2026\/04\/SaveClip.App_520605914_17929354575082112_1118198189112739763_n.avif 1080w\" \/><figcaption class=\"wp-element-caption\">Na imagem, produtos personalizados do setor infantil comercializados pelos empres\u00e1rios Carol e Thales Linhares. Reprodu\u00e7\u00e3o \/ Instagram @lugardobebe.babyclothes<\/figcaption><\/figure>\n\n\n\n<p>A estrutura do setor \u00e9 majoritariamente composta por pequenos neg\u00f3cios. Em Minas, as micro e pequenas empresas s\u00e3o respons\u00e1veis por 47% dos empregos industriais da moda. Nacionalmente, a tend\u00eancia se repete: 99% dos neg\u00f3cios de moda no Brasil s\u00e3o de pequeno porte. No Brasil, o <strong>segmento infantil movimenta mais de R$ 50 bilh\u00f5es por ano, ajudando o pa\u00eds a ocupar o posto de 5\u00ba maior produtor t\u00eaxtil do mundo.<\/strong><\/p>\n\n\n\n<p>Segundo a Abit, o faturamento da cadeia produtiva chegou a R$ 193,2 bilh\u00f5es em 2022. Dentro da ind\u00fastria de transforma\u00e7\u00e3o, a moda \u00e9 o segundo maior empregador, atr\u00e1s apenas do setor aliment\u00edcio. Em 2022, o Brasil contabilizou 52,79 milh\u00f5es de trabalhadores com v\u00ednculo ativo, sendo 84,1% concentrados em micro, pequenas e m\u00e9dias empresas.<\/p>\n\n\n\n<p>Levantamento baseado em dados dos Minist\u00e9rios do Desenvolvimento, Ind\u00fastria, Com\u00e9rcio e Servi\u00e7os (MDIC) e do Trabalho e Emprego indica que, em 2021, o pa\u00eds contava com 56.990 empresas do setor e 1.128.174 trabalhadores.<\/p>\n\n\n\n<figure class=\"wp-block-image size-large\"><img data-dominant-color=\"776e6b\" data-has-transparency=\"false\" style=\"--dominant-color: #776e6b;\" loading=\"lazy\" decoding=\"async\" width=\"1024\" height=\"768\" sizes=\"auto, (max-width: 1024px) 100vw, 1024px\" src=\"https:\/\/blogfca.pucminas.br\/colab\/wp-content\/uploads\/2026\/04\/WhatsApp-Image-2026-04-20-at-14.08.55-1024x768.avif\" alt=\"\" class=\"wp-image-28913 not-transparent\" srcset=\"https:\/\/blogfca.pucminas.br\/colab\/wp-content\/uploads\/2026\/04\/WhatsApp-Image-2026-04-20-at-14.08.55-1024x768.avif 1024w, https:\/\/blogfca.pucminas.br\/colab\/wp-content\/uploads\/2026\/04\/WhatsApp-Image-2026-04-20-at-14.08.55-300x225.avif 300w, https:\/\/blogfca.pucminas.br\/colab\/wp-content\/uploads\/2026\/04\/WhatsApp-Image-2026-04-20-at-14.08.55-768x576.avif 768w, https:\/\/blogfca.pucminas.br\/colab\/wp-content\/uploads\/2026\/04\/WhatsApp-Image-2026-04-20-at-14.08.55-1536x1152.avif 1536w, https:\/\/blogfca.pucminas.br\/colab\/wp-content\/uploads\/2026\/04\/WhatsApp-Image-2026-04-20-at-14.08.55-2048x1536.avif 2048w, https:\/\/blogfca.pucminas.br\/colab\/wp-content\/uploads\/2026\/04\/WhatsApp-Image-2026-04-20-at-14.08.55-370x278.avif 370w, https:\/\/blogfca.pucminas.br\/colab\/wp-content\/uploads\/2026\/04\/WhatsApp-Image-2026-04-20-at-14.08.55-270x203.avif 270w, https:\/\/blogfca.pucminas.br\/colab\/wp-content\/uploads\/2026\/04\/WhatsApp-Image-2026-04-20-at-14.08.55-570x428.avif 570w, https:\/\/blogfca.pucminas.br\/colab\/wp-content\/uploads\/2026\/04\/WhatsApp-Image-2026-04-20-at-14.08.55-740x555.avif 740w, https:\/\/blogfca.pucminas.br\/colab\/wp-content\/uploads\/2026\/04\/WhatsApp-Image-2026-04-20-at-14.08.55-80x60.avif 80w, https:\/\/blogfca.pucminas.br\/colab\/wp-content\/uploads\/2026\/04\/WhatsApp-Image-2026-04-20-at-14.08.55-150x113.avif 150w\" \/><figcaption class=\"wp-element-caption\">Feira Hippie em BH tem variedade de op\u00e7\u00f5es infantis. Foto: Jana\u00edna Veloso<\/figcaption><\/figure>\n\n\n\n<h2 class=\"wp-block-heading\"><strong>A for\u00e7a da moda em Minas Gerais<\/strong><\/h2>\n\n\n\n<p>Em Minas Gerais, o setor tamb\u00e9m apresenta forte presen\u00e7a. O estado \u00e9 o segundo com maior n\u00famero de empresas de moda e gera mais de 10% dos empregos do setor no Brasil, segundo levantamento feito por meio da Secretaria de Desenvolvimento Econ\u00f4mico de Minas Gerais (Sede-MG).<\/p>\n\n\n\n<p>O estado tamb\u00e9m registrou crescimento nas exporta\u00e7\u00f5es, passando de 4,2% em 2012 para 5,0% em 2021. De acordo com a secretaria, a atua\u00e7\u00e3o busca ampliar a representatividade dos polos produtivos e estruturar pol\u00edticas de apoio ao desenvolvimento econ\u00f4mico.<\/p>\n\n\n\n<figure class=\"wp-block-image size-large\"><img data-dominant-color=\"646666\" data-has-transparency=\"false\" style=\"--dominant-color: #646666;\" loading=\"lazy\" decoding=\"async\" width=\"1024\" height=\"768\" sizes=\"auto, (max-width: 1024px) 100vw, 1024px\" src=\"https:\/\/blogfca.pucminas.br\/colab\/wp-content\/uploads\/2026\/04\/WhatsApp-Image-2026-04-20-at-14.09.40-1024x768.avif\" alt=\"Movimento intenso de consumidores toma conta da feira a c\u00e9u aberto no centro de Belo Horizonte, onde barracas de vestu\u00e1rio e outros produtos atraem p\u00fablico ao longo do dia.\n\" class=\"wp-image-28915 not-transparent\" srcset=\"https:\/\/blogfca.pucminas.br\/colab\/wp-content\/uploads\/2026\/04\/WhatsApp-Image-2026-04-20-at-14.09.40-1024x768.avif 1024w, https:\/\/blogfca.pucminas.br\/colab\/wp-content\/uploads\/2026\/04\/WhatsApp-Image-2026-04-20-at-14.09.40-300x225.avif 300w, https:\/\/blogfca.pucminas.br\/colab\/wp-content\/uploads\/2026\/04\/WhatsApp-Image-2026-04-20-at-14.09.40-768x576.avif 768w, https:\/\/blogfca.pucminas.br\/colab\/wp-content\/uploads\/2026\/04\/WhatsApp-Image-2026-04-20-at-14.09.40-370x278.avif 370w, https:\/\/blogfca.pucminas.br\/colab\/wp-content\/uploads\/2026\/04\/WhatsApp-Image-2026-04-20-at-14.09.40-270x203.avif 270w, https:\/\/blogfca.pucminas.br\/colab\/wp-content\/uploads\/2026\/04\/WhatsApp-Image-2026-04-20-at-14.09.40-570x428.avif 570w, https:\/\/blogfca.pucminas.br\/colab\/wp-content\/uploads\/2026\/04\/WhatsApp-Image-2026-04-20-at-14.09.40-740x555.avif 740w, https:\/\/blogfca.pucminas.br\/colab\/wp-content\/uploads\/2026\/04\/WhatsApp-Image-2026-04-20-at-14.09.40-80x60.avif 80w, https:\/\/blogfca.pucminas.br\/colab\/wp-content\/uploads\/2026\/04\/WhatsApp-Image-2026-04-20-at-14.09.40-150x113.avif 150w, https:\/\/blogfca.pucminas.br\/colab\/wp-content\/uploads\/2026\/04\/WhatsApp-Image-2026-04-20-at-14.09.40.avif 1280w\" \/><figcaption class=\"wp-element-caption\">Movimento intenso de consumidores no setor de vestu\u00e1rio infantil na feira a c\u00e9u aberto no centro de Belo Horizonte. Foto: Jana\u00edna Veloso<\/figcaption><\/figure>\n\n\n\n<p>Ainda segundo a Sede-MG, Minas Gerais conta atualmente com 77 Arranjos Produtivos Locais (APLs) reconhecidos em diferentes setores. Desses, 17 est\u00e3o ligados \u00e0 moda e, dentro desse grupo, 12 s\u00e3o voltados especificamente ao vestu\u00e1rio, distribu\u00eddos em 81 munic\u00edpios. Esses polos re\u00fanem 18.987 empresas, 33.650 microempreendedores individuais (MEIs) e somam 59.367 empregos, conforme dados do Caged, segundo a Sede-MG<\/p>\n\n\n\n<h2 class=\"wp-block-heading\"><strong>Desafios para pequenos empreendedores<\/strong><\/h2>\n\n\n\n<p>Apesar do potencial, pequenos empreendedores ainda enfrentam desafios estruturais. Entre as principais dificuldades est\u00e3o a concorr\u00eancia com produtos importados, a informalidade, os altos custos de produ\u00e7\u00e3o, a falta de capacita\u00e7\u00e3o empresarial, a dificuldade de acesso ao cr\u00e9dito, al\u00e9m de entraves relacionados ao marketing digital, vendas online e planejamento financeiro, explica a secretaria respons\u00e1vel pelo Governo de Minas.<\/p>\n\n\n\n<p>Essas barreiras impactam diretamente a sustentabilidade dos neg\u00f3cios: tr\u00eas em cada dez marcas de moda fecham em at\u00e9 cinco anos, e 89% dos empreendedores t\u00eam pouca forma\u00e7\u00e3o em gest\u00e3o, segundo levantamento do Sebrae de 2016.<\/p>\n\n\n\n<p>Diante desse cen\u00e1rio, o governo estadual, por meio da Sede-MG, promove e apoia eventos como o Minas Trend (realizado duas vezes ao ano), al\u00e9m de programas como o Integra Moda, o Minas Moda Autoral e feiras regionais em polos produtivos. Tamb\u00e9m est\u00e3o dispon\u00edveis instrumentos de incentivo, como capacita\u00e7\u00f5es do Sebrae Minas, programas de formaliza\u00e7\u00e3o, a\u00e7\u00f5es voltadas aos APLs e linhas de microcr\u00e9dito oferecidas pelo Banco de Desenvolvimento de Minas Gerais (BDMG).<\/p>\n","protected":false},"excerpt":{"rendered":"<p>Minas \u00e9 o segundo estado com maior n\u00famero de empresas de moda no Brasil e responde por mais de 10% dos empregos do setor no pa\u00eds<\/p>\n","protected":false},"author":59,"featured_media":28914,"comment_status":"open","ping_status":"open","sticky":false,"template":"","format":"standard","meta":{"_eb_attr":"","ngg_post_thumbnail":0,"footnotes":""},"categories":[375],"tags":[651,2904,2903],"class_list":["post-28912","post","type-post","status-publish","format-standard","has-post-thumbnail","hentry","category-economia","tag-empreendedorismo","tag-feira-hippie-bh","tag-vestuario-infantil"],"yoast_head":"<!-- This site is optimized with the Yoast SEO plugin v27.5 - https:\/\/yoast.com\/product\/yoast-seo-wordpress\/ -->\n<title>Vestu\u00e1rio infantil movimenta R$ 17,2 bi e impulsiona neg\u00f3cios em MG - Colab<\/title>\n<meta name=\"description\" content=\"Minas \u00e9 o segundo estado com maior n\u00famero de empresas de moda no Brasil e responde por mais de 10% dos empregos do setor no pa\u00eds\" \/>\n<meta name=\"robots\" content=\"index, follow, max-snippet:-1, max-image-preview:large, max-video-preview:-1\" \/>\n<link rel=\"canonical\" href=\"https:\/\/blogfca.pucminas.br\/colab\/vestuario-infantil-impulsiona-negocios-em-mg\/\" \/>\n<meta property=\"og:locale\" content=\"pt_BR\" \/>\n<meta property=\"og:type\" content=\"article\" \/>\n<meta property=\"og:title\" content=\"Vestu\u00e1rio infantil movimenta R$ 17,2 bi e impulsiona neg\u00f3cios em MG - Colab\" \/>\n<meta property=\"og:description\" content=\"Minas \u00e9 o segundo estado com maior n\u00famero de empresas de moda no Brasil e responde por mais de 10% dos empregos do setor no pa\u00eds\" \/>\n<meta property=\"og:url\" content=\"https:\/\/blogfca.pucminas.br\/colab\/vestuario-infantil-impulsiona-negocios-em-mg\/\" \/>\n<meta property=\"og:site_name\" content=\"Colab\" \/>\n<meta property=\"article:publisher\" content=\"https:\/\/www.facebook.com\/colabpucminas\" \/>\n<meta property=\"article:published_time\" content=\"2026-04-29T18:02:14+00:00\" \/>\n<meta property=\"article:modified_time\" content=\"2026-04-29T18:02:17+00:00\" \/>\n<meta property=\"og:image\" content=\"https:\/\/blogfca.pucminas.br\/colab\/wp-content\/uploads\/2026\/04\/WhatsApp-Image-2026-04-20-at-14.09.27.avif\" \/>\n\t<meta property=\"og:image:width\" content=\"1280\" \/>\n\t<meta property=\"og:image:height\" content=\"960\" \/>\n\t<meta property=\"og:image:type\" content=\"image\/jpeg\" \/>\n<meta name=\"author\" content=\"Janaina Veloso\" \/>\n<meta name=\"twitter:card\" content=\"summary_large_image\" \/>\n<meta name=\"twitter:creator\" content=\"@colabpucminas\" \/>\n<meta name=\"twitter:site\" content=\"@colabpucminas\" \/>\n<meta name=\"twitter:label1\" content=\"Escrito por\" \/>\n\t<meta name=\"twitter:data1\" content=\"Janaina Veloso\" \/>\n\t<meta name=\"twitter:label2\" content=\"Est. tempo de leitura\" \/>\n\t<meta name=\"twitter:data2\" content=\"7 minutos\" \/>\n<script type=\"application\/ld+json\" class=\"yoast-schema-graph\">{\"@context\":\"https:\\\/\\\/schema.org\",\"@graph\":[{\"@type\":\"Article\",\"@id\":\"https:\\\/\\\/blogfca.pucminas.br\\\/colab\\\/vestuario-infantil-impulsiona-negocios-em-mg\\\/#article\",\"isPartOf\":{\"@id\":\"https:\\\/\\\/blogfca.pucminas.br\\\/colab\\\/vestuario-infantil-impulsiona-negocios-em-mg\\\/\"},\"author\":{\"name\":\"Janaina Veloso\",\"@id\":\"https:\\\/\\\/blogfca.pucminas.br\\\/colab\\\/#\\\/schema\\\/person\\\/cdc36442efa6edeb352f8f893179d848\"},\"headline\":\"Vestu\u00e1rio infantil movimenta R$ 17,2 bi e impulsiona neg\u00f3cios em MG\",\"datePublished\":\"2026-04-29T18:02:14+00:00\",\"dateModified\":\"2026-04-29T18:02:17+00:00\",\"mainEntityOfPage\":{\"@id\":\"https:\\\/\\\/blogfca.pucminas.br\\\/colab\\\/vestuario-infantil-impulsiona-negocios-em-mg\\\/\"},\"wordCount\":1051,\"commentCount\":0,\"publisher\":{\"@id\":\"https:\\\/\\\/blogfca.pucminas.br\\\/colab\\\/#organization\"},\"image\":{\"@id\":\"https:\\\/\\\/blogfca.pucminas.br\\\/colab\\\/vestuario-infantil-impulsiona-negocios-em-mg\\\/#primaryimage\"},\"thumbnailUrl\":\"https:\\\/\\\/blogfca.pucminas.br\\\/colab\\\/wp-content\\\/uploads\\\/2026\\\/04\\\/WhatsApp-Image-2026-04-20-at-14.09.27.avif\",\"keywords\":[\"empreendedorismo\",\"feira hippie bh\",\"vestuario infantil\"],\"articleSection\":[\"Economia\"],\"inLanguage\":\"pt-BR\",\"potentialAction\":[{\"@type\":\"CommentAction\",\"name\":\"Comment\",\"target\":[\"https:\\\/\\\/blogfca.pucminas.br\\\/colab\\\/vestuario-infantil-impulsiona-negocios-em-mg\\\/#respond\"]}]},{\"@type\":\"WebPage\",\"@id\":\"https:\\\/\\\/blogfca.pucminas.br\\\/colab\\\/vestuario-infantil-impulsiona-negocios-em-mg\\\/\",\"url\":\"https:\\\/\\\/blogfca.pucminas.br\\\/colab\\\/vestuario-infantil-impulsiona-negocios-em-mg\\\/\",\"name\":\"Vestu\u00e1rio infantil movimenta R$ 17,2 bi e impulsiona neg\u00f3cios em MG - Colab\",\"isPartOf\":{\"@id\":\"https:\\\/\\\/blogfca.pucminas.br\\\/colab\\\/#website\"},\"primaryImageOfPage\":{\"@id\":\"https:\\\/\\\/blogfca.pucminas.br\\\/colab\\\/vestuario-infantil-impulsiona-negocios-em-mg\\\/#primaryimage\"},\"image\":{\"@id\":\"https:\\\/\\\/blogfca.pucminas.br\\\/colab\\\/vestuario-infantil-impulsiona-negocios-em-mg\\\/#primaryimage\"},\"thumbnailUrl\":\"https:\\\/\\\/blogfca.pucminas.br\\\/colab\\\/wp-content\\\/uploads\\\/2026\\\/04\\\/WhatsApp-Image-2026-04-20-at-14.09.27.avif\",\"datePublished\":\"2026-04-29T18:02:14+00:00\",\"dateModified\":\"2026-04-29T18:02:17+00:00\",\"description\":\"Minas \u00e9 o segundo estado com maior n\u00famero de empresas de moda no Brasil e responde por mais de 10% dos empregos do setor no pa\u00eds\",\"breadcrumb\":{\"@id\":\"https:\\\/\\\/blogfca.pucminas.br\\\/colab\\\/vestuario-infantil-impulsiona-negocios-em-mg\\\/#breadcrumb\"},\"inLanguage\":\"pt-BR\",\"potentialAction\":[{\"@type\":\"ReadAction\",\"target\":[\"https:\\\/\\\/blogfca.pucminas.br\\\/colab\\\/vestuario-infantil-impulsiona-negocios-em-mg\\\/\"]}]},{\"@type\":\"ImageObject\",\"inLanguage\":\"pt-BR\",\"@id\":\"https:\\\/\\\/blogfca.pucminas.br\\\/colab\\\/vestuario-infantil-impulsiona-negocios-em-mg\\\/#primaryimage\",\"url\":\"https:\\\/\\\/blogfca.pucminas.br\\\/colab\\\/wp-content\\\/uploads\\\/2026\\\/04\\\/WhatsApp-Image-2026-04-20-at-14.09.27.avif\",\"contentUrl\":\"https:\\\/\\\/blogfca.pucminas.br\\\/colab\\\/wp-content\\\/uploads\\\/2026\\\/04\\\/WhatsApp-Image-2026-04-20-at-14.09.27.avif\",\"width\":1280,\"height\":960,\"caption\":\"Minas Gerais \u00e9 o segundo estado com maior n\u00famero de empresas de moda no pa\u00eds e concentra mais de 10% dos empregos do setor, segundo levantamento da Secretaria de Desenvolvimento Econ\u00f4mico (Sede-MG).\"},{\"@type\":\"BreadcrumbList\",\"@id\":\"https:\\\/\\\/blogfca.pucminas.br\\\/colab\\\/vestuario-infantil-impulsiona-negocios-em-mg\\\/#breadcrumb\",\"itemListElement\":[{\"@type\":\"ListItem\",\"position\":1,\"name\":\"In\u00edcio\",\"item\":\"https:\\\/\\\/blogfca.pucminas.br\\\/colab\\\/\"},{\"@type\":\"ListItem\",\"position\":2,\"name\":\"Vestu\u00e1rio infantil movimenta R$ 17,2 bi e impulsiona neg\u00f3cios em MG\"}]},{\"@type\":\"WebSite\",\"@id\":\"https:\\\/\\\/blogfca.pucminas.br\\\/colab\\\/#website\",\"url\":\"https:\\\/\\\/blogfca.pucminas.br\\\/colab\\\/\",\"name\":\"Colab\",\"description\":\"Experimenta\u00e7\u00e3o, conte\u00fado e colabora\u00e7\u00e3o em Jornalismo Digital\",\"publisher\":{\"@id\":\"https:\\\/\\\/blogfca.pucminas.br\\\/colab\\\/#organization\"},\"potentialAction\":[{\"@type\":\"SearchAction\",\"target\":{\"@type\":\"EntryPoint\",\"urlTemplate\":\"https:\\\/\\\/blogfca.pucminas.br\\\/colab\\\/?s={search_term_string}\"},\"query-input\":{\"@type\":\"PropertyValueSpecification\",\"valueRequired\":true,\"valueName\":\"search_term_string\"}}],\"inLanguage\":\"pt-BR\"},{\"@type\":\"Organization\",\"@id\":\"https:\\\/\\\/blogfca.pucminas.br\\\/colab\\\/#organization\",\"name\":\"Colab :: Laborat\u00f3rio de Comunica\u00e7\u00e3o Digital da FCA \\\/ PUC Minas\",\"url\":\"https:\\\/\\\/blogfca.pucminas.br\\\/colab\\\/\",\"logo\":{\"@type\":\"ImageObject\",\"inLanguage\":\"pt-BR\",\"@id\":\"https:\\\/\\\/blogfca.pucminas.br\\\/colab\\\/#\\\/schema\\\/logo\\\/image\\\/\",\"url\":\"https:\\\/\\\/blogfca.pucminas.br\\\/colab\\\/wp-content\\\/uploads\\\/2020\\\/03\\\/Avatar-Colab.jpg\",\"contentUrl\":\"https:\\\/\\\/blogfca.pucminas.br\\\/colab\\\/wp-content\\\/uploads\\\/2020\\\/03\\\/Avatar-Colab.jpg\",\"width\":1682,\"height\":1682,\"caption\":\"Colab :: Laborat\u00f3rio de Comunica\u00e7\u00e3o Digital da FCA \\\/ PUC Minas\"},\"image\":{\"@id\":\"https:\\\/\\\/blogfca.pucminas.br\\\/colab\\\/#\\\/schema\\\/logo\\\/image\\\/\"},\"sameAs\":[\"https:\\\/\\\/www.facebook.com\\\/colabpucminas\",\"https:\\\/\\\/x.com\\\/colabpucminas\",\"https:\\\/\\\/www.instagram.com\\\/colabpucminas\\\/\",\"https:\\\/\\\/www.linkedin.com\\\/company\\\/colab-puc-minas\",\"https:\\\/\\\/www.youtube.com\\\/channel\\\/UC14mKIqnnGCOgVr4DG6FPkA\"]},{\"@type\":\"Person\",\"@id\":\"https:\\\/\\\/blogfca.pucminas.br\\\/colab\\\/#\\\/schema\\\/person\\\/cdc36442efa6edeb352f8f893179d848\",\"name\":\"Janaina Veloso\",\"image\":{\"@type\":\"ImageObject\",\"inLanguage\":\"pt-BR\",\"@id\":\"https:\\\/\\\/secure.gravatar.com\\\/avatar\\\/42d0383c1ba831a5ec83966cbc6af0469741918fa4fd0c213d0ec6253f54f956?s=96&d=mm&r=g\",\"url\":\"https:\\\/\\\/secure.gravatar.com\\\/avatar\\\/42d0383c1ba831a5ec83966cbc6af0469741918fa4fd0c213d0ec6253f54f956?s=96&d=mm&r=g\",\"contentUrl\":\"https:\\\/\\\/secure.gravatar.com\\\/avatar\\\/42d0383c1ba831a5ec83966cbc6af0469741918fa4fd0c213d0ec6253f54f956?s=96&d=mm&r=g\",\"caption\":\"Janaina Veloso\"},\"url\":\"https:\\\/\\\/blogfca.pucminas.br\\\/colab\\\/author\\\/janainaveloso\\\/\"}]}<\/script>\n<!-- \/ Yoast SEO plugin. -->","yoast_head_json":{"title":"Vestu\u00e1rio infantil movimenta R$ 17,2 bi e impulsiona neg\u00f3cios em MG - Colab","description":"Minas \u00e9 o segundo estado com maior n\u00famero de empresas de moda no Brasil e responde por mais de 10% dos empregos do setor no pa\u00eds","robots":{"index":"index","follow":"follow","max-snippet":"max-snippet:-1","max-image-preview":"max-image-preview:large","max-video-preview":"max-video-preview:-1"},"canonical":"https:\/\/blogfca.pucminas.br\/colab\/vestuario-infantil-impulsiona-negocios-em-mg\/","og_locale":"pt_BR","og_type":"article","og_title":"Vestu\u00e1rio infantil movimenta R$ 17,2 bi e impulsiona neg\u00f3cios em MG - Colab","og_description":"Minas \u00e9 o segundo estado com maior n\u00famero de empresas de moda no Brasil e responde por mais de 10% dos empregos do setor no pa\u00eds","og_url":"https:\/\/blogfca.pucminas.br\/colab\/vestuario-infantil-impulsiona-negocios-em-mg\/","og_site_name":"Colab","article_publisher":"https:\/\/www.facebook.com\/colabpucminas","article_published_time":"2026-04-29T18:02:14+00:00","article_modified_time":"2026-04-29T18:02:17+00:00","og_image":[{"width":1280,"height":960,"url":"https:\/\/blogfca.pucminas.br\/colab\/wp-content\/uploads\/2026\/04\/WhatsApp-Image-2026-04-20-at-14.09.27.avif","type":"image\/jpeg"}],"author":"Janaina Veloso","twitter_card":"summary_large_image","twitter_creator":"@colabpucminas","twitter_site":"@colabpucminas","twitter_misc":{"Escrito por":"Janaina Veloso","Est. tempo de leitura":"7 minutos"},"schema":{"@context":"https:\/\/schema.org","@graph":[{"@type":"Article","@id":"https:\/\/blogfca.pucminas.br\/colab\/vestuario-infantil-impulsiona-negocios-em-mg\/#article","isPartOf":{"@id":"https:\/\/blogfca.pucminas.br\/colab\/vestuario-infantil-impulsiona-negocios-em-mg\/"},"author":{"name":"Janaina Veloso","@id":"https:\/\/blogfca.pucminas.br\/colab\/#\/schema\/person\/cdc36442efa6edeb352f8f893179d848"},"headline":"Vestu\u00e1rio infantil movimenta R$ 17,2 bi e impulsiona neg\u00f3cios em MG","datePublished":"2026-04-29T18:02:14+00:00","dateModified":"2026-04-29T18:02:17+00:00","mainEntityOfPage":{"@id":"https:\/\/blogfca.pucminas.br\/colab\/vestuario-infantil-impulsiona-negocios-em-mg\/"},"wordCount":1051,"commentCount":0,"publisher":{"@id":"https:\/\/blogfca.pucminas.br\/colab\/#organization"},"image":{"@id":"https:\/\/blogfca.pucminas.br\/colab\/vestuario-infantil-impulsiona-negocios-em-mg\/#primaryimage"},"thumbnailUrl":"https:\/\/blogfca.pucminas.br\/colab\/wp-content\/uploads\/2026\/04\/WhatsApp-Image-2026-04-20-at-14.09.27.avif","keywords":["empreendedorismo","feira hippie bh","vestuario infantil"],"articleSection":["Economia"],"inLanguage":"pt-BR","potentialAction":[{"@type":"CommentAction","name":"Comment","target":["https:\/\/blogfca.pucminas.br\/colab\/vestuario-infantil-impulsiona-negocios-em-mg\/#respond"]}]},{"@type":"WebPage","@id":"https:\/\/blogfca.pucminas.br\/colab\/vestuario-infantil-impulsiona-negocios-em-mg\/","url":"https:\/\/blogfca.pucminas.br\/colab\/vestuario-infantil-impulsiona-negocios-em-mg\/","name":"Vestu\u00e1rio infantil movimenta R$ 17,2 bi e impulsiona neg\u00f3cios em MG - Colab","isPartOf":{"@id":"https:\/\/blogfca.pucminas.br\/colab\/#website"},"primaryImageOfPage":{"@id":"https:\/\/blogfca.pucminas.br\/colab\/vestuario-infantil-impulsiona-negocios-em-mg\/#primaryimage"},"image":{"@id":"https:\/\/blogfca.pucminas.br\/colab\/vestuario-infantil-impulsiona-negocios-em-mg\/#primaryimage"},"thumbnailUrl":"https:\/\/blogfca.pucminas.br\/colab\/wp-content\/uploads\/2026\/04\/WhatsApp-Image-2026-04-20-at-14.09.27.avif","datePublished":"2026-04-29T18:02:14+00:00","dateModified":"2026-04-29T18:02:17+00:00","description":"Minas \u00e9 o segundo estado com maior n\u00famero de empresas de moda no Brasil e responde por mais de 10% dos empregos do setor no pa\u00eds","breadcrumb":{"@id":"https:\/\/blogfca.pucminas.br\/colab\/vestuario-infantil-impulsiona-negocios-em-mg\/#breadcrumb"},"inLanguage":"pt-BR","potentialAction":[{"@type":"ReadAction","target":["https:\/\/blogfca.pucminas.br\/colab\/vestuario-infantil-impulsiona-negocios-em-mg\/"]}]},{"@type":"ImageObject","inLanguage":"pt-BR","@id":"https:\/\/blogfca.pucminas.br\/colab\/vestuario-infantil-impulsiona-negocios-em-mg\/#primaryimage","url":"https:\/\/blogfca.pucminas.br\/colab\/wp-content\/uploads\/2026\/04\/WhatsApp-Image-2026-04-20-at-14.09.27.avif","contentUrl":"https:\/\/blogfca.pucminas.br\/colab\/wp-content\/uploads\/2026\/04\/WhatsApp-Image-2026-04-20-at-14.09.27.avif","width":1280,"height":960,"caption":"Minas Gerais \u00e9 o segundo estado com maior n\u00famero de empresas de moda no pa\u00eds e concentra mais de 10% dos empregos do setor, segundo levantamento da Secretaria de Desenvolvimento Econ\u00f4mico (Sede-MG)."},{"@type":"BreadcrumbList","@id":"https:\/\/blogfca.pucminas.br\/colab\/vestuario-infantil-impulsiona-negocios-em-mg\/#breadcrumb","itemListElement":[{"@type":"ListItem","position":1,"name":"In\u00edcio","item":"https:\/\/blogfca.pucminas.br\/colab\/"},{"@type":"ListItem","position":2,"name":"Vestu\u00e1rio infantil movimenta R$ 17,2 bi e impulsiona neg\u00f3cios em MG"}]},{"@type":"WebSite","@id":"https:\/\/blogfca.pucminas.br\/colab\/#website","url":"https:\/\/blogfca.pucminas.br\/colab\/","name":"Colab","description":"Experimenta\u00e7\u00e3o, conte\u00fado e colabora\u00e7\u00e3o em Jornalismo Digital","publisher":{"@id":"https:\/\/blogfca.pucminas.br\/colab\/#organization"},"potentialAction":[{"@type":"SearchAction","target":{"@type":"EntryPoint","urlTemplate":"https:\/\/blogfca.pucminas.br\/colab\/?s={search_term_string}"},"query-input":{"@type":"PropertyValueSpecification","valueRequired":true,"valueName":"search_term_string"}}],"inLanguage":"pt-BR"},{"@type":"Organization","@id":"https:\/\/blogfca.pucminas.br\/colab\/#organization","name":"Colab :: Laborat\u00f3rio de Comunica\u00e7\u00e3o Digital da FCA \/ PUC Minas","url":"https:\/\/blogfca.pucminas.br\/colab\/","logo":{"@type":"ImageObject","inLanguage":"pt-BR","@id":"https:\/\/blogfca.pucminas.br\/colab\/#\/schema\/logo\/image\/","url":"https:\/\/blogfca.pucminas.br\/colab\/wp-content\/uploads\/2020\/03\/Avatar-Colab.jpg","contentUrl":"https:\/\/blogfca.pucminas.br\/colab\/wp-content\/uploads\/2020\/03\/Avatar-Colab.jpg","width":1682,"height":1682,"caption":"Colab :: Laborat\u00f3rio de Comunica\u00e7\u00e3o Digital da FCA \/ PUC Minas"},"image":{"@id":"https:\/\/blogfca.pucminas.br\/colab\/#\/schema\/logo\/image\/"},"sameAs":["https:\/\/www.facebook.com\/colabpucminas","https:\/\/x.com\/colabpucminas","https:\/\/www.instagram.com\/colabpucminas\/","https:\/\/www.linkedin.com\/company\/colab-puc-minas","https:\/\/www.youtube.com\/channel\/UC14mKIqnnGCOgVr4DG6FPkA"]},{"@type":"Person","@id":"https:\/\/blogfca.pucminas.br\/colab\/#\/schema\/person\/cdc36442efa6edeb352f8f893179d848","name":"Janaina Veloso","image":{"@type":"ImageObject","inLanguage":"pt-BR","@id":"https:\/\/secure.gravatar.com\/avatar\/42d0383c1ba831a5ec83966cbc6af0469741918fa4fd0c213d0ec6253f54f956?s=96&d=mm&r=g","url":"https:\/\/secure.gravatar.com\/avatar\/42d0383c1ba831a5ec83966cbc6af0469741918fa4fd0c213d0ec6253f54f956?s=96&d=mm&r=g","contentUrl":"https:\/\/secure.gravatar.com\/avatar\/42d0383c1ba831a5ec83966cbc6af0469741918fa4fd0c213d0ec6253f54f956?s=96&d=mm&r=g","caption":"Janaina Veloso"},"url":"https:\/\/blogfca.pucminas.br\/colab\/author\/janainaveloso\/"}]}},"amp_enabled":true,"_links":{"self":[{"href":"https:\/\/blogfca.pucminas.br\/colab\/wp-json\/wp\/v2\/posts\/28912","targetHints":{"allow":["GET"]}}],"collection":[{"href":"https:\/\/blogfca.pucminas.br\/colab\/wp-json\/wp\/v2\/posts"}],"about":[{"href":"https:\/\/blogfca.pucminas.br\/colab\/wp-json\/wp\/v2\/types\/post"}],"author":[{"embeddable":true,"href":"https:\/\/blogfca.pucminas.br\/colab\/wp-json\/wp\/v2\/users\/59"}],"replies":[{"embeddable":true,"href":"https:\/\/blogfca.pucminas.br\/colab\/wp-json\/wp\/v2\/comments?post=28912"}],"version-history":[{"count":4,"href":"https:\/\/blogfca.pucminas.br\/colab\/wp-json\/wp\/v2\/posts\/28912\/revisions"}],"predecessor-version":[{"id":29093,"href":"https:\/\/blogfca.pucminas.br\/colab\/wp-json\/wp\/v2\/posts\/28912\/revisions\/29093"}],"wp:featuredmedia":[{"embeddable":true,"href":"https:\/\/blogfca.pucminas.br\/colab\/wp-json\/wp\/v2\/media\/28914"}],"wp:attachment":[{"href":"https:\/\/blogfca.pucminas.br\/colab\/wp-json\/wp\/v2\/media?parent=28912"}],"wp:term":[{"taxonomy":"category","embeddable":true,"href":"https:\/\/blogfca.pucminas.br\/colab\/wp-json\/wp\/v2\/categories?post=28912"},{"taxonomy":"post_tag","embeddable":true,"href":"https:\/\/blogfca.pucminas.br\/colab\/wp-json\/wp\/v2\/tags?post=28912"}],"curies":[{"name":"wp","href":"https:\/\/api.w.org\/{rel}","templated":true}]}}