{"id":25162,"date":"2025-10-29T22:16:12","date_gmt":"2025-10-30T01:16:12","guid":{"rendered":"https:\/\/blogfca.pucminas.br\/colab\/?p=25162"},"modified":"2025-10-31T11:38:41","modified_gmt":"2025-10-31T14:38:41","slug":"dia-nacional-do-livro-conheca-a-biblioteca-publica-estadual","status":"publish","type":"post","link":"https:\/\/blogfca.pucminas.br\/colab\/dia-nacional-do-livro-conheca-a-biblioteca-publica-estadual\/","title":{"rendered":"No Dia Nacional do Livro, conhe\u00e7a a Biblioteca P\u00fablica Estadual"},"content":{"rendered":"\n<p>Com a proposta de um espa\u00e7o cultural multifuncional, em junho de 1954, o ent\u00e3o governador JK assinava a lei de cria\u00e7\u00e3o da Biblioteca P\u00fablica Estadual de Minas Gerais. Sete d\u00e9cadas depois, com um acervo de quase 600 mil exemplares, o desafio de preservar o patrim\u00f4nio e democratizar o acesso \u00e0 cultura continua vivo nas estantes da Biblioteca, que se mant\u00e9m como um dos principais pontos tur\u00edsticos da capital mineira.<\/p>\n\n\n\n<p>Para al\u00e9m da ocupa\u00e7\u00e3o de um pr\u00e9dio hist\u00f3rico, emoldurada pelas palmeiras da Liberdade, a <a href=\"https:\/\/www.bibliotecapublica.mg.gov.br\/\" target=\"_blank\" rel=\"noreferrer noopener\">Biblioteca P\u00fablica Estadual de Minas Gerais<\/a> abriga um acervo com mais de 570 mil exemplares. Com a ideia de que para cada tipo de leitor h\u00e1 um tipo livro, o pr\u00e9dio Professor Francisco Igl\u00e9sias, mais conhecido como Pr\u00e9dio Anexo, localizado ao lado do edif\u00edcio principal, acumula cerca de 50 mil livros dispon\u00edveis ao p\u00fablico para pesquisa.&nbsp;<\/p>\n\n\n\n<p>Considerada ainda um ponto tur\u00edstico de Belo Horizonte, as duas depend\u00eancias estaduais somam cerca de 300 mil visitantes ao ano, segundo a Secretaria de Estado, Cultura e Turismo.&nbsp;<\/p>\n\n\n\n<p>Nesta reportagem, em homenagem ao Dia Nacional do Livro, celebrado em 29 de outubro, o Colab aproveita a data para entender a import\u00e2ncia da biblioteca e descobrir o potencial do espa\u00e7o, tombado como patrim\u00f4nio estadual e municipal.<\/p>\n\n\n\n<p>O que antes no n\u00famero 21 da Pra\u00e7a da Liberdade, era chamado de Pr\u00e9dio Luiz de Bessa, passou a ser conhecido por meios oficiais a partir de 4 de maio de 2017 como: Biblioteca P\u00fablica Estadual de Minas Gerais, para reafirmar a identidade mineira. Integrante do Circuito Liberdade, \u00e9 nele que encontramos o Teatro Jos\u00e9 Aparecido de Oliveira, o setor infanto-juvenil e a galeria Paulo Campos Guimar\u00e3es. J\u00e1 o anexo, na Rua da Bahia, recebe o nome de <a href=\"https:\/\/youtu.be\/q3SCde97dUU\">Professor Francisco Igl\u00e9sias<\/a> e abriga os setores de estudos e empr\u00e9stimos, entre outros.<\/p>\n\n\n\n<h2 class=\"wp-block-heading\"><strong>Hist\u00f3ric<\/strong>o<\/h2>\n\n\n\n<p>A hist\u00f3ria come\u00e7a quando o ent\u00e3o governador <a href=\"https:\/\/www.mg.gov.br\/governador\/juscelino-kubitschek-de-oliveira\">Juscelino Kubitschek<\/a> tra\u00e7ou planos para a moderniza\u00e7\u00e3o da capital mineira em um projeto iniciado com a constru\u00e7\u00e3o do <a href=\"https:\/\/www.iepha.mg.gov.br\/index.php\/institucional\/legislacao\/14-patrimonio-cultural-protegido\/bens-tombados\/160-conjunto-arquitet%C3%B4nico-da-pampulha\">Conjunto da Pampulha<\/a>, pensado pelo arquiteto <a href=\"https:\/\/pt.wikipedia.org\/wiki\/Oscar_Niemeyer\">Oscar Niemeyer<\/a>, tamb\u00e9m respons\u00e1vel pelo projeto do pr\u00e9dio principal da biblioteca. Outro motivo para a cria\u00e7\u00e3o foi a substitui\u00e7\u00e3o da biblioteca municipal da \u00e9poca, que n\u00e3o era t\u00e3o acessada pela popula\u00e7\u00e3o e seguia perdendo prest\u00edgio e apoio da Prefeitura, at\u00e9 ser extinta em 1960. Em 1954 o governador assinava a lei de cria\u00e7\u00e3o. Em 21 de dezembro de 1960, todo o seu conte\u00fado \u00e9 transferido para a Pra\u00e7a da Liberdade, e em 61 \u00e9 inaugurada como centro cultural e refer\u00eancia.<\/p>\n\n\n\n<p>Marcado por uma est\u00e9tica pr\u00f3pria de Niemeyer, o pr\u00e9dio principal traduz bem o que o arquiteto quis expressar ao dizer que <a href=\"http:\/\/portal.iphan.gov.br\/noticias\/detalhes\/770\/frases-de-niemeyer#:~:text=%E2%80%9CSe%20a%20reta%20%C3%A9%20o,o%20concreto%20buscar%20o%20infinito.%E2%80%9D\" target=\"_blank\" rel=\"noreferrer noopener\">\u201cse a reta \u00e9 o caminho mais curto entre dois pontos, a curva \u00e9 o que faz o concreto buscar o infinito\u201d<\/a>. A pedido de JK, Niemeyer imita os livros e reescreve em linhas horizontais o novo pr\u00e9dio que um dia j\u00e1 foi serpent\u00e1rio. A estrutura que sustenta as vidra\u00e7as da frente podem, inclusive, aludir a uma estante de livros.<\/p>\n\n\n\n<figure class=\"wp-block-image size-large\"><img data-dominant-color=\"555f6a\" data-has-transparency=\"false\" style=\"--dominant-color: #555f6a;\" loading=\"lazy\" decoding=\"async\" width=\"1024\" height=\"683\" sizes=\"auto, (max-width: 1024px) 100vw, 1024px\" src=\"https:\/\/blogfca.pucminas.br\/colab\/wp-content\/uploads\/2025\/10\/Foto-2-1-1024x683.webp\" alt=\"\nUma vista lateral da Biblioteca P\u00fablica Estadual de Minas Gerais, com sua fachada curva e horizontal de cor branca, que se estende sob um c\u00e9u parcialmente nublado e azul. A parte superior do edif\u00edcio exibe longas faixas de janelas azuis refletivas, enquanto o andar t\u00e9rreo possui pilares finos. A base da constru\u00e7\u00e3o \u00e9 cercada por um muro r\u00fastico feito de pedras claras e irregulares. Em primeiro plano, uma rua asfaltada escura e, \u00e0 direita, uma cal\u00e7ada arborizada onde se v\u00ea um ponto de \u00f4nibus com uma pessoa sentada na \u00e1rea de espera, e duas pessoas caminhando mais ao fundo. Postes de ilumina\u00e7\u00e3o e copas de \u00e1rvores grandes e verdes emolduram a cena nos cantos esquerdo e direito.\" class=\"wp-image-25235 not-transparent\" srcset=\"https:\/\/blogfca.pucminas.br\/colab\/wp-content\/uploads\/2025\/10\/Foto-2-1-1024x683.webp 1024w, https:\/\/blogfca.pucminas.br\/colab\/wp-content\/uploads\/2025\/10\/Foto-2-1-300x200.webp 300w, https:\/\/blogfca.pucminas.br\/colab\/wp-content\/uploads\/2025\/10\/Foto-2-1-768x512.webp 768w, https:\/\/blogfca.pucminas.br\/colab\/wp-content\/uploads\/2025\/10\/Foto-2-1-1536x1024.webp 1536w, https:\/\/blogfca.pucminas.br\/colab\/wp-content\/uploads\/2025\/10\/Foto-2-1-2048x1365.webp 2048w, https:\/\/blogfca.pucminas.br\/colab\/wp-content\/uploads\/2025\/10\/Foto-2-1-370x247.webp 370w, https:\/\/blogfca.pucminas.br\/colab\/wp-content\/uploads\/2025\/10\/Foto-2-1-270x180.webp 270w, https:\/\/blogfca.pucminas.br\/colab\/wp-content\/uploads\/2025\/10\/Foto-2-1-570x380.webp 570w, https:\/\/blogfca.pucminas.br\/colab\/wp-content\/uploads\/2025\/10\/Foto-2-1-740x493.webp 740w, https:\/\/blogfca.pucminas.br\/colab\/wp-content\/uploads\/2025\/10\/Foto-2-1-150x100.webp 150w\" \/><figcaption class=\"wp-element-caption\">Tombada em 1977, a Biblioteca \u00e9 patrim\u00f4nio cultural estadual e municipal \/ Foto: Marcelo Palhares Santiago \/ <a href=\"https:\/\/www.arqbh.com.br\/\" target=\"_blank\" rel=\"noreferrer noopener\">ARQBH<\/a><\/figcaption><\/figure>\n\n\n\n<h2 class=\"wp-block-heading\"><strong>Guardi\u00e3 das mineiridades<\/strong><\/h2>\n\n\n\n<p class=\"has-gridlove-cat-6-color has-gridlove-bg-background-color has-text-color has-background has-link-color has-normal-font-size wp-elements-1fac48e7f652aa4608269340dd556403\">Categorizadas como preciosas devido \u00e0 relev\u00e2ncia, raridade e beleza, \u00e9 nas Cole\u00e7\u00f5es Especiais que se encontra o conte\u00fado representativo da cultura local,&nbsp; com edi\u00e7\u00f5es exclusivas dispon\u00edveis apenas para consulta. A bibliotec\u00e1ria e coordenadora do setor, Meire Ramos, diz que o crit\u00e9rio para compor a cole\u00e7\u00e3o \u00e9 o atestado mineiro, ou que \u201ctenha uma liga\u00e7\u00e3o com Minas\u201d.<\/p>\n\n\n\n<p>Entre as edi\u00e7\u00f5es especiais h\u00e1 tamb\u00e9m livros que ficavam no <a href=\"https:\/\/portalbelohorizonte.com.br\/o-que-fazer\/ao-ar-livre-e-esportes\/parque\/parque-do-palacio-palacio-das-mangabeiras\" target=\"_blank\" rel=\"noreferrer noopener\">Pal\u00e1cio das Mangabeiras<\/a>, mas foram realocados neste novo espa\u00e7o em 2019. As obras ocupantes do <a href=\"https:\/\/palaciodaliberdade.com.br\/\" target=\"_blank\" rel=\"noreferrer noopener\">Pal\u00e1cio da Liberdade<\/a>, que s\u00f3 os governadores tinham acesso, nos anos 2000 tamb\u00e9m foram transferidas.&nbsp;<\/p>\n\n\n\n<blockquote class=\"wp-block-quote has-text-align-left is-layout-flow wp-block-quote-is-layout-flow\">\n<p>Tem uma cole\u00e7\u00e3o que se chama Rita Adelaide, porque era o nome da m\u00e3e do colecionador, o Tancredo Martins, um jurista e intelectual de Minas Gerais. Ele gostava de colecionar livros<\/p>\n<cite>Meire Ramos, bibliotec\u00e1ria<\/cite><\/blockquote>\n\n\n\n<p>A coordenadora de Cole\u00e7\u00f5es Especiais relata que os pesquisadores s\u00e3o os mais interessados no setor. \u201cO p\u00fablico aqui geralmente \u00e9 (voltado a) uma pesquisa mais elaborada, quando (a pessoa) vem consultar essa cole\u00e7\u00e3o \u00e9 porque quer alguma coisa diferente, ent\u00e3o, \u00e9 mais espec\u00edfico.\u201d&nbsp;<\/p>\n\n\n\n<p>Para al\u00e9m dos pesquisadores, a biblioteca realiza eventualmente visitas guiadas a demais interessados em \u00e1reas restritas apenas aos funcion\u00e1rios, como aconteceu no dia dos namorados, na 11\u00aa <a href=\"https:\/\/www.bibliotecapublica.mg.gov.br\/programacao-cultural\/11a-noite-mineira-de-museus-e-bibliotecas-2\/\" target=\"_blank\" rel=\"noreferrer noopener\">Noite Mineira dos Museus e Bibliotecas<\/a>.&nbsp;<\/p>\n\n\n\n<p>A servidora apresenta uma alternativa adicional para facilitar o acesso a essas exclusividades por meio do <a href=\"http:\/\/200.198.28.214\/\" target=\"_blank\" rel=\"noreferrer noopener\">Pergamum<\/a>: nele \u00e9 poss\u00edvel consultar todos os livros, pelo mesmo sistema usado por algumas universidades, e assim, ao buscar pelo autor, pelo t\u00edtulo ou pelo assunto, o usu\u00e1rio encontra uma diversidade de obras da cole\u00e7\u00e3o.&nbsp;<\/p>\n\n\n\n<p>Obras que antes pertenciam \u00e0 antiga cole\u00e7\u00e3o privada de Alcino Bicalho, por meio de um investimento do Estado, tamb\u00e9m agregam as Cole\u00e7\u00f5es Especiais. Outra obra, que Meire acredita ser o maior livro da cole\u00e7\u00e3o, \u00e9 uma edi\u00e7\u00e3o do grande fot\u00f3grafo <a href=\"https:\/\/www.instagram.com\/sebastiaosalgadooficial?igsh=NHp2YmRsOG03aGRv\" target=\"_blank\" rel=\"noreferrer noopener\">Sebasti\u00e3o Salgado<\/a>, doa\u00e7\u00e3o feita pela empresa Vale. Al\u00e9m dessas rel\u00edquias, obras de M\u00e1rio Casassanta, Cigano Santo, Eduardo Frieiro tamb\u00e9m abarcam o acervo. Uma edi\u00e7\u00e3o em destaque na cole\u00e7\u00e3o Mineiriana, ou Autores Mineiros, \u00e9 um exemplar de Corpo de Baile, de <a href=\"https:\/\/youtu.be\/ndsNFE6SP68?si=8zbve4F0OtvJ64Ka\" target=\"_blank\" rel=\"noreferrer noopener\">Guimar\u00e3es Rosa<\/a>.<\/p>\n\n\n\n<figure class=\"wp-block-image size-large is-style-default\"><img data-dominant-color=\"473d38\" data-has-transparency=\"false\" style=\"--dominant-color: #473d38;\" loading=\"lazy\" decoding=\"async\" width=\"1024\" height=\"683\" sizes=\"auto, (max-width: 1024px) 100vw, 1024px\" src=\"https:\/\/blogfca.pucminas.br\/colab\/wp-content\/uploads\/2025\/10\/foto-4-Corpo-de-Baile-Guimaraes-Rosa-1-1024x683.webp\" alt=\"Um plano detalhado foca no livro &quot;Corpo de Baile&quot;, de Jo\u00e3o Guimar\u00e3es Rosa, uma edi\u00e7\u00e3o antiga em capa dura vermelha e amarelada, com o texto e ilustra\u00e7\u00f5es em preto e branco. O livro est\u00e1 ligeiramente aberto e posicionado sobre uma superf\u00edcie escura, com duas folhas brancas abertas ao lado, em contraste com a capa. O ambiente, que parece ser um setor de acervo da biblioteca, \u00e9 escuro, com ilumina\u00e7\u00e3o focal no objeto principal. No fundo desfocado, \u00e0 esquerda e no centro, \u00e9 poss\u00edvel distinguir estantes escuras e altas repletas de livros, sugerindo um vasto volume de obras hist\u00f3ricas.\" class=\"wp-image-25236 not-transparent\" srcset=\"https:\/\/blogfca.pucminas.br\/colab\/wp-content\/uploads\/2025\/10\/foto-4-Corpo-de-Baile-Guimaraes-Rosa-1-1024x683.webp 1024w, https:\/\/blogfca.pucminas.br\/colab\/wp-content\/uploads\/2025\/10\/foto-4-Corpo-de-Baile-Guimaraes-Rosa-1-300x200.webp 300w, https:\/\/blogfca.pucminas.br\/colab\/wp-content\/uploads\/2025\/10\/foto-4-Corpo-de-Baile-Guimaraes-Rosa-1-768x512.webp 768w, https:\/\/blogfca.pucminas.br\/colab\/wp-content\/uploads\/2025\/10\/foto-4-Corpo-de-Baile-Guimaraes-Rosa-1-1536x1024.webp 1536w, https:\/\/blogfca.pucminas.br\/colab\/wp-content\/uploads\/2025\/10\/foto-4-Corpo-de-Baile-Guimaraes-Rosa-1-2048x1365.webp 2048w, https:\/\/blogfca.pucminas.br\/colab\/wp-content\/uploads\/2025\/10\/foto-4-Corpo-de-Baile-Guimaraes-Rosa-1-370x247.webp 370w, https:\/\/blogfca.pucminas.br\/colab\/wp-content\/uploads\/2025\/10\/foto-4-Corpo-de-Baile-Guimaraes-Rosa-1-270x180.webp 270w, https:\/\/blogfca.pucminas.br\/colab\/wp-content\/uploads\/2025\/10\/foto-4-Corpo-de-Baile-Guimaraes-Rosa-1-570x380.webp 570w, https:\/\/blogfca.pucminas.br\/colab\/wp-content\/uploads\/2025\/10\/foto-4-Corpo-de-Baile-Guimaraes-Rosa-1-740x493.webp 740w, https:\/\/blogfca.pucminas.br\/colab\/wp-content\/uploads\/2025\/10\/foto-4-Corpo-de-Baile-Guimaraes-Rosa-1-150x100.webp 150w\" \/><figcaption class=\"wp-element-caption\">O exemplar de Guimar\u00e3es Rosa, Corpo de Baile, possui uma dedicat\u00f3ria assinada pelo autor em 1956 \/ Foto: Alice Ottoni<\/figcaption><\/figure>\n\n\n\n<h2 class=\"wp-block-heading\"><strong>Saiba como contribuir com o acervo<\/strong><\/h2>\n\n\n\n<p>A biblioteca tamb\u00e9m aceita doa\u00e7\u00f5es de livros, todavia, devem atender aos crit\u00e9rios da institui\u00e7\u00e3o. Em casos de doa\u00e7\u00e3o, quando a iniciativa&nbsp; parte de empresas \u00e9 mais dif\u00edcil de ser viabilizada, mas toda a sociedade pode contribuir, segundo a coordena\u00e7\u00e3o. \u201cTem que ter os crit\u00e9rios, primeiro tem que estar em perfeito estado de conserva\u00e7\u00e3o, n\u00e3o \u00e9 qualquer coisa tamb\u00e9m que comp\u00f5e o acervo, para atender voc\u00eas bem.\u201d<br><\/p>\n\n\n\n<h2 class=\"wp-block-heading\"><strong>Suplemento Liter\u00e1rio<\/strong><\/h2>\n\n\n\n<p>No pr\u00e9dio principal tamb\u00e9m \u00e9 realizada a produ\u00e7\u00e3o do <a href=\"https:\/\/www.bibliotecapublica.mg.gov.br\/suplemento\/#\/\" target=\"_blank\" rel=\"noreferrer noopener\">Jornal Suplemento Liter\u00e1rio de Minas Gerais (SLMG<\/a>). Criado em 1966, e com vi\u00e9s democr\u00e1tico, traz mat\u00e9rias de autores consagrados, mas tamb\u00e9m revela novos autores.<\/p>\n\n\n\n<p>Fl\u00e1via Alves, doutora em Letras pela UFJF e servidora p\u00fablica na biblioteca, compartilha&nbsp; que tem como fun\u00e7\u00e3o receber e revisar os textos das pessoas, de professores, parceiros, colaboradores, entre outros, mas eventualmente tamb\u00e9m submete alguns de seus textos.<\/p>\n\n\n\n<p>Segundo Fl\u00e1via, o foco do jornal, que tem periodicidade bimestral, \u00e9 enaltecer a literatura mineira, escritores mineiros ou textos sobre Minas Gerais.<\/p>\n\n\n\n<blockquote class=\"wp-block-quote is-layout-flow wp-block-quote-is-layout-flow\">\n<p>\u00c9 sempre pensando no que tem de bom aqui na pr\u00f3pria literatura mineira, que muitas vezes \u00e9 tida como menor ou com menos destaque dentro do eixo Rio e S\u00e3o Paulo, n\u00e9? Mas a gente sabe que tem muita coisa interessante e muita coisa de qualidade dentro de Minas Gerais. O suplemento veio com esse movimento desde os anos 60.<\/p>\n<cite>Fl\u00e1via Alves, servidora p\u00fablica na biblioteca <\/cite><\/blockquote>\n\n\n\n<p>O jornal re\u00fane textos em diferentes g\u00eaneros, desde poemas a entrevistas que mostram o trabalho de diversos autores. Ad\u00e3o Ventura (1939-2004) \u00e9 um dos nomes presentes no suplemento, junto de Concei\u00e7\u00e3o Evaristo e Ricardo Aleixo, que tiveram as obras analisadas por especialistas.<\/p>\n\n\n\n<h2 class=\"wp-block-heading\"><strong>Da hist\u00f3ria para a popula\u00e7\u00e3o<\/strong><\/h2>\n\n\n\n<p>Uma cole\u00e7\u00e3o com mais de 1.800 t\u00edtulos de jornais e revistas da hist\u00f3ria de Belo Horizonte, de Minas e um pouco do restante do Brasil.<strong> <\/strong>O setor da Hemeroteca Hist\u00f3rica da Biblioteca P\u00fablica carrega grandes preciosidades hist\u00f3ricas e toma cuidado para a melhor conserva\u00e7\u00e3o. Diferentemente dos outros departamentos, a hemeroteca n\u00e3o realiza empr\u00e9stimos, mas segue ativamente no aux\u00edlio de pesquisadores,&nbsp; historiadores e&nbsp; curiosos que desejam consultar no local os peri\u00f3dicos antigos.&nbsp;<\/p>\n\n\n\n<p>Pedro Henrique Fernandes, 24 anos, \u00e9 estagi\u00e1rio de biblioteconomia e compartilha um pouco do trabalho feito no setor. Ele conta que, no momento de nossa entrevista, duas pesquisadoras estavam fazendo um trabalho sobre os 45 anos da visita do Papa em&nbsp; Belo Horizonte, em 10 de junho de 1980. Nesses casos, \u00e9 fun\u00e7\u00e3o do funcion\u00e1rio separar um peri\u00f3dico digitalizado, que possa contribuir com o interesse das pesquisadoras.&nbsp;<\/p>\n\n\n\n<p>Dedicado \u00e0 preserva\u00e7\u00e3o e ao acesso de jornais, revistas e outros peri\u00f3dicos que ajudam a contar a hist\u00f3ria do estado e do pa\u00eds a partir da imprensa escrita, o acervo re\u00fane t\u00edtulos que datam do s\u00e9culo XIX at\u00e9 os dias atuais.<\/p>\n\n\n\n<p>Outros materiais tamb\u00e9m est\u00e3o dispon\u00edveis em microfilme e, em alguns casos, em formato digital. J\u00e1 os peri\u00f3dicos mais recentes podem ser acessados em sua forma f\u00edsica, respeitando as condi\u00e7\u00f5es de conserva\u00e7\u00e3o e disponibilidade.<\/p>\n\n\n\n<figure class=\"wp-block-image size-full is-resized\"><img data-dominant-color=\"dedede\" data-has-transparency=\"false\" loading=\"lazy\" decoding=\"async\" width=\"466\" height=\"640\" sizes=\"auto, (max-width: 466px) 100vw, 466px\" src=\"https:\/\/blogfca.pucminas.br\/colab\/wp-content\/uploads\/2025\/10\/FOTO-5-JORNAL-UNIVERSAL.webp\" alt=\"Uma fotografia em preto e branco de um exemplar da primeira edi\u00e7\u00e3o do jornal hist\u00f3rico &quot;O Universal&quot;, datado de 18 de Julho de 1825, Segunda-feira. O documento antigo apresenta-se com a tipografia da \u00e9poca, com o t\u00edtulo &quot;O UNIVERSAL&quot; em destaque no topo, sob a ep\u00edgrafe &quot;N.\u00ba 1&quot;. O texto \u00e9 organizado em colunas, com um pequeno trecho de Voltaire citado. A primeira coluna discorre sobre os objetivos do peri\u00f3dico. Abaixo, h\u00e1 uma se\u00e7\u00e3o intitulada &quot;Antiga Organiza\u00e7\u00e3o&quot; listando regimentos de cavalaria, e o documento possui marcas e anota\u00e7\u00f5es manuscritas claras no canto superior esquerdo.\" class=\"wp-image-25237 not-transparent\" style=\"--dominant-color: #dedede; width:650px;height:auto\" srcset=\"https:\/\/blogfca.pucminas.br\/colab\/wp-content\/uploads\/2025\/10\/FOTO-5-JORNAL-UNIVERSAL.webp 466w, https:\/\/blogfca.pucminas.br\/colab\/wp-content\/uploads\/2025\/10\/FOTO-5-JORNAL-UNIVERSAL-218x300.webp 218w, https:\/\/blogfca.pucminas.br\/colab\/wp-content\/uploads\/2025\/10\/FOTO-5-JORNAL-UNIVERSAL-370x508.webp 370w, https:\/\/blogfca.pucminas.br\/colab\/wp-content\/uploads\/2025\/10\/FOTO-5-JORNAL-UNIVERSAL-270x371.webp 270w, https:\/\/blogfca.pucminas.br\/colab\/wp-content\/uploads\/2025\/10\/FOTO-5-JORNAL-UNIVERSAL-150x206.webp 150w\" \/><figcaption class=\"wp-element-caption\">O exemplar mais antigo que se encontra no setor \u00e9 o jornal O Universal, de 1825, produzido em Ouro Preto. \/\/&nbsp;<br>Dispon\u00edvel em: <a href=\"http:\/\/hemerotecahistoricamg.blogspot.com\/2017\/02\/o-universal.html\" target=\"_blank\" rel=\"noreferrer noopener\">hemerotecahistoricamg.blogspot\/o-universal<\/a><\/figcaption><\/figure>\n\n\n\n<p>Uma das fun\u00e7\u00f5es centrais da hemeroteca \u00e9 a guarda e a organiza\u00e7\u00e3o das publica\u00e7\u00f5es do <strong>Dep\u00f3sito Legal<\/strong>, que incentiva editoras mineiras a enviarem \u00e0 Biblioteca exemplares de tudo o que for publicado no estado. Isso garante que a produ\u00e7\u00e3o impressa de Minas Gerais seja preservada de forma sistem\u00e1tica. Como resultado, a hemeroteca se transformou em um reposit\u00f3rio hist\u00f3rico da imprensa local.<\/p>\n\n\n\n<p>A equipe do setor \u00e9 respons\u00e1vel por classificar, registrar e conservar o material recebido, al\u00e9m de oferecer suporte ao p\u00fablico na busca por edi\u00e7\u00f5es espec\u00edficas. O atendimento, segundo os profissionais do setor, \u00e9 constante, com demanda de pessoas interessadas em pesquisas geneal\u00f3gicas, eventos hist\u00f3ricos, reportagens espec\u00edficas ou simplesmente por curiosidade sobre determinado per\u00edodo.<\/p>\n\n\n\n<p>Pedro tamb\u00e9m compartilhou uma hist\u00f3ria curiosa, onde recebeu no local uma senhora da cidade de Corumb\u00e1. A mulher buscava uma edi\u00e7\u00e3o de jornal de 1958, que noticiava o assassinato da m\u00e3e, que morreu envenenada pela vizinha, por\u00e9m, n\u00e3o se lembrava a data exata da edi\u00e7\u00e3o. Pedro fala que por a biblioteca n\u00e3o possuir um sistema de busca, tiveram que realizar uma pesquisa de janeiro at\u00e9 dezembro investigando a not\u00edcia, mas que felizmente conseguiram encontrar.<\/p>\n\n\n\n<p>Al\u00e9m disso, o espa\u00e7o tamb\u00e9m realiza processos de digitaliza\u00e7\u00e3o e indexa\u00e7\u00e3o dos documentos, o que facilita a recupera\u00e7\u00e3o das informa\u00e7\u00f5es e protege os originais do desgaste f\u00edsico. A digitaliza\u00e7\u00e3o, contudo, \u00e9 feita de forma gradual, considerando os limites de equipe e infraestrutura.<\/p>\n\n\n\n<p>Por sua natureza, a hemeroteca \u00e9 uma \u00e1rea que funciona nos bastidores da biblioteca, mas que cumpre papel estrat\u00e9gico na preserva\u00e7\u00e3o da mem\u00f3ria coletiva e no acesso \u00e0 informa\u00e7\u00e3o. Ao guardar d\u00e9cadas, e at\u00e9 s\u00e9culos, de imprensa escrita, o setor mant\u00e9m viva uma das fontes mais importantes de registro da hist\u00f3ria cotidiana e da opini\u00e3o p\u00fablica mineira.<\/p>\n\n\n\n<h2 class=\"wp-block-heading\"><strong>Biju &#8211; Biblioteca infanto-juvenil<\/strong><\/h2>\n\n\n\n<figure class=\"wp-block-image size-large\"><img data-dominant-color=\"8c8981\" data-has-transparency=\"false\" style=\"--dominant-color: #8c8981;\" loading=\"lazy\" decoding=\"async\" width=\"1024\" height=\"683\" sizes=\"auto, (max-width: 1024px) 100vw, 1024px\" src=\"https:\/\/blogfca.pucminas.br\/colab\/wp-content\/uploads\/2025\/10\/Foto-3-infantojuvenil-1-1024x683.webp\" alt=\"Uma estante de exposi\u00e7\u00e3o verde com acabamento met\u00e1lico, posicionada em um ambiente interno de biblioteca, exibindo oito livros infantojuvenis com as capas viradas para frente em duas prateleiras. Entre os t\u00edtulos vis\u00edveis est\u00e3o &quot;Greta Gigantes&quot;, &quot;Vamos Dormir?&quot;, &quot;Todos S\u00e3o Bem-Vindos&quot;, e &quot;A Abelha Ab\u00edlia&quot;. O fundo da imagem est\u00e1 desfocado, mas revela a profundidade do espa\u00e7o, com grandes janelas de vidro refletindo o teto e outras partes da biblioteca, e, \u00e0 direita, uma parede com uma galeria de pequenos quadros ou imagens penduradas. A ilumina\u00e7\u00e3o \u00e9 clara e indireta, destacando as cores vibrantes das capas dos livros.\" class=\"wp-image-25241 not-transparent\" srcset=\"https:\/\/blogfca.pucminas.br\/colab\/wp-content\/uploads\/2025\/10\/Foto-3-infantojuvenil-1-1024x683.webp 1024w, https:\/\/blogfca.pucminas.br\/colab\/wp-content\/uploads\/2025\/10\/Foto-3-infantojuvenil-1-300x200.webp 300w, https:\/\/blogfca.pucminas.br\/colab\/wp-content\/uploads\/2025\/10\/Foto-3-infantojuvenil-1-768x512.webp 768w, https:\/\/blogfca.pucminas.br\/colab\/wp-content\/uploads\/2025\/10\/Foto-3-infantojuvenil-1-1536x1024.webp 1536w, https:\/\/blogfca.pucminas.br\/colab\/wp-content\/uploads\/2025\/10\/Foto-3-infantojuvenil-1-2048x1365.webp 2048w, https:\/\/blogfca.pucminas.br\/colab\/wp-content\/uploads\/2025\/10\/Foto-3-infantojuvenil-1-370x247.webp 370w, https:\/\/blogfca.pucminas.br\/colab\/wp-content\/uploads\/2025\/10\/Foto-3-infantojuvenil-1-270x180.webp 270w, https:\/\/blogfca.pucminas.br\/colab\/wp-content\/uploads\/2025\/10\/Foto-3-infantojuvenil-1-570x380.webp 570w, https:\/\/blogfca.pucminas.br\/colab\/wp-content\/uploads\/2025\/10\/Foto-3-infantojuvenil-1-740x493.webp 740w, https:\/\/blogfca.pucminas.br\/colab\/wp-content\/uploads\/2025\/10\/Foto-3-infantojuvenil-1-150x100.webp 150w\" \/><figcaption class=\"wp-element-caption\">As capas convidativas da se\u00e7\u00e3o infantojuvenil da biblioteca.<\/figcaption><\/figure>\n\n\n\n<p>\u00c9 no primeiro andar que encontramos o carro-chefe da Biblioteca. Seis pessoas trabalham neste departamento, sendo quatro servidores p\u00fablicos e duas estagi\u00e1rias do curso de Letras da UFMG. O setor Infantojuvenil da Biblioteca P\u00fablica Estadual de Minas Gerais desenvolve programa\u00e7\u00e3o diversificada que inclui conta\u00e7\u00e3o de hist\u00f3rias, rodas de leitura, lan\u00e7amento de livros, encontro de autores infantis, excurs\u00f5es escolares, oficinas art\u00edsticas e atividades no espa\u00e7o da brinquedoteca.&nbsp;&nbsp;<\/p>\n\n\n\n<p>Apesar de a proposta ser voltada \u00e0s crian\u00e7as, os servi\u00e7os n\u00e3o se restringem a elas. A equipe tamb\u00e9m presta atendimento a todas as pessoas de todas as idades. Como os servi\u00e7os de empr\u00e9stimo e de media\u00e7\u00e3o da leitura, os servidores tentam adequar o que podem ofertar \u00e0 demanda do p\u00fablico.&nbsp;<\/p>\n\n\n\n<p>Criado com o objetivo de incentivar a leitura desde cedo, o setor oferece um acervo variado que promove o contato com a literatura de forma livre e acess\u00edvel. A cole\u00e7\u00e3o inclui obras ilustradas, literatura infanto-juvenil, gibis e quadrinhos. Os livros s\u00e3o selecionados para respeitar o desenvolvimento de cada idade.&nbsp;<br><\/p>\n\n\n\n<h2 class=\"wp-block-heading\"><strong>Desafio frente \u00e0 Internet<\/strong><\/h2>\n\n\n\n<p>A concorr\u00eancia com o ambiente digital \u00e9 um desafio, na avalia\u00e7\u00e3o da coordenadora do Biju, Vanessa Mendes. Ela conta como o interesse pela literatura diminuiu entre o p\u00fablico infantil desde que o acesso \u00e0 internet se tornou um h\u00e1bito di\u00e1rio. \u201cH\u00e1 muita facilidade de encontrar uma informa\u00e7\u00e3o ali, at\u00e9 mesmo de ler um livro de forma digital, mas eu acho que, na parte da pesquisa, a gente notou ainda mais essa queda. \u00c9 dif\u00edcil vir um estudante aqui acessar uma enciclop\u00e9dia f\u00edsica. H\u00e1 escolas, inclusive, que motivam muito isso. Assim, \u2018vamos fugir um pouco da tela, gente? Vamos para a biblioteca?\u2019\u201d&nbsp;<br><\/p>\n\n\n\n<h2 class=\"wp-block-heading\"><strong>Metade dos brasileiros n\u00e3o l\u00ea livros<\/strong><\/h2>\n\n\n\n<p>Segundo a pesquisa da <a href=\"https:\/\/www.cblservicos.org.br\/registro\/?gad_source=1&amp;gad_campaignid=22593718007&amp;gbraid=0AAAAACUkv-_H3A4AyzIrqIadSuEJ51Atj&amp;gclid=Cj0KCQjwnovFBhDnARIsAO4V7mCT1bLWFQq8KVCNFempK2FmYa_2EBa6IVsxNg35T2-pBbLwyyOyupIaAgBcEALw_wcB\" target=\"_blank\" rel=\"noreferrer noopener\">C\u00e2mara Brasileira do Livro<\/a>, <a href=\"https:\/\/cbl.org.br\/2024\/11\/mais-da-metade-dos-brasileiros-nao-le-livros-aponta-pesquisa\/\">mais da metade dos brasileiros n\u00e3o l\u00ea livros<\/a>. Diante desse dado, Vanessa considera ser importante buscar estrat\u00e9gias para atrair as pessoas para a biblioteca, \u201cpara que elas sintam que esse espa\u00e7o \u00e9 delas, essa no\u00e7\u00e3o de pertencimento mesmo, a gente desenvolve isso a cada dia. E contribuir, de fato, para forma\u00e7\u00e3o de leitores, que \u00e9 o nosso objetivo principal\u201d.<\/p>\n\n\n\n<p>A coordenadora conta que o Biju \u00e9 um destino frequente de excurs\u00f5es escolares, e para marcar um hor\u00e1rio \u00e9 s\u00f3 entrar em contato por telefone ou e-mail. \u201cPara a gente \u00e9 uma alegria receber todos que nos procuram\u201d, afirma Vanessa.<\/p>\n\n\n\n<p>Outra iniciativa atrativa para o p\u00fablico infantil \u00e9 a oferta de oficinas art\u00edsticas,&nbsp; eventos bastante comuns na rotina do setor. Segundo a respons\u00e1vel pela oficina art\u00edstica de modelagem em massinha, que aconteceu na tarde do \u00faltimo dia 6 de junho, <a href=\"https:\/\/www.instagram.com\/artewalls\/\" target=\"_blank\" rel=\"noreferrer noopener\">Lu\u00edsa Xavier<\/a>, filha do artista <a href=\"https:\/\/www.instagram.com\/marceloxavierartista?igsh=YXhpaDV1eTJyZW53\" target=\"_blank\" rel=\"noreferrer noopener\">Marcelo Xavier<\/a>, a vida precisa ser experimentada atrav\u00e9s da arte.<\/p>\n\n\n\n<blockquote class=\"wp-block-quote is-layout-flow wp-block-quote-is-layout-flow\">\n<p>Eu fui muito estimulada, meus pais me levavam para os festivais de inverno, para o teatro, em casa era arte o tempo inteiro, meu pai trabalhava com arte, minha m\u00e3e, professora de canto, de m\u00fasica, e jornalista. Ent\u00e3o eu sei a import\u00e2ncia dessas sementinhas que a gente planta nas crian\u00e7as<\/p>\n<cite>Lu\u00edsa Xavier,  formada em Comunica\u00e7\u00e3o e Artes Visuais<\/cite><\/blockquote>\n\n\n\n<p>Lu\u00edsa exp\u00f5e como a influ\u00eancia e o incentivo dos pais foi fundamental para que criasse seu pr\u00f3prio caminho. A oficina de modelagem em massinha integrava a s\u00e9tima edi\u00e7\u00e3o da Feira de Hist\u00f3rias em Quadrinhos, evento promovido pela Escola T\u00e9cnica de Artes Visuais &#8211; Casa dos Quadrinhos (CDQ-CON), sendo o terceiro ano consecutivo realizado nos ambientes da Biblioteca.<\/p>\n\n\n\n<p><a href=\"https:\/\/www.instagram.com\/fabriciomartins?igsh=MXBvaWxpZTR5YnhvZg==\" target=\"_blank\" rel=\"noreferrer noopener\">Fabricio Martins<\/a>, um dos autores expostos na feira, que ocorreu em junho, tamb\u00e9m quadrinista e gestor cultural, explica que o evento tem apoio financeiro do <a href=\"https:\/\/prefeitura.pbh.gov.br\/fundacao-municipal-de-cultura\" target=\"_blank\" rel=\"noreferrer noopener\">Fundo Municipal Cultural de Belo Horizonte<\/a>. Al\u00e9m disso, convida quadrinistas de Minas e regi\u00e3o, \u201cpara participarem da feira, expor seus produtos, vender seus livros, fazer lan\u00e7amentos, sess\u00f5es de aut\u00f3grafos e muitas outras atividades relacionadas ao universo dos quadrinhos\u201d.<\/p>\n\n\n\n<p>O quadrinista acrescenta que um dos crit\u00e9rios para os artistas participarem \u00e9 a doa\u00e7\u00e3o de pelo menos um livro para a Biblioteca. No ano de 2025, somaram-se 80 autores no evento, \u201cvai ter a\u00ed mais um uma nova leva de 80 doa\u00e7\u00f5es para renovar o cat\u00e1logo da biblioteca, para fomentar cada vez mais as pessoas a lerem principalmente quadrinhos\u201d.<\/p>\n\n\n\n<h2 class=\"wp-block-heading\"><strong>Acessibilidade e inclus\u00e3o<\/strong><\/h2>\n\n\n\n<p>O setor de braille da biblioteca \u00e9 exemplo concreto de inclus\u00e3o cultural e acessibilidade. Criado com o prop\u00f3sito de oferecer \u00e0s pessoas com defici\u00eancia visual o mesmo direito ao conhecimento, \u00e0 literatura e \u00e0 pesquisa que os demais leitores, o setor \u00e9 essencial para a democratiza\u00e7\u00e3o da leitura.<\/p>\n\n\n\n<figure class=\"wp-block-image size-large\"><img data-dominant-color=\"6c5f4d\" data-has-transparency=\"false\" style=\"--dominant-color: #6c5f4d;\" loading=\"lazy\" decoding=\"async\" width=\"1024\" height=\"683\" sizes=\"auto, (max-width: 1024px) 100vw, 1024px\" src=\"https:\/\/blogfca.pucminas.br\/colab\/wp-content\/uploads\/2025\/10\/FOTO-6-BRAILLE-1024x683.webp\" alt=\"Um close-up de uma pessoa com vestimentas escuras e listradas no bra\u00e7o, utilizando uma reglete e um pun\u00e7\u00e3o para escrever em Braille sobre uma folha de papel branco, que est\u00e1 apoiada em uma mesa de trabalho clara. O equipamento de escrita em Braille \u00e9 uma reglete azul de pl\u00e1stico, e as m\u00e3os da pessoa est\u00e3o centralizadas na imagem, em plena atividade. Em primeiro plano, no canto inferior, h\u00e1 um material amarelo com textos impressos, e ao fundo da mesa, partes de um teclado de computador e outros materiais de escrit\u00f3rio podem ser vistos em um ambiente de ilumina\u00e7\u00e3o mais baixa. A imagem ilustra o processo manual de produ\u00e7\u00e3o de material acess\u00edvel em Braille.\n\" class=\"wp-image-25238 not-transparent\" srcset=\"https:\/\/blogfca.pucminas.br\/colab\/wp-content\/uploads\/2025\/10\/FOTO-6-BRAILLE-1024x683.webp 1024w, https:\/\/blogfca.pucminas.br\/colab\/wp-content\/uploads\/2025\/10\/FOTO-6-BRAILLE-300x200.webp 300w, https:\/\/blogfca.pucminas.br\/colab\/wp-content\/uploads\/2025\/10\/FOTO-6-BRAILLE-768x512.webp 768w, https:\/\/blogfca.pucminas.br\/colab\/wp-content\/uploads\/2025\/10\/FOTO-6-BRAILLE-1536x1024.webp 1536w, https:\/\/blogfca.pucminas.br\/colab\/wp-content\/uploads\/2025\/10\/FOTO-6-BRAILLE-2048x1365.webp 2048w, https:\/\/blogfca.pucminas.br\/colab\/wp-content\/uploads\/2025\/10\/FOTO-6-BRAILLE-370x247.webp 370w, https:\/\/blogfca.pucminas.br\/colab\/wp-content\/uploads\/2025\/10\/FOTO-6-BRAILLE-270x180.webp 270w, https:\/\/blogfca.pucminas.br\/colab\/wp-content\/uploads\/2025\/10\/FOTO-6-BRAILLE-570x380.webp 570w, https:\/\/blogfca.pucminas.br\/colab\/wp-content\/uploads\/2025\/10\/FOTO-6-BRAILLE-740x493.webp 740w, https:\/\/blogfca.pucminas.br\/colab\/wp-content\/uploads\/2025\/10\/FOTO-6-BRAILLE-150x100.webp 150w\" \/><figcaption class=\"wp-element-caption\">O setor possui cerca de 2.100 t\u00edtulos, se consagrando como uma das principais bibliotecas com acessibilidade para pessoas com defici\u00eancia visual do pa\u00eds. \/ Foto: Alice Ottoni&nbsp;<\/figcaption><\/figure>\n\n\n\n<p>Coordenado por Glic\u00e9lio Ramos, desde 2015, at\u00e9 ent\u00e3o, o primeiro e \u00fanico coordenador com defici\u00eancia visual no braille, Glic\u00e9lio comenta que ter uma pessoa com defici\u00eancia na equipe ou coordenando, contribui muito para o setor. Ele conta que como coordenador, tenta implementar em sua equipe um novo tratamento em rela\u00e7\u00e3o aos usu\u00e1rios, para que eles n\u00e3o sejam tratados de forma diferente \u201cN\u00e3o tem essa necessidade de voc\u00ea tratar uma pessoa com defici\u00eancia como coitado ou ter pena dela ou d\u00f3, eu acho que voc\u00ea tem s\u00f3 que respeitar aquela pessoa, respeitar as limita\u00e7\u00f5es que ela possa ter e trat\u00e1-la de forma tranquila\u201d.<\/p>\n\n\n\n<p>A biblioteca oferece uma diversidade de materiais em braille, audiolivros e livros digitais acess\u00edveis, que permitem a navega\u00e7\u00e3o por cap\u00edtulos, p\u00e1ginas e par\u00e1grafos. Al\u00e9m disso, os equipamentos de tecnologia assistiva dispon\u00edveis no local, como computadores com leitores de tela, lupas eletr\u00f4nicas e impressoras braille, facilitam o acesso ao conte\u00fado e garantem autonomia ao usu\u00e1rio.<br><\/p>\n\n\n\n<p>Mais do que um acervo, o setor \u00e9 um ambiente de acolhimento e transforma\u00e7\u00e3o. Muitos dos frequentadores encontram ali n\u00e3o apenas livros, mas tamb\u00e9m a oportunidade de inser\u00e7\u00e3o social e de forma\u00e7\u00e3o. H\u00e1, por exemplo, projetos de forma\u00e7\u00e3o de leitura, oficinas e atividades culturais, como o Tempo Para Ler, atividade desenvolvida por duas volunt\u00e1rias do setor, que tem como objetivo o incentivo \u00e0 leitura. O projeto ocorre quinzenalmente, de forma presencial e tamb\u00e9m online pelo Google Meet. S\u00e3o selecionados temas ou autores que possuem no acervo e com isso, os participantes t\u00eam a oportunidade de ouvir e discutir textos liter\u00e1rios.&nbsp;<\/p>\n\n\n\n<p>A equipe se destaca pelo trabalho de adapta\u00e7\u00e3o de obras, transcrevendo materiais em braille de acordo com a demanda dos usu\u00e1rios. \u00c9 um servi\u00e7o personalizado, que responde diretamente \u00e0s necessidades do p\u00fablico, seja para fins educacionais, profissionais ou pessoais, e conta com o apoio de pessoas volunt\u00e1rias que se disponibilizam para auxiliar em algumas fun\u00e7\u00f5es dentro do setor.<br><\/p>\n\n\n\n<h2 class=\"wp-block-heading\"><strong>Francisco Iglesias: o pr\u00e9dio anexo dos concurseiros<\/strong><\/h2>\n\n\n\n<figure class=\"wp-block-image size-full\"><img data-dominant-color=\"6b6d65\" data-has-transparency=\"false\" style=\"--dominant-color: #6b6d65;\" loading=\"lazy\" decoding=\"async\" width=\"1024\" height=\"683\" sizes=\"auto, (max-width: 1024px) 100vw, 1024px\" src=\"https:\/\/blogfca.pucminas.br\/colab\/wp-content\/uploads\/2025\/10\/foto-7-francisco-iglesias.webp\" alt=\"Uma vista da entrada principal de um edif\u00edcio p\u00fablico de arquitetura moderna e horizontal, com fachada superior branca e longas janelas refletivas azuis. A entrada \u00e9 marcada por um grande p\u00f3rtico sustentado por colunas largas e escuras, com vigas horizontais que criam uma \u00e1rea de sombra. Em frente ao p\u00f3rtico, h\u00e1 uma escadaria ampla na cor laranja-tijolo, que se estende por toda a largura da fachada. No primeiro plano, uma rua asfaltada e uma cal\u00e7ada, com uma \u00e1rvore de tronco fino e galhos modestos centralizada. Um poste de ilumina\u00e7\u00e3o com fia\u00e7\u00e3o proeminente est\u00e1 \u00e0 direita da \u00e1rvore, e uma pessoa de longe caminha sob o p\u00f3rtico.\" class=\"wp-image-25239 not-transparent\" srcset=\"https:\/\/blogfca.pucminas.br\/colab\/wp-content\/uploads\/2025\/10\/foto-7-francisco-iglesias.webp 1024w, https:\/\/blogfca.pucminas.br\/colab\/wp-content\/uploads\/2025\/10\/foto-7-francisco-iglesias-300x200.webp 300w, https:\/\/blogfca.pucminas.br\/colab\/wp-content\/uploads\/2025\/10\/foto-7-francisco-iglesias-768x512.webp 768w, https:\/\/blogfca.pucminas.br\/colab\/wp-content\/uploads\/2025\/10\/foto-7-francisco-iglesias-370x247.webp 370w, https:\/\/blogfca.pucminas.br\/colab\/wp-content\/uploads\/2025\/10\/foto-7-francisco-iglesias-270x180.webp 270w, https:\/\/blogfca.pucminas.br\/colab\/wp-content\/uploads\/2025\/10\/foto-7-francisco-iglesias-570x380.webp 570w, https:\/\/blogfca.pucminas.br\/colab\/wp-content\/uploads\/2025\/10\/foto-7-francisco-iglesias-740x494.webp 740w, https:\/\/blogfca.pucminas.br\/colab\/wp-content\/uploads\/2025\/10\/foto-7-francisco-iglesias-150x100.webp 150w\" \/><figcaption class=\"wp-element-caption\">Em 27 de janeiro de 2023, o anexo foi reaberto ap\u00f3s interdi\u00e7\u00e3o de quatro anos, recomendada pelo Minist\u00e9rio P\u00fablico de Minas Gerais,&nbsp; para obras de revitaliza\u00e7\u00e3o.\/\/ <strong>BeL Arquitetura<\/strong><\/figcaption><\/figure>\n\n\n\n<p>Com demanda majorit\u00e1ria de vestibulandos, concurseiros e pesquisadores aut\u00f4nomos, o setor \u201crefer\u00eancia e estudos\u201d se tornou um espa\u00e7o para inclus\u00e3o social, garantindo acesso \u00e0 internet e ambiente de estudo e trabalho. \u201cA ideia \u00e9 que a pessoa, al\u00e9m do complemento da pesquisa, que talvez ele n\u00e3o consiga descobrir na sua pesquisa com nossos livros, ela acesse a internet para complementar a sua pesquisa\u201d, conclui Gedeon de Souza, servidor p\u00fablico que atua no pr\u00e9dio anexo.<\/p>\n\n\n\n<p>Entre os servi\u00e7os oferecidos no pr\u00e9dio anexo est\u00e1 o setor de Dep\u00f3sito Legal, onde s\u00e3o arquivadas obras publicadas em Minas Gerais, conforme determina a legisla\u00e7\u00e3o. Tamb\u00e9m funcionam no anexo os setores de cataloga\u00e7\u00e3o, tombamento, tratamento t\u00e9cnico, digitaliza\u00e7\u00e3o, encaderna\u00e7\u00e3o e a \u00e1rea de guarda do acervo que n\u00e3o est\u00e1 em circula\u00e7\u00e3o direta no pr\u00e9dio principal.&nbsp;<\/p>\n\n\n\n<p>Esses espa\u00e7os, embora pouco acessados pelo p\u00fablico geral, s\u00e3o estrat\u00e9gicos para a manuten\u00e7\u00e3o da biblioteca como refer\u00eancia estadual em informa\u00e7\u00e3o e cultura, \u201clembrando que a caracter\u00edstica principal da Biblioteca P\u00fablica \u00e9 ser uma biblioteca patrimonial, ou seja, ela preserva a mem\u00f3ria hist\u00f3rica de Minas Gerais\u201d, acrescenta o bibliotec\u00e1rio.&nbsp;<\/p>\n\n\n\n<p>Al\u00e9m disso, o pr\u00e9dio abriga \u00e1reas administrativas e espa\u00e7os destinados a servidores da institui\u00e7\u00e3o. O funcionamento em separado permite que o pr\u00e9dio principal da biblioteca concentre-se no atendimento ao p\u00fablico, enquanto o anexo garante que os bastidores da conserva\u00e7\u00e3o e do processamento da informa\u00e7\u00e3o funcionem com efici\u00eancia.<\/p>\n\n\n\n<h2 class=\"wp-block-heading\"><strong>Um lugar para todos&nbsp;<\/strong><\/h2>\n\n\n\n<p>E quem aproveita a grande variedade de livros que a biblioteca oferece \u00e9 o advogado Luiz Filipe Barbosa, 28, que costuma frequentar o local uma vez por semana. Apaixonado por literatura, Luiz Fillipe vive entre livros de fic\u00e7\u00e3o, literatura cl\u00e1ssica, g\u00eanero policial e filosofia. O advogado conta que seu primeiro contato com a biblioteca foi h\u00e1 cerca de 10 anos. Dois anos depois decidiu fidelizar a sua rela\u00e7\u00e3o com a institui\u00e7\u00e3o, vindo \u00e0 se tornar um s\u00f3cio-leitor no ano de 2017. Em 2018, Luiz Filipe \u00e9 introduzido na realidade de vestibulando e com isso v\u00ea seus la\u00e7os com o pr\u00e9dio dos concurseiros se estreitarem. Logo em seguida, em 2019, o ent\u00e3o advogado ingressa no curso de Direito da Puc Minas.<\/p>\n\n\n\n<p>Segundo o advogado, uma pessoa pobre precisa ser incentivada a consumir cultura e raramente esse apoio parte da rede familiar, e foi isso que a Biblioteca fez por ele, \u201ca biblioteca foi e \u00e9 muito importante, contribui muito para o meu desenvolvimento pessoal, cognitivo tamb\u00e9m, sem d\u00favidas, a exist\u00eancia desse espa\u00e7o democratiza demais a leitura, que, infelizmente, a\u00ed a exist\u00eancia ajuda muito\u201d.&nbsp;Para ele a exist\u00eancia de um espa\u00e7o p\u00fablico que promove acessa a arte, cultura e informa\u00e7\u00e3o faz toda a diferen\u00e7a na cidade, um livro tem, geralmente, um pre\u00e7o alto demais para o cidad\u00e3o assalariado precisar comprar para exercer o h\u00e1bito de ler.<\/p>\n\n\n\n<p>Ele destaca nomes importantes da literatura que j\u00e1 leu gra\u00e7as ao acervo da Biblioteca: eu posso lembrar de alguns livros tanto nacionais quanto internacionais, que da literatura cl\u00e1ssica teve Machado de Assis, teve Joaquim Manuel de Macedo e at\u00e9 algumas tem\u00e1ticas mais jornal\u00edsticas. Al\u00e9m disso ele menciona como \u00e9 importante esse pilar para toda uma sociedade.<\/p>\n\n\n\n<p>Usando os servi\u00e7os da institui\u00e7\u00e3o como ferramenta no seu processo de forma\u00e7\u00e3o em Direito, Luiz Filipe afirma que o pr\u00e9dio da Rua da Bahia era quase casa durante a gradua\u00e7\u00e3o.<\/p>\n\n\n\n<p>Com as idas frequentes \u00e0 biblioteca, Luiz Filipe questiona sobre a possibilidade de reservas. De acordo com ele, saber se a obra desejada est\u00e1 dispon\u00edvel para empr\u00e9stimo faria toda a diferen\u00e7a, desta forma, o s\u00f3cio n\u00e3o se deslocaria \u00e0 toa at\u00e9 o local de empr\u00e9stimo.<\/p>\n\n\n\n<h2 class=\"wp-block-heading\"><strong>Leia Mulheres<\/strong><\/h2>\n\n\n\n<p>J\u00e1 <a href=\"https:\/\/www.instagram.com\/mariqcastro?igsh=Ynd6OGx5dGhvc2F0\" target=\"_blank\" rel=\"noreferrer noopener\">Mariana Queiroz Castro<\/a> de 39 anos, abra\u00e7a os espa\u00e7os da biblioteca e faz dali um lugar para o seu Clube do Livro, <a href=\"https:\/\/www.instagram.com\/leiamulheresbh?igsh=eXZ6dGcwYXpla2hs\" target=\"_blank\" rel=\"noreferrer noopener\">Leia Mulheres BH<\/a>.&nbsp;<\/p>\n\n\n\n<figure class=\"wp-block-image size-large\"><img data-dominant-color=\"554840\" data-has-transparency=\"false\" style=\"--dominant-color: #554840;\" loading=\"lazy\" decoding=\"async\" width=\"1024\" height=\"576\" sizes=\"auto, (max-width: 1024px) 100vw, 1024px\" src=\"https:\/\/blogfca.pucminas.br\/colab\/wp-content\/uploads\/2025\/10\/FOTO-8-RODA-DE-LEITURA-1024x576.webp\" alt=\"Uma fotografia noturna em um ambiente interno de uma biblioteca, mostrando uma Roda de Leitura ou debate. Um grupo diversificado de cerca de vinte pessoas est\u00e1 sentado em cadeiras pretas, dispostas em c\u00edrculo em um piso de ladrilhos pretos brilhantes, participando de uma atividade. A ilumina\u00e7\u00e3o ambiente \u00e9 focada no centro do c\u00edrculo, enquanto o fundo permanece mais escuro. \u00c0 direita, um grande objeto art\u00edstico, que se assemelha \u00e0 cabe\u00e7a de um dinossauro ou ser mitol\u00f3gico marrom-escuro, est\u00e1 parcialmente vis\u00edvel. As janelas no fundo refletem a luz e mostram o exterior escuro, indicando ser um evento noturno.\" class=\"wp-image-25240 not-transparent\" srcset=\"https:\/\/blogfca.pucminas.br\/colab\/wp-content\/uploads\/2025\/10\/FOTO-8-RODA-DE-LEITURA-1024x576.webp 1024w, https:\/\/blogfca.pucminas.br\/colab\/wp-content\/uploads\/2025\/10\/FOTO-8-RODA-DE-LEITURA-300x169.webp 300w, https:\/\/blogfca.pucminas.br\/colab\/wp-content\/uploads\/2025\/10\/FOTO-8-RODA-DE-LEITURA-768x432.webp 768w, https:\/\/blogfca.pucminas.br\/colab\/wp-content\/uploads\/2025\/10\/FOTO-8-RODA-DE-LEITURA-1536x864.webp 1536w, https:\/\/blogfca.pucminas.br\/colab\/wp-content\/uploads\/2025\/10\/FOTO-8-RODA-DE-LEITURA-370x208.webp 370w, https:\/\/blogfca.pucminas.br\/colab\/wp-content\/uploads\/2025\/10\/FOTO-8-RODA-DE-LEITURA-270x152.webp 270w, https:\/\/blogfca.pucminas.br\/colab\/wp-content\/uploads\/2025\/10\/FOTO-8-RODA-DE-LEITURA-570x321.webp 570w, https:\/\/blogfca.pucminas.br\/colab\/wp-content\/uploads\/2025\/10\/FOTO-8-RODA-DE-LEITURA-740x416.webp 740w, https:\/\/blogfca.pucminas.br\/colab\/wp-content\/uploads\/2025\/10\/FOTO-8-RODA-DE-LEITURA-150x84.webp 150w, https:\/\/blogfca.pucminas.br\/colab\/wp-content\/uploads\/2025\/10\/FOTO-8-RODA-DE-LEITURA.webp 2000w\" \/><figcaption class=\"wp-element-caption\">O clube se inspirou no projeto #readwomen2014, da escritora inglesa Joanna Walsh \/ Foto: <a href=\"https:\/\/www.instagram.com\/andrecastrofoto?igsh=MXBqeGpmM2dmNDBucQ==\">Andr\u00e9 Castro<\/a>&nbsp;<\/figcaption><\/figure>\n\n\n\n<p>Mari Castro, como prefere ser chamada, \u00e9 uma das mediadoras do clube e adotou os ambientes da Biblioteca ap\u00f3s um convite da pr\u00f3pria institui\u00e7\u00e3o. Agora, os encontros que antes aconteciam apenas no Centro de Refer\u00eancia Jovem (CRJ) tamb\u00e9m s\u00e3o distribu\u00eddos nos dois pr\u00e9dios da Biblioteca. Agendados previamente pelo Whatsapp, Mari combina os hor\u00e1rios e as datas dos encontros com a funcion\u00e1ria apelidada de Dilu, e assim elas planejam toda a organiza\u00e7\u00e3o do evento.<\/p>\n\n\n\n<p>Segundo a mediadora, j\u00e1 faz algum tempo que o clube t\u00eam essa din\u00e2mica e sempre s\u00e3o tratados com muito carinho e cuidado pelos funcion\u00e1rios, intercalados por m\u00eas sim e m\u00eas n\u00e3o, ela expressa sua satisfa\u00e7\u00e3o pelo conforto do lugar: \u201c\u00e9 um espa\u00e7o super agrad\u00e1vel, super acolhedor. \u00c9 muito bom estar perto dos livros, perto dos espa\u00e7os de leitura e ocupar esses espa\u00e7os que s\u00e3o nossos, que s\u00e3o p\u00fablicos\u201d.<\/p>\n\n\n\n<p>O Clube do Livro Leia Mulheres chegou em BH em setembro de 2015, a Mari explica que ela e a Ana Paula, tamb\u00e9m mediadora do clube, foram percebendo esse movimento crescendo no Brasil e decidiram trazer ele para Belo Horizonte tamb\u00e9m: ent\u00e3o vem dessa ideia mesmo de que as pessoas leiam mais livros escritos por mulheres.<\/p>\n\n\n\n<p>Enquanto o clube prop\u00f5e a ideia de um ambiente horizontal, onde as pessoas leiam mais livros escritos por mulheres, e se dedicam a desconstruir preconceitos em rela\u00e7\u00e3o \u00e0 escrita de autoras femininas, a Biblioteca visa democratizar a cultura patrimonial. Nessa parceria, o clube se tornou porta de entrada aos recursos dessa institui\u00e7\u00e3o ao estimular o v\u00ednculo entre os participantes do Leia Mulheres e a Biblioteca.<\/p>\n\n\n\n<blockquote class=\"wp-block-quote is-layout-flow wp-block-quote-is-layout-flow\">\n<p><strong>O Estado garantir\u00e1 a todos o pleno exerc\u00edcio dos direitos culturais e acesso \u00e0s fontes da cultura nacional, e apoiar\u00e1 e incentivar\u00e1 a valoriza\u00e7\u00e3o e a difus\u00e3o das manifesta\u00e7\u00f5es culturais<\/strong><\/p>\n<cite><strong>Art. 215 da Constitui\u00e7\u00e3o de 1988<\/strong><\/cite><\/blockquote>\n\n\n\n<p>Manter um patrim\u00f4nio de grande relev\u00e2ncia vai muito al\u00e9m da paix\u00e3o pelos livros e pela cultura, a institui\u00e7\u00e3o enfrenta desafios cont\u00ednuos para manter-se viva, moderna e acess\u00edvel \u00e0 popula\u00e7\u00e3o.<\/p>\n\n\n\n<p>Um patrim\u00f4nio como a Biblioteca P\u00fablica, exige uma grande estrutura de gest\u00e3o e conserva\u00e7\u00e3o. Por ser um edif\u00edcio hist\u00f3rico e arquitet\u00f4nico, o local demanda manuten\u00e7\u00e3o, melhorias em acessibilidade e sistemas de climatiza\u00e7\u00e3o, al\u00e9m do cuidado com o grande acervo. De acordo com a mestre em arquitetura e especialista em pol\u00edticas culturais, <a href=\"https:\/\/www.linkedin.com\/in\/tatiana-gomes-448454206\/\" target=\"_blank\" rel=\"noreferrer noopener\">Tatiana Gomes<\/a>, esse processo exige um grande or\u00e7amento e um planejamento a longo prazo. A arquiteta tamb\u00e9m conta que as bibliotecas de hoje em dia podem oferecer apenas prateleiras com livros, mas tamb\u00e9m \u00e9 necess\u00e1rio ter locais de conviv\u00eancia, media\u00e7\u00e3o cultural e inclus\u00e3o.<\/p>\n\n\n\n<p>O financiamento da Biblioteca \u00e9 feito atrav\u00e9s de diferentes mecanismos de apoio \u00e0 cultura. No \u00e2mbito federal, h\u00e1 <a href=\"https:\/\/r.search.yahoo.com\/_ylt=AwrEn3Q0XAJp7wEAEPrz6Qt.;_ylu=Y29sbwNiZjEEcG9zAzEEdnRpZAMEc2VjA3Ny\/RV=2\/RE=1762971957\/RO=10\/RU=https%3a%2f%2fwww.gov.br%2fcultura%2fpt-br%2fassuntos%2flei-paulo-gustavo\/RK=2\/RS=2xccqyPq7loTA5iHW9oTuMda2VY-\" target=\"_blank\" rel=\"noreferrer noopener\">a Lei Paulo Gustavo<\/a>; em Minas Gerais, o<a href=\"https:\/\/r.search.yahoo.com\/_ylt=AwrigYxqXAJp7gEAIKTz6Qt.;_ylu=Y29sbwNiZjEEcG9zAzEEdnRpZAMEc2VjA3Ny\/RV=2\/RE=1762972011\/RO=10\/RU=https%3a%2f%2fwww.secult.mg.gov.br%2fcomponent%2fcontent%2fcategory%2f158-fundo-estadual-de-cultura\/RK=2\/RS=4R5jvnEbJ2mmERa3zgek1RCTFtw-\" target=\"_blank\" rel=\"noreferrer noopener\"> Fundo Estadual de Cultura (FEC-MG<\/a>); e em Belo Horizonte, a<a href=\"https:\/\/prefeitura.pbh.gov.br\/cultura\/lei-municipal-de-incentivo-cultura-lmic\" target=\"_blank\" rel=\"noreferrer noopener\"> Lei Municipal de Incentivo \u00e0 Cultura<\/a> e<a href=\"https:\/\/prefeitura.pbh.gov.br\/fundacao-municipal-de-cultura\" target=\"_blank\" rel=\"noreferrer noopener\"> o Fundo Municipal de Cultura (FMC)<\/a>, permitindo o financiamento de projetos e de outras a\u00e7\u00f5es. Mesmo com esses recursos dispon\u00edveis, a demanda para o uso desses fundos costuma ser maior que a oferta, e o processo de aprova\u00e7\u00e3o demanda tempo, articula\u00e7\u00e3o e aprova\u00e7\u00e3o. A transpar\u00eancia no uso desses recursos p\u00fablicos, segundo a Tatiana Gomes, \u00e9 uma exig\u00eancia legal e um compromisso institucional. A arquiteta fala que o ideal seria que essas informa\u00e7\u00f5es fossem apresentadas de forma mais acess\u00edvel e detalhada \u00e0 popula\u00e7\u00e3o, os valores investidos em acervo, infraestrutura e atividades culturais para fortalecer a confian\u00e7a do p\u00fablico e as presta\u00e7\u00f5es de contas democr\u00e1ticas.<\/p>\n\n\n\n<p>Outro desafio enfrentado pela BPEMG \u00e9 \u00e0 seguran\u00e7a ao entorno urbano. A presen\u00e7a de pessoas em situa\u00e7\u00e3o de rua ao redor da biblioteca e dentro dela, \u00e9 uma realidade vis\u00edvel, e que, muitas vezes, acaba causando a sensa\u00e7\u00e3o de inseguran\u00e7a para o p\u00fablico que frequenta. No entanto, segundo a arquiteta, a solu\u00e7\u00e3o desse problema n\u00e3o est\u00e1 na exclus\u00e3o, mas na integra\u00e7\u00e3o. Ela explicou que a Biblioteca, o Governo Estadual e Municipal, a seguran\u00e7a p\u00fablica e os servi\u00e7os sociais precisam atuar juntos em um plano de ativa\u00e7\u00e3o urbana da Pra\u00e7a da Liberdade, para transformar o entorno em um espa\u00e7o de conviv\u00eancia, leitura e bem-estar p\u00fablico.&nbsp;<\/p>\n\n\n\n<p>Em plena fun\u00e7\u00e3o da constitui\u00e7\u00e3o de 88 e com uma hist\u00f3ria que perpassa d\u00e9cadas, a Biblioteca P\u00fablica Estadual de Minas Gerais preserva a mem\u00f3ria mineira e o incentiva \u00e0 leitura. Seja pelas m\u00e3os que folheiam os jornais da hemeroteca, pelas crian\u00e7as que se apaixonam por hist\u00f3rias no setor infanto-juvenil, pelos leitores que exploram as cole\u00e7\u00f5es especiais ou pela inclus\u00e3o promovida pelo setor Braille. Mais do que um pr\u00e9dio cheio de livros, a Biblioteca \u00e9 um ponto de encontro da cultura, que se reinventa para continuar relevante em um mundo cada vez mais digital, mas que ainda precisa, e muito, do papel, do toque e do olhar curioso daqueles que se importam com o passado e o futuro.<\/p>\n\n\n\n<pre class=\"wp-block-verse\">Conte\u00fado produzido por Alice Ottoni, Cibelle Irias e Jo\u00e3o Augusto, sob supervis\u00e3o da jornalista e professora Fernanda Sanglard.<\/pre>\n\n\n\n<h2 class=\"wp-block-heading\">Leia tamb\u00e9m<\/h2>\n\n\n\n<h3 class=\"wp-block-heading\"><a href=\"https:\/\/blogfca.pucminas.br\/colab\/biblioteca-viva\/\">Biblioteca viva: autores que (re)escrevem BH<\/a><\/h3>\n\n\n\n<h3 class=\"wp-block-heading\"><a href=\"https:\/\/blogfca.pucminas.br\/colab\/politicas-publicas\/\">Fortalecendo a Cultura: Pol\u00edticas P\u00fablicas e o Papel da Literatura em BH&nbsp;<\/a><\/h3>\n\n\n\n<h3 class=\"wp-block-heading\"><a href=\"https:\/\/blogfca.pucminas.br\/colab\/encontro-marcado\/\">Encontro Marcado com a Literatura Mineira<\/a><\/h3>\n\n\n\n<p><\/p>\n","protected":false},"excerpt":{"rendered":"<p>Biblioteca P\u00fablica preserva mineiridades e pulsa cultura e informa\u00e7\u00e3o no cora\u00e7\u00e3o de Belo Horizonte<\/p>\n","protected":false},"author":7,"featured_media":25164,"comment_status":"open","ping_status":"open","sticky":false,"template":"","format":"standard","meta":{"_eb_attr":"","ngg_post_thumbnail":0,"footnotes":""},"categories":[22],"tags":[253,174,2682,713,547,2048,1037],"class_list":["post-25162","post","type-post","status-publish","format-standard","has-post-thumbnail","hentry","category-cultura","tag-acessibilidade","tag-cultura","tag-dia-nacional-do-livro","tag-infancia","tag-literatura","tag-memoria","tag-minas-gerais"],"yoast_head":"<!-- This site is optimized with the Yoast SEO plugin v27.5 - https:\/\/yoast.com\/product\/yoast-seo-wordpress\/ -->\n<title>No Dia Nacional do Livro, conhe\u00e7a a Biblioteca P\u00fablica Estadual<\/title>\n<meta name=\"description\" content=\"Emoldurada pelas palmeiras da Liberdade, \u00e9 no n\u00famero 21, que se encontra a Biblioteca P\u00fablica Estadual de Minas Gerais.\" \/>\n<meta name=\"robots\" content=\"index, follow, max-snippet:-1, max-image-preview:large, max-video-preview:-1\" \/>\n<link rel=\"canonical\" href=\"https:\/\/blogfca.pucminas.br\/colab\/dia-nacional-do-livro-conheca-a-biblioteca-publica-estadual\/\" \/>\n<meta property=\"og:locale\" content=\"pt_BR\" \/>\n<meta property=\"og:type\" content=\"article\" \/>\n<meta property=\"og:title\" content=\"No Dia Nacional do Livro, conhe\u00e7a a Biblioteca P\u00fablica Estadual\" \/>\n<meta property=\"og:description\" content=\"Emoldurada pelas palmeiras da Liberdade, \u00e9 no n\u00famero 21, que se encontra a Biblioteca P\u00fablica Estadual de Minas Gerais.\" \/>\n<meta property=\"og:url\" content=\"https:\/\/blogfca.pucminas.br\/colab\/dia-nacional-do-livro-conheca-a-biblioteca-publica-estadual\/\" \/>\n<meta property=\"og:site_name\" content=\"Colab\" \/>\n<meta property=\"article:publisher\" content=\"https:\/\/www.facebook.com\/colabpucminas\" \/>\n<meta property=\"article:author\" content=\"https:\/\/www.facebook.com\/colabpucminas\" \/>\n<meta property=\"article:published_time\" content=\"2025-10-30T01:16:12+00:00\" \/>\n<meta property=\"article:modified_time\" content=\"2025-10-31T14:38:41+00:00\" \/>\n<meta property=\"og:image\" content=\"https:\/\/blogfca.pucminas.br\/colab\/wp-content\/uploads\/2025\/10\/Foto-1-Capa--scaled.webp\" \/>\n\t<meta property=\"og:image:width\" content=\"2560\" \/>\n\t<meta property=\"og:image:height\" content=\"1707\" \/>\n\t<meta property=\"og:image:type\" content=\"image\/jpeg\" \/>\n<meta name=\"author\" content=\"Colab PUC Minas\" \/>\n<meta name=\"twitter:card\" content=\"summary_large_image\" \/>\n<meta name=\"twitter:creator\" content=\"@https:\/\/twitter.com\/colabpucminas\" \/>\n<meta name=\"twitter:site\" content=\"@colabpucminas\" \/>\n<meta name=\"twitter:label1\" content=\"Escrito por\" \/>\n\t<meta name=\"twitter:data1\" content=\"Colab PUC Minas\" \/>\n\t<meta name=\"twitter:label2\" content=\"Est. tempo de leitura\" \/>\n\t<meta name=\"twitter:data2\" content=\"24 minutos\" \/>\n<script type=\"application\/ld+json\" class=\"yoast-schema-graph\">{\"@context\":\"https:\\\/\\\/schema.org\",\"@graph\":[{\"@type\":\"Article\",\"@id\":\"https:\\\/\\\/blogfca.pucminas.br\\\/colab\\\/dia-nacional-do-livro-conheca-a-biblioteca-publica-estadual\\\/#article\",\"isPartOf\":{\"@id\":\"https:\\\/\\\/blogfca.pucminas.br\\\/colab\\\/dia-nacional-do-livro-conheca-a-biblioteca-publica-estadual\\\/\"},\"author\":{\"name\":\"Colab PUC Minas\",\"@id\":\"https:\\\/\\\/blogfca.pucminas.br\\\/colab\\\/#\\\/schema\\\/person\\\/1558d8148a80ebc84231cd55495bd7a4\"},\"headline\":\"No Dia Nacional do Livro, conhe\u00e7a a Biblioteca P\u00fablica Estadual\",\"datePublished\":\"2025-10-30T01:16:12+00:00\",\"dateModified\":\"2025-10-31T14:38:41+00:00\",\"mainEntityOfPage\":{\"@id\":\"https:\\\/\\\/blogfca.pucminas.br\\\/colab\\\/dia-nacional-do-livro-conheca-a-biblioteca-publica-estadual\\\/\"},\"wordCount\":4677,\"commentCount\":0,\"publisher\":{\"@id\":\"https:\\\/\\\/blogfca.pucminas.br\\\/colab\\\/#organization\"},\"image\":{\"@id\":\"https:\\\/\\\/blogfca.pucminas.br\\\/colab\\\/dia-nacional-do-livro-conheca-a-biblioteca-publica-estadual\\\/#primaryimage\"},\"thumbnailUrl\":\"https:\\\/\\\/blogfca.pucminas.br\\\/colab\\\/wp-content\\\/uploads\\\/2025\\\/10\\\/Foto-1-Capa--scaled.webp\",\"keywords\":[\"acessibilidade\",\"cultura\",\"Dia nacional do Livro\",\"inf\u00e2ncia\",\"literatura\",\"Mem\u00f3ria\",\"MINAS GERAIS\"],\"articleSection\":[\"Cultura\"],\"inLanguage\":\"pt-BR\",\"potentialAction\":[{\"@type\":\"CommentAction\",\"name\":\"Comment\",\"target\":[\"https:\\\/\\\/blogfca.pucminas.br\\\/colab\\\/dia-nacional-do-livro-conheca-a-biblioteca-publica-estadual\\\/#respond\"]}]},{\"@type\":\"WebPage\",\"@id\":\"https:\\\/\\\/blogfca.pucminas.br\\\/colab\\\/dia-nacional-do-livro-conheca-a-biblioteca-publica-estadual\\\/\",\"url\":\"https:\\\/\\\/blogfca.pucminas.br\\\/colab\\\/dia-nacional-do-livro-conheca-a-biblioteca-publica-estadual\\\/\",\"name\":\"No Dia Nacional do Livro, conhe\u00e7a a Biblioteca P\u00fablica Estadual\",\"isPartOf\":{\"@id\":\"https:\\\/\\\/blogfca.pucminas.br\\\/colab\\\/#website\"},\"primaryImageOfPage\":{\"@id\":\"https:\\\/\\\/blogfca.pucminas.br\\\/colab\\\/dia-nacional-do-livro-conheca-a-biblioteca-publica-estadual\\\/#primaryimage\"},\"image\":{\"@id\":\"https:\\\/\\\/blogfca.pucminas.br\\\/colab\\\/dia-nacional-do-livro-conheca-a-biblioteca-publica-estadual\\\/#primaryimage\"},\"thumbnailUrl\":\"https:\\\/\\\/blogfca.pucminas.br\\\/colab\\\/wp-content\\\/uploads\\\/2025\\\/10\\\/Foto-1-Capa--scaled.webp\",\"datePublished\":\"2025-10-30T01:16:12+00:00\",\"dateModified\":\"2025-10-31T14:38:41+00:00\",\"description\":\"Emoldurada pelas palmeiras da Liberdade, \u00e9 no n\u00famero 21, que se encontra a Biblioteca P\u00fablica Estadual de Minas Gerais.\",\"breadcrumb\":{\"@id\":\"https:\\\/\\\/blogfca.pucminas.br\\\/colab\\\/dia-nacional-do-livro-conheca-a-biblioteca-publica-estadual\\\/#breadcrumb\"},\"inLanguage\":\"pt-BR\",\"potentialAction\":[{\"@type\":\"ReadAction\",\"target\":[\"https:\\\/\\\/blogfca.pucminas.br\\\/colab\\\/dia-nacional-do-livro-conheca-a-biblioteca-publica-estadual\\\/\"]}]},{\"@type\":\"ImageObject\",\"inLanguage\":\"pt-BR\",\"@id\":\"https:\\\/\\\/blogfca.pucminas.br\\\/colab\\\/dia-nacional-do-livro-conheca-a-biblioteca-publica-estadual\\\/#primaryimage\",\"url\":\"https:\\\/\\\/blogfca.pucminas.br\\\/colab\\\/wp-content\\\/uploads\\\/2025\\\/10\\\/Foto-1-Capa--scaled.webp\",\"contentUrl\":\"https:\\\/\\\/blogfca.pucminas.br\\\/colab\\\/wp-content\\\/uploads\\\/2025\\\/10\\\/Foto-1-Capa--scaled.webp\",\"width\":2560,\"height\":1707,\"caption\":\"Tombada em 1977, a Biblioteca \u00e9 patrim\u00f4nio cultural estadual e municipal \\\/ Foto: Marcelo Palhares Santiago \\\/ ARQBH\"},{\"@type\":\"BreadcrumbList\",\"@id\":\"https:\\\/\\\/blogfca.pucminas.br\\\/colab\\\/dia-nacional-do-livro-conheca-a-biblioteca-publica-estadual\\\/#breadcrumb\",\"itemListElement\":[{\"@type\":\"ListItem\",\"position\":1,\"name\":\"In\u00edcio\",\"item\":\"https:\\\/\\\/blogfca.pucminas.br\\\/colab\\\/\"},{\"@type\":\"ListItem\",\"position\":2,\"name\":\"No Dia Nacional do Livro, conhe\u00e7a a Biblioteca P\u00fablica Estadual\"}]},{\"@type\":\"WebSite\",\"@id\":\"https:\\\/\\\/blogfca.pucminas.br\\\/colab\\\/#website\",\"url\":\"https:\\\/\\\/blogfca.pucminas.br\\\/colab\\\/\",\"name\":\"Colab\",\"description\":\"Experimenta\u00e7\u00e3o, conte\u00fado e colabora\u00e7\u00e3o em Jornalismo Digital\",\"publisher\":{\"@id\":\"https:\\\/\\\/blogfca.pucminas.br\\\/colab\\\/#organization\"},\"potentialAction\":[{\"@type\":\"SearchAction\",\"target\":{\"@type\":\"EntryPoint\",\"urlTemplate\":\"https:\\\/\\\/blogfca.pucminas.br\\\/colab\\\/?s={search_term_string}\"},\"query-input\":{\"@type\":\"PropertyValueSpecification\",\"valueRequired\":true,\"valueName\":\"search_term_string\"}}],\"inLanguage\":\"pt-BR\"},{\"@type\":\"Organization\",\"@id\":\"https:\\\/\\\/blogfca.pucminas.br\\\/colab\\\/#organization\",\"name\":\"Colab :: Laborat\u00f3rio de Comunica\u00e7\u00e3o Digital da FCA \\\/ PUC Minas\",\"url\":\"https:\\\/\\\/blogfca.pucminas.br\\\/colab\\\/\",\"logo\":{\"@type\":\"ImageObject\",\"inLanguage\":\"pt-BR\",\"@id\":\"https:\\\/\\\/blogfca.pucminas.br\\\/colab\\\/#\\\/schema\\\/logo\\\/image\\\/\",\"url\":\"https:\\\/\\\/blogfca.pucminas.br\\\/colab\\\/wp-content\\\/uploads\\\/2020\\\/03\\\/Avatar-Colab.jpg\",\"contentUrl\":\"https:\\\/\\\/blogfca.pucminas.br\\\/colab\\\/wp-content\\\/uploads\\\/2020\\\/03\\\/Avatar-Colab.jpg\",\"width\":1682,\"height\":1682,\"caption\":\"Colab :: Laborat\u00f3rio de Comunica\u00e7\u00e3o Digital da FCA \\\/ PUC Minas\"},\"image\":{\"@id\":\"https:\\\/\\\/blogfca.pucminas.br\\\/colab\\\/#\\\/schema\\\/logo\\\/image\\\/\"},\"sameAs\":[\"https:\\\/\\\/www.facebook.com\\\/colabpucminas\",\"https:\\\/\\\/x.com\\\/colabpucminas\",\"https:\\\/\\\/www.instagram.com\\\/colabpucminas\\\/\",\"https:\\\/\\\/www.linkedin.com\\\/company\\\/colab-puc-minas\",\"https:\\\/\\\/www.youtube.com\\\/channel\\\/UC14mKIqnnGCOgVr4DG6FPkA\"]},{\"@type\":\"Person\",\"@id\":\"https:\\\/\\\/blogfca.pucminas.br\\\/colab\\\/#\\\/schema\\\/person\\\/1558d8148a80ebc84231cd55495bd7a4\",\"name\":\"Colab PUC Minas\",\"image\":{\"@type\":\"ImageObject\",\"inLanguage\":\"pt-BR\",\"@id\":\"https:\\\/\\\/secure.gravatar.com\\\/avatar\\\/8e2ad0447c23d0e32e8541cfe4edfc398613871a2d36fd66bd308611ccd7d23a?s=96&d=mm&r=g\",\"url\":\"https:\\\/\\\/secure.gravatar.com\\\/avatar\\\/8e2ad0447c23d0e32e8541cfe4edfc398613871a2d36fd66bd308611ccd7d23a?s=96&d=mm&r=g\",\"contentUrl\":\"https:\\\/\\\/secure.gravatar.com\\\/avatar\\\/8e2ad0447c23d0e32e8541cfe4edfc398613871a2d36fd66bd308611ccd7d23a?s=96&d=mm&r=g\",\"caption\":\"Colab PUC Minas\"},\"description\":\"Colab \u00e9 o Laborat\u00f3rio de Comunica\u00e7\u00e3o Digital da FCA \\\/ PUC Minas. Os textos publicados neste perfil s\u00e3o de autoria coletiva ou de convidados externos.\",\"sameAs\":[\"https:\\\/\\\/blogfca.pucminas.br\\\/colab\\\/\",\"https:\\\/\\\/www.facebook.com\\\/colabpucminas\",\"https:\\\/\\\/www.instagram.com\\\/colabpucminas\\\/\",\"https:\\\/\\\/x.com\\\/https:\\\/\\\/twitter.com\\\/colabpucminas\",\"https:\\\/\\\/www.youtube.com\\\/channel\\\/UC14mKIqnnGCOgVr4DG6FPkA\"],\"url\":\"https:\\\/\\\/blogfca.pucminas.br\\\/colab\\\/author\\\/colab\\\/\"}]}<\/script>\n<!-- \/ Yoast SEO plugin. -->","yoast_head_json":{"title":"No Dia Nacional do Livro, conhe\u00e7a a Biblioteca P\u00fablica Estadual","description":"Emoldurada pelas palmeiras da Liberdade, \u00e9 no n\u00famero 21, que se encontra a Biblioteca P\u00fablica Estadual de Minas Gerais.","robots":{"index":"index","follow":"follow","max-snippet":"max-snippet:-1","max-image-preview":"max-image-preview:large","max-video-preview":"max-video-preview:-1"},"canonical":"https:\/\/blogfca.pucminas.br\/colab\/dia-nacional-do-livro-conheca-a-biblioteca-publica-estadual\/","og_locale":"pt_BR","og_type":"article","og_title":"No Dia Nacional do Livro, conhe\u00e7a a Biblioteca P\u00fablica Estadual","og_description":"Emoldurada pelas palmeiras da Liberdade, \u00e9 no n\u00famero 21, que se encontra a Biblioteca P\u00fablica Estadual de Minas Gerais.","og_url":"https:\/\/blogfca.pucminas.br\/colab\/dia-nacional-do-livro-conheca-a-biblioteca-publica-estadual\/","og_site_name":"Colab","article_publisher":"https:\/\/www.facebook.com\/colabpucminas","article_author":"https:\/\/www.facebook.com\/colabpucminas","article_published_time":"2025-10-30T01:16:12+00:00","article_modified_time":"2025-10-31T14:38:41+00:00","og_image":[{"width":2560,"height":1707,"url":"https:\/\/blogfca.pucminas.br\/colab\/wp-content\/uploads\/2025\/10\/Foto-1-Capa--scaled.webp","type":"image\/jpeg"}],"author":"Colab PUC Minas","twitter_card":"summary_large_image","twitter_creator":"@https:\/\/twitter.com\/colabpucminas","twitter_site":"@colabpucminas","twitter_misc":{"Escrito por":"Colab PUC Minas","Est. tempo de leitura":"24 minutos"},"schema":{"@context":"https:\/\/schema.org","@graph":[{"@type":"Article","@id":"https:\/\/blogfca.pucminas.br\/colab\/dia-nacional-do-livro-conheca-a-biblioteca-publica-estadual\/#article","isPartOf":{"@id":"https:\/\/blogfca.pucminas.br\/colab\/dia-nacional-do-livro-conheca-a-biblioteca-publica-estadual\/"},"author":{"name":"Colab PUC Minas","@id":"https:\/\/blogfca.pucminas.br\/colab\/#\/schema\/person\/1558d8148a80ebc84231cd55495bd7a4"},"headline":"No Dia Nacional do Livro, conhe\u00e7a a Biblioteca P\u00fablica Estadual","datePublished":"2025-10-30T01:16:12+00:00","dateModified":"2025-10-31T14:38:41+00:00","mainEntityOfPage":{"@id":"https:\/\/blogfca.pucminas.br\/colab\/dia-nacional-do-livro-conheca-a-biblioteca-publica-estadual\/"},"wordCount":4677,"commentCount":0,"publisher":{"@id":"https:\/\/blogfca.pucminas.br\/colab\/#organization"},"image":{"@id":"https:\/\/blogfca.pucminas.br\/colab\/dia-nacional-do-livro-conheca-a-biblioteca-publica-estadual\/#primaryimage"},"thumbnailUrl":"https:\/\/blogfca.pucminas.br\/colab\/wp-content\/uploads\/2025\/10\/Foto-1-Capa--scaled.webp","keywords":["acessibilidade","cultura","Dia nacional do Livro","inf\u00e2ncia","literatura","Mem\u00f3ria","MINAS GERAIS"],"articleSection":["Cultura"],"inLanguage":"pt-BR","potentialAction":[{"@type":"CommentAction","name":"Comment","target":["https:\/\/blogfca.pucminas.br\/colab\/dia-nacional-do-livro-conheca-a-biblioteca-publica-estadual\/#respond"]}]},{"@type":"WebPage","@id":"https:\/\/blogfca.pucminas.br\/colab\/dia-nacional-do-livro-conheca-a-biblioteca-publica-estadual\/","url":"https:\/\/blogfca.pucminas.br\/colab\/dia-nacional-do-livro-conheca-a-biblioteca-publica-estadual\/","name":"No Dia Nacional do Livro, conhe\u00e7a a Biblioteca P\u00fablica Estadual","isPartOf":{"@id":"https:\/\/blogfca.pucminas.br\/colab\/#website"},"primaryImageOfPage":{"@id":"https:\/\/blogfca.pucminas.br\/colab\/dia-nacional-do-livro-conheca-a-biblioteca-publica-estadual\/#primaryimage"},"image":{"@id":"https:\/\/blogfca.pucminas.br\/colab\/dia-nacional-do-livro-conheca-a-biblioteca-publica-estadual\/#primaryimage"},"thumbnailUrl":"https:\/\/blogfca.pucminas.br\/colab\/wp-content\/uploads\/2025\/10\/Foto-1-Capa--scaled.webp","datePublished":"2025-10-30T01:16:12+00:00","dateModified":"2025-10-31T14:38:41+00:00","description":"Emoldurada pelas palmeiras da Liberdade, \u00e9 no n\u00famero 21, que se encontra a Biblioteca P\u00fablica Estadual de Minas Gerais.","breadcrumb":{"@id":"https:\/\/blogfca.pucminas.br\/colab\/dia-nacional-do-livro-conheca-a-biblioteca-publica-estadual\/#breadcrumb"},"inLanguage":"pt-BR","potentialAction":[{"@type":"ReadAction","target":["https:\/\/blogfca.pucminas.br\/colab\/dia-nacional-do-livro-conheca-a-biblioteca-publica-estadual\/"]}]},{"@type":"ImageObject","inLanguage":"pt-BR","@id":"https:\/\/blogfca.pucminas.br\/colab\/dia-nacional-do-livro-conheca-a-biblioteca-publica-estadual\/#primaryimage","url":"https:\/\/blogfca.pucminas.br\/colab\/wp-content\/uploads\/2025\/10\/Foto-1-Capa--scaled.webp","contentUrl":"https:\/\/blogfca.pucminas.br\/colab\/wp-content\/uploads\/2025\/10\/Foto-1-Capa--scaled.webp","width":2560,"height":1707,"caption":"Tombada em 1977, a Biblioteca \u00e9 patrim\u00f4nio cultural estadual e municipal \/ Foto: Marcelo Palhares Santiago \/ ARQBH"},{"@type":"BreadcrumbList","@id":"https:\/\/blogfca.pucminas.br\/colab\/dia-nacional-do-livro-conheca-a-biblioteca-publica-estadual\/#breadcrumb","itemListElement":[{"@type":"ListItem","position":1,"name":"In\u00edcio","item":"https:\/\/blogfca.pucminas.br\/colab\/"},{"@type":"ListItem","position":2,"name":"No Dia Nacional do Livro, conhe\u00e7a a Biblioteca P\u00fablica Estadual"}]},{"@type":"WebSite","@id":"https:\/\/blogfca.pucminas.br\/colab\/#website","url":"https:\/\/blogfca.pucminas.br\/colab\/","name":"Colab","description":"Experimenta\u00e7\u00e3o, conte\u00fado e colabora\u00e7\u00e3o em Jornalismo Digital","publisher":{"@id":"https:\/\/blogfca.pucminas.br\/colab\/#organization"},"potentialAction":[{"@type":"SearchAction","target":{"@type":"EntryPoint","urlTemplate":"https:\/\/blogfca.pucminas.br\/colab\/?s={search_term_string}"},"query-input":{"@type":"PropertyValueSpecification","valueRequired":true,"valueName":"search_term_string"}}],"inLanguage":"pt-BR"},{"@type":"Organization","@id":"https:\/\/blogfca.pucminas.br\/colab\/#organization","name":"Colab :: Laborat\u00f3rio de Comunica\u00e7\u00e3o Digital da FCA \/ PUC Minas","url":"https:\/\/blogfca.pucminas.br\/colab\/","logo":{"@type":"ImageObject","inLanguage":"pt-BR","@id":"https:\/\/blogfca.pucminas.br\/colab\/#\/schema\/logo\/image\/","url":"https:\/\/blogfca.pucminas.br\/colab\/wp-content\/uploads\/2020\/03\/Avatar-Colab.jpg","contentUrl":"https:\/\/blogfca.pucminas.br\/colab\/wp-content\/uploads\/2020\/03\/Avatar-Colab.jpg","width":1682,"height":1682,"caption":"Colab :: Laborat\u00f3rio de Comunica\u00e7\u00e3o Digital da FCA \/ PUC Minas"},"image":{"@id":"https:\/\/blogfca.pucminas.br\/colab\/#\/schema\/logo\/image\/"},"sameAs":["https:\/\/www.facebook.com\/colabpucminas","https:\/\/x.com\/colabpucminas","https:\/\/www.instagram.com\/colabpucminas\/","https:\/\/www.linkedin.com\/company\/colab-puc-minas","https:\/\/www.youtube.com\/channel\/UC14mKIqnnGCOgVr4DG6FPkA"]},{"@type":"Person","@id":"https:\/\/blogfca.pucminas.br\/colab\/#\/schema\/person\/1558d8148a80ebc84231cd55495bd7a4","name":"Colab PUC Minas","image":{"@type":"ImageObject","inLanguage":"pt-BR","@id":"https:\/\/secure.gravatar.com\/avatar\/8e2ad0447c23d0e32e8541cfe4edfc398613871a2d36fd66bd308611ccd7d23a?s=96&d=mm&r=g","url":"https:\/\/secure.gravatar.com\/avatar\/8e2ad0447c23d0e32e8541cfe4edfc398613871a2d36fd66bd308611ccd7d23a?s=96&d=mm&r=g","contentUrl":"https:\/\/secure.gravatar.com\/avatar\/8e2ad0447c23d0e32e8541cfe4edfc398613871a2d36fd66bd308611ccd7d23a?s=96&d=mm&r=g","caption":"Colab PUC Minas"},"description":"Colab \u00e9 o Laborat\u00f3rio de Comunica\u00e7\u00e3o Digital da FCA \/ PUC Minas. Os textos publicados neste perfil s\u00e3o de autoria coletiva ou de convidados externos.","sameAs":["https:\/\/blogfca.pucminas.br\/colab\/","https:\/\/www.facebook.com\/colabpucminas","https:\/\/www.instagram.com\/colabpucminas\/","https:\/\/x.com\/https:\/\/twitter.com\/colabpucminas","https:\/\/www.youtube.com\/channel\/UC14mKIqnnGCOgVr4DG6FPkA"],"url":"https:\/\/blogfca.pucminas.br\/colab\/author\/colab\/"}]}},"amp_enabled":true,"_links":{"self":[{"href":"https:\/\/blogfca.pucminas.br\/colab\/wp-json\/wp\/v2\/posts\/25162","targetHints":{"allow":["GET"]}}],"collection":[{"href":"https:\/\/blogfca.pucminas.br\/colab\/wp-json\/wp\/v2\/posts"}],"about":[{"href":"https:\/\/blogfca.pucminas.br\/colab\/wp-json\/wp\/v2\/types\/post"}],"author":[{"embeddable":true,"href":"https:\/\/blogfca.pucminas.br\/colab\/wp-json\/wp\/v2\/users\/7"}],"replies":[{"embeddable":true,"href":"https:\/\/blogfca.pucminas.br\/colab\/wp-json\/wp\/v2\/comments?post=25162"}],"version-history":[{"count":15,"href":"https:\/\/blogfca.pucminas.br\/colab\/wp-json\/wp\/v2\/posts\/25162\/revisions"}],"predecessor-version":[{"id":25327,"href":"https:\/\/blogfca.pucminas.br\/colab\/wp-json\/wp\/v2\/posts\/25162\/revisions\/25327"}],"wp:featuredmedia":[{"embeddable":true,"href":"https:\/\/blogfca.pucminas.br\/colab\/wp-json\/wp\/v2\/media\/25164"}],"wp:attachment":[{"href":"https:\/\/blogfca.pucminas.br\/colab\/wp-json\/wp\/v2\/media?parent=25162"}],"wp:term":[{"taxonomy":"category","embeddable":true,"href":"https:\/\/blogfca.pucminas.br\/colab\/wp-json\/wp\/v2\/categories?post=25162"},{"taxonomy":"post_tag","embeddable":true,"href":"https:\/\/blogfca.pucminas.br\/colab\/wp-json\/wp\/v2\/tags?post=25162"}],"curies":[{"name":"wp","href":"https:\/\/api.w.org\/{rel}","templated":true}]}}