{"id":25151,"date":"2025-10-29T14:39:11","date_gmt":"2025-10-29T17:39:11","guid":{"rendered":"https:\/\/blogfca.pucminas.br\/colab\/?p=25151"},"modified":"2025-10-29T14:39:42","modified_gmt":"2025-10-29T17:39:42","slug":"e-se-a-lagoa-da-pampulha-se-tornar-navegavel-onde-podemos-chegar","status":"publish","type":"post","link":"https:\/\/blogfca.pucminas.br\/colab\/e-se-a-lagoa-da-pampulha-se-tornar-navegavel-onde-podemos-chegar\/","title":{"rendered":"E se a Lagoa da Pampulha se tornar naveg\u00e1vel, onde podemos chegar?"},"content":{"rendered":"\n<p>Um dos principais s\u00edmbolos de Belo Horizonte, a<a href=\"https:\/\/prefeitura.pbh.gov.br\/noticias\/prefeito-alvaro-damiao-anuncia-retomada-de-passeios-turisticos-na-lagoa-da-pampulha\" target=\"_blank\" rel=\"noreferrer noopener\"> Lagoa da Pampulha<\/a> foi reaberta para passeios tur\u00edsticos de barco no dia 5 de outubro, como parte das comemora\u00e7\u00f5es dos 128 anos da capital mineira. O projeto-piloto, que est\u00e1 previsto para iniciar em 12 de dezembro, data de anivers\u00e1rio de Belo Horizonte, ter\u00e1 viagens de uma hora com capacidade para 30 passageiros.&nbsp;<\/p>\n\n\n\n<p><a href=\"https:\/\/prefeitura.pbh.gov.br\/noticias\/analise-da-qualidade-da-agua-aponta-nivel-otimo-em-partes-da-lagoa-da-pampulha\" target=\"_blank\" rel=\"noreferrer noopener\">Estudos recentes<\/a> da PBH divulgados em agosto de 2025, mostram que os n\u00edveis de qualidade da \u00e1gua da Pampulha chegaram a 82 de acordo com o \u00cdndice de Qualidade da \u00c1gua (IQA). Esse \u00edndice \u00e9 classificado como \u00f3timo de acordo com a metodologia implementada. Vale lembrar que, em 1968, a Prefeitura de Belo Horizonte criou uma <a href=\"https:\/\/www.jusbrasil.com.br\/legislacao\/238235\/lei-1523-68\" target=\"_blank\" rel=\"noreferrer noopener\">lei<\/a> que proibia a pr\u00e1tica de atividades aqu\u00e1ticas, como nata\u00e7\u00e3o, pesca e navega\u00e7\u00e3o na Lagoa da Pampulha.<\/p>\n\n\n\n<p>Em coletiva de imprensa realizada pelo prefeito de Belo Horizonte, \u00c1lvaro Dami\u00e3o, no in\u00edcio de outubro deste ano, foi anunciada uma nova iniciativa na regi\u00e3o envolvendo passeios de barco. Na ocasi\u00e3o, o prefeito assinou um termo de coopera\u00e7\u00e3o com a Federa\u00e7\u00e3o Mineira de Vela e detalhou o funcionamento do projeto.<\/p>\n\n\n\n<figure class=\"wp-block-image size-full\"><img data-dominant-color=\"758d90\" data-has-transparency=\"false\" style=\"--dominant-color: #758d90;\" loading=\"lazy\" decoding=\"async\" width=\"1024\" height=\"768\" sizes=\"auto, (max-width: 1024px) 100vw, 1024px\" src=\"https:\/\/blogfca.pucminas.br\/colab\/wp-content\/uploads\/2025\/10\/9541617492_8bea8294ac_b-2.webp\" alt=\"Vista panor\u00e2mica da Lagoa da Pampulha, em Belo Horizonte, cart\u00e3o-postal que pode voltar a ser naveg\u00e1vel ap\u00f3s d\u00e9cadas de proibi\u00e7\u00e3o.\" class=\"wp-image-25160 not-transparent\" srcset=\"https:\/\/blogfca.pucminas.br\/colab\/wp-content\/uploads\/2025\/10\/9541617492_8bea8294ac_b-2.webp 1024w, https:\/\/blogfca.pucminas.br\/colab\/wp-content\/uploads\/2025\/10\/9541617492_8bea8294ac_b-2-300x225.webp 300w, https:\/\/blogfca.pucminas.br\/colab\/wp-content\/uploads\/2025\/10\/9541617492_8bea8294ac_b-2-768x576.webp 768w, https:\/\/blogfca.pucminas.br\/colab\/wp-content\/uploads\/2025\/10\/9541617492_8bea8294ac_b-2-370x278.webp 370w, https:\/\/blogfca.pucminas.br\/colab\/wp-content\/uploads\/2025\/10\/9541617492_8bea8294ac_b-2-270x203.webp 270w, https:\/\/blogfca.pucminas.br\/colab\/wp-content\/uploads\/2025\/10\/9541617492_8bea8294ac_b-2-570x428.webp 570w, https:\/\/blogfca.pucminas.br\/colab\/wp-content\/uploads\/2025\/10\/9541617492_8bea8294ac_b-2-740x555.webp 740w, https:\/\/blogfca.pucminas.br\/colab\/wp-content\/uploads\/2025\/10\/9541617492_8bea8294ac_b-2-80x60.webp 80w, https:\/\/blogfca.pucminas.br\/colab\/wp-content\/uploads\/2025\/10\/9541617492_8bea8294ac_b-2-150x113.webp 150w\" \/><figcaption class=\"wp-element-caption\">Vista panor\u00e2mica da Lagoa da Pampulha, em Belo Horizonte, cart\u00e3o-postal que pode voltar a ser naveg\u00e1vel ap\u00f3s d\u00e9cadas de proibi\u00e7\u00e3o. Cr\u00e9dito: FredBH\/Flickr<\/figcaption><\/figure>\n\n\n\n<p>\u201cNos tr\u00eas primeiros meses ser\u00e1 feito um per\u00edodo de testes, com a opera\u00e7\u00e3o realizada diretamente pela administra\u00e7\u00e3o municipal. Durante esse tempo, os passeios ser\u00e3o gratuitos. Todas as despesas, como a loca\u00e7\u00e3o do barco, contrata\u00e7\u00e3o de marinheiros e demais custos, est\u00e3o sendo marcadas pela Prefeitura. Estamos aprendendo muitas coisas durante esse processo, inclusive como alugar embarca\u00e7\u00f5es, nos tr\u00e2mites legais\u201d, descreveu o prefeito.<\/p>\n\n\n\n<p>A decis\u00e3o da Prefeitura de Belo Horizonte de retomar a navega\u00e7\u00e3o se manteve mesmo com a presen\u00e7a da cor esverdeada na \u00e1gua em trechos da Lagoa no in\u00edcio do m\u00eas de outubro. Um grupo de trabalho tamb\u00e9m foi criado para coordenar o projeto, que ficou conhecido como \u201cRetomada da Navega\u00e7\u00e3o e Uso de Espelho d\u2019\u00e1gua da Lagoa da Pampulha\u201d. Em nota, a PBH explicou que a principal causa do fen\u00f4meno \u00e9 o in\u00edcio do per\u00edodo chuvoso, em que \u201cas chuvas provocam a lavagem das vias e do solo urbano, pode provocar aumento da turbidez (\u00e1gua mais turva), presen\u00e7a de espuma e altera\u00e7\u00e3o na colora\u00e7\u00e3o\u201d.<\/p>\n\n\n\n<h2 class=\"wp-block-heading\">Pr\u00e1tica de esportes&nbsp;<\/h2>\n\n\n\n<blockquote class=\"wp-block-quote is-layout-flow wp-block-quote-is-layout-flow\">\n<p><em>Acho que posso falar tamb\u00e9m pelos meus amigos e pela minha fam\u00edlia: a gente sempre teve o sonho de ver a Lagoa sendo mais bem aproveitada, especialmente com atividades dentro da \u00e1gua.<\/em> <strong>&#8211; <\/strong>Jo\u00e3o Izidoro, designer<\/p>\n<\/blockquote>\n\n\n\n<p>Um novo projeto em an\u00e1lise na C\u00e2mara Municipal de Belo Horizonte prop\u00f5e liberar a pr\u00e1tica de esportes n\u00e1uticos na Lagoa da Pampulha. O <a href=\"https:\/\/www.otempo.com.br\/sports\/especializados\/2025\/9\/26\/esportes-nauticos-em-contagem-regressiva-pela-volta-as-aguas-da-lagoa-da-pampulha\" target=\"_blank\" rel=\"noreferrer noopener\">texto<\/a>, de autoria do vereador Jos\u00e9 Ferreira (Podemos), \u201cdefende o est\u00edmulo \u00e0 pr\u00e1tica de atividades n\u00e1uticas na Lagoa da Pampulha, seja ela comercial, esportiva, amadora ou profissional, por parte de pessoas f\u00edsicas, empresas, microempreendedores individuais, entidades n\u00e1uticas de Belo Horizonte devidamente credenciados pelo \u00f3rg\u00e3o competente\u201d.&nbsp;<\/p>\n\n\n\n<p>Al\u00e9m disso, o projeto prev\u00ea a aplica\u00e7\u00e3o de multa para o uso de embarca\u00e7\u00f5es motorizadas ou n\u00e3o autorizadas, bem como para outros pertences irregulares. A penalidade ser\u00e1 de R$1 mil por pessoa, valor que dobra em caso de reincid\u00eancia. Tamb\u00e9m est\u00e1 prevista multa de R$10 mil para edifica\u00e7\u00f5es n\u00e3o autorizadas na orla da Lagoa.<\/p>\n\n\n\n<figure class=\"wp-block-image size-full\"><img data-dominant-color=\"ab9a8b\" data-has-transparency=\"false\" style=\"--dominant-color: #ab9a8b;\" loading=\"lazy\" decoding=\"async\" width=\"770\" height=\"420\" sizes=\"auto, (max-width: 770px) 100vw, 770px\" src=\"https:\/\/blogfca.pucminas.br\/colab\/wp-content\/uploads\/2025\/10\/prefeito-damiao-2.webp\" alt=\"Prefeito \u00c1lvaro Dami\u00e3o participa do evento de retomada dos passeios tur\u00edsticos na Lagoa da Pampulha, com a lagoa ao fundo.\" class=\"wp-image-25191 not-transparent\" srcset=\"https:\/\/blogfca.pucminas.br\/colab\/wp-content\/uploads\/2025\/10\/prefeito-damiao-2.webp 770w, https:\/\/blogfca.pucminas.br\/colab\/wp-content\/uploads\/2025\/10\/prefeito-damiao-2-300x164.webp 300w, https:\/\/blogfca.pucminas.br\/colab\/wp-content\/uploads\/2025\/10\/prefeito-damiao-2-768x419.webp 768w, https:\/\/blogfca.pucminas.br\/colab\/wp-content\/uploads\/2025\/10\/prefeito-damiao-2-370x202.webp 370w, https:\/\/blogfca.pucminas.br\/colab\/wp-content\/uploads\/2025\/10\/prefeito-damiao-2-270x147.webp 270w, https:\/\/blogfca.pucminas.br\/colab\/wp-content\/uploads\/2025\/10\/prefeito-damiao-2-570x311.webp 570w, https:\/\/blogfca.pucminas.br\/colab\/wp-content\/uploads\/2025\/10\/prefeito-damiao-2-740x404.webp 740w, https:\/\/blogfca.pucminas.br\/colab\/wp-content\/uploads\/2025\/10\/prefeito-damiao-2-150x82.webp 150w\" \/><figcaption class=\"wp-element-caption\">O prefeito de Belo Horizonte \u00c1lvaro Dami\u00e3o em passeio tur\u00edstico sobre as \u00e1guas da Pampulha. Cr\u00e9dito: Rodrigo Clemente\/PBH <\/figcaption><\/figure>\n\n\n\n<p>Com um olhar otimista, o designer Jo\u00e3o Izidoro acredita que o poss\u00edvel retorno de atividades esportivas na Lagoa da Pampulha pode trazer benef\u00edcios significativos para a cidade. Com uma rela\u00e7\u00e3o afetiva com o local desde a inf\u00e2ncia, ele relembra suas mem\u00f3rias na regi\u00e3o: \u201cEu vivi a vida toda nas regi\u00f5es pr\u00f3ximas da Lagoa da Pampulha, ent\u00e3o ela sempre foi, pra mim, um espa\u00e7o de lazer. Conhe\u00e7o bem os arredores: j\u00e1 pedalei por ali, fui a muitos restaurantes, participei de v\u00e1rios eventos. Praticamente tudo o que tem em volta da Lagoa eu j\u00e1 experimentei de alguma forma\u201d.<\/p>\n\n\n\n<p>O designer tamb\u00e9m destaca que sempre alimentou a expectativa de ver a Lagoa sendo mais bem aproveitada pela popula\u00e7\u00e3o. Para ele, a amplia\u00e7\u00e3o das formas de uso do espa\u00e7o seria um avan\u00e7o importante: \u201cApesar da Lagoa ter uma extens\u00e3o enorme, o espa\u00e7o realmente utiliz\u00e1vel pelo p\u00fablico \u00e9 bem limitado. \u00c9 basicamente a ciclovia e a pista de caminhada. Ent\u00e3o, abrir a Lagoa para atividades esportivas e de lazer, especialmente dentro da \u00e1gua, seria algo muito positivo. Eu realmente vejo isso como uma conquista para a cidade\u201d, argumenta.<\/p>\n\n\n\n<p>No entanto, o doutor em arquitetura e urbanismo pela UFMG, secret\u00e1rio regional da Pampulha, <a href=\"https:\/\/bhdecadaum.com.br\/pampulha\/\" target=\"_blank\" rel=\"noreferrer noopener\">Fl\u00e1vio Lemos<\/a>, explica que o funcionamento inicial da navegabilidade na regi\u00e3o n\u00e3o dever\u00e1 contar com a pr\u00e1tica da nata\u00e7\u00e3o e de pedalinhos.<\/p>\n\n\n\n<p>&nbsp;\u201cN\u00e3o temos ainda uma proposta de regulariza\u00e7\u00e3o de esportes n\u00e1uticos na lagoa. A princ\u00edpio pensa-se apenas em um barco tur\u00edstico com venda de ingressos. Posteriormente devem ser liberados esportes n\u00e1uticos de competi\u00e7\u00e3o, possivelmente estimulados pela Secretaria Municipal de Esportes. Nata\u00e7\u00e3o dificilmente vai ser liberada. Pode ser que em um futuro sejam liberados pedalinhos ou algo assim, mas dificilmente o uso de barcos privados de lazer\u201d.<\/p>\n\n\n\n<h2 class=\"wp-block-heading\">Entre o bonito e o polu\u00eddo&nbsp;<\/h2>\n\n\n\n<p>Voltando de um jogo do Mineir\u00e3o, a aluna Maria Eduarda Dias, que estuda Rela\u00e7\u00f5es P\u00fablicas na UFMG, embarcou em um carro de aplicativo e, em seguida, engatou em uma conversa com o motorista do carro, que citou a abertura da Lagoa da Pampulha para esportes e outras atividades aqu\u00e1ticas. Essa novidade caiu no colo dos mineiros em meados de agosto, com a not\u00edcia de que a \u00e1gua da Lagoa alcan\u00e7ou um n\u00edvel que torna vi\u00e1vel a pr\u00e1tica de esportes n\u00e1uticos e opera\u00e7\u00f5es de navega\u00e7\u00e3o.&nbsp;&nbsp;<\/p>\n\n\n\n<p>Apesar de ser um dos pontos tur\u00edsticos mais famosos e emblem\u00e1ticos da cidade, a Lagoa da Pampulha pode ser vista como um sin\u00f4nimo de polui\u00e7\u00e3o e mau cheiro por parte dos moradores e turistas que a visitam. Seu visual \u00e9 uma ant\u00edtese: a casa de baile e Igrejinha da Pampulha constituem um elegante e cl\u00e1ssico visual, assinadas pelo arquiteto Oscar Niemeyer. Por outro lado, ao se aproximar do espelho d&#8217;\u00e1gua, o mal cheiro e pouca visibilidade da \u00e1gua inundam os sentidos e cravam a polui\u00e7\u00e3o no olfato daqueles que praticam esportes, exerc\u00edcios ou outras atividades no entorno da Lagoa.<\/p>\n\n\n\n<figure class=\"wp-block-image size-full\"><img data-dominant-color=\"61413d\" data-has-transparency=\"false\" style=\"--dominant-color: #61413d;\" loading=\"lazy\" decoding=\"async\" width=\"1024\" height=\"768\" sizes=\"auto, (max-width: 1024px) 100vw, 1024px\" src=\"https:\/\/blogfca.pucminas.br\/colab\/wp-content\/uploads\/2025\/10\/por-do-sol.webp\" alt=\"P\u00f4r do sol na Lagoa da Pampulha, em Belo Horizonte, com o Est\u00e1dio Mineir\u00e3o ao fundo e o reflexo do c\u00e9u alaranjado nas \u00e1guas.\" class=\"wp-image-25187 not-transparent\" srcset=\"https:\/\/blogfca.pucminas.br\/colab\/wp-content\/uploads\/2025\/10\/por-do-sol.webp 1024w, https:\/\/blogfca.pucminas.br\/colab\/wp-content\/uploads\/2025\/10\/por-do-sol-300x225.webp 300w, https:\/\/blogfca.pucminas.br\/colab\/wp-content\/uploads\/2025\/10\/por-do-sol-768x576.webp 768w, https:\/\/blogfca.pucminas.br\/colab\/wp-content\/uploads\/2025\/10\/por-do-sol-370x278.webp 370w, https:\/\/blogfca.pucminas.br\/colab\/wp-content\/uploads\/2025\/10\/por-do-sol-270x203.webp 270w, https:\/\/blogfca.pucminas.br\/colab\/wp-content\/uploads\/2025\/10\/por-do-sol-570x428.webp 570w, https:\/\/blogfca.pucminas.br\/colab\/wp-content\/uploads\/2025\/10\/por-do-sol-740x555.webp 740w, https:\/\/blogfca.pucminas.br\/colab\/wp-content\/uploads\/2025\/10\/por-do-sol-80x60.webp 80w, https:\/\/blogfca.pucminas.br\/colab\/wp-content\/uploads\/2025\/10\/por-do-sol-150x113.webp 150w\" \/><figcaption class=\"wp-element-caption\">P\u00f4r do sol na Lagoa da Pampulha, em Belo Horizonte, com o Est\u00e1dio Mineir\u00e3o e o c\u00e9u alaranjado refletidos nas \u00e1guas. Cr\u00e9dito: Adriana dos Santos Sales\/ Flickr<\/figcaption><\/figure>\n\n\n\n<p>A Companhia de Saneamento de Minas Gerais, <a href=\"https:\/\/www.copasa.com.br\/wps\/portal\/internet\/\" target=\"_blank\" rel=\"noreferrer noopener\">COPASA<\/a>, anunciou que a qualidade da \u00e1gua da Lagoa tem alcan\u00e7ado n\u00edveis que tornam as pr\u00e1ticas de esportes e atividades n\u00e1uticas poss\u00edveis, al\u00e9m de anunciar uma s\u00e9rie de investimentos com foco na despolui\u00e7\u00e3o da \u00e1gua. O financiamento do projeto que visa diminuir os \u00edndices de polui\u00e7\u00e3o j\u00e1 soma R$75 milh\u00f5es de reais, e em 2023, a COPASA assume a responsabilidade legal de universalizar o esgotamento sanit\u00e1rio na bacia da Pampulha at\u00e9 2028, ou seja, todos os im\u00f3veis dever\u00e3o estar ligados \u00e0 rede de coleta, eliminando o lan\u00e7amento irregular de esgoto, que \u00e9 um dos maiores problemas da lagoa da Pampulha.<\/p>\n\n\n\n<h2 class=\"wp-block-heading\">O surgimento da Lagoa e sua fun\u00e7\u00e3o social<\/h2>\n\n\n\n<p>As primeiras obras para a constru\u00e7\u00e3o da lagoa artificial iniciaram-se em 1936. \u00c0 \u00e9poca, o ent\u00e3o prefeito Otac\u00edlio Negr\u00e3o de Lima tinha como foco a preven\u00e7\u00e3o de enchentes e a amplia\u00e7\u00e3o dos abastecimentos de \u00e1gua na cidade. Ainda na concep\u00e7\u00e3o, a pr\u00e1tica de esportes n\u00e1uticos j\u00e1 era visada, transformando a Lagoa em um s\u00edmbolo de entretenimento.&nbsp;<\/p>\n\n\n\n<p>A conclus\u00e3o do projeto, entretanto, s\u00f3 foi acontecer sete anos depois, em 1943, quando o ent\u00e3o prefeito da cidade, Juscelino Kubitschek, engatou o projeto com Niemeyer.&nbsp;<\/p>\n\n\n\n<p>A Lagoa conta com 18 km de extens\u00e3o, e seu entorno foi idealizado para sediar o Cassino, que foi fechado em 1946 e hoje \u00e9 sede do Museu de Arte da Pampulha, al\u00e9m do Iate T\u00eanis Clube, o Museu Casa Kubitschek, a Igrejinha da Pampulha e a Casa do Baile. Fazem parte das \u00e1guas da Lagoa da Pampulha 44 c\u00f3rregos, sendo que oito deles des\u00e1guam no reservat\u00f3rio: Olhos d&#8217;\u00c1gua, AABB, Bra\u00fanas, \u00c1gua Funda, Sarandi, Ressaca, Tijuco e Mergulh\u00e3o.&nbsp;<\/p>\n\n\n\n<figure class=\"wp-block-image size-full\"><img data-dominant-color=\"4f4841\" data-has-transparency=\"false\" style=\"--dominant-color: #4f4841;\" loading=\"lazy\" decoding=\"async\" width=\"960\" height=\"640\" sizes=\"auto, (max-width: 960px) 100vw, 960px\" src=\"https:\/\/blogfca.pucminas.br\/colab\/wp-content\/uploads\/2025\/10\/Casa_do_Baile_-_Pampulha_BH.webp\" alt=\"Casa do Baile \u00e0s margens da Lagoa da Pampulha, em Belo Horizonte, com sua marquise curva refletida nas \u00e1guas.\" class=\"wp-image-25188 not-transparent\" srcset=\"https:\/\/blogfca.pucminas.br\/colab\/wp-content\/uploads\/2025\/10\/Casa_do_Baile_-_Pampulha_BH.webp 960w, https:\/\/blogfca.pucminas.br\/colab\/wp-content\/uploads\/2025\/10\/Casa_do_Baile_-_Pampulha_BH-300x200.webp 300w, https:\/\/blogfca.pucminas.br\/colab\/wp-content\/uploads\/2025\/10\/Casa_do_Baile_-_Pampulha_BH-768x512.webp 768w, https:\/\/blogfca.pucminas.br\/colab\/wp-content\/uploads\/2025\/10\/Casa_do_Baile_-_Pampulha_BH-370x247.webp 370w, https:\/\/blogfca.pucminas.br\/colab\/wp-content\/uploads\/2025\/10\/Casa_do_Baile_-_Pampulha_BH-270x180.webp 270w, https:\/\/blogfca.pucminas.br\/colab\/wp-content\/uploads\/2025\/10\/Casa_do_Baile_-_Pampulha_BH-570x380.webp 570w, https:\/\/blogfca.pucminas.br\/colab\/wp-content\/uploads\/2025\/10\/Casa_do_Baile_-_Pampulha_BH-740x493.webp 740w, https:\/\/blogfca.pucminas.br\/colab\/wp-content\/uploads\/2025\/10\/Casa_do_Baile_-_Pampulha_BH-150x100.webp 150w\" \/><figcaption class=\"wp-element-caption\">Casa do Baile, na orla da Lagoa da Pampulha, em Belo Horizonte. Cr\u00e9dito: Eduardo Gab\u00e3o\/Wikimedia<\/figcaption><\/figure>\n\n\n\n<p>O conjunto arquitet\u00f4nico da Pampulha teve grande reconhecimento em 1984, quando foi tombado pelo Instituto Estadual do Patrim\u00f4nio Hist\u00f3rico e Art\u00edstico de Minas Gerais (IEPHA). Anos depois, o local teve um novo tombamento pelo Instituto de Patrim\u00f4nio Hist\u00f3rico e Art\u00edstico Nacional (IPHAN), em 1997, e foi eleito patrim\u00f4nio cultural da humanidade pela Unesco em 2016.<\/p>\n\n\n\n<h2 class=\"wp-block-heading\">Reviva Pampulha<\/h2>\n\n\n\n<blockquote class=\"wp-block-quote is-layout-flow wp-block-quote-is-layout-flow\">\n<p><em>Se a popula\u00e7\u00e3o perceber que a \u00e1gua est\u00e1 mais limpa, certamente se sentir\u00e1 mais confort\u00e1vel para usar o espa\u00e7o e ter\u00e1 mais confian\u00e7a de que o trabalho est\u00e1 sendo bem feito. Espero que d\u00ea certo essa proposta de navega\u00e7\u00e3o e, quem sabe, at\u00e9 de banho na Lagoa. Seria importante retomar o motivo pelo qual ela foi criada. &#8211; <\/em>Maria Eduarda Dias, estudante da UFMG<\/p>\n<\/blockquote>\n\n\n\n<p>Em 2023, a Copasa, em parceria com as prefeituras de Belo Horizonte e Contagem, criou o programa <a href=\"https:\/\/revivapampulha.com.br\/\" target=\"_blank\" rel=\"noreferrer noopener\">Reviva Pampulha<\/a>, como parte de a\u00e7\u00e3o do Plano de A\u00e7\u00e3o da Bacia da Lagoa da Pampulha. O projeto \u00e9 destinado \u00e1 a\u00e7\u00f5es de revitaliza\u00e7\u00e3o e melhoria da qualidade das \u00e1guas da Lagoa da Pampulha e da coleta de esgoto e saneamento b\u00e1sico dos mais de 18 mil moradores da regi\u00e3o.&nbsp;<\/p>\n\n\n\n<p>Com um investimento destinado de cerca de R$60 milh\u00f5es e 99,2% de cobertura de esgoto na regi\u00e3o, o projeto definiu como meta a interliga\u00e7\u00e3o de 9.759 im\u00f3veis, sendo que mais de 50% j\u00e1 foram regularizados at\u00e9 o momento. <a href=\"https:\/\/revivapampulha.com.br\/reviva-pampulha-completa-dois-anos-com-avancos-para-a-preservacao-da-lagoa\/\" target=\"_blank\" rel=\"noreferrer noopener\">Tamb\u00e9m integram o plano<\/a>, vistorias do Programa de Recebimento de Efluentes n\u00e3o Dom\u00e9sticos (Precend), inspe\u00e7\u00e3o e corre\u00e7\u00e3o de lan\u00e7amentos de \u00e1guas pluviais nas redes coletoras e o tratamento das \u00e1guas dos c\u00f3rregos Ressaca e Sarandi por meio da ETAF Pampulha (Esta\u00e7\u00e3o de Tratamento de \u00c1guas Fluviais).<\/p>\n\n\n\n<p>A estudante Maria Eduarda Dias, que mora na regi\u00e3o da Pampulha, defendeu que, para al\u00e9m do tratamento correto da \u00e1gua, a Copasa deveria impedir o despejo de esgoto na Lagoa: \u201cCom rela\u00e7\u00e3o \u00e0 qualidade da \u00e1gua, acho que \u00e9 preciso confiar nos testes da Copasa e no tratamento que ela realiza. Mas mais do que isso, \u00e9 fundamental garantir que nenhum tipo de esgoto continue sendo despejado na Lagoa. Seria ideal que a Copasa demonstrasse claramente quais galerias antes escoavam res\u00edduos e agora foram desativadas\u201d.<\/p>\n\n\n\n<h2 class=\"wp-block-heading\">Pol\u00eamica envolvendo Rio Sena acende alerta na Pampulha<\/h2>\n\n\n\n<p>A pr\u00e1tica de esportes em ambientes aqu\u00e1ticos com hist\u00f3rico de alta polui\u00e7\u00e3o n\u00e3o \u00e9 algo incomum. Em julho de 2024, os Jogos Ol\u00edmpicos de Paris marcaram a reabertura de um dos principais cart\u00f5es postais da Fran\u00e7a, o Rio Sena, para a pr\u00e1tica de atividades esportivas e como local da cerim\u00f4nia de abertura do evento.&nbsp;<\/p>\n\n\n\n<p>A despolui\u00e7\u00e3o do Sena contou com esfor\u00e7os coletivos do governo do pa\u00eds e um investimento de cerca de R$8 bilh\u00f5es desde 2016 para tornar o rio pr\u00f3prio para banho. Mesmo com in\u00fameras medidas como a moderniza\u00e7\u00e3o das esta\u00e7\u00f5es de tratamento de \u00e1gua e esgoto, o Rio Sena continuou registrando n\u00edveis de coliformes fecais e bact\u00e9rias nocivas \u00e0 sa\u00fade humana.<\/p>\n\n\n\n<p>Ap\u00f3s os primeiros dois dias de competi\u00e7\u00f5es, as pol\u00eamicas sobre a qualidade da \u00e1gua do Rio Sena come\u00e7aram a surgir. Nas provas do triatlo e maratona aqu\u00e1tica, atletas relataram estar sofrendo com sintomas gastrointestinais como v\u00f4mitos e diarreia, dentre eles, o su\u00ed\u00e7o Adrian Briffod, e os triatletas portugueses Vasco Vila\u00e7a e Melanie Santos. A belga Claire Michel teve que ser internada ap\u00f3s contrair a<a href=\"https:\/\/www.tuasaude.com\/escherichia-coli\/\" target=\"_blank\" rel=\"noreferrer noopener\"> bact\u00e9ria <em>E. coli<\/em><\/a><em>.<\/em><\/p>\n\n\n\n<p>Assim como o Rio Sena, a Lagoa da Pampulha tem um hist\u00f3rico de transmiss\u00e3o de doen\u00e7as associadas \u00e0 polui\u00e7\u00e3o da \u00e1gua e \u00e0 presen\u00e7a de animais que circulam pela orla. Entre os problemas j\u00e1 registrados, destacam-se casos de febre maculosa, transmitida por carrapatos-estrela infectados com a bact\u00e9ria <em>Rickettsia rickettsii<\/em>, que parasitam principalmente capivaras. Tamb\u00e9m houve casos de <a href=\"https:\/\/www.itatiaia.com.br\/cidades\/2023\/02\/09\/consumir-peixes-da-lagoa-da-pampulha-em-belo-horizonte-pode-causar-anemia-e-doenca-no-figado\" target=\"_blank\" rel=\"noreferrer noopener\">&nbsp;anemia e doen\u00e7as hep\u00e1ticas<\/a> relacionadas ao consumo de peixes contaminados. Al\u00e9m disso, a lagoa apresenta riscos de infec\u00e7\u00f5es gastrointestinais e doen\u00e7as de pele causadas por microrganismos patog\u00eanicos presentes na \u00e1gua, como <em>Escherichia coli<\/em> (<em>E. coli<\/em>).<\/p>\n\n\n\n<h2 class=\"wp-block-heading\">Nas voltas da Pampulha: tr\u00e2nsito ainda \u00e9 um entrave na regi\u00e3o<\/h2>\n\n\n\n<p>Com o contingente de obras realizado pela PBH em 2025, todo o tr\u00e2nsito da cidade passa por uma constante modifica\u00e7\u00e3o &#8211; e se torna cada vez mais ca\u00f3tico. Na regi\u00e3o da Pampulha, o cen\u00e1rio n\u00e3o \u00e9 diferente, e o tr\u00e2nsito na regi\u00e3o da Avenida Ant\u00f4nio Carlos se torna intenso em dias de evento na regi\u00e3o, seja um jogo no Mineir\u00e3o, ou corrida&nbsp; na Lagoa. Para Maria Eduarda, o acesso democr\u00e1tico \u00e0 regi\u00e3o \u00e9 uma preocupa\u00e7\u00e3o: \u201cEu moro no bairro Santa M\u00f4nica, e \u00e9 um dos escapes do tr\u00e2nsito, sabe? E quando acontece alguma coisa na orla, a gente \u00e9 profundamente atingido\u2026 Aos domingos, por exemplo\u201d.&nbsp;<\/p>\n\n\n\n<p>A avenida Otac\u00edlio Negr\u00e3o engloba todo o entorno da Lagoa da Pampulha, e apesar de um fluxo cont\u00ednuo e intenso de ve\u00edculos, trata-se de uma via pequena, que n\u00e3o suporta o volume de ve\u00edculos e pessoas. Como o foco da prefeitura \u00e9 em <a href=\"https:\/\/bhaz.com.br\/noticias\/obras-pbh-2025\/\" target=\"_blank\" rel=\"noreferrer noopener\">obras de mobilidade e macrodrenagem<\/a>, o entorno da Pampulha parece n\u00e3o receber a aten\u00e7\u00e3o necess\u00e1ria no projeto vigente do munic\u00edpio, o que deixa moradores como Maria Eduarda preocupados com mais uma modifica\u00e7\u00e3o na regi\u00e3o.&nbsp;<\/p>\n\n\n\n<figure class=\"wp-block-image size-full\"><img data-dominant-color=\"7c8588\" data-has-transparency=\"false\" style=\"--dominant-color: #7c8588;\" loading=\"lazy\" decoding=\"async\" width=\"770\" height=\"420\" sizes=\"auto, (max-width: 770px) 100vw, 770px\" src=\"https:\/\/blogfca.pucminas.br\/colab\/wp-content\/uploads\/2025\/10\/Transito-Pampulha.webp\" alt=\"Tr\u00e2nsito intenso na avenida que contorna a Lagoa da Pampulha, em Belo Horizonte, com carros, \u00f4nibus e pedestres pr\u00f3ximos ao Mineir\u00e3o.\" class=\"wp-image-25190 not-transparent\" srcset=\"https:\/\/blogfca.pucminas.br\/colab\/wp-content\/uploads\/2025\/10\/Transito-Pampulha.webp 770w, https:\/\/blogfca.pucminas.br\/colab\/wp-content\/uploads\/2025\/10\/Transito-Pampulha-300x164.webp 300w, https:\/\/blogfca.pucminas.br\/colab\/wp-content\/uploads\/2025\/10\/Transito-Pampulha-768x419.webp 768w, https:\/\/blogfca.pucminas.br\/colab\/wp-content\/uploads\/2025\/10\/Transito-Pampulha-370x202.webp 370w, https:\/\/blogfca.pucminas.br\/colab\/wp-content\/uploads\/2025\/10\/Transito-Pampulha-270x147.webp 270w, https:\/\/blogfca.pucminas.br\/colab\/wp-content\/uploads\/2025\/10\/Transito-Pampulha-570x311.webp 570w, https:\/\/blogfca.pucminas.br\/colab\/wp-content\/uploads\/2025\/10\/Transito-Pampulha-740x404.webp 740w, https:\/\/blogfca.pucminas.br\/colab\/wp-content\/uploads\/2025\/10\/Transito-Pampulha-150x82.webp 150w\" \/><figcaption class=\"wp-element-caption\">A\u00e7\u00e3o de tr\u00e2nsito da PBH na regi\u00e3o da Lagoa da Pampulha, em Belo Horizonte. Cr\u00e9dito: Prefeitura de Belo Horizonte<\/figcaption><\/figure>\n\n\n\n<p>A PBH j\u00e1 iniciou, ainda no m\u00eas de outubro, um grupo para estudar e desenvolver atividades voltadas \u00e0s pr\u00e1ticas naveg\u00e1veis na Lagoa da Pampulha. Mas moradores continuam relatando que a \u00e1gua <a href=\"https:\/\/g1.globo.com\/mg\/minas-gerais\/noticia\/2025\/10\/13\/lagoa-da-esverdeada-dias-apos-anuncio-de-retorno-dos-passeios-de-barco-video.ghtml\" target=\"_blank\" rel=\"noreferrer noopener\">permanece verde e res\u00edduos continuam a se acumular na orla<\/a>, trazendo uma s\u00e9rie de incertezas quanto ao trabalho da prefeitura, que em nota, continua a enfatizar que &#8220;trabalha continuamente na busca de solu\u00e7\u00f5es efetivas para a reabilita\u00e7\u00e3o e prote\u00e7\u00e3o da Lagoa da Pampulha&#8221;.<\/p>\n\n\n\n<p>O prefeito \u00c1lvaro Dami\u00e3o j\u00e1 bateu o martelo para uma data: a partir de dezembro as embarca\u00e7\u00f5es iniciam seus trabalhos. O projeto piloto prev\u00ea passeios de quinta a domingo, entre 8h e 17h, com o foco em apresentar o Conjunto Moderno da Pampulha. A pressa da prefeitura conjugada \u00e0 pouca explica\u00e7\u00e3o de suas a\u00e7\u00f5es p\u00f5e em xeque o processo, e apesar de&nbsp;a Lagoa ao seu objetivo vital, deve-se considerar as mudan\u00e7as urbanas que tornam a Lagoa da Pampulha um local diferente do que era a mais de 80 anos atr\u00e1s.<\/p>\n\n\n\n<pre class=\"wp-block-verse\">Reportagem produzida por Jo\u00e3o Pedro Guido e Let\u00edcia Nogueira<\/pre>\n","protected":false},"excerpt":{"rendered":"<p>Projeto na C\u00e2mara quer regulamentar esportes n\u00e1uticos na Pampulha, que j\u00e1 apresenta trechos com \u00e1gua de boa qualidade<\/p>\n","protected":false},"author":7,"featured_media":25152,"comment_status":"open","ping_status":"open","sticky":false,"template":"","format":"standard","meta":{"_eb_attr":"","ngg_post_thumbnail":0,"footnotes":""},"categories":[22,5],"tags":[177,26,2677,2678,1615],"class_list":["post-25151","post","type-post","status-publish","format-standard","has-post-thumbnail","hentry","category-cultura","category-sociedade","tag-belo-horizonte","tag-jornalismo","tag-lagoa-da-pampulha","tag-navegacao","tag-pampulha"],"yoast_head":"<!-- This site is optimized with the Yoast SEO plugin v27.5 - https:\/\/yoast.com\/product\/yoast-seo-wordpress\/ -->\n<title>E se a Lagoa da Pampulha se tornar naveg\u00e1vel, onde podemos chegar? - Colab<\/title>\n<meta name=\"description\" content=\"A Lagoa da Pampulha pode voltar a ser naveg\u00e1vel. Projeto prev\u00ea passeios de barco e esportes n\u00e1uticos em BH ap\u00f3s melhora na qualidade da \u00e1gua.\" \/>\n<meta name=\"robots\" content=\"index, follow, max-snippet:-1, max-image-preview:large, max-video-preview:-1\" \/>\n<link rel=\"canonical\" href=\"https:\/\/blogfca.pucminas.br\/colab\/e-se-a-lagoa-da-pampulha-se-tornar-navegavel-onde-podemos-chegar\/\" \/>\n<meta property=\"og:locale\" content=\"pt_BR\" \/>\n<meta property=\"og:type\" content=\"article\" \/>\n<meta property=\"og:title\" content=\"E se a Lagoa da Pampulha se tornar naveg\u00e1vel, onde podemos chegar? - Colab\" \/>\n<meta property=\"og:description\" content=\"A Lagoa da Pampulha pode voltar a ser naveg\u00e1vel. Projeto prev\u00ea passeios de barco e esportes n\u00e1uticos em BH ap\u00f3s melhora na qualidade da \u00e1gua.\" \/>\n<meta property=\"og:url\" content=\"https:\/\/blogfca.pucminas.br\/colab\/e-se-a-lagoa-da-pampulha-se-tornar-navegavel-onde-podemos-chegar\/\" \/>\n<meta property=\"og:site_name\" content=\"Colab\" \/>\n<meta property=\"article:publisher\" content=\"https:\/\/www.facebook.com\/colabpucminas\" \/>\n<meta property=\"article:author\" content=\"https:\/\/www.facebook.com\/colabpucminas\" \/>\n<meta property=\"article:published_time\" content=\"2025-10-29T17:39:11+00:00\" \/>\n<meta property=\"article:modified_time\" content=\"2025-10-29T17:39:42+00:00\" \/>\n<meta property=\"og:image\" content=\"https:\/\/blogfca.pucminas.br\/colab\/wp-content\/uploads\/2025\/10\/img-mineirinho-scaled.webp\" \/>\n\t<meta property=\"og:image:width\" content=\"2560\" \/>\n\t<meta property=\"og:image:height\" content=\"1707\" \/>\n\t<meta property=\"og:image:type\" content=\"image\/jpeg\" \/>\n<meta name=\"author\" content=\"Colab PUC Minas\" \/>\n<meta name=\"twitter:card\" content=\"summary_large_image\" \/>\n<meta name=\"twitter:creator\" content=\"@https:\/\/twitter.com\/colabpucminas\" \/>\n<meta name=\"twitter:site\" content=\"@colabpucminas\" \/>\n<meta name=\"twitter:label1\" content=\"Escrito por\" \/>\n\t<meta name=\"twitter:data1\" content=\"Colab PUC Minas\" \/>\n\t<meta name=\"twitter:label2\" content=\"Est. tempo de leitura\" \/>\n\t<meta name=\"twitter:data2\" content=\"14 minutos\" \/>\n<script type=\"application\/ld+json\" class=\"yoast-schema-graph\">{\"@context\":\"https:\\\/\\\/schema.org\",\"@graph\":[{\"@type\":\"Article\",\"@id\":\"https:\\\/\\\/blogfca.pucminas.br\\\/colab\\\/e-se-a-lagoa-da-pampulha-se-tornar-navegavel-onde-podemos-chegar\\\/#article\",\"isPartOf\":{\"@id\":\"https:\\\/\\\/blogfca.pucminas.br\\\/colab\\\/e-se-a-lagoa-da-pampulha-se-tornar-navegavel-onde-podemos-chegar\\\/\"},\"author\":{\"name\":\"Colab PUC Minas\",\"@id\":\"https:\\\/\\\/blogfca.pucminas.br\\\/colab\\\/#\\\/schema\\\/person\\\/1558d8148a80ebc84231cd55495bd7a4\"},\"headline\":\"E se a Lagoa da Pampulha se tornar naveg\u00e1vel, onde podemos chegar?\",\"datePublished\":\"2025-10-29T17:39:11+00:00\",\"dateModified\":\"2025-10-29T17:39:42+00:00\",\"mainEntityOfPage\":{\"@id\":\"https:\\\/\\\/blogfca.pucminas.br\\\/colab\\\/e-se-a-lagoa-da-pampulha-se-tornar-navegavel-onde-podemos-chegar\\\/\"},\"wordCount\":2636,\"commentCount\":0,\"publisher\":{\"@id\":\"https:\\\/\\\/blogfca.pucminas.br\\\/colab\\\/#organization\"},\"image\":{\"@id\":\"https:\\\/\\\/blogfca.pucminas.br\\\/colab\\\/e-se-a-lagoa-da-pampulha-se-tornar-navegavel-onde-podemos-chegar\\\/#primaryimage\"},\"thumbnailUrl\":\"https:\\\/\\\/blogfca.pucminas.br\\\/colab\\\/wp-content\\\/uploads\\\/2025\\\/10\\\/img-mineirinho-scaled.webp\",\"keywords\":[\"belo horizonte\",\"jornalismo\",\"lagoa da pampulha\",\"navega\u00e7\u00e3o\",\"pampulha\"],\"articleSection\":[\"Cultura\",\"Sociedade\"],\"inLanguage\":\"pt-BR\",\"potentialAction\":[{\"@type\":\"CommentAction\",\"name\":\"Comment\",\"target\":[\"https:\\\/\\\/blogfca.pucminas.br\\\/colab\\\/e-se-a-lagoa-da-pampulha-se-tornar-navegavel-onde-podemos-chegar\\\/#respond\"]}]},{\"@type\":\"WebPage\",\"@id\":\"https:\\\/\\\/blogfca.pucminas.br\\\/colab\\\/e-se-a-lagoa-da-pampulha-se-tornar-navegavel-onde-podemos-chegar\\\/\",\"url\":\"https:\\\/\\\/blogfca.pucminas.br\\\/colab\\\/e-se-a-lagoa-da-pampulha-se-tornar-navegavel-onde-podemos-chegar\\\/\",\"name\":\"E se a Lagoa da Pampulha se tornar naveg\u00e1vel, onde podemos chegar? - Colab\",\"isPartOf\":{\"@id\":\"https:\\\/\\\/blogfca.pucminas.br\\\/colab\\\/#website\"},\"primaryImageOfPage\":{\"@id\":\"https:\\\/\\\/blogfca.pucminas.br\\\/colab\\\/e-se-a-lagoa-da-pampulha-se-tornar-navegavel-onde-podemos-chegar\\\/#primaryimage\"},\"image\":{\"@id\":\"https:\\\/\\\/blogfca.pucminas.br\\\/colab\\\/e-se-a-lagoa-da-pampulha-se-tornar-navegavel-onde-podemos-chegar\\\/#primaryimage\"},\"thumbnailUrl\":\"https:\\\/\\\/blogfca.pucminas.br\\\/colab\\\/wp-content\\\/uploads\\\/2025\\\/10\\\/img-mineirinho-scaled.webp\",\"datePublished\":\"2025-10-29T17:39:11+00:00\",\"dateModified\":\"2025-10-29T17:39:42+00:00\",\"description\":\"A Lagoa da Pampulha pode voltar a ser naveg\u00e1vel. Projeto prev\u00ea passeios de barco e esportes n\u00e1uticos em BH ap\u00f3s melhora na qualidade da \u00e1gua.\",\"breadcrumb\":{\"@id\":\"https:\\\/\\\/blogfca.pucminas.br\\\/colab\\\/e-se-a-lagoa-da-pampulha-se-tornar-navegavel-onde-podemos-chegar\\\/#breadcrumb\"},\"inLanguage\":\"pt-BR\",\"potentialAction\":[{\"@type\":\"ReadAction\",\"target\":[\"https:\\\/\\\/blogfca.pucminas.br\\\/colab\\\/e-se-a-lagoa-da-pampulha-se-tornar-navegavel-onde-podemos-chegar\\\/\"]}]},{\"@type\":\"ImageObject\",\"inLanguage\":\"pt-BR\",\"@id\":\"https:\\\/\\\/blogfca.pucminas.br\\\/colab\\\/e-se-a-lagoa-da-pampulha-se-tornar-navegavel-onde-podemos-chegar\\\/#primaryimage\",\"url\":\"https:\\\/\\\/blogfca.pucminas.br\\\/colab\\\/wp-content\\\/uploads\\\/2025\\\/10\\\/img-mineirinho-scaled.webp\",\"contentUrl\":\"https:\\\/\\\/blogfca.pucminas.br\\\/colab\\\/wp-content\\\/uploads\\\/2025\\\/10\\\/img-mineirinho-scaled.webp\",\"width\":2560,\"height\":1707,\"caption\":\"Vista da Lagoa da Pampulha com o Gin\u00e1sio Mineirinho ao fundo, um dos principais cart\u00f5es-postais de Belo Horizonte, agora prestes a receber passeios de barco e atividades n\u00e1uticas. Cr\u00e9dito: Jo\u00e3o Pedro Guido\"},{\"@type\":\"BreadcrumbList\",\"@id\":\"https:\\\/\\\/blogfca.pucminas.br\\\/colab\\\/e-se-a-lagoa-da-pampulha-se-tornar-navegavel-onde-podemos-chegar\\\/#breadcrumb\",\"itemListElement\":[{\"@type\":\"ListItem\",\"position\":1,\"name\":\"In\u00edcio\",\"item\":\"https:\\\/\\\/blogfca.pucminas.br\\\/colab\\\/\"},{\"@type\":\"ListItem\",\"position\":2,\"name\":\"E se a Lagoa da Pampulha se tornar naveg\u00e1vel, onde podemos chegar?\"}]},{\"@type\":\"WebSite\",\"@id\":\"https:\\\/\\\/blogfca.pucminas.br\\\/colab\\\/#website\",\"url\":\"https:\\\/\\\/blogfca.pucminas.br\\\/colab\\\/\",\"name\":\"Colab\",\"description\":\"Experimenta\u00e7\u00e3o, conte\u00fado e colabora\u00e7\u00e3o em Jornalismo Digital\",\"publisher\":{\"@id\":\"https:\\\/\\\/blogfca.pucminas.br\\\/colab\\\/#organization\"},\"potentialAction\":[{\"@type\":\"SearchAction\",\"target\":{\"@type\":\"EntryPoint\",\"urlTemplate\":\"https:\\\/\\\/blogfca.pucminas.br\\\/colab\\\/?s={search_term_string}\"},\"query-input\":{\"@type\":\"PropertyValueSpecification\",\"valueRequired\":true,\"valueName\":\"search_term_string\"}}],\"inLanguage\":\"pt-BR\"},{\"@type\":\"Organization\",\"@id\":\"https:\\\/\\\/blogfca.pucminas.br\\\/colab\\\/#organization\",\"name\":\"Colab :: Laborat\u00f3rio de Comunica\u00e7\u00e3o Digital da FCA \\\/ PUC Minas\",\"url\":\"https:\\\/\\\/blogfca.pucminas.br\\\/colab\\\/\",\"logo\":{\"@type\":\"ImageObject\",\"inLanguage\":\"pt-BR\",\"@id\":\"https:\\\/\\\/blogfca.pucminas.br\\\/colab\\\/#\\\/schema\\\/logo\\\/image\\\/\",\"url\":\"https:\\\/\\\/blogfca.pucminas.br\\\/colab\\\/wp-content\\\/uploads\\\/2020\\\/03\\\/Avatar-Colab.jpg\",\"contentUrl\":\"https:\\\/\\\/blogfca.pucminas.br\\\/colab\\\/wp-content\\\/uploads\\\/2020\\\/03\\\/Avatar-Colab.jpg\",\"width\":1682,\"height\":1682,\"caption\":\"Colab :: Laborat\u00f3rio de Comunica\u00e7\u00e3o Digital da FCA \\\/ PUC Minas\"},\"image\":{\"@id\":\"https:\\\/\\\/blogfca.pucminas.br\\\/colab\\\/#\\\/schema\\\/logo\\\/image\\\/\"},\"sameAs\":[\"https:\\\/\\\/www.facebook.com\\\/colabpucminas\",\"https:\\\/\\\/x.com\\\/colabpucminas\",\"https:\\\/\\\/www.instagram.com\\\/colabpucminas\\\/\",\"https:\\\/\\\/www.linkedin.com\\\/company\\\/colab-puc-minas\",\"https:\\\/\\\/www.youtube.com\\\/channel\\\/UC14mKIqnnGCOgVr4DG6FPkA\"]},{\"@type\":\"Person\",\"@id\":\"https:\\\/\\\/blogfca.pucminas.br\\\/colab\\\/#\\\/schema\\\/person\\\/1558d8148a80ebc84231cd55495bd7a4\",\"name\":\"Colab PUC Minas\",\"image\":{\"@type\":\"ImageObject\",\"inLanguage\":\"pt-BR\",\"@id\":\"https:\\\/\\\/secure.gravatar.com\\\/avatar\\\/8e2ad0447c23d0e32e8541cfe4edfc398613871a2d36fd66bd308611ccd7d23a?s=96&d=mm&r=g\",\"url\":\"https:\\\/\\\/secure.gravatar.com\\\/avatar\\\/8e2ad0447c23d0e32e8541cfe4edfc398613871a2d36fd66bd308611ccd7d23a?s=96&d=mm&r=g\",\"contentUrl\":\"https:\\\/\\\/secure.gravatar.com\\\/avatar\\\/8e2ad0447c23d0e32e8541cfe4edfc398613871a2d36fd66bd308611ccd7d23a?s=96&d=mm&r=g\",\"caption\":\"Colab PUC Minas\"},\"description\":\"Colab \u00e9 o Laborat\u00f3rio de Comunica\u00e7\u00e3o Digital da FCA \\\/ PUC Minas. Os textos publicados neste perfil s\u00e3o de autoria coletiva ou de convidados externos.\",\"sameAs\":[\"https:\\\/\\\/blogfca.pucminas.br\\\/colab\\\/\",\"https:\\\/\\\/www.facebook.com\\\/colabpucminas\",\"https:\\\/\\\/www.instagram.com\\\/colabpucminas\\\/\",\"https:\\\/\\\/x.com\\\/https:\\\/\\\/twitter.com\\\/colabpucminas\",\"https:\\\/\\\/www.youtube.com\\\/channel\\\/UC14mKIqnnGCOgVr4DG6FPkA\"],\"url\":\"https:\\\/\\\/blogfca.pucminas.br\\\/colab\\\/author\\\/colab\\\/\"}]}<\/script>\n<!-- \/ Yoast SEO plugin. -->","yoast_head_json":{"title":"E se a Lagoa da Pampulha se tornar naveg\u00e1vel, onde podemos chegar? - Colab","description":"A Lagoa da Pampulha pode voltar a ser naveg\u00e1vel. Projeto prev\u00ea passeios de barco e esportes n\u00e1uticos em BH ap\u00f3s melhora na qualidade da \u00e1gua.","robots":{"index":"index","follow":"follow","max-snippet":"max-snippet:-1","max-image-preview":"max-image-preview:large","max-video-preview":"max-video-preview:-1"},"canonical":"https:\/\/blogfca.pucminas.br\/colab\/e-se-a-lagoa-da-pampulha-se-tornar-navegavel-onde-podemos-chegar\/","og_locale":"pt_BR","og_type":"article","og_title":"E se a Lagoa da Pampulha se tornar naveg\u00e1vel, onde podemos chegar? - Colab","og_description":"A Lagoa da Pampulha pode voltar a ser naveg\u00e1vel. Projeto prev\u00ea passeios de barco e esportes n\u00e1uticos em BH ap\u00f3s melhora na qualidade da \u00e1gua.","og_url":"https:\/\/blogfca.pucminas.br\/colab\/e-se-a-lagoa-da-pampulha-se-tornar-navegavel-onde-podemos-chegar\/","og_site_name":"Colab","article_publisher":"https:\/\/www.facebook.com\/colabpucminas","article_author":"https:\/\/www.facebook.com\/colabpucminas","article_published_time":"2025-10-29T17:39:11+00:00","article_modified_time":"2025-10-29T17:39:42+00:00","og_image":[{"width":2560,"height":1707,"url":"https:\/\/blogfca.pucminas.br\/colab\/wp-content\/uploads\/2025\/10\/img-mineirinho-scaled.webp","type":"image\/jpeg"}],"author":"Colab PUC Minas","twitter_card":"summary_large_image","twitter_creator":"@https:\/\/twitter.com\/colabpucminas","twitter_site":"@colabpucminas","twitter_misc":{"Escrito por":"Colab PUC Minas","Est. tempo de leitura":"14 minutos"},"schema":{"@context":"https:\/\/schema.org","@graph":[{"@type":"Article","@id":"https:\/\/blogfca.pucminas.br\/colab\/e-se-a-lagoa-da-pampulha-se-tornar-navegavel-onde-podemos-chegar\/#article","isPartOf":{"@id":"https:\/\/blogfca.pucminas.br\/colab\/e-se-a-lagoa-da-pampulha-se-tornar-navegavel-onde-podemos-chegar\/"},"author":{"name":"Colab PUC Minas","@id":"https:\/\/blogfca.pucminas.br\/colab\/#\/schema\/person\/1558d8148a80ebc84231cd55495bd7a4"},"headline":"E se a Lagoa da Pampulha se tornar naveg\u00e1vel, onde podemos chegar?","datePublished":"2025-10-29T17:39:11+00:00","dateModified":"2025-10-29T17:39:42+00:00","mainEntityOfPage":{"@id":"https:\/\/blogfca.pucminas.br\/colab\/e-se-a-lagoa-da-pampulha-se-tornar-navegavel-onde-podemos-chegar\/"},"wordCount":2636,"commentCount":0,"publisher":{"@id":"https:\/\/blogfca.pucminas.br\/colab\/#organization"},"image":{"@id":"https:\/\/blogfca.pucminas.br\/colab\/e-se-a-lagoa-da-pampulha-se-tornar-navegavel-onde-podemos-chegar\/#primaryimage"},"thumbnailUrl":"https:\/\/blogfca.pucminas.br\/colab\/wp-content\/uploads\/2025\/10\/img-mineirinho-scaled.webp","keywords":["belo horizonte","jornalismo","lagoa da pampulha","navega\u00e7\u00e3o","pampulha"],"articleSection":["Cultura","Sociedade"],"inLanguage":"pt-BR","potentialAction":[{"@type":"CommentAction","name":"Comment","target":["https:\/\/blogfca.pucminas.br\/colab\/e-se-a-lagoa-da-pampulha-se-tornar-navegavel-onde-podemos-chegar\/#respond"]}]},{"@type":"WebPage","@id":"https:\/\/blogfca.pucminas.br\/colab\/e-se-a-lagoa-da-pampulha-se-tornar-navegavel-onde-podemos-chegar\/","url":"https:\/\/blogfca.pucminas.br\/colab\/e-se-a-lagoa-da-pampulha-se-tornar-navegavel-onde-podemos-chegar\/","name":"E se a Lagoa da Pampulha se tornar naveg\u00e1vel, onde podemos chegar? - Colab","isPartOf":{"@id":"https:\/\/blogfca.pucminas.br\/colab\/#website"},"primaryImageOfPage":{"@id":"https:\/\/blogfca.pucminas.br\/colab\/e-se-a-lagoa-da-pampulha-se-tornar-navegavel-onde-podemos-chegar\/#primaryimage"},"image":{"@id":"https:\/\/blogfca.pucminas.br\/colab\/e-se-a-lagoa-da-pampulha-se-tornar-navegavel-onde-podemos-chegar\/#primaryimage"},"thumbnailUrl":"https:\/\/blogfca.pucminas.br\/colab\/wp-content\/uploads\/2025\/10\/img-mineirinho-scaled.webp","datePublished":"2025-10-29T17:39:11+00:00","dateModified":"2025-10-29T17:39:42+00:00","description":"A Lagoa da Pampulha pode voltar a ser naveg\u00e1vel. Projeto prev\u00ea passeios de barco e esportes n\u00e1uticos em BH ap\u00f3s melhora na qualidade da \u00e1gua.","breadcrumb":{"@id":"https:\/\/blogfca.pucminas.br\/colab\/e-se-a-lagoa-da-pampulha-se-tornar-navegavel-onde-podemos-chegar\/#breadcrumb"},"inLanguage":"pt-BR","potentialAction":[{"@type":"ReadAction","target":["https:\/\/blogfca.pucminas.br\/colab\/e-se-a-lagoa-da-pampulha-se-tornar-navegavel-onde-podemos-chegar\/"]}]},{"@type":"ImageObject","inLanguage":"pt-BR","@id":"https:\/\/blogfca.pucminas.br\/colab\/e-se-a-lagoa-da-pampulha-se-tornar-navegavel-onde-podemos-chegar\/#primaryimage","url":"https:\/\/blogfca.pucminas.br\/colab\/wp-content\/uploads\/2025\/10\/img-mineirinho-scaled.webp","contentUrl":"https:\/\/blogfca.pucminas.br\/colab\/wp-content\/uploads\/2025\/10\/img-mineirinho-scaled.webp","width":2560,"height":1707,"caption":"Vista da Lagoa da Pampulha com o Gin\u00e1sio Mineirinho ao fundo, um dos principais cart\u00f5es-postais de Belo Horizonte, agora prestes a receber passeios de barco e atividades n\u00e1uticas. Cr\u00e9dito: Jo\u00e3o Pedro Guido"},{"@type":"BreadcrumbList","@id":"https:\/\/blogfca.pucminas.br\/colab\/e-se-a-lagoa-da-pampulha-se-tornar-navegavel-onde-podemos-chegar\/#breadcrumb","itemListElement":[{"@type":"ListItem","position":1,"name":"In\u00edcio","item":"https:\/\/blogfca.pucminas.br\/colab\/"},{"@type":"ListItem","position":2,"name":"E se a Lagoa da Pampulha se tornar naveg\u00e1vel, onde podemos chegar?"}]},{"@type":"WebSite","@id":"https:\/\/blogfca.pucminas.br\/colab\/#website","url":"https:\/\/blogfca.pucminas.br\/colab\/","name":"Colab","description":"Experimenta\u00e7\u00e3o, conte\u00fado e colabora\u00e7\u00e3o em Jornalismo Digital","publisher":{"@id":"https:\/\/blogfca.pucminas.br\/colab\/#organization"},"potentialAction":[{"@type":"SearchAction","target":{"@type":"EntryPoint","urlTemplate":"https:\/\/blogfca.pucminas.br\/colab\/?s={search_term_string}"},"query-input":{"@type":"PropertyValueSpecification","valueRequired":true,"valueName":"search_term_string"}}],"inLanguage":"pt-BR"},{"@type":"Organization","@id":"https:\/\/blogfca.pucminas.br\/colab\/#organization","name":"Colab :: Laborat\u00f3rio de Comunica\u00e7\u00e3o Digital da FCA \/ PUC Minas","url":"https:\/\/blogfca.pucminas.br\/colab\/","logo":{"@type":"ImageObject","inLanguage":"pt-BR","@id":"https:\/\/blogfca.pucminas.br\/colab\/#\/schema\/logo\/image\/","url":"https:\/\/blogfca.pucminas.br\/colab\/wp-content\/uploads\/2020\/03\/Avatar-Colab.jpg","contentUrl":"https:\/\/blogfca.pucminas.br\/colab\/wp-content\/uploads\/2020\/03\/Avatar-Colab.jpg","width":1682,"height":1682,"caption":"Colab :: Laborat\u00f3rio de Comunica\u00e7\u00e3o Digital da FCA \/ PUC Minas"},"image":{"@id":"https:\/\/blogfca.pucminas.br\/colab\/#\/schema\/logo\/image\/"},"sameAs":["https:\/\/www.facebook.com\/colabpucminas","https:\/\/x.com\/colabpucminas","https:\/\/www.instagram.com\/colabpucminas\/","https:\/\/www.linkedin.com\/company\/colab-puc-minas","https:\/\/www.youtube.com\/channel\/UC14mKIqnnGCOgVr4DG6FPkA"]},{"@type":"Person","@id":"https:\/\/blogfca.pucminas.br\/colab\/#\/schema\/person\/1558d8148a80ebc84231cd55495bd7a4","name":"Colab PUC Minas","image":{"@type":"ImageObject","inLanguage":"pt-BR","@id":"https:\/\/secure.gravatar.com\/avatar\/8e2ad0447c23d0e32e8541cfe4edfc398613871a2d36fd66bd308611ccd7d23a?s=96&d=mm&r=g","url":"https:\/\/secure.gravatar.com\/avatar\/8e2ad0447c23d0e32e8541cfe4edfc398613871a2d36fd66bd308611ccd7d23a?s=96&d=mm&r=g","contentUrl":"https:\/\/secure.gravatar.com\/avatar\/8e2ad0447c23d0e32e8541cfe4edfc398613871a2d36fd66bd308611ccd7d23a?s=96&d=mm&r=g","caption":"Colab PUC Minas"},"description":"Colab \u00e9 o Laborat\u00f3rio de Comunica\u00e7\u00e3o Digital da FCA \/ PUC Minas. Os textos publicados neste perfil s\u00e3o de autoria coletiva ou de convidados externos.","sameAs":["https:\/\/blogfca.pucminas.br\/colab\/","https:\/\/www.facebook.com\/colabpucminas","https:\/\/www.instagram.com\/colabpucminas\/","https:\/\/x.com\/https:\/\/twitter.com\/colabpucminas","https:\/\/www.youtube.com\/channel\/UC14mKIqnnGCOgVr4DG6FPkA"],"url":"https:\/\/blogfca.pucminas.br\/colab\/author\/colab\/"}]}},"amp_enabled":true,"_links":{"self":[{"href":"https:\/\/blogfca.pucminas.br\/colab\/wp-json\/wp\/v2\/posts\/25151","targetHints":{"allow":["GET"]}}],"collection":[{"href":"https:\/\/blogfca.pucminas.br\/colab\/wp-json\/wp\/v2\/posts"}],"about":[{"href":"https:\/\/blogfca.pucminas.br\/colab\/wp-json\/wp\/v2\/types\/post"}],"author":[{"embeddable":true,"href":"https:\/\/blogfca.pucminas.br\/colab\/wp-json\/wp\/v2\/users\/7"}],"replies":[{"embeddable":true,"href":"https:\/\/blogfca.pucminas.br\/colab\/wp-json\/wp\/v2\/comments?post=25151"}],"version-history":[{"count":10,"href":"https:\/\/blogfca.pucminas.br\/colab\/wp-json\/wp\/v2\/posts\/25151\/revisions"}],"predecessor-version":[{"id":25196,"href":"https:\/\/blogfca.pucminas.br\/colab\/wp-json\/wp\/v2\/posts\/25151\/revisions\/25196"}],"wp:featuredmedia":[{"embeddable":true,"href":"https:\/\/blogfca.pucminas.br\/colab\/wp-json\/wp\/v2\/media\/25152"}],"wp:attachment":[{"href":"https:\/\/blogfca.pucminas.br\/colab\/wp-json\/wp\/v2\/media?parent=25151"}],"wp:term":[{"taxonomy":"category","embeddable":true,"href":"https:\/\/blogfca.pucminas.br\/colab\/wp-json\/wp\/v2\/categories?post=25151"},{"taxonomy":"post_tag","embeddable":true,"href":"https:\/\/blogfca.pucminas.br\/colab\/wp-json\/wp\/v2\/tags?post=25151"}],"curies":[{"name":"wp","href":"https:\/\/api.w.org\/{rel}","templated":true}]}}