{"id":22928,"date":"2025-06-30T23:24:28","date_gmt":"2025-07-01T02:24:28","guid":{"rendered":"https:\/\/blogfca.pucminas.br\/colab\/?p=22928"},"modified":"2025-06-30T23:24:33","modified_gmt":"2025-07-01T02:24:33","slug":"da-renda-extra-a-renda-principal-artesas-de-aracuai-prosperam-com-a-chegada-do-vale-do-litio-em-mg","status":"publish","type":"post","link":"https:\/\/blogfca.pucminas.br\/colab\/da-renda-extra-a-renda-principal-artesas-de-aracuai-prosperam-com-a-chegada-do-vale-do-litio-em-mg\/","title":{"rendered":"Da renda extra \u00e0 renda principal: artes\u00e3s de Ara\u00e7ua\u00ed prosperam com a chegada do Vale do L\u00edtio em MG"},"content":{"rendered":"\n<blockquote class=\"wp-block-quote is-layout-flow wp-block-quote-is-layout-flow\">\n<p>\u00c9 o progresso. Independente de quem est\u00e1 contra ou a favor, vai acontecer. A verdade \u00e9 que antes dessas empresas existia uma regi\u00e3o-\u00a0 n\u00e3o s\u00f3 a cidade de Ara\u00e7ua\u00ed- sem nenhuma possibilidade de crescimento. N\u00e3o existia oferta de empregos. Hoje s\u00f3 fica desempregado quem quer.\u201d<\/p>\n<\/blockquote>\n\n\n\n<p class=\"has-text-align-left\">O relato \u00e9 de Lislene da Paix\u00e3o Pereira de Oliveira, 59 anos, artes\u00e3 e microempreendedora de Ara\u00e7ua\u00ed, no Vale do Jequitinhonha, em Minas Gerais. H\u00e1 dois anos, ela viu a realidade da fam\u00edlia mudar com a chegada de grandes empresas \u00e0 regi\u00e3o Norte do estado mineiro e, principalmente, com o acesso a iniciativas que fomentam o empreendedorismo feminino.<\/p>\n\n\n\n<p>Lislene aprendeu o of\u00edcio aos sete anos, observando a m\u00e3e fazer colchas de croch\u00ea e bordados. Hoje, ela trabalha com croch\u00ea, bordados \u00e0 m\u00e3o livre, roupas de festa e costura criativa. Vende tudo pelo Instagram, em feiras pela cidade e por encomenda. M\u00e3e solo de Laize, de 25 anos, e Leone, de 18, Lislene se orgulha de ter financiado a faculdade de Direito da filha mais com a renda do artesanato.<\/p>\n\n\n\n<div class=\"wp-block-media-text is-stacked-on-mobile is-style-rounded\"><figure class=\"wp-block-media-text__media\"><img data-dominant-color=\"908893\" data-has-transparency=\"false\" style=\"--dominant-color: #908893;\" loading=\"lazy\" decoding=\"async\" width=\"1200\" height=\"1600\" src=\"https:\/\/blogfca.pucminas.br\/colab\/wp-content\/uploads\/2025\/06\/WhatsApp-Image-2025-06-30-at-22.33.48.webp\" alt=\"\" class=\"wp-image-22932 size-full not-transparent\" srcset=\"https:\/\/blogfca.pucminas.br\/colab\/wp-content\/uploads\/2025\/06\/WhatsApp-Image-2025-06-30-at-22.33.48.webp 1200w, https:\/\/blogfca.pucminas.br\/colab\/wp-content\/uploads\/2025\/06\/WhatsApp-Image-2025-06-30-at-22.33.48-225x300.webp 225w, https:\/\/blogfca.pucminas.br\/colab\/wp-content\/uploads\/2025\/06\/WhatsApp-Image-2025-06-30-at-22.33.48-768x1024.webp 768w, https:\/\/blogfca.pucminas.br\/colab\/wp-content\/uploads\/2025\/06\/WhatsApp-Image-2025-06-30-at-22.33.48-1152x1536.webp 1152w, https:\/\/blogfca.pucminas.br\/colab\/wp-content\/uploads\/2025\/06\/WhatsApp-Image-2025-06-30-at-22.33.48-370x493.webp 370w, https:\/\/blogfca.pucminas.br\/colab\/wp-content\/uploads\/2025\/06\/WhatsApp-Image-2025-06-30-at-22.33.48-270x360.webp 270w, https:\/\/blogfca.pucminas.br\/colab\/wp-content\/uploads\/2025\/06\/WhatsApp-Image-2025-06-30-at-22.33.48-570x760.webp 570w, https:\/\/blogfca.pucminas.br\/colab\/wp-content\/uploads\/2025\/06\/WhatsApp-Image-2025-06-30-at-22.33.48-740x987.webp 740w, https:\/\/blogfca.pucminas.br\/colab\/wp-content\/uploads\/2025\/06\/WhatsApp-Image-2025-06-30-at-22.33.48-640x853.webp 640w, https:\/\/blogfca.pucminas.br\/colab\/wp-content\/uploads\/2025\/06\/WhatsApp-Image-2025-06-30-at-22.33.48-150x200.webp 150w\" sizes=\"auto, (max-width: 1200px) 100vw, 1200px\" \/><\/figure><div class=\"wp-block-media-text__content\">\n<blockquote class=\"wp-block-quote is-layout-flow wp-block-quote-is-layout-flow\">\n<figure class=\"wp-block-pullquote\"><blockquote><p>Ver minha filha formada e saber que parte disso se deve ao meu trabalho \u00e9 minha maior conquista<\/p><cite>Lislene, artes\u00e3<\/cite><\/blockquote><\/figure>\n<\/blockquote>\n<\/div><\/div>\n\n\n\n<p>A virada de chave come\u00e7ou em 2022, quando Lislene conheceu o Fundo Dona de Mim, por indica\u00e7\u00e3o da amiga Eliana Pereira. Ela soube de um microcr\u00e9dito de R$ 2.000,00(dois mil), com seis meses de car\u00eancia e parcelamento em at\u00e9 18 vezes, exclusivo para mulheres de Ara\u00e7ua\u00ed(MG) e Itinga(MG). Mesmo desconfiada dos juros baixos, Lislene resolveu arriscar. \u201cAchei que fosse golpe. Fiz a inscri\u00e7\u00e3o(para receber o micro cr\u00e9dito Dona de Mim) e, 11 dias depois, o dinheiro j\u00e1 estava na conta. Comprei material e comecei a produzir\u201d<\/p>\n\n\n\n<h2 class=\"wp-block-heading\">Fundo Dona de Mim<\/h2>\n\n\n\n<p>O Fundo Dona de Mim \u00e9 uma parceria entre o Grupo Mulheres do Brasil, a Rede Mulher Empreendedora (RME) e o Banco P\u00e9rola. Ele oferece cr\u00e9ditos sem juros de R$ 2 mil ou R$ 3 mil, com uma car\u00eancia de nove meses e um prazo de pagamento estendido de 15 meses, exclusivamente para microempreendedoras individuais (MEIs). O objetivo \u00e9 fornecer suporte financeiro para mulheres que buscam manter ou iniciar suas atividades empreendedoras, evitando assim o ac\u00famulo de d\u00edvidas. O Fundo visa impulsionar ou iniciar neg\u00f3cios, promovendo o empoderamento econ\u00f4mico das mulheres em diferentes regi\u00f5es do Brasil.<\/p>\n\n\n\n<h2 class=\"wp-block-heading\">Nova gera\u00e7\u00e3o de artes\u00e3s<\/h2>\n\n\n\n<p>Assim como Lislene, Geralda Aparecida, mais conhecida como Cida, 54 anos, tamb\u00e9m mora em Ara\u00e7ua\u00ed e viu no artesanato uma forma de mudar de vida. M\u00e3e orgulhosa de tr\u00eas filhos, Bruno, o mais velho de 30 anos, Helen de 20 anos e Vit\u00f3ria de 18, Cida come\u00e7ou a empreender no fim da pandemia de COVID-19. Ela confecciona, de forma totalmente manual, cadernos personalizados, agendas, blocos de notas, kits para festas e lembrancinhas de casamento. Os pre\u00e7os dos produtos variam de R$ 3,00 para flores decorativas a R$ 56,00 para cadernetas de vacina\u00e7\u00e3o.<\/p>\n\n\n\n<p>Apesar de ter iniciado o neg\u00f3cio h\u00e1 pouco tempo, o interesse pelo artesanato surgiu quando o primeiro filho nasceu. \u201cEu decorava as capas dos cadernos dele(Bruno, filho mais velho) pra escola. Fazia tudo muito bem feito, tudo muito organizado. Eu tinha o maior capricho. N\u00e3o imaginava que um dia viveria disso\u201d, relembrou.<\/p>\n\n\n\n<p>Hoje, Cida \u00e9 dona da pr\u00f3pria marca e se orgulha de cada detalhe dos produtos, feitos com cuidado, principalmente para o neto, Salom\u00e3o, de 5 anos, que usa os cadernos produzidos pela av\u00f3. <\/p>\n\n\n\n<blockquote class=\"wp-block-quote is-layout-flow wp-block-quote-is-layout-flow\"><\/blockquote>\n\n\n\n<div class=\"wp-block-media-text is-stacked-on-mobile\"><figure class=\"wp-block-media-text__media\"><img data-dominant-color=\"89827e\" data-has-transparency=\"false\" style=\"--dominant-color: #89827e;\" loading=\"lazy\" decoding=\"async\" width=\"768\" height=\"1024\" src=\"https:\/\/blogfca.pucminas.br\/colab\/wp-content\/uploads\/2025\/06\/WhatsApp-Image-2025-06-30-at-22.32.26-768x1024.webp\" alt=\"\" class=\"wp-image-22931 size-full not-transparent\" srcset=\"https:\/\/blogfca.pucminas.br\/colab\/wp-content\/uploads\/2025\/06\/WhatsApp-Image-2025-06-30-at-22.32.26-768x1024.webp 768w, https:\/\/blogfca.pucminas.br\/colab\/wp-content\/uploads\/2025\/06\/WhatsApp-Image-2025-06-30-at-22.32.26-225x300.webp 225w, https:\/\/blogfca.pucminas.br\/colab\/wp-content\/uploads\/2025\/06\/WhatsApp-Image-2025-06-30-at-22.32.26-370x493.webp 370w, https:\/\/blogfca.pucminas.br\/colab\/wp-content\/uploads\/2025\/06\/WhatsApp-Image-2025-06-30-at-22.32.26-270x360.webp 270w, https:\/\/blogfca.pucminas.br\/colab\/wp-content\/uploads\/2025\/06\/WhatsApp-Image-2025-06-30-at-22.32.26-570x760.webp 570w, https:\/\/blogfca.pucminas.br\/colab\/wp-content\/uploads\/2025\/06\/WhatsApp-Image-2025-06-30-at-22.32.26-740x987.webp 740w, https:\/\/blogfca.pucminas.br\/colab\/wp-content\/uploads\/2025\/06\/WhatsApp-Image-2025-06-30-at-22.32.26-640x853.webp 640w, https:\/\/blogfca.pucminas.br\/colab\/wp-content\/uploads\/2025\/06\/WhatsApp-Image-2025-06-30-at-22.32.26-150x200.webp 150w, https:\/\/blogfca.pucminas.br\/colab\/wp-content\/uploads\/2025\/06\/WhatsApp-Image-2025-06-30-at-22.32.26.webp 864w\" sizes=\"auto, (max-width: 768px) 100vw, 768px\" \/><\/figure><div class=\"wp-block-media-text__content\">\n<figure class=\"wp-block-pullquote\" style=\"font-size:7px\"><blockquote><p><strong>\u201cO que mais me d\u00e1 orgulho \u00e9 saber que sou eu quem confecciona os cadernos dos meus filhos e do meu neto\u201d <\/strong><br><br><\/p><cite>Cida, artes\u00e3<\/cite><\/blockquote><\/figure>\n<\/div><\/div>\n\n\n\n<p>A chegada da Sigma Lithium tamb\u00e9m impactou diretamente o neg\u00f3cio de Cida. Muitos de seus clientes s\u00e3o funcion\u00e1rios da empresa. \u201c\u00c9 o progresso que chegou. Ganhei mais clientes, mais encomendas e consegui investir em equipamentos, m\u00e1quinas, m\u00f3veis e melhorar o espa\u00e7o onde trabalho. Antes, meu maior desafio era a falta de equipamentos\u201d, explicou.<\/p>\n\n\n\n<h2 class=\"wp-block-heading\">Produ\u00e7\u00e3o e vendas disparam<\/h2>\n\n\n\n<p>Antes da chegada do Vale do L\u00edtio, Lislene mal conseguia vender dez panos de prato a cada seis meses. \u201cMeu produto, meu dinheiro, tudo ficava parado\u201d, relembrou. Hoje, depois de capacita\u00e7\u00e3o e microcr\u00e9dito, ela comercializa cerca de 15 pe\u00e7as por m\u00eas, entre produtos que variam entre sousplats (decora\u00e7\u00e3o de mesas), bolsas de croch\u00ea e panos de prato, com pre\u00e7os que variam de R$ 22 a R$ 68.<\/p>\n\n\n\n<p>J\u00e1 Cida, que antes vendia cerca de oito itens por m\u00eas, agora comemora uma m\u00e9dia de 25 vendas mensais. A procura por agendas (R$75,00 a R$100,00)  saltou de tr\u00eas para 10 unidades por m\u00eas, e os cadernos(R$55,00), de um para 10, quase todos encomendados por funcion\u00e1rios da Sigma. Com orgulho, ela destaca: \u201cHoje eu tenho m\u00e1quinas para minha produ\u00e7\u00e3o e consegui comprar por meio dessas vendas! E tamb\u00e9m fiz cursos de empreendedorismo.\u201d <\/p>\n\n\n\n<div class=\"wp-block-group is-nowrap is-layout-flex wp-container-core-group-is-layout-ad2f72ca wp-block-group-is-layout-flex\">\n<figure class=\"wp-block-gallery has-nested-images columns-default is-cropped wp-block-gallery-1 is-layout-flex wp-block-gallery-is-layout-flex\">\n<figure class=\"wp-block-image size-large\"><img data-dominant-color=\"989588\" data-has-transparency=\"false\" style=\"--dominant-color: #989588;\" loading=\"lazy\" decoding=\"async\" width=\"1024\" height=\"870\" sizes=\"auto, (max-width: 1024px) 100vw, 1024px\" data-id=\"22935\" src=\"https:\/\/blogfca.pucminas.br\/colab\/wp-content\/uploads\/2025\/06\/WhatsApp-Image-2025-06-30-at-22.35.07-1024x870.webp\" alt=\"\" class=\"wp-image-22935 not-transparent\" srcset=\"https:\/\/blogfca.pucminas.br\/colab\/wp-content\/uploads\/2025\/06\/WhatsApp-Image-2025-06-30-at-22.35.07-1024x870.webp 1024w, https:\/\/blogfca.pucminas.br\/colab\/wp-content\/uploads\/2025\/06\/WhatsApp-Image-2025-06-30-at-22.35.07-300x255.webp 300w, https:\/\/blogfca.pucminas.br\/colab\/wp-content\/uploads\/2025\/06\/WhatsApp-Image-2025-06-30-at-22.35.07-768x653.webp 768w, https:\/\/blogfca.pucminas.br\/colab\/wp-content\/uploads\/2025\/06\/WhatsApp-Image-2025-06-30-at-22.35.07-370x315.webp 370w, https:\/\/blogfca.pucminas.br\/colab\/wp-content\/uploads\/2025\/06\/WhatsApp-Image-2025-06-30-at-22.35.07-270x230.webp 270w, https:\/\/blogfca.pucminas.br\/colab\/wp-content\/uploads\/2025\/06\/WhatsApp-Image-2025-06-30-at-22.35.07-570x485.webp 570w, https:\/\/blogfca.pucminas.br\/colab\/wp-content\/uploads\/2025\/06\/WhatsApp-Image-2025-06-30-at-22.35.07-740x629.webp 740w, https:\/\/blogfca.pucminas.br\/colab\/wp-content\/uploads\/2025\/06\/WhatsApp-Image-2025-06-30-at-22.35.07-150x128.webp 150w, https:\/\/blogfca.pucminas.br\/colab\/wp-content\/uploads\/2025\/06\/WhatsApp-Image-2025-06-30-at-22.35.07.webp 1080w\" \/><figcaption class=\"wp-element-caption\">Cadernos personalizados vendidos para a Sigma Lithium fazem parte de uma das encomendas de Cida, artes\u00e3 de Ara\u00e7ua\u00ed; cada unidade varia de R$ 55,00 e R$75,00 a R$ 100,00 no caso de agendas. Foto\/Reprodu\u00e7\u00e3o: Arquivo pessoal<\/figcaption><\/figure>\n\n\n\n<figure class=\"wp-block-image size-large\"><img data-dominant-color=\"8b8a91\" data-has-transparency=\"false\" style=\"--dominant-color: #8b8a91;\" loading=\"lazy\" decoding=\"async\" width=\"894\" height=\"1024\" sizes=\"auto, (max-width: 894px) 100vw, 894px\" data-id=\"22937\" src=\"https:\/\/blogfca.pucminas.br\/colab\/wp-content\/uploads\/2025\/06\/WhatsApp-Image-2025-06-30-at-22.35.07-1-894x1024.webp\" alt=\"\" class=\"wp-image-22937 not-transparent\" srcset=\"https:\/\/blogfca.pucminas.br\/colab\/wp-content\/uploads\/2025\/06\/WhatsApp-Image-2025-06-30-at-22.35.07-1-894x1024.webp 894w, https:\/\/blogfca.pucminas.br\/colab\/wp-content\/uploads\/2025\/06\/WhatsApp-Image-2025-06-30-at-22.35.07-1-262x300.webp 262w, https:\/\/blogfca.pucminas.br\/colab\/wp-content\/uploads\/2025\/06\/WhatsApp-Image-2025-06-30-at-22.35.07-1-768x880.webp 768w, https:\/\/blogfca.pucminas.br\/colab\/wp-content\/uploads\/2025\/06\/WhatsApp-Image-2025-06-30-at-22.35.07-1-370x424.webp 370w, https:\/\/blogfca.pucminas.br\/colab\/wp-content\/uploads\/2025\/06\/WhatsApp-Image-2025-06-30-at-22.35.07-1-270x309.webp 270w, https:\/\/blogfca.pucminas.br\/colab\/wp-content\/uploads\/2025\/06\/WhatsApp-Image-2025-06-30-at-22.35.07-1-570x653.webp 570w, https:\/\/blogfca.pucminas.br\/colab\/wp-content\/uploads\/2025\/06\/WhatsApp-Image-2025-06-30-at-22.35.07-1-740x848.webp 740w, https:\/\/blogfca.pucminas.br\/colab\/wp-content\/uploads\/2025\/06\/WhatsApp-Image-2025-06-30-at-22.35.07-1-150x172.webp 150w, https:\/\/blogfca.pucminas.br\/colab\/wp-content\/uploads\/2025\/06\/WhatsApp-Image-2025-06-30-at-22.35.07-1.webp 1080w\" \/><\/figure>\n<\/figure>\n<\/div>\n\n\n\n<h2 class=\"wp-block-heading\">Desenvolvimento sustent\u00e1vel e gera\u00e7\u00e3o de renda<\/h2>\n\n\n\n<p>As hist\u00f3rias de Lislene e Cida refletem os impactos do Vale do L\u00edtio (Lithium Valley Brazil), iniciativa do Governo de Minas, coordenada pela Secretaria de Estado de Desenvolvimento Econ\u00f4mico (Sede-MG) em parceria com a Invest Minas. O projeto transformou o potencial mineral do Norte de Minas em desenvolvimento: 17 munic\u00edpios mineiros, como Ara\u00e7ua\u00ed, Coronel Murta, Itaobim, Jenipapo de Minas, Pedra Azul, Salinas e Taiobeiras, j\u00e1 foram beneficiados.<\/p>\n\n\n\n<p>Segundo dados apurados pela Ag\u00eancia Minas, os investimentos na cadeia do l\u00edtio j\u00e1 somam R$ 6,3 bilh\u00f5es, com gera\u00e7\u00e3o de mais de 3,9 mil empregos diretos. Para a secret\u00e1ria Mila Corr\u00eaa da Costa, o Vale do L\u00edtio \u00e9 uma chance hist\u00f3rica: \u201cNosso compromisso \u00e9 atrair investimentos sustent\u00e1veis, gerar empregos qualificados e posicionar Minas como refer\u00eancia na economia verde.\u201d<\/p>\n\n\n\n<h2 class=\"wp-block-heading\">Empreendedorismo feminino e desafios<\/h2>\n\n\n\n<p>De acordo com o Sebrae Nacional, o Brasil terminou 2024 com 10,4 milh\u00f5es de mulheres donas de neg\u00f3cios, o que corresponde a alta de 33% em uma d\u00e9cada.&nbsp; Apesar destes n\u00fameros, as mulhees representam apenas 34,1% dos empreendedores do pa\u00eds, mesmo sendo maioria na popula\u00e7\u00e3o economicamente ativa.<\/p>\n\n\n\n<p>A evolu\u00e7\u00e3o mais expressiva ocorreu nas regi\u00f5es Sul e Sudeste do pa\u00eds mas os desafios persistem: as mulheres seguem trabalhando, em m\u00e9dia, menos horas do que os homens, por conta da dupla jornada de trabalho e responsabilidades dom\u00e9sticas, o que impacta diretamente seus neg\u00f3cios.<\/p>\n\n\n\n<p>Mesmo com crescimento recorde, o n\u00famero de empreendedores homens ainda ultrapassa os 20 milh\u00f5es. Desde o in\u00edcio da pandemia, o n\u00famero de mulheres donas de neg\u00f3cio subiu 8,6% no per\u00edodo, quase o dobro do crescimento entre os homens (4,6%).<\/p>\n\n\n\n<p>Apesar do aumento da participa\u00e7\u00e3o das mulheres em diversos setores da sociedade, quando se trata de empreendedorismo, ainda h\u00e1 muitos obst\u00e1culos a serem vencidos, como a necessidade de equilibrar as responsabilidades profissionais e dom\u00e9sticas.&nbsp; Os dados revelam disparidades na maneira como homens e mulheres administram suas tarefas cotidianas, destacando um problema estrutural que afeta profundamente o desempenho e a sa\u00fade das empreendedoras.<\/p>\n\n\n\n<h2 class=\"wp-block-heading\">Planos para o futuro<\/h2>\n\n\n\n<p class=\"has-text-align-left\">Assim como Lislene sonha em ter uma loja f\u00edsica, para vender suas pe\u00e7as e abrir espa\u00e7o para outras artes\u00e3s, Cida quer ampliar ainda mais sua produ\u00e7\u00e3o e ajudar outras mulheres da cidade a viverem do pr\u00f3prio trabalho. \u201cTrabalho muito, mas \u00e9 compensador. \u00c9 o progresso que chegou para mudar a nossa hist\u00f3ria\u201d, resumiu Lislene.<\/p>\n","protected":false},"excerpt":{"rendered":"<p>Gera\u00e7\u00e3o de empregos, microcr\u00e9dito e novos compradores fortalecem neg\u00f3cios femininos no Vale do Jequitinhonha(MG)<\/p>\n","protected":false},"author":59,"featured_media":22933,"comment_status":"open","ping_status":"open","sticky":false,"template":"","format":"standard","meta":{"_eb_attr":"","ngg_post_thumbnail":0,"footnotes":""},"categories":[375],"tags":[1803,1432,2574,2575],"class_list":["post-22928","post","type-post","status-publish","format-standard","has-post-thumbnail","hentry","category-economia","tag-dona-de-mim","tag-empreendedorismo-feminino","tag-vale-do-litio","tag-vale-do-litio-colab-puc-minas"],"yoast_head":"<!-- This site is optimized with the Yoast SEO plugin v27.5 - https:\/\/yoast.com\/product\/yoast-seo-wordpress\/ -->\n<title>Da renda extra \u00e0 renda principal: artes\u00e3s de Ara\u00e7ua\u00ed prosperam com a chegada do Vale do L\u00edtio em MG - Colab<\/title>\n<meta name=\"robots\" content=\"index, follow, max-snippet:-1, max-image-preview:large, max-video-preview:-1\" \/>\n<link rel=\"canonical\" href=\"https:\/\/blogfca.pucminas.br\/colab\/da-renda-extra-a-renda-principal-artesas-de-aracuai-prosperam-com-a-chegada-do-vale-do-litio-em-mg\/\" \/>\n<meta property=\"og:locale\" content=\"pt_BR\" \/>\n<meta property=\"og:type\" content=\"article\" \/>\n<meta property=\"og:title\" content=\"Da renda extra \u00e0 renda principal: artes\u00e3s de Ara\u00e7ua\u00ed prosperam com a chegada do Vale do L\u00edtio em MG - Colab\" \/>\n<meta property=\"og:description\" content=\"Gera\u00e7\u00e3o de empregos, microcr\u00e9dito e novos compradores fortalecem neg\u00f3cios femininos no Vale do Jequitinhonha(MG)\" \/>\n<meta property=\"og:url\" content=\"https:\/\/blogfca.pucminas.br\/colab\/da-renda-extra-a-renda-principal-artesas-de-aracuai-prosperam-com-a-chegada-do-vale-do-litio-em-mg\/\" \/>\n<meta property=\"og:site_name\" content=\"Colab\" \/>\n<meta property=\"article:publisher\" content=\"https:\/\/www.facebook.com\/colabpucminas\" \/>\n<meta property=\"article:published_time\" content=\"2025-07-01T02:24:28+00:00\" \/>\n<meta property=\"article:modified_time\" content=\"2025-07-01T02:24:33+00:00\" \/>\n<meta property=\"og:image\" content=\"https:\/\/blogfca.pucminas.br\/colab\/wp-content\/uploads\/2025\/06\/FotoJet.webp\" \/>\n\t<meta property=\"og:image:width\" content=\"1200\" \/>\n\t<meta property=\"og:image:height\" content=\"685\" \/>\n\t<meta property=\"og:image:type\" content=\"image\/jpeg\" \/>\n<meta name=\"author\" content=\"Janaina Veloso\" \/>\n<meta name=\"twitter:card\" content=\"summary_large_image\" \/>\n<meta name=\"twitter:creator\" content=\"@colabpucminas\" \/>\n<meta name=\"twitter:site\" content=\"@colabpucminas\" \/>\n<meta name=\"twitter:label1\" content=\"Escrito por\" \/>\n\t<meta name=\"twitter:data1\" content=\"Janaina Veloso\" \/>\n\t<meta name=\"twitter:label2\" content=\"Est. tempo de leitura\" \/>\n\t<meta name=\"twitter:data2\" content=\"8 minutos\" \/>\n<script type=\"application\/ld+json\" class=\"yoast-schema-graph\">{\"@context\":\"https:\\\/\\\/schema.org\",\"@graph\":[{\"@type\":\"Article\",\"@id\":\"https:\\\/\\\/blogfca.pucminas.br\\\/colab\\\/da-renda-extra-a-renda-principal-artesas-de-aracuai-prosperam-com-a-chegada-do-vale-do-litio-em-mg\\\/#article\",\"isPartOf\":{\"@id\":\"https:\\\/\\\/blogfca.pucminas.br\\\/colab\\\/da-renda-extra-a-renda-principal-artesas-de-aracuai-prosperam-com-a-chegada-do-vale-do-litio-em-mg\\\/\"},\"author\":{\"name\":\"Janaina Veloso\",\"@id\":\"https:\\\/\\\/blogfca.pucminas.br\\\/colab\\\/#\\\/schema\\\/person\\\/cdc36442efa6edeb352f8f893179d848\"},\"headline\":\"Da renda extra \u00e0 renda principal: artes\u00e3s de Ara\u00e7ua\u00ed prosperam com a chegada do Vale do L\u00edtio em MG\",\"datePublished\":\"2025-07-01T02:24:28+00:00\",\"dateModified\":\"2025-07-01T02:24:33+00:00\",\"mainEntityOfPage\":{\"@id\":\"https:\\\/\\\/blogfca.pucminas.br\\\/colab\\\/da-renda-extra-a-renda-principal-artesas-de-aracuai-prosperam-com-a-chegada-do-vale-do-litio-em-mg\\\/\"},\"wordCount\":1295,\"commentCount\":0,\"publisher\":{\"@id\":\"https:\\\/\\\/blogfca.pucminas.br\\\/colab\\\/#organization\"},\"image\":{\"@id\":\"https:\\\/\\\/blogfca.pucminas.br\\\/colab\\\/da-renda-extra-a-renda-principal-artesas-de-aracuai-prosperam-com-a-chegada-do-vale-do-litio-em-mg\\\/#primaryimage\"},\"thumbnailUrl\":\"https:\\\/\\\/blogfca.pucminas.br\\\/colab\\\/wp-content\\\/uploads\\\/2025\\\/06\\\/FotoJet.webp\",\"keywords\":[\"dona de mim\",\"empreendedorismo feminino\",\"vale do litio\",\"vale do litio colab puc minas\"],\"articleSection\":[\"Economia\"],\"inLanguage\":\"pt-BR\",\"potentialAction\":[{\"@type\":\"CommentAction\",\"name\":\"Comment\",\"target\":[\"https:\\\/\\\/blogfca.pucminas.br\\\/colab\\\/da-renda-extra-a-renda-principal-artesas-de-aracuai-prosperam-com-a-chegada-do-vale-do-litio-em-mg\\\/#respond\"]}]},{\"@type\":\"WebPage\",\"@id\":\"https:\\\/\\\/blogfca.pucminas.br\\\/colab\\\/da-renda-extra-a-renda-principal-artesas-de-aracuai-prosperam-com-a-chegada-do-vale-do-litio-em-mg\\\/\",\"url\":\"https:\\\/\\\/blogfca.pucminas.br\\\/colab\\\/da-renda-extra-a-renda-principal-artesas-de-aracuai-prosperam-com-a-chegada-do-vale-do-litio-em-mg\\\/\",\"name\":\"Da renda extra \u00e0 renda principal: artes\u00e3s de Ara\u00e7ua\u00ed prosperam com a chegada do Vale do L\u00edtio em MG - Colab\",\"isPartOf\":{\"@id\":\"https:\\\/\\\/blogfca.pucminas.br\\\/colab\\\/#website\"},\"primaryImageOfPage\":{\"@id\":\"https:\\\/\\\/blogfca.pucminas.br\\\/colab\\\/da-renda-extra-a-renda-principal-artesas-de-aracuai-prosperam-com-a-chegada-do-vale-do-litio-em-mg\\\/#primaryimage\"},\"image\":{\"@id\":\"https:\\\/\\\/blogfca.pucminas.br\\\/colab\\\/da-renda-extra-a-renda-principal-artesas-de-aracuai-prosperam-com-a-chegada-do-vale-do-litio-em-mg\\\/#primaryimage\"},\"thumbnailUrl\":\"https:\\\/\\\/blogfca.pucminas.br\\\/colab\\\/wp-content\\\/uploads\\\/2025\\\/06\\\/FotoJet.webp\",\"datePublished\":\"2025-07-01T02:24:28+00:00\",\"dateModified\":\"2025-07-01T02:24:33+00:00\",\"breadcrumb\":{\"@id\":\"https:\\\/\\\/blogfca.pucminas.br\\\/colab\\\/da-renda-extra-a-renda-principal-artesas-de-aracuai-prosperam-com-a-chegada-do-vale-do-litio-em-mg\\\/#breadcrumb\"},\"inLanguage\":\"pt-BR\",\"potentialAction\":[{\"@type\":\"ReadAction\",\"target\":[\"https:\\\/\\\/blogfca.pucminas.br\\\/colab\\\/da-renda-extra-a-renda-principal-artesas-de-aracuai-prosperam-com-a-chegada-do-vale-do-litio-em-mg\\\/\"]}]},{\"@type\":\"ImageObject\",\"inLanguage\":\"pt-BR\",\"@id\":\"https:\\\/\\\/blogfca.pucminas.br\\\/colab\\\/da-renda-extra-a-renda-principal-artesas-de-aracuai-prosperam-com-a-chegada-do-vale-do-litio-em-mg\\\/#primaryimage\",\"url\":\"https:\\\/\\\/blogfca.pucminas.br\\\/colab\\\/wp-content\\\/uploads\\\/2025\\\/06\\\/FotoJet.webp\",\"contentUrl\":\"https:\\\/\\\/blogfca.pucminas.br\\\/colab\\\/wp-content\\\/uploads\\\/2025\\\/06\\\/FotoJet.webp\",\"width\":1200,\"height\":685,\"caption\":\"Empreendedoras de Ara\u00e7ua\u00ed, no norte de Minas Gerais, posam orgulhosas com a camiseta do projeto \u201cSou Dona de Mim\u201d:\"},{\"@type\":\"BreadcrumbList\",\"@id\":\"https:\\\/\\\/blogfca.pucminas.br\\\/colab\\\/da-renda-extra-a-renda-principal-artesas-de-aracuai-prosperam-com-a-chegada-do-vale-do-litio-em-mg\\\/#breadcrumb\",\"itemListElement\":[{\"@type\":\"ListItem\",\"position\":1,\"name\":\"In\u00edcio\",\"item\":\"https:\\\/\\\/blogfca.pucminas.br\\\/colab\\\/\"},{\"@type\":\"ListItem\",\"position\":2,\"name\":\"Da renda extra \u00e0 renda principal: artes\u00e3s de Ara\u00e7ua\u00ed prosperam com a chegada do Vale do L\u00edtio em MG\"}]},{\"@type\":\"WebSite\",\"@id\":\"https:\\\/\\\/blogfca.pucminas.br\\\/colab\\\/#website\",\"url\":\"https:\\\/\\\/blogfca.pucminas.br\\\/colab\\\/\",\"name\":\"Colab\",\"description\":\"Experimenta\u00e7\u00e3o, conte\u00fado e colabora\u00e7\u00e3o em Jornalismo Digital\",\"publisher\":{\"@id\":\"https:\\\/\\\/blogfca.pucminas.br\\\/colab\\\/#organization\"},\"potentialAction\":[{\"@type\":\"SearchAction\",\"target\":{\"@type\":\"EntryPoint\",\"urlTemplate\":\"https:\\\/\\\/blogfca.pucminas.br\\\/colab\\\/?s={search_term_string}\"},\"query-input\":{\"@type\":\"PropertyValueSpecification\",\"valueRequired\":true,\"valueName\":\"search_term_string\"}}],\"inLanguage\":\"pt-BR\"},{\"@type\":\"Organization\",\"@id\":\"https:\\\/\\\/blogfca.pucminas.br\\\/colab\\\/#organization\",\"name\":\"Colab :: Laborat\u00f3rio de Comunica\u00e7\u00e3o Digital da FCA \\\/ PUC Minas\",\"url\":\"https:\\\/\\\/blogfca.pucminas.br\\\/colab\\\/\",\"logo\":{\"@type\":\"ImageObject\",\"inLanguage\":\"pt-BR\",\"@id\":\"https:\\\/\\\/blogfca.pucminas.br\\\/colab\\\/#\\\/schema\\\/logo\\\/image\\\/\",\"url\":\"https:\\\/\\\/blogfca.pucminas.br\\\/colab\\\/wp-content\\\/uploads\\\/2020\\\/03\\\/Avatar-Colab.jpg\",\"contentUrl\":\"https:\\\/\\\/blogfca.pucminas.br\\\/colab\\\/wp-content\\\/uploads\\\/2020\\\/03\\\/Avatar-Colab.jpg\",\"width\":1682,\"height\":1682,\"caption\":\"Colab :: Laborat\u00f3rio de Comunica\u00e7\u00e3o Digital da FCA \\\/ PUC Minas\"},\"image\":{\"@id\":\"https:\\\/\\\/blogfca.pucminas.br\\\/colab\\\/#\\\/schema\\\/logo\\\/image\\\/\"},\"sameAs\":[\"https:\\\/\\\/www.facebook.com\\\/colabpucminas\",\"https:\\\/\\\/x.com\\\/colabpucminas\",\"https:\\\/\\\/www.instagram.com\\\/colabpucminas\\\/\",\"https:\\\/\\\/www.linkedin.com\\\/company\\\/colab-puc-minas\",\"https:\\\/\\\/www.youtube.com\\\/channel\\\/UC14mKIqnnGCOgVr4DG6FPkA\"]},{\"@type\":\"Person\",\"@id\":\"https:\\\/\\\/blogfca.pucminas.br\\\/colab\\\/#\\\/schema\\\/person\\\/cdc36442efa6edeb352f8f893179d848\",\"name\":\"Janaina Veloso\",\"image\":{\"@type\":\"ImageObject\",\"inLanguage\":\"pt-BR\",\"@id\":\"https:\\\/\\\/secure.gravatar.com\\\/avatar\\\/42d0383c1ba831a5ec83966cbc6af0469741918fa4fd0c213d0ec6253f54f956?s=96&d=mm&r=g\",\"url\":\"https:\\\/\\\/secure.gravatar.com\\\/avatar\\\/42d0383c1ba831a5ec83966cbc6af0469741918fa4fd0c213d0ec6253f54f956?s=96&d=mm&r=g\",\"contentUrl\":\"https:\\\/\\\/secure.gravatar.com\\\/avatar\\\/42d0383c1ba831a5ec83966cbc6af0469741918fa4fd0c213d0ec6253f54f956?s=96&d=mm&r=g\",\"caption\":\"Janaina Veloso\"},\"url\":\"https:\\\/\\\/blogfca.pucminas.br\\\/colab\\\/author\\\/janainaveloso\\\/\"}]}<\/script>\n<!-- \/ Yoast SEO plugin. -->","yoast_head_json":{"title":"Da renda extra \u00e0 renda principal: artes\u00e3s de Ara\u00e7ua\u00ed prosperam com a chegada do Vale do L\u00edtio em MG - Colab","robots":{"index":"index","follow":"follow","max-snippet":"max-snippet:-1","max-image-preview":"max-image-preview:large","max-video-preview":"max-video-preview:-1"},"canonical":"https:\/\/blogfca.pucminas.br\/colab\/da-renda-extra-a-renda-principal-artesas-de-aracuai-prosperam-com-a-chegada-do-vale-do-litio-em-mg\/","og_locale":"pt_BR","og_type":"article","og_title":"Da renda extra \u00e0 renda principal: artes\u00e3s de Ara\u00e7ua\u00ed prosperam com a chegada do Vale do L\u00edtio em MG - Colab","og_description":"Gera\u00e7\u00e3o de empregos, microcr\u00e9dito e novos compradores fortalecem neg\u00f3cios femininos no Vale do Jequitinhonha(MG)","og_url":"https:\/\/blogfca.pucminas.br\/colab\/da-renda-extra-a-renda-principal-artesas-de-aracuai-prosperam-com-a-chegada-do-vale-do-litio-em-mg\/","og_site_name":"Colab","article_publisher":"https:\/\/www.facebook.com\/colabpucminas","article_published_time":"2025-07-01T02:24:28+00:00","article_modified_time":"2025-07-01T02:24:33+00:00","og_image":[{"width":1200,"height":685,"url":"https:\/\/blogfca.pucminas.br\/colab\/wp-content\/uploads\/2025\/06\/FotoJet.webp","type":"image\/jpeg"}],"author":"Janaina Veloso","twitter_card":"summary_large_image","twitter_creator":"@colabpucminas","twitter_site":"@colabpucminas","twitter_misc":{"Escrito por":"Janaina Veloso","Est. tempo de leitura":"8 minutos"},"schema":{"@context":"https:\/\/schema.org","@graph":[{"@type":"Article","@id":"https:\/\/blogfca.pucminas.br\/colab\/da-renda-extra-a-renda-principal-artesas-de-aracuai-prosperam-com-a-chegada-do-vale-do-litio-em-mg\/#article","isPartOf":{"@id":"https:\/\/blogfca.pucminas.br\/colab\/da-renda-extra-a-renda-principal-artesas-de-aracuai-prosperam-com-a-chegada-do-vale-do-litio-em-mg\/"},"author":{"name":"Janaina Veloso","@id":"https:\/\/blogfca.pucminas.br\/colab\/#\/schema\/person\/cdc36442efa6edeb352f8f893179d848"},"headline":"Da renda extra \u00e0 renda principal: artes\u00e3s de Ara\u00e7ua\u00ed prosperam com a chegada do Vale do L\u00edtio em MG","datePublished":"2025-07-01T02:24:28+00:00","dateModified":"2025-07-01T02:24:33+00:00","mainEntityOfPage":{"@id":"https:\/\/blogfca.pucminas.br\/colab\/da-renda-extra-a-renda-principal-artesas-de-aracuai-prosperam-com-a-chegada-do-vale-do-litio-em-mg\/"},"wordCount":1295,"commentCount":0,"publisher":{"@id":"https:\/\/blogfca.pucminas.br\/colab\/#organization"},"image":{"@id":"https:\/\/blogfca.pucminas.br\/colab\/da-renda-extra-a-renda-principal-artesas-de-aracuai-prosperam-com-a-chegada-do-vale-do-litio-em-mg\/#primaryimage"},"thumbnailUrl":"https:\/\/blogfca.pucminas.br\/colab\/wp-content\/uploads\/2025\/06\/FotoJet.webp","keywords":["dona de mim","empreendedorismo feminino","vale do litio","vale do litio colab puc minas"],"articleSection":["Economia"],"inLanguage":"pt-BR","potentialAction":[{"@type":"CommentAction","name":"Comment","target":["https:\/\/blogfca.pucminas.br\/colab\/da-renda-extra-a-renda-principal-artesas-de-aracuai-prosperam-com-a-chegada-do-vale-do-litio-em-mg\/#respond"]}]},{"@type":"WebPage","@id":"https:\/\/blogfca.pucminas.br\/colab\/da-renda-extra-a-renda-principal-artesas-de-aracuai-prosperam-com-a-chegada-do-vale-do-litio-em-mg\/","url":"https:\/\/blogfca.pucminas.br\/colab\/da-renda-extra-a-renda-principal-artesas-de-aracuai-prosperam-com-a-chegada-do-vale-do-litio-em-mg\/","name":"Da renda extra \u00e0 renda principal: artes\u00e3s de Ara\u00e7ua\u00ed prosperam com a chegada do Vale do L\u00edtio em MG - Colab","isPartOf":{"@id":"https:\/\/blogfca.pucminas.br\/colab\/#website"},"primaryImageOfPage":{"@id":"https:\/\/blogfca.pucminas.br\/colab\/da-renda-extra-a-renda-principal-artesas-de-aracuai-prosperam-com-a-chegada-do-vale-do-litio-em-mg\/#primaryimage"},"image":{"@id":"https:\/\/blogfca.pucminas.br\/colab\/da-renda-extra-a-renda-principal-artesas-de-aracuai-prosperam-com-a-chegada-do-vale-do-litio-em-mg\/#primaryimage"},"thumbnailUrl":"https:\/\/blogfca.pucminas.br\/colab\/wp-content\/uploads\/2025\/06\/FotoJet.webp","datePublished":"2025-07-01T02:24:28+00:00","dateModified":"2025-07-01T02:24:33+00:00","breadcrumb":{"@id":"https:\/\/blogfca.pucminas.br\/colab\/da-renda-extra-a-renda-principal-artesas-de-aracuai-prosperam-com-a-chegada-do-vale-do-litio-em-mg\/#breadcrumb"},"inLanguage":"pt-BR","potentialAction":[{"@type":"ReadAction","target":["https:\/\/blogfca.pucminas.br\/colab\/da-renda-extra-a-renda-principal-artesas-de-aracuai-prosperam-com-a-chegada-do-vale-do-litio-em-mg\/"]}]},{"@type":"ImageObject","inLanguage":"pt-BR","@id":"https:\/\/blogfca.pucminas.br\/colab\/da-renda-extra-a-renda-principal-artesas-de-aracuai-prosperam-com-a-chegada-do-vale-do-litio-em-mg\/#primaryimage","url":"https:\/\/blogfca.pucminas.br\/colab\/wp-content\/uploads\/2025\/06\/FotoJet.webp","contentUrl":"https:\/\/blogfca.pucminas.br\/colab\/wp-content\/uploads\/2025\/06\/FotoJet.webp","width":1200,"height":685,"caption":"Empreendedoras de Ara\u00e7ua\u00ed, no norte de Minas Gerais, posam orgulhosas com a camiseta do projeto \u201cSou Dona de Mim\u201d:"},{"@type":"BreadcrumbList","@id":"https:\/\/blogfca.pucminas.br\/colab\/da-renda-extra-a-renda-principal-artesas-de-aracuai-prosperam-com-a-chegada-do-vale-do-litio-em-mg\/#breadcrumb","itemListElement":[{"@type":"ListItem","position":1,"name":"In\u00edcio","item":"https:\/\/blogfca.pucminas.br\/colab\/"},{"@type":"ListItem","position":2,"name":"Da renda extra \u00e0 renda principal: artes\u00e3s de Ara\u00e7ua\u00ed prosperam com a chegada do Vale do L\u00edtio em MG"}]},{"@type":"WebSite","@id":"https:\/\/blogfca.pucminas.br\/colab\/#website","url":"https:\/\/blogfca.pucminas.br\/colab\/","name":"Colab","description":"Experimenta\u00e7\u00e3o, conte\u00fado e colabora\u00e7\u00e3o em Jornalismo Digital","publisher":{"@id":"https:\/\/blogfca.pucminas.br\/colab\/#organization"},"potentialAction":[{"@type":"SearchAction","target":{"@type":"EntryPoint","urlTemplate":"https:\/\/blogfca.pucminas.br\/colab\/?s={search_term_string}"},"query-input":{"@type":"PropertyValueSpecification","valueRequired":true,"valueName":"search_term_string"}}],"inLanguage":"pt-BR"},{"@type":"Organization","@id":"https:\/\/blogfca.pucminas.br\/colab\/#organization","name":"Colab :: Laborat\u00f3rio de Comunica\u00e7\u00e3o Digital da FCA \/ PUC Minas","url":"https:\/\/blogfca.pucminas.br\/colab\/","logo":{"@type":"ImageObject","inLanguage":"pt-BR","@id":"https:\/\/blogfca.pucminas.br\/colab\/#\/schema\/logo\/image\/","url":"https:\/\/blogfca.pucminas.br\/colab\/wp-content\/uploads\/2020\/03\/Avatar-Colab.jpg","contentUrl":"https:\/\/blogfca.pucminas.br\/colab\/wp-content\/uploads\/2020\/03\/Avatar-Colab.jpg","width":1682,"height":1682,"caption":"Colab :: Laborat\u00f3rio de Comunica\u00e7\u00e3o Digital da FCA \/ PUC Minas"},"image":{"@id":"https:\/\/blogfca.pucminas.br\/colab\/#\/schema\/logo\/image\/"},"sameAs":["https:\/\/www.facebook.com\/colabpucminas","https:\/\/x.com\/colabpucminas","https:\/\/www.instagram.com\/colabpucminas\/","https:\/\/www.linkedin.com\/company\/colab-puc-minas","https:\/\/www.youtube.com\/channel\/UC14mKIqnnGCOgVr4DG6FPkA"]},{"@type":"Person","@id":"https:\/\/blogfca.pucminas.br\/colab\/#\/schema\/person\/cdc36442efa6edeb352f8f893179d848","name":"Janaina Veloso","image":{"@type":"ImageObject","inLanguage":"pt-BR","@id":"https:\/\/secure.gravatar.com\/avatar\/42d0383c1ba831a5ec83966cbc6af0469741918fa4fd0c213d0ec6253f54f956?s=96&d=mm&r=g","url":"https:\/\/secure.gravatar.com\/avatar\/42d0383c1ba831a5ec83966cbc6af0469741918fa4fd0c213d0ec6253f54f956?s=96&d=mm&r=g","contentUrl":"https:\/\/secure.gravatar.com\/avatar\/42d0383c1ba831a5ec83966cbc6af0469741918fa4fd0c213d0ec6253f54f956?s=96&d=mm&r=g","caption":"Janaina Veloso"},"url":"https:\/\/blogfca.pucminas.br\/colab\/author\/janainaveloso\/"}]}},"amp_enabled":true,"_links":{"self":[{"href":"https:\/\/blogfca.pucminas.br\/colab\/wp-json\/wp\/v2\/posts\/22928","targetHints":{"allow":["GET"]}}],"collection":[{"href":"https:\/\/blogfca.pucminas.br\/colab\/wp-json\/wp\/v2\/posts"}],"about":[{"href":"https:\/\/blogfca.pucminas.br\/colab\/wp-json\/wp\/v2\/types\/post"}],"author":[{"embeddable":true,"href":"https:\/\/blogfca.pucminas.br\/colab\/wp-json\/wp\/v2\/users\/59"}],"replies":[{"embeddable":true,"href":"https:\/\/blogfca.pucminas.br\/colab\/wp-json\/wp\/v2\/comments?post=22928"}],"version-history":[{"count":4,"href":"https:\/\/blogfca.pucminas.br\/colab\/wp-json\/wp\/v2\/posts\/22928\/revisions"}],"predecessor-version":[{"id":22940,"href":"https:\/\/blogfca.pucminas.br\/colab\/wp-json\/wp\/v2\/posts\/22928\/revisions\/22940"}],"wp:featuredmedia":[{"embeddable":true,"href":"https:\/\/blogfca.pucminas.br\/colab\/wp-json\/wp\/v2\/media\/22933"}],"wp:attachment":[{"href":"https:\/\/blogfca.pucminas.br\/colab\/wp-json\/wp\/v2\/media?parent=22928"}],"wp:term":[{"taxonomy":"category","embeddable":true,"href":"https:\/\/blogfca.pucminas.br\/colab\/wp-json\/wp\/v2\/categories?post=22928"},{"taxonomy":"post_tag","embeddable":true,"href":"https:\/\/blogfca.pucminas.br\/colab\/wp-json\/wp\/v2\/tags?post=22928"}],"curies":[{"name":"wp","href":"https:\/\/api.w.org\/{rel}","templated":true}]}}