{"id":21481,"date":"2025-04-09T14:29:46","date_gmt":"2025-04-09T17:29:46","guid":{"rendered":"https:\/\/blogfca.pucminas.br\/colab\/?p=21481"},"modified":"2025-05-12T09:11:21","modified_gmt":"2025-05-12T12:11:21","slug":"brasil-digital-o-pais-do-engajamento-nas-midias-sociais","status":"publish","type":"post","link":"https:\/\/blogfca.pucminas.br\/colab\/brasil-digital-o-pais-do-engajamento-nas-midias-sociais\/","title":{"rendered":"Brasil digital: o pa\u00eds do engajamento nas m\u00eddias sociais"},"content":{"rendered":"\n<p>Pa\u00eds do futebol, carnaval e funk, o Brasil tem se destacado em outra \u00e1rea: o <strong>engajamento nas plataformas sociais<\/strong>. De acordo com <a href=\"https:\/\/wearesocial.com\/uk\/blog\/2024\/01\/digital-2024-5-billion-social-media-users\/\" target=\"_blank\" rel=\"noreferrer noopener\">Relat\u00f3rio Digital 2024:<\/a> 5 bilh\u00f5es de usu\u00e1rios de m\u00eddia social, realizado em parceria com as ag\u00eancias <em>We Are Social<\/em> e <em>Meltwater<\/em>, o Brasil \u00e9 o segundo pa\u00eds em que os usu\u00e1rios passam mais tempo online, com m\u00e9dia de 9h13, ficando atr\u00e1s apenas da \u00c1frica do Sul, com 9h24.<\/p>\n\n\n\n<p>Nas disputas por pr\u00eamios, o engajamento dos brasileiros se intensifica, envolvendo n\u00e3o apenas rivalidade e emo\u00e7\u00e3o, mas, principalmente, um forte sentimento de patriotismo. Um exemplo recente dessa mobiliza\u00e7\u00e3o foi a vitoriosa campanha do longa-metragem <em>Ainda Estou Aqui<\/em>, dirigido por Walter Salles.<\/p>\n\n\n\n<p>Entre o m\u00eas de setembro de 2024, quando o filme foi lan\u00e7ado, e mar\u00e7o de 2025 quando ocorreu a cerim\u00f4nia do Oscar, os brasileiros criaram uma campanha de divulga\u00e7\u00e3o da obra nas m\u00eddias sociais, incentivando o p\u00fablico internacional a assistir o longa. Al\u00e9m disso, \u201cinvadiram\u201d as p\u00e1ginas oficiais de premia\u00e7\u00f5es como o <em><a href=\"https:\/\/www.instagram.com\/theacademy\/\" target=\"_blank\" rel=\"noreferrer noopener\">Oscar<\/a><\/em> e o <a href=\"https:\/\/www.instagram.com\/goldenglobes\/\" target=\"_blank\" rel=\"noreferrer noopener\">Globo de Ouro<\/a>, enchendo as publica\u00e7\u00f5es relacionadas ao filme <em>Ainda Estou Aqui<\/em> de likes e coment\u00e1rios.<\/p>\n\n\n\n<h2 class=\"wp-block-heading\">Fandoms e mobiliza\u00e7\u00e3o online<\/h2>\n\n\n<div class=\"wp-block-image\">\n<figure class=\"alignright size-full is-resized\"><img data-dominant-color=\"846452\" data-has-transparency=\"false\" loading=\"lazy\" decoding=\"async\" width=\"482\" height=\"481\" sizes=\"auto, (max-width: 482px) 100vw, 482px\" src=\"https:\/\/blogfca.pucminas.br\/colab\/wp-content\/uploads\/2025\/03\/WhatsApp-Image-2025-03-26-at-16.14.25.webp\" alt=\"L\u00edvia Mariano sorrindo para a foto, com cabelo \u00e0 altura dos ombros, castanho escuro e ondulado; ela usa um brinco argola na orelha direita. O fundo \u00e9 semelhante a um bar\" class=\"wp-image-21485 not-transparent\" style=\"--dominant-color: #846452; width:265px;height:auto\" srcset=\"https:\/\/blogfca.pucminas.br\/colab\/wp-content\/uploads\/2025\/03\/WhatsApp-Image-2025-03-26-at-16.14.25.webp 482w, https:\/\/blogfca.pucminas.br\/colab\/wp-content\/uploads\/2025\/03\/WhatsApp-Image-2025-03-26-at-16.14.25-300x300.webp 300w, https:\/\/blogfca.pucminas.br\/colab\/wp-content\/uploads\/2025\/03\/WhatsApp-Image-2025-03-26-at-16.14.25-150x150.webp 150w, https:\/\/blogfca.pucminas.br\/colab\/wp-content\/uploads\/2025\/03\/WhatsApp-Image-2025-03-26-at-16.14.25-370x369.webp 370w, https:\/\/blogfca.pucminas.br\/colab\/wp-content\/uploads\/2025\/03\/WhatsApp-Image-2025-03-26-at-16.14.25-270x269.webp 270w, https:\/\/blogfca.pucminas.br\/colab\/wp-content\/uploads\/2025\/03\/WhatsApp-Image-2025-03-26-at-16.14.25-96x96.webp 96w\" \/><figcaption class=\"wp-element-caption\">L\u00edvia Mariano \/ Arquivo pessoal<\/figcaption><\/figure>\n<\/div>\n\n\n<p>Mestre em Psicologia pela PUC Minas, L\u00edvia Mariano (foto \u00e0 direita) comenta sobre a necessidade de autoafirma\u00e7\u00e3o do povo brasileiro. \u201cTalvez por um reflexo de um passado de coloniza\u00e7\u00e3o, onde o que \u00e9 nosso sempre parece ser inferior ao que \u00e9 de fora. O que percebo \u00e9 que o brasileiro quer provar seu valor, seja com humor ou fanatismo, e somos conhecidos por sermos f\u00e3s muito engajados. Por exemplo, nas redes sociais, sempre pedimos para artistas internacionais virem para o Brasil, criando esse engajamento fervoroso&#8221;.<\/p>\n\n\n\n<p>A visibilidade oferecida pelos brasileiros nas m\u00eddias sociais tamb\u00e9m cria uma oportunidade para marcas se conectarem com o p\u00fablico consumidor e divulgarem seus produtos e servi\u00e7os. Para Luciana Andrade (foto abaixo), coordenadora do curso de Publicidade e Propaganda (<em>campus<\/em> S\u00e3o Gabriel) e professora da <a href=\"https:\/\/fca.pucminas.br\/\" target=\"_blank\" rel=\"noreferrer noopener\">Faculdade de Comunica\u00e7\u00e3o e Artes da PUC Minas<\/a>, nosso pa\u00eds tem se tornado um local estrat\u00e9gico para grandes marcas para a cria\u00e7\u00e3o de tend\u00eancias e movimentos online:<\/p>\n\n\n<div class=\"wp-block-image\">\n<figure class=\"alignleft size-large is-resized\"><img data-dominant-color=\"a68673\" data-has-transparency=\"false\" loading=\"lazy\" decoding=\"async\" width=\"682\" height=\"1024\" sizes=\"auto, (max-width: 682px) 100vw, 682px\" src=\"https:\/\/blogfca.pucminas.br\/colab\/wp-content\/uploads\/2025\/03\/WhatsApp-Image-2025-04-01-at-15.56.12-682x1024.webp\" alt=\"Luciana \u00e9 uma mulher branca de cabelos lisos, longos e escuros. Ela est\u00e1 apoiada no corrim\u00e3o de uma escada\" class=\"wp-image-21519 not-transparent\" style=\"--dominant-color: #a68673; width:257px;height:auto\" srcset=\"https:\/\/blogfca.pucminas.br\/colab\/wp-content\/uploads\/2025\/03\/WhatsApp-Image-2025-04-01-at-15.56.12-682x1024.webp 682w, https:\/\/blogfca.pucminas.br\/colab\/wp-content\/uploads\/2025\/03\/WhatsApp-Image-2025-04-01-at-15.56.12-200x300.webp 200w, https:\/\/blogfca.pucminas.br\/colab\/wp-content\/uploads\/2025\/03\/WhatsApp-Image-2025-04-01-at-15.56.12-768x1153.webp 768w, https:\/\/blogfca.pucminas.br\/colab\/wp-content\/uploads\/2025\/03\/WhatsApp-Image-2025-04-01-at-15.56.12-1023x1536.webp 1023w, https:\/\/blogfca.pucminas.br\/colab\/wp-content\/uploads\/2025\/03\/WhatsApp-Image-2025-04-01-at-15.56.12-370x555.webp 370w, https:\/\/blogfca.pucminas.br\/colab\/wp-content\/uploads\/2025\/03\/WhatsApp-Image-2025-04-01-at-15.56.12-270x405.webp 270w, https:\/\/blogfca.pucminas.br\/colab\/wp-content\/uploads\/2025\/03\/WhatsApp-Image-2025-04-01-at-15.56.12-570x856.webp 570w, https:\/\/blogfca.pucminas.br\/colab\/wp-content\/uploads\/2025\/03\/WhatsApp-Image-2025-04-01-at-15.56.12-740x1111.webp 740w, https:\/\/blogfca.pucminas.br\/colab\/wp-content\/uploads\/2025\/03\/WhatsApp-Image-2025-04-01-at-15.56.12-150x225.webp 150w, https:\/\/blogfca.pucminas.br\/colab\/wp-content\/uploads\/2025\/03\/WhatsApp-Image-2025-04-01-at-15.56.12.webp 1066w\" \/><figcaption class=\"wp-element-caption\">Luciana Andrade \/ Foto de arquivo pessoal<\/figcaption><\/figure>\n<\/div>\n\n\n<p> &#8220;O Brasil tem sido um campo de experimenta\u00e7\u00e3o e de refer\u00eancia para outros lugares do mundo. Somos criativos, a gente aproveita cenas do cotidiano, n\u00e9? O cotidiano do brasileiro \u00e9 muito metaf\u00f3rico, tem muitas formas de linguagem, de interpreta\u00e7\u00e3o, a gente tem muitos memes e g\u00edrias\u201d.<\/p>\n\n\n\n<p>O uso dos memes \u00e9 algo muito marcante no comportamento digital brasileiro. L\u00edvia Mariano enfatiza a import\u00e2ncia deles, em diversos contextos: &#8220;O brasileiro, especialmente no ambiente digital, tem uma caracter\u00edstica muito humor\u00edstica. Ele faz meme com tudo \u2013 at\u00e9 em momentos de conflito, o que \u00e9 uma maneira de rir da pr\u00f3pria desgra\u00e7a. Os memes visuais, muitas vezes com figuras da cultura pop e com uma linguagem muito conectada \u00e0 comunidade LGBT, s\u00e3o muito comuns. Eles [os memes], apesar de muitas vezes descontextualizarem assuntos s\u00e9rios, acabam servindo como uma forma de aliviar tens\u00f5es. No Brasil, lidamos com muitos momentos dif\u00edceis, como quest\u00f5es pol\u00edticas e sociais, e os memes surgem como uma forma de lidar com o mal-estar.&#8221;<\/p>\n\n\n\n<h2 class=\"wp-block-heading\"><strong>Sociabilidade em rede<\/strong><\/h2>\n\n\n\n<blockquote class=\"wp-block-quote is-layout-flow wp-block-quote-is-layout-flow\">\n<p>O ambiente digital \u00e9 uma extens\u00e3o do nosso cotidiano. O que o brasileiro faz no digital \u00e9 um reflexo do que ele \u00e9 fora das telas.  L\u00edvia Mariano&nbsp;<\/p>\n<\/blockquote>\n\n\n\n<p>Luciana Antunes ainda destaca que a sociabilidade \u00e9 um dos tra\u00e7os mais marcantes do povo brasileiro, o que se reflete no comportamento online: \u201cFaz parte da cultura brasileira essa quest\u00e3o da sociabilidade, do relacionamento e esse interesse pela vida dos outros\u201d. Para ela,&nbsp; as redes sociais online agem como uma extens\u00e3o disso, com brasileiros mantendo um interesse constante sobre o que os outros est\u00e3o fazendo, comentando sobre suas vidas e, muitas vezes, expondo suas pr\u00f3prias experi\u00eancias.<\/p>\n\n\n\n<p>Ela faz uma analogia para ilustrar: \u201cEu sempre digo que as plataformas de redes sociais s\u00e3o como a senhorinha que fica na porta de casa, no interior, observando quem passa e comentando sobre a vida dos outros\u201d. Esse \u00e9 o comportamento de uma sociedade que valoriza a conex\u00e3o, mas tamb\u00e9m mant\u00e9m uma vigil\u00e2ncia quanto \u00e0 vida alheia.<\/p>\n\n\n\n<p>L\u00edvia Mariano explica que o<strong> <\/strong>ambiente digital \u00e9 uma extens\u00e3o do cotidiano brasileiro. \u201cO que o brasileiro faz no digital \u00e9 um reflexo do que ele \u00e9 fora das tela<strong>s<\/strong>. O comportamento digital fervoroso, como esse engajamento nas redes sociais, \u00e9 uma manifesta\u00e7\u00e3o das emo\u00e7\u00f5es e da paix\u00e3o que o brasileiro tem na vida real. Existe uma forte conex\u00e3o emocional, um afeto que transborda, especialmente quando falamos de f\u00e3s e cultura pop&#8221;.<\/p>\n\n\n<div class=\"wp-block-image\">\n<figure class=\"alignleft size-large is-resized\"><img data-dominant-color=\"a78f7d\" data-has-transparency=\"false\" loading=\"lazy\" decoding=\"async\" width=\"1024\" height=\"1024\" sizes=\"auto, (max-width: 1024px) 100vw, 1024px\" src=\"https:\/\/blogfca.pucminas.br\/colab\/wp-content\/uploads\/2025\/03\/202403_FOTO_CAIO_PERFIL_SQ-1024x1024.webp\" alt=\"Caio \u00e9 u, homem branco de cabelos e barba escuros; ele sorri pr\u00f3ximo \u00e0 margem esquerda da foto, em frente a sua estante de livros e usa um \u00f3culos retangular\" class=\"wp-image-21493 not-transparent\" style=\"--dominant-color: #a78f7d; width:296px;height:auto\" srcset=\"https:\/\/blogfca.pucminas.br\/colab\/wp-content\/uploads\/2025\/03\/202403_FOTO_CAIO_PERFIL_SQ-1024x1024.webp 1024w, https:\/\/blogfca.pucminas.br\/colab\/wp-content\/uploads\/2025\/03\/202403_FOTO_CAIO_PERFIL_SQ-300x300.webp 300w, https:\/\/blogfca.pucminas.br\/colab\/wp-content\/uploads\/2025\/03\/202403_FOTO_CAIO_PERFIL_SQ-150x150.webp 150w, https:\/\/blogfca.pucminas.br\/colab\/wp-content\/uploads\/2025\/03\/202403_FOTO_CAIO_PERFIL_SQ-768x768.webp 768w, https:\/\/blogfca.pucminas.br\/colab\/wp-content\/uploads\/2025\/03\/202403_FOTO_CAIO_PERFIL_SQ-1536x1536.webp 1536w, https:\/\/blogfca.pucminas.br\/colab\/wp-content\/uploads\/2025\/03\/202403_FOTO_CAIO_PERFIL_SQ-370x370.webp 370w, https:\/\/blogfca.pucminas.br\/colab\/wp-content\/uploads\/2025\/03\/202403_FOTO_CAIO_PERFIL_SQ-270x270.webp 270w, https:\/\/blogfca.pucminas.br\/colab\/wp-content\/uploads\/2025\/03\/202403_FOTO_CAIO_PERFIL_SQ-570x570.webp 570w, https:\/\/blogfca.pucminas.br\/colab\/wp-content\/uploads\/2025\/03\/202403_FOTO_CAIO_PERFIL_SQ-740x740.webp 740w, https:\/\/blogfca.pucminas.br\/colab\/wp-content\/uploads\/2025\/03\/202403_FOTO_CAIO_PERFIL_SQ-96x96.webp 96w, https:\/\/blogfca.pucminas.br\/colab\/wp-content\/uploads\/2025\/03\/202403_FOTO_CAIO_PERFIL_SQ-png.webp 1940w\" \/><figcaption class=\"wp-element-caption\">Caio Giannini \/ Foto de arquivo pessoal<\/figcaption><\/figure>\n<\/div>\n\n\n<p>Pesquisador, professor da PUC Minas e especialista em comunica\u00e7\u00e3o digital, Caio Giannini (foto \u00e0 esquerda) comenta que, com o crescimento das plataformas digitais, as pessoas t\u00eam cada vez mais a oportunidade de interagir entre si e com marcas de maneira ampla. Apesar de reconhecer o lado positivo dessa rela\u00e7\u00e3o, ele alerta para o compartilhamento de fake news e informa\u00e7\u00f5es distorcidas: \u201cA gente [os brasileiros]&nbsp; imediatamente compartilha sem olhar mais aprofundadamente de onde veio a informa\u00e7\u00e3o, n\u00e3o se preocupa em saber quem fez aquilo e nem quais os interesses por tr\u00e1s daquilo. A gente apenas compartilha. Assim a desinforma\u00e7\u00e3o circula como fogo em mato seco&#8221;.<\/p>\n\n\n\n<h2 class=\"wp-block-heading\"><strong>Entretenimento que tamb\u00e9m \u00e9 v\u00edcio<\/strong><\/h2>\n\n\n\n<p>Uma das quest\u00f5es centrais do comportamento digital contempor\u00e2neo, especialmente entre os mais jovens, \u00e9 a constante imers\u00e3o em conte\u00fados r\u00e1pidos e viciantes. &#8220;As plataformas estimulam a produ\u00e7\u00e3o de dopamina, ou seja, o c\u00e9rebro \u00e9 alimentado por essas pequenas doses de prazer&#8221;, explica Luciana Andrade. Esse mecanismo gera um v\u00edcio que, segundo ela, impacta diretamente a capacidade de concentra\u00e7\u00e3o das gera\u00e7\u00f5es mais jovens. &#8220;\u00c9 quase imposs\u00edvel ver os jovens se concentrando em um filme&#8221;.<\/p>\n\n\n\n<p>O uso excessivo das plataformas de redes sociais vem colocando em risco a sa\u00fade mental de milhares de brasileiros. De acordo com dados do estudo <a href=\"https:\/\/panoramasaudemental.org\/\" target=\"_blank\" rel=\"noreferrer noopener\">Panorama da Sa\u00fade Mental 2024<\/a>, realizado pelo Instituto Cactus em parceria com a AtlasIntel, 45% dos casos de ansiedade em jovens de 15 a 29 anos est\u00e3o relacionados ao uso intensivo dessas plataformas. Ainda de acordo com a pesquisa, 65% dos entrevistados enfrentam dificuldades emocionais em algum grau, incluindo n\u00e3o s\u00f3 a ansiedade, mas tamb\u00e9m a depress\u00e3o.<\/p>\n\n\n\n<p class=\"has-text-align-left\">Caio Giannini tamb\u00e9m adverte para os perigos da crescente depend\u00eancia das plataformas digitais. &#8220;Eu vejo isso de uma maneira inicialmente positiva. Obviamente, o receio nasce quando as coisas come\u00e7am a sair do controle. \u00c9 importante que a gente tenha canais de comunica\u00e7\u00e3o com os consumidores, mas que n\u00e3o fiquemos ref\u00e9ns destes canais, porque vemos que as pessoas em boa parte optam por apenas consumir passivamente conte\u00fado e pouco interagem ou mesmo refletem criticamente sobre o que chega&#8221;.<\/p>\n\n\n\n<p>\u201cO engajamento nas redes online cria um ambiente onde as pessoas se comunicam, mas o crescente v\u00edcio digital e o controle das plataformas geram problemas&#8221;, completa. Apesar de reconhecer a import\u00e2ncia da comunica\u00e7\u00e3o nas plataformas, Giannini se mostra cauteloso, afirmando que &#8220;pensando com a mentalidade de um publicit\u00e1rio, enxergo isso com um p\u00e9 atr\u00e1s&#8221;, temendo que o dom\u00ednio das plataformas sobre o processo de comunica\u00e7\u00e3o possa limitar a liberdade digital.<\/p>\n\n\n\n<h2 class=\"wp-block-heading\"><strong>Engajamento pela controv\u00e9rsia<\/strong><\/h2>\n\n\n\n<p>Um dos pontos centrais do comportamento nas plataformas sociais no Brasil, segundo Andrade, \u00e9 o engajamento gerado por temas controversos. \u201cO engajamento acontece pelo amor ou pelo \u00f3dio. Ou eu gosto muito de algo e quero compartilhar, ou eu furo minha bolha para manifestar repulsa\u201d, afirma. Exemplos disso s\u00e3o vis\u00edveis em casos recentes como o Grammy, onde disputas entre artistas e seus respectivos f\u00e3s geraram grandes polariza\u00e7\u00f5es, com muitos usu\u00e1rios expressando opini\u00f5es extremas sobre os vencedores. <\/p>\n\n\n\n<p>Outro exemplo claro \u00e9 o Big Brother Brasil, cujas edi\u00e7\u00f5es sempre geram um engajamento massivo, seja para apoiar participantes, seja para criticar comportamentos dentro do programa. Ela ainda explica que essa polariza\u00e7\u00e3o \u00e9 alimentada pelas pr\u00f3prias plataformas, que incentivam a produ\u00e7\u00e3o de conte\u00fados pol\u00eamicos, porque geram mais rea\u00e7\u00f5es.<\/p>\n\n\n\n<p>Giannini tamb\u00e9m alerta para os malef\u00edcios desse processo, citando como exemplo o modelo de neg\u00f3cios das plataformas, que alimentam bolhas de informa\u00e7\u00f5es que refor\u00e7am cren\u00e7as j\u00e1 consolidadas. \u201cAs plataformas desenvolvem formas de nos apresentar apenas conte\u00fados referentes \u00e0quilo com o que concordamos ou que, de acordo com os c\u00e1lculos das plataformas, temos maior probabilidade de gostar. Assim acontece a manipula\u00e7\u00e3o algor\u00edtmica\u201d, afirma.<\/p>\n\n\n\n<figure class=\"wp-block-image size-large\"><img data-dominant-color=\"a0e1e8\" data-has-transparency=\"false\" style=\"--dominant-color: #a0e1e8;\" loading=\"lazy\" decoding=\"async\" width=\"1024\" height=\"595\" sizes=\"auto, (max-width: 1024px) 100vw, 1024px\" src=\"https:\/\/blogfca.pucminas.br\/colab\/wp-content\/uploads\/2025\/03\/social-media-marketing-seo-worldwide-business-web-1558525-pxhere.com_-1024x595.webp\" alt=\"Um mapa mundi como pano de fundo para os \u00edcones de algumas m\u00eddias digitais, apontadas por uma m\u00e3o e circulando um megafone\" class=\"wp-image-21488 not-transparent\" srcset=\"https:\/\/blogfca.pucminas.br\/colab\/wp-content\/uploads\/2025\/03\/social-media-marketing-seo-worldwide-business-web-1558525-pxhere.com_-1024x595.webp 1024w, https:\/\/blogfca.pucminas.br\/colab\/wp-content\/uploads\/2025\/03\/social-media-marketing-seo-worldwide-business-web-1558525-pxhere.com_-300x174.webp 300w, https:\/\/blogfca.pucminas.br\/colab\/wp-content\/uploads\/2025\/03\/social-media-marketing-seo-worldwide-business-web-1558525-pxhere.com_-768x446.webp 768w, https:\/\/blogfca.pucminas.br\/colab\/wp-content\/uploads\/2025\/03\/social-media-marketing-seo-worldwide-business-web-1558525-pxhere.com_-1536x892.webp 1536w, https:\/\/blogfca.pucminas.br\/colab\/wp-content\/uploads\/2025\/03\/social-media-marketing-seo-worldwide-business-web-1558525-pxhere.com_-2048x1189.webp 2048w, https:\/\/blogfca.pucminas.br\/colab\/wp-content\/uploads\/2025\/03\/social-media-marketing-seo-worldwide-business-web-1558525-pxhere.com_-370x215.webp 370w, https:\/\/blogfca.pucminas.br\/colab\/wp-content\/uploads\/2025\/03\/social-media-marketing-seo-worldwide-business-web-1558525-pxhere.com_-270x157.webp 270w, https:\/\/blogfca.pucminas.br\/colab\/wp-content\/uploads\/2025\/03\/social-media-marketing-seo-worldwide-business-web-1558525-pxhere.com_-570x331.webp 570w, https:\/\/blogfca.pucminas.br\/colab\/wp-content\/uploads\/2025\/03\/social-media-marketing-seo-worldwide-business-web-1558525-pxhere.com_-740x430.webp 740w, https:\/\/blogfca.pucminas.br\/colab\/wp-content\/uploads\/2025\/03\/social-media-marketing-seo-worldwide-business-web-1558525-pxhere.com_-150x87.webp 150w\" \/><figcaption class=\"wp-element-caption\">Mohamed Hassan\/Pxhere<\/figcaption><\/figure>\n\n\n\n<h2 class=\"wp-block-heading\"><strong>A Influ\u00eancia do P\u00fablico Brasileiro no X de Elon Musk: Implica\u00e7\u00f5es para a Plataforma<\/strong><\/h2>\n\n\n\n<p>Para a professora Luciana Andrade, o Brasil tem um papel fundamental no ecossistema das plataformas, como demonstrado pelo impacto que o p\u00fablico brasileiro tem no uso do Twitter, atual X, mesmo ap\u00f3s a compra da plataforma por Elon Musk. \u201cO Brasil \u00e9 um pa\u00eds crucial para o Twitter. Quando o Supremo Tribunal Federal [STF] decidiu suspender o uso da plataforma no Brasil, ficou claro que a aus\u00eancia do p\u00fablico brasileiro afeta diretamente o engajamento e a sustentabilidade da rede\u201d, afirma.<\/p>\n\n\n\n<p>Giannini tamb\u00e9m faz refer\u00eancia ao papel das plataformas em influenciar o comportamento p\u00fablico. Ele comenta sobre o Google, que usou sua influ\u00eancia para direcionar a opini\u00e3o p\u00fablica em rela\u00e7\u00e3o \u00e0 proposta da PL 2630 em 2023. \u201cEste foi um claro caso de uma empresa com muito interesse em ver a atividade de plataformas n\u00e3o passar por qualquer regula\u00e7\u00e3o que ameace seus lucros atuar para direcionar a opini\u00e3o popular\u201d, diz. Para ele, a a\u00e7\u00e3o das grandes corpora\u00e7\u00f5es nas m\u00eddias sociais tem impactos profundos na opini\u00e3o p\u00fablica.<\/p>\n\n\n\n<h2 class=\"wp-block-heading\"><strong>Desinforma\u00e7\u00e3o e a falta de regula\u00e7\u00e3o<\/strong><\/h2>\n\n\n\n<p>Andrade e Giannini concordam sobre os perigos da desinforma\u00e7\u00e3o nas m\u00eddias sociais. A professora alerta que a falta de regula\u00e7\u00e3o permite o crescimento de conte\u00fados falsos, que se espalham com facilidade. \u201cN\u00e3o se trata de censura, mas de uma regula\u00e7\u00e3o que proteja o p\u00fablico de desinforma\u00e7\u00e3o e da manipula\u00e7\u00e3o digital\u201d, afirma Luciana Andrade .<\/p>\n\n\n\n<p>Giannini, em sua an\u00e1lise, tamb\u00e9m critica o comportamento coletivo de compartilhar conte\u00fados sem verificar a veracidade das informa\u00e7\u00f5es. \u201cA gente rola a timeline da plataforma e v\u00ea uma coisa que se alinha com a nossa forma de pensar. A gente imediatamente compartilha sem olhar mais aprofundadamente de onde veio a informa\u00e7\u00e3o, n\u00e3o se preocupa em saber quem fez aquilo e nem quais os interesses por tr\u00e1s daquilo. A gente apenas compartilha. Assim, a desinforma\u00e7\u00e3o circula como fogo em mato seco\u201d, diz Giannini.<\/p>\n\n\n\n<p>Tanto Andrade quanto Giannini tamb\u00e9m destacam o impacto psicol\u00f3gico que o consumo excessivo de conte\u00fado nas m\u00eddias sociais pode causar, especialmente em rela\u00e7\u00e3o \u00e0 viol\u00eancia digital. Andrade lembra que a exposi\u00e7\u00e3o a conte\u00fados violentos tem se tornado uma realidade para muitas pessoas, com impactos negativos na percep\u00e7\u00e3o da realidade. \u201cHoje, com o celular na m\u00e3o, qualquer pessoa tem acesso a cenas de crimes e trag\u00e9dias em tempo real. Isso modifica a maneira como as pessoas percebem a realidade, criando uma conex\u00e3o direta com a viol\u00eancia\u201d, diz ela.<\/p>\n\n\n\n<p>Giannini complementa, ressaltando os impactos na sa\u00fade mental, especialmente em adolescentes, devido \u00e0 superexposi\u00e7\u00e3o nas plataformas. \u201cA exposi\u00e7\u00e3o prolongada a telas, especialmente o consumo de informa\u00e7\u00e3o em plataformas sociais, gera impactos negativos na sa\u00fade mental dos usu\u00e1rios, como ansiedade, depress\u00e3o e baixa autoestima\u201d, afirma.&nbsp;<\/p>\n\n\n\n<p>Lan\u00e7ada neste ano pela Netflix, a miniss\u00e9rie de drama brit\u00e2nica \u201cAdolesc\u00eancia\u201ddestaca como as redes sociais podem ser um terreno f\u00e9rtil para a dissemina\u00e7\u00e3o de desinforma\u00e7\u00e3o. Na trama o jovem Jamie Miller, de 13 anos&nbsp; \u00e9 acusado de matar a sua colega de escola, Katie Leonard. A s\u00e9rie explora a complexidade da fase adolescente, onde a busca por identidade e pertencimento muitas vezes se mistura com a press\u00e3o de manter uma imagem idealizada nas redes sociais, levando a consequ\u00eancias dram\u00e1ticas, como a amplifica\u00e7\u00e3o de rumores e informa\u00e7\u00f5es distorcidas.&#8221;<\/p>\n\n\n\n<h3 class=\"wp-block-heading\"><strong>O Futuro das Redes Sociais no Brasil: Preocupa\u00e7\u00f5es e Tend\u00eancias<\/strong><\/h3>\n\n\n\n<p>Sobre o futuro das plataformas sociais no Brasil, Giannini \u00e9 pessimista, especialmente em rela\u00e7\u00e3o ao controle das grandes corpora\u00e7\u00f5es sobre os dados e as informa\u00e7\u00f5es. Ele observa: \u201cA elei\u00e7\u00e3o de Donald Trump evidenciou que quando um bilion\u00e1rio, como o dono do Twitter, atua, pode influenciar muito mais do que os seus neg\u00f3cios e resultados. Isso deixou outros bilion\u00e1rios mais animados; o que nunca \u00e9 bom.\u201d Ele tamb\u00e9m alerta para as mudan\u00e7as nas pol\u00edticas de modera\u00e7\u00e3o de conte\u00fado, como as feitas pela Meta, que podem agravar a dissemina\u00e7\u00e3o de desinforma\u00e7\u00e3o.<\/p>\n\n\n\n<p>Andrade, por outro lado, acredita que as redes sociais continuar\u00e3o a ser um reflexo da sociedade brasileira, ampliando tanto suas virtudes quanto seus v\u00edcios. Ela observa que a regula\u00e7\u00e3o das plataformas \u00e9 necess\u00e1ria para garantir que as din\u00e2micas digitais n\u00e3o sejam prejudiciais para a sociedade como um todo.<\/p>\n\n\n\n<pre class=\"wp-block-preformatted\">Reportagem de Jo\u00e3o Pedro Guido e <a href=\"https:\/\/blogfca.pucminas.br\/colab\/author\/rayssa\/\" target=\"_blank\" rel=\"noreferrer noopener\">Rayssa Moura<\/a>.<\/pre>\n\n\n\n<hr class=\"wp-block-separator has-alpha-channel-opacity\"\/>\n\n\n\n<h2 class=\"wp-block-heading has-text-align-center\">Leia tamb\u00e9m: <a href=\"https:\/\/blogfca.pucminas.br\/colab\/midias-sociais-e-arte\/?amp=1\" target=\"_blank\" rel=\"noreferrer noopener\">Arte mediada por telas: m\u00eddias sociais impactam a experi\u00eancia em museus?<\/a><\/h2>\n\n\n\n<hr class=\"wp-block-separator has-alpha-channel-opacity\"\/>\n","protected":false},"excerpt":{"rendered":"<p>P\u00fablico brasileiro tem criado um fen\u00f4meno de imers\u00e3o e influ\u00eancia global<\/p>\n","protected":false},"author":7,"featured_media":21589,"comment_status":"open","ping_status":"open","sticky":false,"template":"","format":"standard","meta":{"_eb_attr":"","ngg_post_thumbnail":0,"footnotes":""},"categories":[22],"tags":[2456,2458,2457],"class_list":["post-21481","post","type-post","status-publish","format-standard","has-post-thumbnail","hentry","category-cultura","tag-cultura-digital","tag-engajamento","tag-midias-digitais"],"yoast_head":"<!-- This site is optimized with the Yoast SEO plugin v27.5 - https:\/\/yoast.com\/product\/yoast-seo-wordpress\/ -->\n<title>Brasil digital: o pa\u00eds do engajamento nas m\u00eddias sociais - Colab<\/title>\n<meta name=\"description\" content=\"P\u00fablico brasileiro tem criado um fen\u00f4meno de imers\u00e3o e influ\u00eancia global por meio de seu engajamento nas m\u00eddias sociais\" \/>\n<meta name=\"robots\" content=\"index, follow, max-snippet:-1, max-image-preview:large, max-video-preview:-1\" \/>\n<link rel=\"canonical\" href=\"https:\/\/blogfca.pucminas.br\/colab\/brasil-digital-o-pais-do-engajamento-nas-midias-sociais\/\" \/>\n<meta property=\"og:locale\" content=\"pt_BR\" \/>\n<meta property=\"og:type\" content=\"article\" \/>\n<meta property=\"og:title\" content=\"Brasil digital: o pa\u00eds do engajamento nas m\u00eddias sociais - Colab\" \/>\n<meta property=\"og:description\" content=\"P\u00fablico brasileiro tem criado um fen\u00f4meno de imers\u00e3o e influ\u00eancia global por meio de seu engajamento nas m\u00eddias sociais\" \/>\n<meta property=\"og:url\" content=\"https:\/\/blogfca.pucminas.br\/colab\/brasil-digital-o-pais-do-engajamento-nas-midias-sociais\/\" \/>\n<meta property=\"og:site_name\" content=\"Colab\" \/>\n<meta property=\"article:publisher\" content=\"https:\/\/www.facebook.com\/colabpucminas\" \/>\n<meta property=\"article:author\" content=\"https:\/\/www.facebook.com\/colabpucminas\" \/>\n<meta property=\"article:published_time\" content=\"2025-04-09T17:29:46+00:00\" \/>\n<meta property=\"article:modified_time\" content=\"2025-05-12T12:11:21+00:00\" \/>\n<meta property=\"og:image\" content=\"https:\/\/blogfca.pucminas.br\/colab\/wp-content\/uploads\/2025\/04\/social_media_celular.webp\" \/>\n\t<meta property=\"og:image:width\" content=\"1920\" \/>\n\t<meta property=\"og:image:height\" content=\"1078\" \/>\n\t<meta property=\"og:image:type\" content=\"image\/jpeg\" \/>\n<meta name=\"author\" content=\"Colab PUC Minas\" \/>\n<meta name=\"twitter:card\" content=\"summary_large_image\" \/>\n<meta name=\"twitter:creator\" content=\"@https:\/\/twitter.com\/colabpucminas\" \/>\n<meta name=\"twitter:site\" content=\"@colabpucminas\" \/>\n<meta name=\"twitter:label1\" content=\"Escrito por\" \/>\n\t<meta name=\"twitter:data1\" content=\"Colab PUC Minas\" \/>\n\t<meta name=\"twitter:label2\" content=\"Est. tempo de leitura\" \/>\n\t<meta name=\"twitter:data2\" content=\"13 minutos\" \/>\n<script type=\"application\/ld+json\" class=\"yoast-schema-graph\">{\"@context\":\"https:\\\/\\\/schema.org\",\"@graph\":[{\"@type\":\"Article\",\"@id\":\"https:\\\/\\\/blogfca.pucminas.br\\\/colab\\\/brasil-digital-o-pais-do-engajamento-nas-midias-sociais\\\/#article\",\"isPartOf\":{\"@id\":\"https:\\\/\\\/blogfca.pucminas.br\\\/colab\\\/brasil-digital-o-pais-do-engajamento-nas-midias-sociais\\\/\"},\"author\":{\"name\":\"Colab PUC Minas\",\"@id\":\"https:\\\/\\\/blogfca.pucminas.br\\\/colab\\\/#\\\/schema\\\/person\\\/1558d8148a80ebc84231cd55495bd7a4\"},\"headline\":\"Brasil digital: o pa\u00eds do engajamento nas m\u00eddias sociais\",\"datePublished\":\"2025-04-09T17:29:46+00:00\",\"dateModified\":\"2025-05-12T12:11:21+00:00\",\"mainEntityOfPage\":{\"@id\":\"https:\\\/\\\/blogfca.pucminas.br\\\/colab\\\/brasil-digital-o-pais-do-engajamento-nas-midias-sociais\\\/\"},\"wordCount\":2270,\"commentCount\":0,\"publisher\":{\"@id\":\"https:\\\/\\\/blogfca.pucminas.br\\\/colab\\\/#organization\"},\"image\":{\"@id\":\"https:\\\/\\\/blogfca.pucminas.br\\\/colab\\\/brasil-digital-o-pais-do-engajamento-nas-midias-sociais\\\/#primaryimage\"},\"thumbnailUrl\":\"https:\\\/\\\/blogfca.pucminas.br\\\/colab\\\/wp-content\\\/uploads\\\/2025\\\/04\\\/social_media_celular.webp\",\"keywords\":[\"cultura digital\",\"engajamento\",\"m\u00eddias digitais\"],\"articleSection\":[\"Cultura\"],\"inLanguage\":\"pt-BR\",\"potentialAction\":[{\"@type\":\"CommentAction\",\"name\":\"Comment\",\"target\":[\"https:\\\/\\\/blogfca.pucminas.br\\\/colab\\\/brasil-digital-o-pais-do-engajamento-nas-midias-sociais\\\/#respond\"]}]},{\"@type\":\"WebPage\",\"@id\":\"https:\\\/\\\/blogfca.pucminas.br\\\/colab\\\/brasil-digital-o-pais-do-engajamento-nas-midias-sociais\\\/\",\"url\":\"https:\\\/\\\/blogfca.pucminas.br\\\/colab\\\/brasil-digital-o-pais-do-engajamento-nas-midias-sociais\\\/\",\"name\":\"Brasil digital: o pa\u00eds do engajamento nas m\u00eddias sociais - Colab\",\"isPartOf\":{\"@id\":\"https:\\\/\\\/blogfca.pucminas.br\\\/colab\\\/#website\"},\"primaryImageOfPage\":{\"@id\":\"https:\\\/\\\/blogfca.pucminas.br\\\/colab\\\/brasil-digital-o-pais-do-engajamento-nas-midias-sociais\\\/#primaryimage\"},\"image\":{\"@id\":\"https:\\\/\\\/blogfca.pucminas.br\\\/colab\\\/brasil-digital-o-pais-do-engajamento-nas-midias-sociais\\\/#primaryimage\"},\"thumbnailUrl\":\"https:\\\/\\\/blogfca.pucminas.br\\\/colab\\\/wp-content\\\/uploads\\\/2025\\\/04\\\/social_media_celular.webp\",\"datePublished\":\"2025-04-09T17:29:46+00:00\",\"dateModified\":\"2025-05-12T12:11:21+00:00\",\"description\":\"P\u00fablico brasileiro tem criado um fen\u00f4meno de imers\u00e3o e influ\u00eancia global por meio de seu engajamento nas m\u00eddias sociais\",\"breadcrumb\":{\"@id\":\"https:\\\/\\\/blogfca.pucminas.br\\\/colab\\\/brasil-digital-o-pais-do-engajamento-nas-midias-sociais\\\/#breadcrumb\"},\"inLanguage\":\"pt-BR\",\"potentialAction\":[{\"@type\":\"ReadAction\",\"target\":[\"https:\\\/\\\/blogfca.pucminas.br\\\/colab\\\/brasil-digital-o-pais-do-engajamento-nas-midias-sociais\\\/\"]}]},{\"@type\":\"ImageObject\",\"inLanguage\":\"pt-BR\",\"@id\":\"https:\\\/\\\/blogfca.pucminas.br\\\/colab\\\/brasil-digital-o-pais-do-engajamento-nas-midias-sociais\\\/#primaryimage\",\"url\":\"https:\\\/\\\/blogfca.pucminas.br\\\/colab\\\/wp-content\\\/uploads\\\/2025\\\/04\\\/social_media_celular.webp\",\"contentUrl\":\"https:\\\/\\\/blogfca.pucminas.br\\\/colab\\\/wp-content\\\/uploads\\\/2025\\\/04\\\/social_media_celular.webp\",\"width\":1920,\"height\":1078,\"caption\":\"Foto de dole777 \\\/ via Unsplash\"},{\"@type\":\"BreadcrumbList\",\"@id\":\"https:\\\/\\\/blogfca.pucminas.br\\\/colab\\\/brasil-digital-o-pais-do-engajamento-nas-midias-sociais\\\/#breadcrumb\",\"itemListElement\":[{\"@type\":\"ListItem\",\"position\":1,\"name\":\"In\u00edcio\",\"item\":\"https:\\\/\\\/blogfca.pucminas.br\\\/colab\\\/\"},{\"@type\":\"ListItem\",\"position\":2,\"name\":\"Brasil digital: o pa\u00eds do engajamento nas m\u00eddias sociais\"}]},{\"@type\":\"WebSite\",\"@id\":\"https:\\\/\\\/blogfca.pucminas.br\\\/colab\\\/#website\",\"url\":\"https:\\\/\\\/blogfca.pucminas.br\\\/colab\\\/\",\"name\":\"Colab\",\"description\":\"Experimenta\u00e7\u00e3o, conte\u00fado e colabora\u00e7\u00e3o em Jornalismo Digital\",\"publisher\":{\"@id\":\"https:\\\/\\\/blogfca.pucminas.br\\\/colab\\\/#organization\"},\"potentialAction\":[{\"@type\":\"SearchAction\",\"target\":{\"@type\":\"EntryPoint\",\"urlTemplate\":\"https:\\\/\\\/blogfca.pucminas.br\\\/colab\\\/?s={search_term_string}\"},\"query-input\":{\"@type\":\"PropertyValueSpecification\",\"valueRequired\":true,\"valueName\":\"search_term_string\"}}],\"inLanguage\":\"pt-BR\"},{\"@type\":\"Organization\",\"@id\":\"https:\\\/\\\/blogfca.pucminas.br\\\/colab\\\/#organization\",\"name\":\"Colab :: Laborat\u00f3rio de Comunica\u00e7\u00e3o Digital da FCA \\\/ PUC Minas\",\"url\":\"https:\\\/\\\/blogfca.pucminas.br\\\/colab\\\/\",\"logo\":{\"@type\":\"ImageObject\",\"inLanguage\":\"pt-BR\",\"@id\":\"https:\\\/\\\/blogfca.pucminas.br\\\/colab\\\/#\\\/schema\\\/logo\\\/image\\\/\",\"url\":\"https:\\\/\\\/blogfca.pucminas.br\\\/colab\\\/wp-content\\\/uploads\\\/2020\\\/03\\\/Avatar-Colab.jpg\",\"contentUrl\":\"https:\\\/\\\/blogfca.pucminas.br\\\/colab\\\/wp-content\\\/uploads\\\/2020\\\/03\\\/Avatar-Colab.jpg\",\"width\":1682,\"height\":1682,\"caption\":\"Colab :: Laborat\u00f3rio de Comunica\u00e7\u00e3o Digital da FCA \\\/ PUC Minas\"},\"image\":{\"@id\":\"https:\\\/\\\/blogfca.pucminas.br\\\/colab\\\/#\\\/schema\\\/logo\\\/image\\\/\"},\"sameAs\":[\"https:\\\/\\\/www.facebook.com\\\/colabpucminas\",\"https:\\\/\\\/x.com\\\/colabpucminas\",\"https:\\\/\\\/www.instagram.com\\\/colabpucminas\\\/\",\"https:\\\/\\\/www.linkedin.com\\\/company\\\/colab-puc-minas\",\"https:\\\/\\\/www.youtube.com\\\/channel\\\/UC14mKIqnnGCOgVr4DG6FPkA\"]},{\"@type\":\"Person\",\"@id\":\"https:\\\/\\\/blogfca.pucminas.br\\\/colab\\\/#\\\/schema\\\/person\\\/1558d8148a80ebc84231cd55495bd7a4\",\"name\":\"Colab PUC Minas\",\"image\":{\"@type\":\"ImageObject\",\"inLanguage\":\"pt-BR\",\"@id\":\"https:\\\/\\\/secure.gravatar.com\\\/avatar\\\/8e2ad0447c23d0e32e8541cfe4edfc398613871a2d36fd66bd308611ccd7d23a?s=96&d=mm&r=g\",\"url\":\"https:\\\/\\\/secure.gravatar.com\\\/avatar\\\/8e2ad0447c23d0e32e8541cfe4edfc398613871a2d36fd66bd308611ccd7d23a?s=96&d=mm&r=g\",\"contentUrl\":\"https:\\\/\\\/secure.gravatar.com\\\/avatar\\\/8e2ad0447c23d0e32e8541cfe4edfc398613871a2d36fd66bd308611ccd7d23a?s=96&d=mm&r=g\",\"caption\":\"Colab PUC Minas\"},\"description\":\"Colab \u00e9 o Laborat\u00f3rio de Comunica\u00e7\u00e3o Digital da FCA \\\/ PUC Minas. Os textos publicados neste perfil s\u00e3o de autoria coletiva ou de convidados externos.\",\"sameAs\":[\"https:\\\/\\\/blogfca.pucminas.br\\\/colab\\\/\",\"https:\\\/\\\/www.facebook.com\\\/colabpucminas\",\"https:\\\/\\\/www.instagram.com\\\/colabpucminas\\\/\",\"https:\\\/\\\/x.com\\\/https:\\\/\\\/twitter.com\\\/colabpucminas\",\"https:\\\/\\\/www.youtube.com\\\/channel\\\/UC14mKIqnnGCOgVr4DG6FPkA\"],\"url\":\"https:\\\/\\\/blogfca.pucminas.br\\\/colab\\\/author\\\/colab\\\/\"}]}<\/script>\n<!-- \/ Yoast SEO plugin. -->","yoast_head_json":{"title":"Brasil digital: o pa\u00eds do engajamento nas m\u00eddias sociais - Colab","description":"P\u00fablico brasileiro tem criado um fen\u00f4meno de imers\u00e3o e influ\u00eancia global por meio de seu engajamento nas m\u00eddias sociais","robots":{"index":"index","follow":"follow","max-snippet":"max-snippet:-1","max-image-preview":"max-image-preview:large","max-video-preview":"max-video-preview:-1"},"canonical":"https:\/\/blogfca.pucminas.br\/colab\/brasil-digital-o-pais-do-engajamento-nas-midias-sociais\/","og_locale":"pt_BR","og_type":"article","og_title":"Brasil digital: o pa\u00eds do engajamento nas m\u00eddias sociais - Colab","og_description":"P\u00fablico brasileiro tem criado um fen\u00f4meno de imers\u00e3o e influ\u00eancia global por meio de seu engajamento nas m\u00eddias sociais","og_url":"https:\/\/blogfca.pucminas.br\/colab\/brasil-digital-o-pais-do-engajamento-nas-midias-sociais\/","og_site_name":"Colab","article_publisher":"https:\/\/www.facebook.com\/colabpucminas","article_author":"https:\/\/www.facebook.com\/colabpucminas","article_published_time":"2025-04-09T17:29:46+00:00","article_modified_time":"2025-05-12T12:11:21+00:00","og_image":[{"width":1920,"height":1078,"url":"https:\/\/blogfca.pucminas.br\/colab\/wp-content\/uploads\/2025\/04\/social_media_celular.webp","type":"image\/jpeg"}],"author":"Colab PUC Minas","twitter_card":"summary_large_image","twitter_creator":"@https:\/\/twitter.com\/colabpucminas","twitter_site":"@colabpucminas","twitter_misc":{"Escrito por":"Colab PUC Minas","Est. tempo de leitura":"13 minutos"},"schema":{"@context":"https:\/\/schema.org","@graph":[{"@type":"Article","@id":"https:\/\/blogfca.pucminas.br\/colab\/brasil-digital-o-pais-do-engajamento-nas-midias-sociais\/#article","isPartOf":{"@id":"https:\/\/blogfca.pucminas.br\/colab\/brasil-digital-o-pais-do-engajamento-nas-midias-sociais\/"},"author":{"name":"Colab PUC Minas","@id":"https:\/\/blogfca.pucminas.br\/colab\/#\/schema\/person\/1558d8148a80ebc84231cd55495bd7a4"},"headline":"Brasil digital: o pa\u00eds do engajamento nas m\u00eddias sociais","datePublished":"2025-04-09T17:29:46+00:00","dateModified":"2025-05-12T12:11:21+00:00","mainEntityOfPage":{"@id":"https:\/\/blogfca.pucminas.br\/colab\/brasil-digital-o-pais-do-engajamento-nas-midias-sociais\/"},"wordCount":2270,"commentCount":0,"publisher":{"@id":"https:\/\/blogfca.pucminas.br\/colab\/#organization"},"image":{"@id":"https:\/\/blogfca.pucminas.br\/colab\/brasil-digital-o-pais-do-engajamento-nas-midias-sociais\/#primaryimage"},"thumbnailUrl":"https:\/\/blogfca.pucminas.br\/colab\/wp-content\/uploads\/2025\/04\/social_media_celular.webp","keywords":["cultura digital","engajamento","m\u00eddias digitais"],"articleSection":["Cultura"],"inLanguage":"pt-BR","potentialAction":[{"@type":"CommentAction","name":"Comment","target":["https:\/\/blogfca.pucminas.br\/colab\/brasil-digital-o-pais-do-engajamento-nas-midias-sociais\/#respond"]}]},{"@type":"WebPage","@id":"https:\/\/blogfca.pucminas.br\/colab\/brasil-digital-o-pais-do-engajamento-nas-midias-sociais\/","url":"https:\/\/blogfca.pucminas.br\/colab\/brasil-digital-o-pais-do-engajamento-nas-midias-sociais\/","name":"Brasil digital: o pa\u00eds do engajamento nas m\u00eddias sociais - Colab","isPartOf":{"@id":"https:\/\/blogfca.pucminas.br\/colab\/#website"},"primaryImageOfPage":{"@id":"https:\/\/blogfca.pucminas.br\/colab\/brasil-digital-o-pais-do-engajamento-nas-midias-sociais\/#primaryimage"},"image":{"@id":"https:\/\/blogfca.pucminas.br\/colab\/brasil-digital-o-pais-do-engajamento-nas-midias-sociais\/#primaryimage"},"thumbnailUrl":"https:\/\/blogfca.pucminas.br\/colab\/wp-content\/uploads\/2025\/04\/social_media_celular.webp","datePublished":"2025-04-09T17:29:46+00:00","dateModified":"2025-05-12T12:11:21+00:00","description":"P\u00fablico brasileiro tem criado um fen\u00f4meno de imers\u00e3o e influ\u00eancia global por meio de seu engajamento nas m\u00eddias sociais","breadcrumb":{"@id":"https:\/\/blogfca.pucminas.br\/colab\/brasil-digital-o-pais-do-engajamento-nas-midias-sociais\/#breadcrumb"},"inLanguage":"pt-BR","potentialAction":[{"@type":"ReadAction","target":["https:\/\/blogfca.pucminas.br\/colab\/brasil-digital-o-pais-do-engajamento-nas-midias-sociais\/"]}]},{"@type":"ImageObject","inLanguage":"pt-BR","@id":"https:\/\/blogfca.pucminas.br\/colab\/brasil-digital-o-pais-do-engajamento-nas-midias-sociais\/#primaryimage","url":"https:\/\/blogfca.pucminas.br\/colab\/wp-content\/uploads\/2025\/04\/social_media_celular.webp","contentUrl":"https:\/\/blogfca.pucminas.br\/colab\/wp-content\/uploads\/2025\/04\/social_media_celular.webp","width":1920,"height":1078,"caption":"Foto de dole777 \/ via Unsplash"},{"@type":"BreadcrumbList","@id":"https:\/\/blogfca.pucminas.br\/colab\/brasil-digital-o-pais-do-engajamento-nas-midias-sociais\/#breadcrumb","itemListElement":[{"@type":"ListItem","position":1,"name":"In\u00edcio","item":"https:\/\/blogfca.pucminas.br\/colab\/"},{"@type":"ListItem","position":2,"name":"Brasil digital: o pa\u00eds do engajamento nas m\u00eddias sociais"}]},{"@type":"WebSite","@id":"https:\/\/blogfca.pucminas.br\/colab\/#website","url":"https:\/\/blogfca.pucminas.br\/colab\/","name":"Colab","description":"Experimenta\u00e7\u00e3o, conte\u00fado e colabora\u00e7\u00e3o em Jornalismo Digital","publisher":{"@id":"https:\/\/blogfca.pucminas.br\/colab\/#organization"},"potentialAction":[{"@type":"SearchAction","target":{"@type":"EntryPoint","urlTemplate":"https:\/\/blogfca.pucminas.br\/colab\/?s={search_term_string}"},"query-input":{"@type":"PropertyValueSpecification","valueRequired":true,"valueName":"search_term_string"}}],"inLanguage":"pt-BR"},{"@type":"Organization","@id":"https:\/\/blogfca.pucminas.br\/colab\/#organization","name":"Colab :: Laborat\u00f3rio de Comunica\u00e7\u00e3o Digital da FCA \/ PUC Minas","url":"https:\/\/blogfca.pucminas.br\/colab\/","logo":{"@type":"ImageObject","inLanguage":"pt-BR","@id":"https:\/\/blogfca.pucminas.br\/colab\/#\/schema\/logo\/image\/","url":"https:\/\/blogfca.pucminas.br\/colab\/wp-content\/uploads\/2020\/03\/Avatar-Colab.jpg","contentUrl":"https:\/\/blogfca.pucminas.br\/colab\/wp-content\/uploads\/2020\/03\/Avatar-Colab.jpg","width":1682,"height":1682,"caption":"Colab :: Laborat\u00f3rio de Comunica\u00e7\u00e3o Digital da FCA \/ PUC Minas"},"image":{"@id":"https:\/\/blogfca.pucminas.br\/colab\/#\/schema\/logo\/image\/"},"sameAs":["https:\/\/www.facebook.com\/colabpucminas","https:\/\/x.com\/colabpucminas","https:\/\/www.instagram.com\/colabpucminas\/","https:\/\/www.linkedin.com\/company\/colab-puc-minas","https:\/\/www.youtube.com\/channel\/UC14mKIqnnGCOgVr4DG6FPkA"]},{"@type":"Person","@id":"https:\/\/blogfca.pucminas.br\/colab\/#\/schema\/person\/1558d8148a80ebc84231cd55495bd7a4","name":"Colab PUC Minas","image":{"@type":"ImageObject","inLanguage":"pt-BR","@id":"https:\/\/secure.gravatar.com\/avatar\/8e2ad0447c23d0e32e8541cfe4edfc398613871a2d36fd66bd308611ccd7d23a?s=96&d=mm&r=g","url":"https:\/\/secure.gravatar.com\/avatar\/8e2ad0447c23d0e32e8541cfe4edfc398613871a2d36fd66bd308611ccd7d23a?s=96&d=mm&r=g","contentUrl":"https:\/\/secure.gravatar.com\/avatar\/8e2ad0447c23d0e32e8541cfe4edfc398613871a2d36fd66bd308611ccd7d23a?s=96&d=mm&r=g","caption":"Colab PUC Minas"},"description":"Colab \u00e9 o Laborat\u00f3rio de Comunica\u00e7\u00e3o Digital da FCA \/ PUC Minas. Os textos publicados neste perfil s\u00e3o de autoria coletiva ou de convidados externos.","sameAs":["https:\/\/blogfca.pucminas.br\/colab\/","https:\/\/www.facebook.com\/colabpucminas","https:\/\/www.instagram.com\/colabpucminas\/","https:\/\/x.com\/https:\/\/twitter.com\/colabpucminas","https:\/\/www.youtube.com\/channel\/UC14mKIqnnGCOgVr4DG6FPkA"],"url":"https:\/\/blogfca.pucminas.br\/colab\/author\/colab\/"}]}},"amp_enabled":true,"_links":{"self":[{"href":"https:\/\/blogfca.pucminas.br\/colab\/wp-json\/wp\/v2\/posts\/21481","targetHints":{"allow":["GET"]}}],"collection":[{"href":"https:\/\/blogfca.pucminas.br\/colab\/wp-json\/wp\/v2\/posts"}],"about":[{"href":"https:\/\/blogfca.pucminas.br\/colab\/wp-json\/wp\/v2\/types\/post"}],"author":[{"embeddable":true,"href":"https:\/\/blogfca.pucminas.br\/colab\/wp-json\/wp\/v2\/users\/7"}],"replies":[{"embeddable":true,"href":"https:\/\/blogfca.pucminas.br\/colab\/wp-json\/wp\/v2\/comments?post=21481"}],"version-history":[{"count":9,"href":"https:\/\/blogfca.pucminas.br\/colab\/wp-json\/wp\/v2\/posts\/21481\/revisions"}],"predecessor-version":[{"id":21926,"href":"https:\/\/blogfca.pucminas.br\/colab\/wp-json\/wp\/v2\/posts\/21481\/revisions\/21926"}],"wp:featuredmedia":[{"embeddable":true,"href":"https:\/\/blogfca.pucminas.br\/colab\/wp-json\/wp\/v2\/media\/21589"}],"wp:attachment":[{"href":"https:\/\/blogfca.pucminas.br\/colab\/wp-json\/wp\/v2\/media?parent=21481"}],"wp:term":[{"taxonomy":"category","embeddable":true,"href":"https:\/\/blogfca.pucminas.br\/colab\/wp-json\/wp\/v2\/categories?post=21481"},{"taxonomy":"post_tag","embeddable":true,"href":"https:\/\/blogfca.pucminas.br\/colab\/wp-json\/wp\/v2\/tags?post=21481"}],"curies":[{"name":"wp","href":"https:\/\/api.w.org\/{rel}","templated":true}]}}