{"id":17571,"date":"2024-09-02T14:22:31","date_gmt":"2024-09-02T17:22:31","guid":{"rendered":"https:\/\/blogfca.pucminas.br\/colab\/?p=17571"},"modified":"2024-09-02T14:22:36","modified_gmt":"2024-09-02T17:22:36","slug":"vinil-ganha-destaque-na-era-digital","status":"publish","type":"post","link":"https:\/\/blogfca.pucminas.br\/colab\/vinil-ganha-destaque-na-era-digital\/","title":{"rendered":"Vinil ganha novo f\u00f4lego na era digital"},"content":{"rendered":"\n<p class=\"has-text-align-left\">Em tempos de <a href=\"https:\/\/blogfca.pucminas.br\/colab\/tiktok-e-a-industria-musical\/\" target=\"_blank\" rel=\"noreferrer noopener\">TikTok e m\u00fasicas curtas feitas para viralizar<\/a>, o vinil segue sendo visto pelos entusiastas como uma <strong>obra de arte completa, que vai al\u00e9m da m\u00fasica<\/strong>. Os \u00e1lbuns e as embalagens, com suas capas cheias de informa\u00e7\u00e3o, tornaram-se, ao longo dos anos, meios de express\u00e3o art\u00edstica, refletindo quest\u00f5es sociais, pol\u00edticas e culturais de suas \u00e9pocas. Para quem curte, os \u00e1lbuns s\u00e3o tamb\u00e9m preciosos objetos de colecionar.<\/p>\n\n\n\n<p class=\"has-text-align-left\">Adriano Ribeiro, comerciante e colecionador, destaca que capas e encartes comp\u00f5em a obra: &#8220;S\u00e3o verdadeiras obras de arte. Sempre existiu um enorme cuidado por parte de gravadoras e m\u00fasicos em rela\u00e7\u00e3o \u00e0 qualidade das capas. Muitas delas s\u00e3o pe\u00e7as ic\u00f4nicas da cultura pop\u201d. Para ele, o vinil preservou e ainda carrega a hist\u00f3ria da m\u00fasica. O ponto \u00e9 refor\u00e7ado por Rildo C\u00e9sar, historiador e pesquisador, que utiliza de exemplos de \u00e1lbuns ic\u00f4nicos brasileiros para explicar o fen\u00f4meno: &#8220;O vinil est\u00e1 presente, por exemplo, tanto na <em>Tropic\u00e1lia<\/em>, quanto no <em>Clube da Esquina<\/em>, com capas que contam a hist\u00f3ria da \u00e9poca em que foram lan\u00e7adas&#8221;, evidenciando a import\u00e2ncia do vinil como suporte para a arte e para a narrativa cultural.<\/p>\n\n\n\n<figure class=\"wp-block-gallery has-nested-images columns-default is-cropped wp-block-gallery-1 is-layout-flex wp-block-gallery-is-layout-flex\">\n<figure class=\"wp-block-image size-full\"><img loading=\"lazy\" decoding=\"async\" width=\"768\" height=\"768\" sizes=\"auto, (max-width: 768px) 100vw, 768px\" data-id=\"17577\" src=\"https:\/\/blogfca.pucminas.br\/colab\/wp-content\/uploads\/2024\/08\/Clube-da-Esquina-1.jpg\" alt=\"\" class=\"wp-image-17577\" srcset=\"https:\/\/blogfca.pucminas.br\/colab\/wp-content\/uploads\/2024\/08\/Clube-da-Esquina-1.jpg 768w, https:\/\/blogfca.pucminas.br\/colab\/wp-content\/uploads\/2024\/08\/Clube-da-Esquina-1-300x300.jpg 300w, https:\/\/blogfca.pucminas.br\/colab\/wp-content\/uploads\/2024\/08\/Clube-da-Esquina-1-150x150.jpg 150w, https:\/\/blogfca.pucminas.br\/colab\/wp-content\/uploads\/2024\/08\/Clube-da-Esquina-1-370x370.jpg 370w, https:\/\/blogfca.pucminas.br\/colab\/wp-content\/uploads\/2024\/08\/Clube-da-Esquina-1-270x270.jpg 270w, https:\/\/blogfca.pucminas.br\/colab\/wp-content\/uploads\/2024\/08\/Clube-da-Esquina-1-570x570.jpg 570w, https:\/\/blogfca.pucminas.br\/colab\/wp-content\/uploads\/2024\/08\/Clube-da-Esquina-1-740x740.jpg 740w, https:\/\/blogfca.pucminas.br\/colab\/wp-content\/uploads\/2024\/08\/Clube-da-Esquina-1-96x96.jpg 96w\" \/><figcaption class=\"wp-element-caption\">Capa ic\u00f4nica do &#8220;Clube da Esquina&#8221;, com foto de Carlos Filho, Cafi. \/ Reprodu\u00e7\u00e3o<\/figcaption><\/figure>\n\n\n\n<figure class=\"wp-block-image size-full\"><img loading=\"lazy\" decoding=\"async\" width=\"1188\" height=\"1200\" sizes=\"auto, (max-width: 1188px) 100vw, 1188px\" data-id=\"17578\" src=\"https:\/\/blogfca.pucminas.br\/colab\/wp-content\/uploads\/2024\/08\/Tropicalia-foto.webp\" alt=\"\" class=\"wp-image-17578\" srcset=\"https:\/\/blogfca.pucminas.br\/colab\/wp-content\/uploads\/2024\/08\/Tropicalia-foto.webp 1188w, https:\/\/blogfca.pucminas.br\/colab\/wp-content\/uploads\/2024\/08\/Tropicalia-foto-297x300.webp 297w, https:\/\/blogfca.pucminas.br\/colab\/wp-content\/uploads\/2024\/08\/Tropicalia-foto-1014x1024.webp 1014w, https:\/\/blogfca.pucminas.br\/colab\/wp-content\/uploads\/2024\/08\/Tropicalia-foto-768x776.webp 768w, https:\/\/blogfca.pucminas.br\/colab\/wp-content\/uploads\/2024\/08\/Tropicalia-foto-370x374.webp 370w, https:\/\/blogfca.pucminas.br\/colab\/wp-content\/uploads\/2024\/08\/Tropicalia-foto-270x273.webp 270w, https:\/\/blogfca.pucminas.br\/colab\/wp-content\/uploads\/2024\/08\/Tropicalia-foto-570x576.webp 570w, https:\/\/blogfca.pucminas.br\/colab\/wp-content\/uploads\/2024\/08\/Tropicalia-foto-740x747.webp 740w, https:\/\/blogfca.pucminas.br\/colab\/wp-content\/uploads\/2024\/08\/Tropicalia-foto-96x96.webp 96w, https:\/\/blogfca.pucminas.br\/colab\/wp-content\/uploads\/2024\/08\/Tropicalia-foto-150x152.webp 150w\" \/><figcaption class=\"wp-element-caption\">Capa do \u00e1lbum &#8220;Tropic\u00e1lia ou Panis et Circencis&#8221;, que tamb\u00e9m marcou \u00e9poca. Reprodu\u00e7\u00e3o<\/figcaption><\/figure>\n<\/figure>\n\n\n\n<pre class=\"wp-block-verse has-gridlove-cat-6-color has-text-color has-background has-link-color wp-elements-1aaacc831d2c0a61c7073c6d1f35b702\" style=\"background-color:#e3cfcf\">Os discos s\u00e3o conhecidos por v\u00e1rios nomes. O termo mais comum \u00e9 <strong>vinil<\/strong>, que remete \u00e0 durabilidade do material do qual \u00e9 feito. Os objetos tamb\u00e9m podem ser chamados de <strong>Long Play (LP)<\/strong>, termo que, normalmente, se refere a discos de 12 polegadas e com maior capacidade de reprodu\u00e7\u00e3o. Al\u00e9m desses, no Brasil, os discos receberam, tamb\u00e9m, o apelido <strong>bolach\u00f5es<\/strong>.<\/pre>\n\n\n\n<h2 class=\"wp-block-heading\">Os LP\u2019s como objeto nost\u00e1lgico e sensorial<\/h2>\n\n\n\n<p>No in\u00edcio da d\u00e9cada de 1950, em um cen\u00e1rio p\u00f3s Segunda Guerra Mundial e in\u00edcio da Guerra Fria, os discos de vinil surgiram e revolucionaram o mundo da m\u00fasica. Por serem resistentes e armazenarem uma quantidade significativa de m\u00fasicas, tornaram-se fundamentais para o desenvolvimento da ind\u00fastria musical. <\/p>\n\n\n\n<p>O historiador e pesquisador Rildo C\u00e9sar destaca os vinis como um produto do sistema capitalista e como uma cria\u00e7\u00e3o necess\u00e1ria, visando a m\u00fasica como algo que se desenvolve e est\u00e1 presente em diversas culturas. &#8220;Especialmente na d\u00e9cada de 1960 em diante, o vinil se popularizou e se tornou o maior produto de venda musical, sendo essencial para a manuten\u00e7\u00e3o das gravadoras e toda a estrutura de produ\u00e7\u00e3o&#8221;, ele complementa.<\/p>\n\n\n\n<p>Com o passar dos anos, o Long Play foi se transformando em um s\u00edmbolo de nostalgia e conex\u00e3o entre gera\u00e7\u00f5es. De acordo com publica\u00e7\u00e3o da <a href=\"https:\/\/agenciabrasil.ebc.com.br\/radioagencia-nacional\/geral\/audio\/2016-08\/historia-hoje-lancamento-do-disco-de-vinil-foi-inovacao#:~:text=No%20Brasil%2C%20o%20disco%20de,%2C%20o%20CD%2C%20em%201984.\" target=\"_blank\" rel=\"noreferrer noopener\">Ag\u00eancia Brasil<\/a>, a queda nas vendas dos LPs come\u00e7ou com o lan\u00e7amento dos CDs, em 1984: &#8220;Para se ter uma ideia, em 1991 foram vendidos 28 milh\u00f5es de discos de vinil, cinco anos depois esse n\u00famero caiu para 1,6 milh\u00e3o e quase zero no ano seguinte\u201d, destaca a publica\u00e7\u00e3o.<\/p>\n\n\n\n<p>O comerciante Alexandre Veloso, propriet\u00e1rio de uma loja de vinis localizada no edif\u00edcio Maletta, em Belo Horizonte, alega observar um aumento consider\u00e1vel da busca de vinis por jovens que n\u00e3o tiveram quase nenhum contato com os discos ao crescer. Adriano Ribeiro complementa o ponto ao afirmar que mais da metade dos clientes de sua loja possuem menos de 35 anos.<\/p>\n\n\n\n<figure class=\"wp-block-image size-full\"><img loading=\"lazy\" decoding=\"async\" width=\"680\" height=\"510\" sizes=\"auto, (max-width: 680px) 100vw, 680px\" src=\"https:\/\/blogfca.pucminas.br\/colab\/wp-content\/uploads\/2024\/08\/Usados-com-arte.jpg\" alt=\"Capas de discos em estantes, presentes na loja Usados com Arte.\" class=\"wp-image-17579\" srcset=\"https:\/\/blogfca.pucminas.br\/colab\/wp-content\/uploads\/2024\/08\/Usados-com-arte.jpg 680w, https:\/\/blogfca.pucminas.br\/colab\/wp-content\/uploads\/2024\/08\/Usados-com-arte-300x225.jpg 300w, https:\/\/blogfca.pucminas.br\/colab\/wp-content\/uploads\/2024\/08\/Usados-com-arte-370x278.jpg 370w, https:\/\/blogfca.pucminas.br\/colab\/wp-content\/uploads\/2024\/08\/Usados-com-arte-270x203.jpg 270w, https:\/\/blogfca.pucminas.br\/colab\/wp-content\/uploads\/2024\/08\/Usados-com-arte-570x428.jpg 570w, https:\/\/blogfca.pucminas.br\/colab\/wp-content\/uploads\/2024\/08\/Usados-com-arte-80x60.jpg 80w, https:\/\/blogfca.pucminas.br\/colab\/wp-content\/uploads\/2024\/08\/Usados-com-arte-150x113.jpg 150w\" \/><figcaption class=\"wp-element-caption\">Usados com Arte &#8211; Edif\u00edcio Maletta<em> <\/em>\/ Cr\u00e9ditos: Alexandre Veloso<\/figcaption><\/figure>\n\n\n\n<p>O amor pelos LP\u2019s foi transmitido atrav\u00e9s de gera\u00e7\u00f5es por muitas fam\u00edlias, formando uma cadeia de aprecia\u00e7\u00e3o. O diretor de filmes e colecionador Leonardo Fonseca relata: \u201cMinha rela\u00e7\u00e3o com a m\u00fasica, com esse formato do vinil, vem desde crian\u00e7a. A minha m\u00e3e escutava muito vinil, minha fam\u00edlia era muito ligada \u00e0 m\u00fasica\u201d.<\/p>\n\n\n\n<p>A volta da popularidade dos vinis n\u00e3o se baseia apenas na nostalgia. Em uma realidade na qual o mercado da m\u00fasica digital det\u00e9m a maior parte das reprodu\u00e7\u00f5es, os discos seguem conquistando ouvintes e admiradores. Um dos motivos desse fator \u00e9 a experi\u00eancia sensorial que envolve os LP\u2019s, como a pr\u00e1tica de manusear o disco, que criam uma conex\u00e3o que vai al\u00e9m de ouvir o artista, relata Leonardo Fonseca.<\/p>\n\n\n<div class=\"wp-block-image\">\n<figure class=\"alignright size-large is-resized\"><img loading=\"lazy\" decoding=\"async\" width=\"1024\" height=\"1024\" sizes=\"auto, (max-width: 1024px) 100vw, 1024px\" src=\"https:\/\/blogfca.pucminas.br\/colab\/wp-content\/uploads\/2024\/08\/WhatsApp-Image-2024-08-26-at-13.28.45-1024x1024.jpeg\" alt=\"Homem sentado em meio a sua cole\u00e7\u00e3o de discos de vinil\" class=\"wp-image-17584\" style=\"width:343px;height:auto\" srcset=\"https:\/\/blogfca.pucminas.br\/colab\/wp-content\/uploads\/2024\/08\/WhatsApp-Image-2024-08-26-at-13.28.45-1024x1024.jpeg 1024w, https:\/\/blogfca.pucminas.br\/colab\/wp-content\/uploads\/2024\/08\/WhatsApp-Image-2024-08-26-at-13.28.45-300x300.jpeg 300w, https:\/\/blogfca.pucminas.br\/colab\/wp-content\/uploads\/2024\/08\/WhatsApp-Image-2024-08-26-at-13.28.45-150x150.jpeg 150w, https:\/\/blogfca.pucminas.br\/colab\/wp-content\/uploads\/2024\/08\/WhatsApp-Image-2024-08-26-at-13.28.45-768x768.jpeg 768w, https:\/\/blogfca.pucminas.br\/colab\/wp-content\/uploads\/2024\/08\/WhatsApp-Image-2024-08-26-at-13.28.45-370x370.jpeg 370w, https:\/\/blogfca.pucminas.br\/colab\/wp-content\/uploads\/2024\/08\/WhatsApp-Image-2024-08-26-at-13.28.45-270x270.jpeg 270w, https:\/\/blogfca.pucminas.br\/colab\/wp-content\/uploads\/2024\/08\/WhatsApp-Image-2024-08-26-at-13.28.45-570x570.jpeg 570w, https:\/\/blogfca.pucminas.br\/colab\/wp-content\/uploads\/2024\/08\/WhatsApp-Image-2024-08-26-at-13.28.45-740x740.jpeg 740w, https:\/\/blogfca.pucminas.br\/colab\/wp-content\/uploads\/2024\/08\/WhatsApp-Image-2024-08-26-at-13.28.45-96x96.jpeg 96w, https:\/\/blogfca.pucminas.br\/colab\/wp-content\/uploads\/2024\/08\/WhatsApp-Image-2024-08-26-at-13.28.45.jpeg 1280w\" \/><figcaption class=\"wp-element-caption\">Leonardo Fonseca e sua cole\u00e7\u00e3o \/ Cr\u00e9ditos: Acervo Pessoal<\/figcaption><\/figure>\n<\/div>\n\n\n<blockquote class=\"wp-block-quote is-layout-flow wp-block-quote-is-layout-flow\">\n<p class=\"has-text-align-left\">O que mais me atrai nesse formato, n\u00e3o s\u00f3 a m\u00eddia f\u00edsica, o encarte, a leitura das letras, o p\u00f4ster, a m\u00eddia, o bolach\u00e3o mesmo em si, bonito, robusto. N\u00e3o s\u00f3 por conta disso, mas pela experi\u00eancia tamb\u00e9m de voc\u00ea colocar um \u00e1lbum inteiro para escutar, que foi pensado do in\u00edcio ao fim, que tem uma hist\u00f3ria, um recorte daquele ano, daquele artista ali, sabe? E que isso traz um lugar tamb\u00e9m de uma experi\u00eancia sensorial. Que voc\u00ea senta, bota pra ouvir e a\u00ed tamb\u00e9m tem o cheirinho do vinil, os novos, os velhos. Voc\u00ea faz um rango, voc\u00ea senta, toma alguma coisa, sabe? Ent\u00e3o tudo \u00e9 muito sensorial\u201d,  diz Leonardo Fonseca.<\/p>\n<\/blockquote>\n\n\n\n<h2 class=\"wp-block-heading\">Qualidade sonora e experi\u00eancia f\u00edsica em lojas<\/h2>\n\n\n\n<p class=\"has-text-align-left\">O processo de grava\u00e7\u00e3o e reprodu\u00e7\u00e3o de um disco de vinil captura nuances e detalhes que, muitas vezes, s\u00e3o perdidos nas grava\u00e7\u00f5es digitais. Os LP\u2019s podem capturar chiados que, para muitos, adicionam um teor de autenticidade e realismo \u00e0 m\u00fasica. Rildo C\u00e9sar destaca a sonoriza\u00e7\u00e3o e considera a presen\u00e7a dos chiados interessante, de forma a perceber o ambiente em que o vinil foi gravado. \u201cO chiadinho \u00e0s vezes, sabe, \u00e9 um charme.\u201d, complementa Leonardo Fonseca.<\/p>\n\n\n\n<p>Mesmo com os formatos digitais de reprodu\u00e7\u00e3o, muitos m\u00fasicos e ouvintes seguem preferindo o som anal\u00f3gico presente nos vinis. Lojistas, colecionadores e entusiastas reafirmam as diferen\u00e7as entre as vers\u00f5es. Adriano Ribeiro caracteriza a qualidade do \u00e1udio presente nos discos como superior em compara\u00e7\u00e3o ao digital. Dividindo a mesma opini\u00e3o, Alexandre Veloso complementa: \u201cClaro que tem uma diferen\u00e7a sonora real, isso n\u00e3o \u00e9 uma inven\u00e7\u00e3o. Quando voc\u00ea tem um equipamento bom para ouvir um disco de vinil, voc\u00ea vai notar algumas coisas que nem o CD, nem o formato digital apresentam, porque o vinil \u00e9 a reprodu\u00e7\u00e3o mais pr\u00f3xima do real que foi tocado\u201d.<\/p>\n\n\n\n<figure class=\"wp-block-image size-large\"><img loading=\"lazy\" decoding=\"async\" width=\"1024\" height=\"768\" sizes=\"auto, (max-width: 1024px) 100vw, 1024px\" src=\"https:\/\/blogfca.pucminas.br\/colab\/wp-content\/uploads\/2024\/08\/vinilleria-1024x768.jpeg\" alt=\"Discos expostos, juntos de camisetas na loja Viniller\u00eda.\" class=\"wp-image-17586\" srcset=\"https:\/\/blogfca.pucminas.br\/colab\/wp-content\/uploads\/2024\/08\/vinilleria-1024x768.jpeg 1024w, https:\/\/blogfca.pucminas.br\/colab\/wp-content\/uploads\/2024\/08\/vinilleria-300x225.jpeg 300w, https:\/\/blogfca.pucminas.br\/colab\/wp-content\/uploads\/2024\/08\/vinilleria-768x576.jpeg 768w, https:\/\/blogfca.pucminas.br\/colab\/wp-content\/uploads\/2024\/08\/vinilleria-1536x1152.jpeg 1536w, https:\/\/blogfca.pucminas.br\/colab\/wp-content\/uploads\/2024\/08\/vinilleria-370x278.jpeg 370w, https:\/\/blogfca.pucminas.br\/colab\/wp-content\/uploads\/2024\/08\/vinilleria-270x203.jpeg 270w, https:\/\/blogfca.pucminas.br\/colab\/wp-content\/uploads\/2024\/08\/vinilleria-570x428.jpeg 570w, https:\/\/blogfca.pucminas.br\/colab\/wp-content\/uploads\/2024\/08\/vinilleria-740x555.jpeg 740w, https:\/\/blogfca.pucminas.br\/colab\/wp-content\/uploads\/2024\/08\/vinilleria-80x60.jpeg 80w, https:\/\/blogfca.pucminas.br\/colab\/wp-content\/uploads\/2024\/08\/vinilleria-150x113.jpeg 150w, https:\/\/blogfca.pucminas.br\/colab\/wp-content\/uploads\/2024\/08\/vinilleria.jpeg 1600w\" \/><figcaption class=\"wp-element-caption\">Viniller\u00eda &#8211; Mercado Novo \/ Cr\u00e9ditos: Adriano Ribeiro<\/figcaption><\/figure>\n\n\n\n<p>Para colecionadores e entusiastas, os sebos e lojas especializadas s\u00e3o verdadeiros templos: estabelecimentos que, devido ao surgimento dos CDs e o crescimento da era digital, viveram anos de pouca clientela. Alexandre Veloso enxerga as lojas de vinil como ambientes espec\u00edficos e interessantes. \u201cEstamos no Edif\u00edcio Maletta, se a pessoa entra no com\u00e9rcio e v\u00ea uma loja de disco, ela pode at\u00e9 n\u00e3o consumir o vinil, mas ela entra para dar uma olhada e pode ser que uma hora ela tenha contato com disco, pode ser que n\u00e3o, mas esse leque de op\u00e7\u00f5es de pessoas, de demanda, est\u00e1 crescendo bastante\u201d, complementa.<\/p>\n\n\n\n<p>As lojas oferecem mais do que discos, elas podem proporcionar uma experi\u00eancia que vai al\u00e9m do objeto. Os amantes do vinil podem compartilhar hist\u00f3rias entre si, bem como novas m\u00fasicas e artistas. Leonardo Fonseca relata sua viv\u00eancia em sebos como um colecionador e entusiasta, \u201ceu ia na loja do Edu, por exemplo, Discoteca P\u00fablica, me sentava l\u00e1 e ficava escolhendo discos por horas, ent\u00e3o ele me indicava alguns discos que eu n\u00e3o conhecia e, a partir do meu gosto, ele falava, \u2018olha, que legal, voc\u00ea levou esse, tem esse outro tamb\u00e9m, ele est\u00e1 muito barato, eu acho que voc\u00ea talvez v\u00e1 gostar\u2019. Ent\u00e3o, a import\u00e2ncia do sebos tamb\u00e9m se encontra nesse lugar da democratiza\u00e7\u00e3o do disco, sabe?\u201d.<\/p>\n\n\n\n<h2 class=\"wp-block-heading\">A sobreviv\u00eancia do vinil na era digital<\/h2>\n\n\n\n<p>Mesmo em uma realidade na qual os servi\u00e7os de streaming oferecem f\u00e1cil acesso a in\u00fameras m\u00fasicas, o vinil sobrevive, oferecendo profundidade, autenticidade e conex\u00e3o com a hist\u00f3ria da m\u00fasica. Para Rildo C\u00e9sar, os LP\u2019s s\u00e3o uma forma de resist\u00eancia cultural. Hoje, o vinil \u00e9 considerado mais do que um suporte para m\u00fasica mas, tamb\u00e9m, um s\u00edmbolo de uma \u00e9poca, uma obra de arte. Ele continua a atrair novos p\u00fablicos e a manter sua relev\u00e2ncia em um mundo cada vez mais digital, evidenciando a experi\u00eancia sensorial, nost\u00e1lgica e emocional dos famosos \u201cbolach\u00f5es\u201d.<\/p>\n\n\n\n<blockquote class=\"wp-block-quote is-layout-flow wp-block-quote-is-layout-flow\">\n<p>O vinil \u00e9 um objeto de acervo, \u00e9 um documento. \u00c9 um documento da \u00e9poca. O vinil permanece, a qualidade sonora dele permanece. Ent\u00e3o, para mim, \u00e9 como se fosse um documento hist\u00f3rico, cultural, em que ele traz muito esse valor como um acervo que a gente tem que cuidar e manter com todo o respeito e carinho que essa obra merece&#8221;, conclui Leonardo Fonseca.<\/p>\n<\/blockquote>\n","protected":false},"excerpt":{"rendered":"<p>Mercado acompanha a transforma\u00e7\u00e3o dos LPs, de objeto comercial a \u00edcone cultural nost\u00e1lgico<\/p>\n","protected":false},"author":97,"featured_media":17589,"comment_status":"open","ping_status":"open","sticky":false,"template":"","format":"standard","meta":{"_eb_attr":"","ngg_post_thumbnail":0,"footnotes":""},"categories":[22],"tags":[174,1887,220,1886],"class_list":["post-17571","post","type-post","status-publish","format-standard","has-post-thumbnail","hentry","category-cultura","tag-cultura","tag-discos","tag-musica","tag-vinil"],"yoast_head":"<!-- This site is optimized with the Yoast SEO plugin v27.5 - https:\/\/yoast.com\/product\/yoast-seo-wordpress\/ -->\n<title>Vinil ganha novo f\u00f4lego na era digital - Colab<\/title>\n<meta name=\"description\" content=\"Mercado acompanha a transforma\u00e7\u00e3o dos LPs, ou vinis, de objetos comerciais a \u00edcones culturais nost\u00e1lgicos na era digital\" \/>\n<meta name=\"robots\" content=\"index, follow, max-snippet:-1, max-image-preview:large, max-video-preview:-1\" \/>\n<link rel=\"canonical\" href=\"https:\/\/blogfca.pucminas.br\/colab\/vinil-ganha-destaque-na-era-digital\/\" \/>\n<meta property=\"og:locale\" content=\"pt_BR\" \/>\n<meta property=\"og:type\" content=\"article\" \/>\n<meta property=\"og:title\" content=\"Vinil ganha novo f\u00f4lego na era digital - Colab\" \/>\n<meta property=\"og:description\" content=\"Mercado acompanha a transforma\u00e7\u00e3o dos LPs, ou vinis, de objetos comerciais a \u00edcones culturais nost\u00e1lgicos na era digital\" \/>\n<meta property=\"og:url\" content=\"https:\/\/blogfca.pucminas.br\/colab\/vinil-ganha-destaque-na-era-digital\/\" \/>\n<meta property=\"og:site_name\" content=\"Colab\" \/>\n<meta property=\"article:publisher\" content=\"https:\/\/www.facebook.com\/colabpucminas\" \/>\n<meta property=\"article:published_time\" content=\"2024-09-02T17:22:31+00:00\" \/>\n<meta property=\"article:modified_time\" content=\"2024-09-02T17:22:36+00:00\" \/>\n<meta property=\"og:image\" content=\"https:\/\/blogfca.pucminas.br\/colab\/wp-content\/uploads\/2024\/08\/WhatsApp-Image-2024-09-02-at-13.14.11.jpeg\" \/>\n\t<meta property=\"og:image:width\" content=\"1261\" \/>\n\t<meta property=\"og:image:height\" content=\"838\" \/>\n\t<meta property=\"og:image:type\" content=\"image\/jpeg\" \/>\n<meta name=\"author\" content=\"Ana Clara Torres\" \/>\n<meta name=\"twitter:card\" content=\"summary_large_image\" \/>\n<meta name=\"twitter:creator\" content=\"@colabpucminas\" \/>\n<meta name=\"twitter:site\" content=\"@colabpucminas\" \/>\n<meta name=\"twitter:label1\" content=\"Escrito por\" \/>\n\t<meta name=\"twitter:data1\" content=\"Ana Clara Torres\" \/>\n\t<meta name=\"twitter:label2\" content=\"Est. tempo de leitura\" \/>\n\t<meta name=\"twitter:data2\" content=\"8 minutos\" \/>\n<script type=\"application\/ld+json\" class=\"yoast-schema-graph\">{\"@context\":\"https:\\\/\\\/schema.org\",\"@graph\":[{\"@type\":\"Article\",\"@id\":\"https:\\\/\\\/blogfca.pucminas.br\\\/colab\\\/vinil-ganha-destaque-na-era-digital\\\/#article\",\"isPartOf\":{\"@id\":\"https:\\\/\\\/blogfca.pucminas.br\\\/colab\\\/vinil-ganha-destaque-na-era-digital\\\/\"},\"author\":{\"name\":\"Ana Clara Torres\",\"@id\":\"https:\\\/\\\/blogfca.pucminas.br\\\/colab\\\/#\\\/schema\\\/person\\\/707cf43615e2ef0e67c7f8614cc04355\"},\"headline\":\"Vinil ganha novo f\u00f4lego na era digital\",\"datePublished\":\"2024-09-02T17:22:31+00:00\",\"dateModified\":\"2024-09-02T17:22:36+00:00\",\"mainEntityOfPage\":{\"@id\":\"https:\\\/\\\/blogfca.pucminas.br\\\/colab\\\/vinil-ganha-destaque-na-era-digital\\\/\"},\"wordCount\":1448,\"commentCount\":1,\"publisher\":{\"@id\":\"https:\\\/\\\/blogfca.pucminas.br\\\/colab\\\/#organization\"},\"image\":{\"@id\":\"https:\\\/\\\/blogfca.pucminas.br\\\/colab\\\/vinil-ganha-destaque-na-era-digital\\\/#primaryimage\"},\"thumbnailUrl\":\"https:\\\/\\\/blogfca.pucminas.br\\\/colab\\\/wp-content\\\/uploads\\\/2024\\\/08\\\/WhatsApp-Image-2024-09-02-at-13.14.11.jpeg\",\"keywords\":[\"cultura\",\"discos\",\"m\u00fasica\",\"vinil\"],\"articleSection\":[\"Cultura\"],\"inLanguage\":\"pt-BR\",\"potentialAction\":[{\"@type\":\"CommentAction\",\"name\":\"Comment\",\"target\":[\"https:\\\/\\\/blogfca.pucminas.br\\\/colab\\\/vinil-ganha-destaque-na-era-digital\\\/#respond\"]}]},{\"@type\":\"WebPage\",\"@id\":\"https:\\\/\\\/blogfca.pucminas.br\\\/colab\\\/vinil-ganha-destaque-na-era-digital\\\/\",\"url\":\"https:\\\/\\\/blogfca.pucminas.br\\\/colab\\\/vinil-ganha-destaque-na-era-digital\\\/\",\"name\":\"Vinil ganha novo f\u00f4lego na era digital - Colab\",\"isPartOf\":{\"@id\":\"https:\\\/\\\/blogfca.pucminas.br\\\/colab\\\/#website\"},\"primaryImageOfPage\":{\"@id\":\"https:\\\/\\\/blogfca.pucminas.br\\\/colab\\\/vinil-ganha-destaque-na-era-digital\\\/#primaryimage\"},\"image\":{\"@id\":\"https:\\\/\\\/blogfca.pucminas.br\\\/colab\\\/vinil-ganha-destaque-na-era-digital\\\/#primaryimage\"},\"thumbnailUrl\":\"https:\\\/\\\/blogfca.pucminas.br\\\/colab\\\/wp-content\\\/uploads\\\/2024\\\/08\\\/WhatsApp-Image-2024-09-02-at-13.14.11.jpeg\",\"datePublished\":\"2024-09-02T17:22:31+00:00\",\"dateModified\":\"2024-09-02T17:22:36+00:00\",\"description\":\"Mercado acompanha a transforma\u00e7\u00e3o dos LPs, ou vinis, de objetos comerciais a \u00edcones culturais nost\u00e1lgicos na era digital\",\"breadcrumb\":{\"@id\":\"https:\\\/\\\/blogfca.pucminas.br\\\/colab\\\/vinil-ganha-destaque-na-era-digital\\\/#breadcrumb\"},\"inLanguage\":\"pt-BR\",\"potentialAction\":[{\"@type\":\"ReadAction\",\"target\":[\"https:\\\/\\\/blogfca.pucminas.br\\\/colab\\\/vinil-ganha-destaque-na-era-digital\\\/\"]}]},{\"@type\":\"ImageObject\",\"inLanguage\":\"pt-BR\",\"@id\":\"https:\\\/\\\/blogfca.pucminas.br\\\/colab\\\/vinil-ganha-destaque-na-era-digital\\\/#primaryimage\",\"url\":\"https:\\\/\\\/blogfca.pucminas.br\\\/colab\\\/wp-content\\\/uploads\\\/2024\\\/08\\\/WhatsApp-Image-2024-09-02-at-13.14.11.jpeg\",\"contentUrl\":\"https:\\\/\\\/blogfca.pucminas.br\\\/colab\\\/wp-content\\\/uploads\\\/2024\\\/08\\\/WhatsApp-Image-2024-09-02-at-13.14.11.jpeg\",\"width\":1261,\"height\":838},{\"@type\":\"BreadcrumbList\",\"@id\":\"https:\\\/\\\/blogfca.pucminas.br\\\/colab\\\/vinil-ganha-destaque-na-era-digital\\\/#breadcrumb\",\"itemListElement\":[{\"@type\":\"ListItem\",\"position\":1,\"name\":\"In\u00edcio\",\"item\":\"https:\\\/\\\/blogfca.pucminas.br\\\/colab\\\/\"},{\"@type\":\"ListItem\",\"position\":2,\"name\":\"Vinil ganha novo f\u00f4lego na era digital\"}]},{\"@type\":\"WebSite\",\"@id\":\"https:\\\/\\\/blogfca.pucminas.br\\\/colab\\\/#website\",\"url\":\"https:\\\/\\\/blogfca.pucminas.br\\\/colab\\\/\",\"name\":\"Colab\",\"description\":\"Experimenta\u00e7\u00e3o, conte\u00fado e colabora\u00e7\u00e3o em Jornalismo Digital\",\"publisher\":{\"@id\":\"https:\\\/\\\/blogfca.pucminas.br\\\/colab\\\/#organization\"},\"potentialAction\":[{\"@type\":\"SearchAction\",\"target\":{\"@type\":\"EntryPoint\",\"urlTemplate\":\"https:\\\/\\\/blogfca.pucminas.br\\\/colab\\\/?s={search_term_string}\"},\"query-input\":{\"@type\":\"PropertyValueSpecification\",\"valueRequired\":true,\"valueName\":\"search_term_string\"}}],\"inLanguage\":\"pt-BR\"},{\"@type\":\"Organization\",\"@id\":\"https:\\\/\\\/blogfca.pucminas.br\\\/colab\\\/#organization\",\"name\":\"Colab :: Laborat\u00f3rio de Comunica\u00e7\u00e3o Digital da FCA \\\/ PUC Minas\",\"url\":\"https:\\\/\\\/blogfca.pucminas.br\\\/colab\\\/\",\"logo\":{\"@type\":\"ImageObject\",\"inLanguage\":\"pt-BR\",\"@id\":\"https:\\\/\\\/blogfca.pucminas.br\\\/colab\\\/#\\\/schema\\\/logo\\\/image\\\/\",\"url\":\"https:\\\/\\\/blogfca.pucminas.br\\\/colab\\\/wp-content\\\/uploads\\\/2020\\\/03\\\/Avatar-Colab.jpg\",\"contentUrl\":\"https:\\\/\\\/blogfca.pucminas.br\\\/colab\\\/wp-content\\\/uploads\\\/2020\\\/03\\\/Avatar-Colab.jpg\",\"width\":1682,\"height\":1682,\"caption\":\"Colab :: Laborat\u00f3rio de Comunica\u00e7\u00e3o Digital da FCA \\\/ PUC Minas\"},\"image\":{\"@id\":\"https:\\\/\\\/blogfca.pucminas.br\\\/colab\\\/#\\\/schema\\\/logo\\\/image\\\/\"},\"sameAs\":[\"https:\\\/\\\/www.facebook.com\\\/colabpucminas\",\"https:\\\/\\\/x.com\\\/colabpucminas\",\"https:\\\/\\\/www.instagram.com\\\/colabpucminas\\\/\",\"https:\\\/\\\/www.linkedin.com\\\/company\\\/colab-puc-minas\",\"https:\\\/\\\/www.youtube.com\\\/channel\\\/UC14mKIqnnGCOgVr4DG6FPkA\"]},{\"@type\":\"Person\",\"@id\":\"https:\\\/\\\/blogfca.pucminas.br\\\/colab\\\/#\\\/schema\\\/person\\\/707cf43615e2ef0e67c7f8614cc04355\",\"name\":\"Ana Clara Torres\",\"image\":{\"@type\":\"ImageObject\",\"inLanguage\":\"pt-BR\",\"@id\":\"https:\\\/\\\/secure.gravatar.com\\\/avatar\\\/d33e1404d8b9936d197833ef67364ad381eaf170be6c7f91e008526e9fe9c078?s=96&d=mm&r=g\",\"url\":\"https:\\\/\\\/secure.gravatar.com\\\/avatar\\\/d33e1404d8b9936d197833ef67364ad381eaf170be6c7f91e008526e9fe9c078?s=96&d=mm&r=g\",\"contentUrl\":\"https:\\\/\\\/secure.gravatar.com\\\/avatar\\\/d33e1404d8b9936d197833ef67364ad381eaf170be6c7f91e008526e9fe9c078?s=96&d=mm&r=g\",\"caption\":\"Ana Clara Torres\"},\"url\":\"https:\\\/\\\/blogfca.pucminas.br\\\/colab\\\/author\\\/anactorresr\\\/\"}]}<\/script>\n<!-- \/ Yoast SEO plugin. -->","yoast_head_json":{"title":"Vinil ganha novo f\u00f4lego na era digital - Colab","description":"Mercado acompanha a transforma\u00e7\u00e3o dos LPs, ou vinis, de objetos comerciais a \u00edcones culturais nost\u00e1lgicos na era digital","robots":{"index":"index","follow":"follow","max-snippet":"max-snippet:-1","max-image-preview":"max-image-preview:large","max-video-preview":"max-video-preview:-1"},"canonical":"https:\/\/blogfca.pucminas.br\/colab\/vinil-ganha-destaque-na-era-digital\/","og_locale":"pt_BR","og_type":"article","og_title":"Vinil ganha novo f\u00f4lego na era digital - Colab","og_description":"Mercado acompanha a transforma\u00e7\u00e3o dos LPs, ou vinis, de objetos comerciais a \u00edcones culturais nost\u00e1lgicos na era digital","og_url":"https:\/\/blogfca.pucminas.br\/colab\/vinil-ganha-destaque-na-era-digital\/","og_site_name":"Colab","article_publisher":"https:\/\/www.facebook.com\/colabpucminas","article_published_time":"2024-09-02T17:22:31+00:00","article_modified_time":"2024-09-02T17:22:36+00:00","og_image":[{"width":1261,"height":838,"url":"https:\/\/blogfca.pucminas.br\/colab\/wp-content\/uploads\/2024\/08\/WhatsApp-Image-2024-09-02-at-13.14.11.jpeg","type":"image\/jpeg"}],"author":"Ana Clara Torres","twitter_card":"summary_large_image","twitter_creator":"@colabpucminas","twitter_site":"@colabpucminas","twitter_misc":{"Escrito por":"Ana Clara Torres","Est. tempo de leitura":"8 minutos"},"schema":{"@context":"https:\/\/schema.org","@graph":[{"@type":"Article","@id":"https:\/\/blogfca.pucminas.br\/colab\/vinil-ganha-destaque-na-era-digital\/#article","isPartOf":{"@id":"https:\/\/blogfca.pucminas.br\/colab\/vinil-ganha-destaque-na-era-digital\/"},"author":{"name":"Ana Clara Torres","@id":"https:\/\/blogfca.pucminas.br\/colab\/#\/schema\/person\/707cf43615e2ef0e67c7f8614cc04355"},"headline":"Vinil ganha novo f\u00f4lego na era digital","datePublished":"2024-09-02T17:22:31+00:00","dateModified":"2024-09-02T17:22:36+00:00","mainEntityOfPage":{"@id":"https:\/\/blogfca.pucminas.br\/colab\/vinil-ganha-destaque-na-era-digital\/"},"wordCount":1448,"commentCount":1,"publisher":{"@id":"https:\/\/blogfca.pucminas.br\/colab\/#organization"},"image":{"@id":"https:\/\/blogfca.pucminas.br\/colab\/vinil-ganha-destaque-na-era-digital\/#primaryimage"},"thumbnailUrl":"https:\/\/blogfca.pucminas.br\/colab\/wp-content\/uploads\/2024\/08\/WhatsApp-Image-2024-09-02-at-13.14.11.jpeg","keywords":["cultura","discos","m\u00fasica","vinil"],"articleSection":["Cultura"],"inLanguage":"pt-BR","potentialAction":[{"@type":"CommentAction","name":"Comment","target":["https:\/\/blogfca.pucminas.br\/colab\/vinil-ganha-destaque-na-era-digital\/#respond"]}]},{"@type":"WebPage","@id":"https:\/\/blogfca.pucminas.br\/colab\/vinil-ganha-destaque-na-era-digital\/","url":"https:\/\/blogfca.pucminas.br\/colab\/vinil-ganha-destaque-na-era-digital\/","name":"Vinil ganha novo f\u00f4lego na era digital - Colab","isPartOf":{"@id":"https:\/\/blogfca.pucminas.br\/colab\/#website"},"primaryImageOfPage":{"@id":"https:\/\/blogfca.pucminas.br\/colab\/vinil-ganha-destaque-na-era-digital\/#primaryimage"},"image":{"@id":"https:\/\/blogfca.pucminas.br\/colab\/vinil-ganha-destaque-na-era-digital\/#primaryimage"},"thumbnailUrl":"https:\/\/blogfca.pucminas.br\/colab\/wp-content\/uploads\/2024\/08\/WhatsApp-Image-2024-09-02-at-13.14.11.jpeg","datePublished":"2024-09-02T17:22:31+00:00","dateModified":"2024-09-02T17:22:36+00:00","description":"Mercado acompanha a transforma\u00e7\u00e3o dos LPs, ou vinis, de objetos comerciais a \u00edcones culturais nost\u00e1lgicos na era digital","breadcrumb":{"@id":"https:\/\/blogfca.pucminas.br\/colab\/vinil-ganha-destaque-na-era-digital\/#breadcrumb"},"inLanguage":"pt-BR","potentialAction":[{"@type":"ReadAction","target":["https:\/\/blogfca.pucminas.br\/colab\/vinil-ganha-destaque-na-era-digital\/"]}]},{"@type":"ImageObject","inLanguage":"pt-BR","@id":"https:\/\/blogfca.pucminas.br\/colab\/vinil-ganha-destaque-na-era-digital\/#primaryimage","url":"https:\/\/blogfca.pucminas.br\/colab\/wp-content\/uploads\/2024\/08\/WhatsApp-Image-2024-09-02-at-13.14.11.jpeg","contentUrl":"https:\/\/blogfca.pucminas.br\/colab\/wp-content\/uploads\/2024\/08\/WhatsApp-Image-2024-09-02-at-13.14.11.jpeg","width":1261,"height":838},{"@type":"BreadcrumbList","@id":"https:\/\/blogfca.pucminas.br\/colab\/vinil-ganha-destaque-na-era-digital\/#breadcrumb","itemListElement":[{"@type":"ListItem","position":1,"name":"In\u00edcio","item":"https:\/\/blogfca.pucminas.br\/colab\/"},{"@type":"ListItem","position":2,"name":"Vinil ganha novo f\u00f4lego na era digital"}]},{"@type":"WebSite","@id":"https:\/\/blogfca.pucminas.br\/colab\/#website","url":"https:\/\/blogfca.pucminas.br\/colab\/","name":"Colab","description":"Experimenta\u00e7\u00e3o, conte\u00fado e colabora\u00e7\u00e3o em Jornalismo Digital","publisher":{"@id":"https:\/\/blogfca.pucminas.br\/colab\/#organization"},"potentialAction":[{"@type":"SearchAction","target":{"@type":"EntryPoint","urlTemplate":"https:\/\/blogfca.pucminas.br\/colab\/?s={search_term_string}"},"query-input":{"@type":"PropertyValueSpecification","valueRequired":true,"valueName":"search_term_string"}}],"inLanguage":"pt-BR"},{"@type":"Organization","@id":"https:\/\/blogfca.pucminas.br\/colab\/#organization","name":"Colab :: Laborat\u00f3rio de Comunica\u00e7\u00e3o Digital da FCA \/ PUC Minas","url":"https:\/\/blogfca.pucminas.br\/colab\/","logo":{"@type":"ImageObject","inLanguage":"pt-BR","@id":"https:\/\/blogfca.pucminas.br\/colab\/#\/schema\/logo\/image\/","url":"https:\/\/blogfca.pucminas.br\/colab\/wp-content\/uploads\/2020\/03\/Avatar-Colab.jpg","contentUrl":"https:\/\/blogfca.pucminas.br\/colab\/wp-content\/uploads\/2020\/03\/Avatar-Colab.jpg","width":1682,"height":1682,"caption":"Colab :: Laborat\u00f3rio de Comunica\u00e7\u00e3o Digital da FCA \/ PUC Minas"},"image":{"@id":"https:\/\/blogfca.pucminas.br\/colab\/#\/schema\/logo\/image\/"},"sameAs":["https:\/\/www.facebook.com\/colabpucminas","https:\/\/x.com\/colabpucminas","https:\/\/www.instagram.com\/colabpucminas\/","https:\/\/www.linkedin.com\/company\/colab-puc-minas","https:\/\/www.youtube.com\/channel\/UC14mKIqnnGCOgVr4DG6FPkA"]},{"@type":"Person","@id":"https:\/\/blogfca.pucminas.br\/colab\/#\/schema\/person\/707cf43615e2ef0e67c7f8614cc04355","name":"Ana Clara Torres","image":{"@type":"ImageObject","inLanguage":"pt-BR","@id":"https:\/\/secure.gravatar.com\/avatar\/d33e1404d8b9936d197833ef67364ad381eaf170be6c7f91e008526e9fe9c078?s=96&d=mm&r=g","url":"https:\/\/secure.gravatar.com\/avatar\/d33e1404d8b9936d197833ef67364ad381eaf170be6c7f91e008526e9fe9c078?s=96&d=mm&r=g","contentUrl":"https:\/\/secure.gravatar.com\/avatar\/d33e1404d8b9936d197833ef67364ad381eaf170be6c7f91e008526e9fe9c078?s=96&d=mm&r=g","caption":"Ana Clara Torres"},"url":"https:\/\/blogfca.pucminas.br\/colab\/author\/anactorresr\/"}]}},"amp_enabled":true,"_links":{"self":[{"href":"https:\/\/blogfca.pucminas.br\/colab\/wp-json\/wp\/v2\/posts\/17571","targetHints":{"allow":["GET"]}}],"collection":[{"href":"https:\/\/blogfca.pucminas.br\/colab\/wp-json\/wp\/v2\/posts"}],"about":[{"href":"https:\/\/blogfca.pucminas.br\/colab\/wp-json\/wp\/v2\/types\/post"}],"author":[{"embeddable":true,"href":"https:\/\/blogfca.pucminas.br\/colab\/wp-json\/wp\/v2\/users\/97"}],"replies":[{"embeddable":true,"href":"https:\/\/blogfca.pucminas.br\/colab\/wp-json\/wp\/v2\/comments?post=17571"}],"version-history":[{"count":13,"href":"https:\/\/blogfca.pucminas.br\/colab\/wp-json\/wp\/v2\/posts\/17571\/revisions"}],"predecessor-version":[{"id":17600,"href":"https:\/\/blogfca.pucminas.br\/colab\/wp-json\/wp\/v2\/posts\/17571\/revisions\/17600"}],"wp:featuredmedia":[{"embeddable":true,"href":"https:\/\/blogfca.pucminas.br\/colab\/wp-json\/wp\/v2\/media\/17589"}],"wp:attachment":[{"href":"https:\/\/blogfca.pucminas.br\/colab\/wp-json\/wp\/v2\/media?parent=17571"}],"wp:term":[{"taxonomy":"category","embeddable":true,"href":"https:\/\/blogfca.pucminas.br\/colab\/wp-json\/wp\/v2\/categories?post=17571"},{"taxonomy":"post_tag","embeddable":true,"href":"https:\/\/blogfca.pucminas.br\/colab\/wp-json\/wp\/v2\/tags?post=17571"}],"curies":[{"name":"wp","href":"https:\/\/api.w.org\/{rel}","templated":true}]}}