{"id":17044,"date":"2024-07-03T19:32:00","date_gmt":"2024-07-03T22:32:00","guid":{"rendered":"https:\/\/blogfca.pucminas.br\/colab\/?p=17044"},"modified":"2024-07-11T14:49:12","modified_gmt":"2024-07-11T17:49:12","slug":"quem-foi-dante-de-oliveira-o-autor-da-emenda","status":"publish","type":"post","link":"https:\/\/blogfca.pucminas.br\/colab\/quem-foi-dante-de-oliveira-o-autor-da-emenda\/","title":{"rendered":"Quem foi Dante de Oliveira, o autor da emenda"},"content":{"rendered":"\n<p>Dante Martins de Oliveira marcou seu lugar na hist\u00f3ria do parlamento brasileiro ao apresentar a emenda das<em> Diretas J\u00e1<\/em>, depois de duas d\u00e9cadas de abstin\u00eancia eleitoral imposta pela ditadura militar.<\/p>\n\n\n\n<p>Ele nasceu em Cuiab\u00e1, Mato Grosso, em 6 de fevereiro de 1952. A m\u00e3e, Maria Benedita Martins de Oliveira, era professora, e o pai, Sebasti\u00e3o de Oliveira, foi deputado estadual eleito pela Uni\u00e3o Democr\u00e1tica Nacional (UDN). No come\u00e7o dos anos 1970, Dante se mudou para o Rio de Janeiro, onde cursou Engenharia Civil na Universidade Federal do Rio de Janeiro (UFRJ). L\u00e1, passou a integrar o Movimento Revolucion\u00e1rio Oito de Outubro (MR-8), dissid\u00eancia do Partido Comunista Brasileiro (PCB), que fazia oposi\u00e7\u00e3o ao regime ditatorial.&nbsp;<\/p>\n\n\n\n<p>Retornou \u00e0 cidade natal em 1976 e tentou se candidatar a vereador pelo Movimento Democr\u00e1tico Brasileiro (MDB), por\u00e9m n\u00e3o teve \u00eaxito. J\u00e1 nas elei\u00e7\u00f5es de 1978,&nbsp; candidatou-se a deputado estadual pelo mesmo partido, foi eleito e assumiu em fevereiro de 1979.<\/p>\n\n\n\n<p>Com a extin\u00e7\u00e3o do bipartidarismo, em 29 de novembro de 1979, e a consequente reorganiza\u00e7\u00e3o partid\u00e1ria no plen\u00e1rio, filiou-se ao Partido do Movimento Democr\u00e1tico Brasileiro (PMDB).<\/p>\n\n\n\n<figure class=\"wp-block-image size-large is-resized\"><img loading=\"lazy\" decoding=\"async\" width=\"1024\" height=\"576\" sizes=\"auto, (max-width: 1024px) 100vw, 1024px\" src=\"https:\/\/blogfca.pucminas.br\/colab\/wp-content\/uploads\/2024\/07\/Dante-de-Oliveira-1024x576.png\" alt=\"\" class=\"wp-image-17153\" style=\"width:650px;height:auto\" srcset=\"https:\/\/blogfca.pucminas.br\/colab\/wp-content\/uploads\/2024\/07\/Dante-de-Oliveira-1024x576.png 1024w, https:\/\/blogfca.pucminas.br\/colab\/wp-content\/uploads\/2024\/07\/Dante-de-Oliveira-300x169.png 300w, https:\/\/blogfca.pucminas.br\/colab\/wp-content\/uploads\/2024\/07\/Dante-de-Oliveira-768x432.png 768w, https:\/\/blogfca.pucminas.br\/colab\/wp-content\/uploads\/2024\/07\/Dante-de-Oliveira-1536x864.png 1536w, https:\/\/blogfca.pucminas.br\/colab\/wp-content\/uploads\/2024\/07\/Dante-de-Oliveira-370x208.png 370w, https:\/\/blogfca.pucminas.br\/colab\/wp-content\/uploads\/2024\/07\/Dante-de-Oliveira-270x152.png 270w, https:\/\/blogfca.pucminas.br\/colab\/wp-content\/uploads\/2024\/07\/Dante-de-Oliveira-570x321.png 570w, https:\/\/blogfca.pucminas.br\/colab\/wp-content\/uploads\/2024\/07\/Dante-de-Oliveira-740x416.png 740w, https:\/\/blogfca.pucminas.br\/colab\/wp-content\/uploads\/2024\/07\/Dante-de-Oliveira-150x84.png 150w, https:\/\/blogfca.pucminas.br\/colab\/wp-content\/uploads\/2024\/07\/Dante-de-Oliveira.png 1920w\" \/><\/figure>\n\n\n\n<h2 class=\"wp-block-heading has-gridlove-meta-color has-text-color has-link-color wp-elements-9e381239d2bf77b5c3faf2a450b0c84c\"><strong>Proposta Dante de Oliveira<\/strong><\/h2>\n\n\n\n<p>J\u00e1 deputado federal pelo PMDB do Mato Grosso, em 1983, Dante de Oliveira formalizou, por meio de emenda constitucional, o pedido pelo voto direto para presidente, com o objetivo de que a escolha voltasse a ser feita pelo povo. A Proposta de Emenda Constitucional (PEC) n\u00ba 05, de 02 de mar\u00e7o de 1983, passou ent\u00e3o a ficar conhecida como Emenda Constitucional Dante de Oliveira.<\/p>\n\n\n\n<h2 class=\"wp-block-heading has-gridlove-meta-color has-text-color has-link-color wp-elements-337fc5e1ac92e832e59c26fea42279ab\"><strong>A vota\u00e7\u00e3o da emenda<\/strong><\/h2>\n\n\n\n<figure class=\"wp-block-image size-full\"><img loading=\"lazy\" decoding=\"async\" width=\"1000\" height=\"650\" sizes=\"auto, (max-width: 1000px) 100vw, 1000px\" src=\"https:\/\/blogfca.pucminas.br\/colab\/wp-content\/uploads\/2024\/07\/IMAGEM-7.jpg\" alt=\"Plen\u00e1rio cheio de pessoas para sess\u00e3o conjunta da C\u00e2mara e do Senado, na qual foi votada a emenda das Diretas J\u00e1\" class=\"wp-image-17045\" srcset=\"https:\/\/blogfca.pucminas.br\/colab\/wp-content\/uploads\/2024\/07\/IMAGEM-7.jpg 1000w, https:\/\/blogfca.pucminas.br\/colab\/wp-content\/uploads\/2024\/07\/IMAGEM-7-300x195.jpg 300w, https:\/\/blogfca.pucminas.br\/colab\/wp-content\/uploads\/2024\/07\/IMAGEM-7-768x499.jpg 768w, https:\/\/blogfca.pucminas.br\/colab\/wp-content\/uploads\/2024\/07\/IMAGEM-7-370x241.jpg 370w, https:\/\/blogfca.pucminas.br\/colab\/wp-content\/uploads\/2024\/07\/IMAGEM-7-270x176.jpg 270w, https:\/\/blogfca.pucminas.br\/colab\/wp-content\/uploads\/2024\/07\/IMAGEM-7-570x371.jpg 570w, https:\/\/blogfca.pucminas.br\/colab\/wp-content\/uploads\/2024\/07\/IMAGEM-7-740x481.jpg 740w, https:\/\/blogfca.pucminas.br\/colab\/wp-content\/uploads\/2024\/07\/IMAGEM-7-150x98.jpg 150w\" \/><figcaption class=\"wp-element-caption\">Sess\u00e3o conjunta da C\u00e2mara e do Senado, na qual foi votada a emenda das Diretas J\u00e1. | Ag\u00eancia Senado<br><\/figcaption><\/figure>\n\n\n\n<p>Apesar de tamanha mobiliza\u00e7\u00e3o popular, o resultado da vota\u00e7\u00e3o n\u00e3o correspondeu \u00e0s expectativas de grande parte da sociedade brasileira. Entre os parlamentares, foram 298 votos a favor e 65 contra, com 113 deputados ausentes e 3 absten\u00e7\u00f5es. Faltaram 22 votos para alcan\u00e7ar o qu\u00f3rum qualificado de dois ter\u00e7os estabelecido como m\u00ednimo para aprova\u00e7\u00e3o de emendas constitucionais na C\u00e2mara e encaminhamento para vota\u00e7\u00e3o no Senado.<\/p>\n\n\n\n<p>Mesmo com a derrota no Congresso, a como\u00e7\u00e3o do p\u00fablico e a press\u00e3o midi\u00e1tica em torno da pauta provocaram uma divis\u00e3o na base do governo, o que favoreceu a elei\u00e7\u00e3o do candidato da oposi\u00e7\u00e3o \u00e0 ditadura, Tancredo Neves (PMDB), que, devido a problemas de sa\u00fade, n\u00e3o chegou a governar. Em seu lugar, assumiu Jos\u00e9 Sarney, vice-presidente eleito pelo Partido da Frente Liberal (PFL), originado da dissid\u00eancia do Partido Democr\u00e1tico Social (PDS) e descontente com a indica\u00e7\u00e3o de Paulo Maluf para as elei\u00e7\u00f5es de 1985.<\/p>\n\n\n\n<p>Assim, a Emenda Dante de Oliveira ajudou a provocar mudan\u00e7as nas alian\u00e7as governistas, contribuiu para a chegada da oposi\u00e7\u00e3o ao poder e com o fim da ditadura.<\/p>\n\n\n\n<pre class=\"wp-block-verse\">Conte\u00fado produzido por Ant\u00f4nio Cardoso, Hannah Andrade, Let\u00edcia Nogueira, Millena Alves e  Rinaldo Robson, sob a supervis\u00e3o da jornalista e professora Fernanda Sanglard na disciplina Apura\u00e7\u00e3o, Reda\u00e7\u00e3o e Entrevista. Colaborou o monitor Jo\u00e3o Augusto.<\/pre>\n\n\n\n<h3 class=\"wp-block-heading\">Leia tamb\u00e9m:<a href=\"https:\/\/blogfca.pucminas.br\/colab\/40-anos-das-diretas-ja\/\"><br><\/a><a href=\"https:\/\/blogfca.pucminas.br\/colab\/da-campanha-por-democracia-aos-atos-antidemocraticos\/\">Da campanha por democracia aos atos antidemocr\u00e1ticos\u00a0<br><\/a><\/h3>\n\n\n\n<h3 class=\"wp-block-heading\"><a href=\"https:\/\/blogfca.pucminas.br\/colab\/entenda-os-precedentes-das-diretas-ja\/\">Entenda os precedentes das Diretas J\u00e1<br><\/a><\/h3>\n\n\n\n<h3 class=\"wp-block-heading\"><a href=\"https:\/\/blogfca.pucminas.br\/colab\/em-ano-eleitoral-o-que-o-brasil-tem-a-aprender-com-as-diretas-ja\/\">O que o Brasil tem a aprender com as Diretas J\u00e1?<br><\/a><\/h3>\n","protected":false},"excerpt":{"rendered":"<p>Dante Martins de Oliveira marcou seu lugar na hist\u00f3ria do parlamento brasileiro ao apresentar a emenda das Diretas J\u00e1, depois de duas d\u00e9cadas de abstin\u00eancia eleitoral imposta pela ditadura militar. Ele nasceu em Cuiab\u00e1, Mato Grosso, em 6 de fevereiro de 1952. A m\u00e3e, Maria Benedita Martins de Oliveira, era professora, e o pai, Sebasti\u00e3o [&hellip;]<\/p>\n","protected":false},"author":7,"featured_media":17212,"comment_status":"open","ping_status":"open","sticky":false,"template":"","format":"standard","meta":{"_eb_attr":"","ngg_post_thumbnail":0,"footnotes":""},"categories":[1874,11],"tags":[359,1832,1829,210],"class_list":["post-17044","post","type-post","status-publish","format-standard","has-post-thumbnail","hentry","category-diretas-ja","category-politica","tag-colab","tag-dante-de-oliveira","tag-diretas-ja","tag-politica"],"yoast_head":"<!-- This site is optimized with the Yoast SEO plugin v27.5 - https:\/\/yoast.com\/product\/yoast-seo-wordpress\/ -->\n<title>Quem foi Dante de Oliveira, o autor da emenda - Colab<\/title>\n<meta name=\"robots\" content=\"index, follow, max-snippet:-1, max-image-preview:large, max-video-preview:-1\" \/>\n<link rel=\"canonical\" href=\"https:\/\/blogfca.pucminas.br\/colab\/quem-foi-dante-de-oliveira-o-autor-da-emenda\/\" \/>\n<meta property=\"og:locale\" content=\"pt_BR\" \/>\n<meta property=\"og:type\" content=\"article\" \/>\n<meta property=\"og:title\" content=\"Quem foi Dante de Oliveira, o autor da emenda - Colab\" \/>\n<meta property=\"og:description\" content=\"Dante Martins de Oliveira marcou seu lugar na hist\u00f3ria do parlamento brasileiro ao apresentar a emenda das Diretas J\u00e1, depois de duas d\u00e9cadas de abstin\u00eancia eleitoral imposta pela ditadura militar. Ele nasceu em Cuiab\u00e1, Mato Grosso, em 6 de fevereiro de 1952. A m\u00e3e, Maria Benedita Martins de Oliveira, era professora, e o pai, Sebasti\u00e3o [&hellip;]\" \/>\n<meta property=\"og:url\" content=\"https:\/\/blogfca.pucminas.br\/colab\/quem-foi-dante-de-oliveira-o-autor-da-emenda\/\" \/>\n<meta property=\"og:site_name\" content=\"Colab\" \/>\n<meta property=\"article:publisher\" content=\"https:\/\/www.facebook.com\/colabpucminas\" \/>\n<meta property=\"article:author\" content=\"https:\/\/www.facebook.com\/colabpucminas\" \/>\n<meta property=\"article:published_time\" content=\"2024-07-03T22:32:00+00:00\" \/>\n<meta property=\"article:modified_time\" content=\"2024-07-11T17:49:12+00:00\" \/>\n<meta property=\"og:image\" content=\"https:\/\/blogfca.pucminas.br\/colab\/wp-content\/uploads\/2024\/07\/Capa-horizontal-reportagem-4-1024x576.png\" \/>\n\t<meta property=\"og:image:width\" content=\"1024\" \/>\n\t<meta property=\"og:image:height\" content=\"576\" \/>\n\t<meta property=\"og:image:type\" content=\"image\/png\" \/>\n<meta name=\"author\" content=\"Colab PUC Minas\" \/>\n<meta name=\"twitter:card\" content=\"summary_large_image\" \/>\n<meta name=\"twitter:creator\" content=\"@https:\/\/twitter.com\/colabpucminas\" \/>\n<meta name=\"twitter:site\" content=\"@colabpucminas\" \/>\n<meta name=\"twitter:label1\" content=\"Escrito por\" \/>\n\t<meta name=\"twitter:data1\" content=\"Colab PUC Minas\" \/>\n\t<meta name=\"twitter:label2\" content=\"Est. tempo de leitura\" \/>\n\t<meta name=\"twitter:data2\" content=\"4 minutos\" \/>\n<script type=\"application\/ld+json\" class=\"yoast-schema-graph\">{\"@context\":\"https:\\\/\\\/schema.org\",\"@graph\":[{\"@type\":\"Article\",\"@id\":\"https:\\\/\\\/blogfca.pucminas.br\\\/colab\\\/quem-foi-dante-de-oliveira-o-autor-da-emenda\\\/#article\",\"isPartOf\":{\"@id\":\"https:\\\/\\\/blogfca.pucminas.br\\\/colab\\\/quem-foi-dante-de-oliveira-o-autor-da-emenda\\\/\"},\"author\":{\"name\":\"Colab PUC Minas\",\"@id\":\"https:\\\/\\\/blogfca.pucminas.br\\\/colab\\\/#\\\/schema\\\/person\\\/1558d8148a80ebc84231cd55495bd7a4\"},\"headline\":\"Quem foi Dante de Oliveira, o autor da emenda\",\"datePublished\":\"2024-07-03T22:32:00+00:00\",\"dateModified\":\"2024-07-11T17:49:12+00:00\",\"mainEntityOfPage\":{\"@id\":\"https:\\\/\\\/blogfca.pucminas.br\\\/colab\\\/quem-foi-dante-de-oliveira-o-autor-da-emenda\\\/\"},\"wordCount\":518,\"commentCount\":0,\"publisher\":{\"@id\":\"https:\\\/\\\/blogfca.pucminas.br\\\/colab\\\/#organization\"},\"image\":{\"@id\":\"https:\\\/\\\/blogfca.pucminas.br\\\/colab\\\/quem-foi-dante-de-oliveira-o-autor-da-emenda\\\/#primaryimage\"},\"thumbnailUrl\":\"https:\\\/\\\/blogfca.pucminas.br\\\/colab\\\/wp-content\\\/uploads\\\/2024\\\/07\\\/Capa-horizontal-reportagem-4.png\",\"keywords\":[\"colab\",\"Dante de Oliveira\",\"Diretas J\u00e1\",\"pol\u00edtica\"],\"articleSection\":[\"Diretas J\u00e1\",\"Pol\u00edtica\"],\"inLanguage\":\"pt-BR\",\"potentialAction\":[{\"@type\":\"CommentAction\",\"name\":\"Comment\",\"target\":[\"https:\\\/\\\/blogfca.pucminas.br\\\/colab\\\/quem-foi-dante-de-oliveira-o-autor-da-emenda\\\/#respond\"]}]},{\"@type\":\"WebPage\",\"@id\":\"https:\\\/\\\/blogfca.pucminas.br\\\/colab\\\/quem-foi-dante-de-oliveira-o-autor-da-emenda\\\/\",\"url\":\"https:\\\/\\\/blogfca.pucminas.br\\\/colab\\\/quem-foi-dante-de-oliveira-o-autor-da-emenda\\\/\",\"name\":\"Quem foi Dante de Oliveira, o autor da emenda - Colab\",\"isPartOf\":{\"@id\":\"https:\\\/\\\/blogfca.pucminas.br\\\/colab\\\/#website\"},\"primaryImageOfPage\":{\"@id\":\"https:\\\/\\\/blogfca.pucminas.br\\\/colab\\\/quem-foi-dante-de-oliveira-o-autor-da-emenda\\\/#primaryimage\"},\"image\":{\"@id\":\"https:\\\/\\\/blogfca.pucminas.br\\\/colab\\\/quem-foi-dante-de-oliveira-o-autor-da-emenda\\\/#primaryimage\"},\"thumbnailUrl\":\"https:\\\/\\\/blogfca.pucminas.br\\\/colab\\\/wp-content\\\/uploads\\\/2024\\\/07\\\/Capa-horizontal-reportagem-4.png\",\"datePublished\":\"2024-07-03T22:32:00+00:00\",\"dateModified\":\"2024-07-11T17:49:12+00:00\",\"breadcrumb\":{\"@id\":\"https:\\\/\\\/blogfca.pucminas.br\\\/colab\\\/quem-foi-dante-de-oliveira-o-autor-da-emenda\\\/#breadcrumb\"},\"inLanguage\":\"pt-BR\",\"potentialAction\":[{\"@type\":\"ReadAction\",\"target\":[\"https:\\\/\\\/blogfca.pucminas.br\\\/colab\\\/quem-foi-dante-de-oliveira-o-autor-da-emenda\\\/\"]}]},{\"@type\":\"ImageObject\",\"inLanguage\":\"pt-BR\",\"@id\":\"https:\\\/\\\/blogfca.pucminas.br\\\/colab\\\/quem-foi-dante-de-oliveira-o-autor-da-emenda\\\/#primaryimage\",\"url\":\"https:\\\/\\\/blogfca.pucminas.br\\\/colab\\\/wp-content\\\/uploads\\\/2024\\\/07\\\/Capa-horizontal-reportagem-4.png\",\"contentUrl\":\"https:\\\/\\\/blogfca.pucminas.br\\\/colab\\\/wp-content\\\/uploads\\\/2024\\\/07\\\/Capa-horizontal-reportagem-4.png\",\"width\":1920,\"height\":1080,\"caption\":\"Deputados, entre os quais Dante de Oliveira, autor da emenda das diretas, reunidos no Plen\u00e1rio da C\u00e2mara em 25\\\/26 de abril de 1984.\"},{\"@type\":\"BreadcrumbList\",\"@id\":\"https:\\\/\\\/blogfca.pucminas.br\\\/colab\\\/quem-foi-dante-de-oliveira-o-autor-da-emenda\\\/#breadcrumb\",\"itemListElement\":[{\"@type\":\"ListItem\",\"position\":1,\"name\":\"In\u00edcio\",\"item\":\"https:\\\/\\\/blogfca.pucminas.br\\\/colab\\\/\"},{\"@type\":\"ListItem\",\"position\":2,\"name\":\"Quem foi Dante de Oliveira, o autor da emenda\"}]},{\"@type\":\"WebSite\",\"@id\":\"https:\\\/\\\/blogfca.pucminas.br\\\/colab\\\/#website\",\"url\":\"https:\\\/\\\/blogfca.pucminas.br\\\/colab\\\/\",\"name\":\"Colab\",\"description\":\"Experimenta\u00e7\u00e3o, conte\u00fado e colabora\u00e7\u00e3o em Jornalismo Digital\",\"publisher\":{\"@id\":\"https:\\\/\\\/blogfca.pucminas.br\\\/colab\\\/#organization\"},\"potentialAction\":[{\"@type\":\"SearchAction\",\"target\":{\"@type\":\"EntryPoint\",\"urlTemplate\":\"https:\\\/\\\/blogfca.pucminas.br\\\/colab\\\/?s={search_term_string}\"},\"query-input\":{\"@type\":\"PropertyValueSpecification\",\"valueRequired\":true,\"valueName\":\"search_term_string\"}}],\"inLanguage\":\"pt-BR\"},{\"@type\":\"Organization\",\"@id\":\"https:\\\/\\\/blogfca.pucminas.br\\\/colab\\\/#organization\",\"name\":\"Colab :: Laborat\u00f3rio de Comunica\u00e7\u00e3o Digital da FCA \\\/ PUC Minas\",\"url\":\"https:\\\/\\\/blogfca.pucminas.br\\\/colab\\\/\",\"logo\":{\"@type\":\"ImageObject\",\"inLanguage\":\"pt-BR\",\"@id\":\"https:\\\/\\\/blogfca.pucminas.br\\\/colab\\\/#\\\/schema\\\/logo\\\/image\\\/\",\"url\":\"https:\\\/\\\/blogfca.pucminas.br\\\/colab\\\/wp-content\\\/uploads\\\/2020\\\/03\\\/Avatar-Colab.jpg\",\"contentUrl\":\"https:\\\/\\\/blogfca.pucminas.br\\\/colab\\\/wp-content\\\/uploads\\\/2020\\\/03\\\/Avatar-Colab.jpg\",\"width\":1682,\"height\":1682,\"caption\":\"Colab :: Laborat\u00f3rio de Comunica\u00e7\u00e3o Digital da FCA \\\/ PUC Minas\"},\"image\":{\"@id\":\"https:\\\/\\\/blogfca.pucminas.br\\\/colab\\\/#\\\/schema\\\/logo\\\/image\\\/\"},\"sameAs\":[\"https:\\\/\\\/www.facebook.com\\\/colabpucminas\",\"https:\\\/\\\/x.com\\\/colabpucminas\",\"https:\\\/\\\/www.instagram.com\\\/colabpucminas\\\/\",\"https:\\\/\\\/www.linkedin.com\\\/company\\\/colab-puc-minas\",\"https:\\\/\\\/www.youtube.com\\\/channel\\\/UC14mKIqnnGCOgVr4DG6FPkA\"]},{\"@type\":\"Person\",\"@id\":\"https:\\\/\\\/blogfca.pucminas.br\\\/colab\\\/#\\\/schema\\\/person\\\/1558d8148a80ebc84231cd55495bd7a4\",\"name\":\"Colab PUC Minas\",\"image\":{\"@type\":\"ImageObject\",\"inLanguage\":\"pt-BR\",\"@id\":\"https:\\\/\\\/secure.gravatar.com\\\/avatar\\\/8e2ad0447c23d0e32e8541cfe4edfc398613871a2d36fd66bd308611ccd7d23a?s=96&d=mm&r=g\",\"url\":\"https:\\\/\\\/secure.gravatar.com\\\/avatar\\\/8e2ad0447c23d0e32e8541cfe4edfc398613871a2d36fd66bd308611ccd7d23a?s=96&d=mm&r=g\",\"contentUrl\":\"https:\\\/\\\/secure.gravatar.com\\\/avatar\\\/8e2ad0447c23d0e32e8541cfe4edfc398613871a2d36fd66bd308611ccd7d23a?s=96&d=mm&r=g\",\"caption\":\"Colab PUC Minas\"},\"description\":\"Colab \u00e9 o Laborat\u00f3rio de Comunica\u00e7\u00e3o Digital da FCA \\\/ PUC Minas. Os textos publicados neste perfil s\u00e3o de autoria coletiva ou de convidados externos.\",\"sameAs\":[\"https:\\\/\\\/blogfca.pucminas.br\\\/colab\\\/\",\"https:\\\/\\\/www.facebook.com\\\/colabpucminas\",\"https:\\\/\\\/www.instagram.com\\\/colabpucminas\\\/\",\"https:\\\/\\\/x.com\\\/https:\\\/\\\/twitter.com\\\/colabpucminas\",\"https:\\\/\\\/www.youtube.com\\\/channel\\\/UC14mKIqnnGCOgVr4DG6FPkA\"],\"url\":\"https:\\\/\\\/blogfca.pucminas.br\\\/colab\\\/author\\\/colab\\\/\"}]}<\/script>\n<!-- \/ Yoast SEO plugin. -->","yoast_head_json":{"title":"Quem foi Dante de Oliveira, o autor da emenda - Colab","robots":{"index":"index","follow":"follow","max-snippet":"max-snippet:-1","max-image-preview":"max-image-preview:large","max-video-preview":"max-video-preview:-1"},"canonical":"https:\/\/blogfca.pucminas.br\/colab\/quem-foi-dante-de-oliveira-o-autor-da-emenda\/","og_locale":"pt_BR","og_type":"article","og_title":"Quem foi Dante de Oliveira, o autor da emenda - Colab","og_description":"Dante Martins de Oliveira marcou seu lugar na hist\u00f3ria do parlamento brasileiro ao apresentar a emenda das Diretas J\u00e1, depois de duas d\u00e9cadas de abstin\u00eancia eleitoral imposta pela ditadura militar. Ele nasceu em Cuiab\u00e1, Mato Grosso, em 6 de fevereiro de 1952. A m\u00e3e, Maria Benedita Martins de Oliveira, era professora, e o pai, Sebasti\u00e3o [&hellip;]","og_url":"https:\/\/blogfca.pucminas.br\/colab\/quem-foi-dante-de-oliveira-o-autor-da-emenda\/","og_site_name":"Colab","article_publisher":"https:\/\/www.facebook.com\/colabpucminas","article_author":"https:\/\/www.facebook.com\/colabpucminas","article_published_time":"2024-07-03T22:32:00+00:00","article_modified_time":"2024-07-11T17:49:12+00:00","og_image":[{"width":1024,"height":576,"url":"https:\/\/blogfca.pucminas.br\/colab\/wp-content\/uploads\/2024\/07\/Capa-horizontal-reportagem-4-1024x576.png","type":"image\/png"}],"author":"Colab PUC Minas","twitter_card":"summary_large_image","twitter_creator":"@https:\/\/twitter.com\/colabpucminas","twitter_site":"@colabpucminas","twitter_misc":{"Escrito por":"Colab PUC Minas","Est. tempo de leitura":"4 minutos"},"schema":{"@context":"https:\/\/schema.org","@graph":[{"@type":"Article","@id":"https:\/\/blogfca.pucminas.br\/colab\/quem-foi-dante-de-oliveira-o-autor-da-emenda\/#article","isPartOf":{"@id":"https:\/\/blogfca.pucminas.br\/colab\/quem-foi-dante-de-oliveira-o-autor-da-emenda\/"},"author":{"name":"Colab PUC Minas","@id":"https:\/\/blogfca.pucminas.br\/colab\/#\/schema\/person\/1558d8148a80ebc84231cd55495bd7a4"},"headline":"Quem foi Dante de Oliveira, o autor da emenda","datePublished":"2024-07-03T22:32:00+00:00","dateModified":"2024-07-11T17:49:12+00:00","mainEntityOfPage":{"@id":"https:\/\/blogfca.pucminas.br\/colab\/quem-foi-dante-de-oliveira-o-autor-da-emenda\/"},"wordCount":518,"commentCount":0,"publisher":{"@id":"https:\/\/blogfca.pucminas.br\/colab\/#organization"},"image":{"@id":"https:\/\/blogfca.pucminas.br\/colab\/quem-foi-dante-de-oliveira-o-autor-da-emenda\/#primaryimage"},"thumbnailUrl":"https:\/\/blogfca.pucminas.br\/colab\/wp-content\/uploads\/2024\/07\/Capa-horizontal-reportagem-4.png","keywords":["colab","Dante de Oliveira","Diretas J\u00e1","pol\u00edtica"],"articleSection":["Diretas J\u00e1","Pol\u00edtica"],"inLanguage":"pt-BR","potentialAction":[{"@type":"CommentAction","name":"Comment","target":["https:\/\/blogfca.pucminas.br\/colab\/quem-foi-dante-de-oliveira-o-autor-da-emenda\/#respond"]}]},{"@type":"WebPage","@id":"https:\/\/blogfca.pucminas.br\/colab\/quem-foi-dante-de-oliveira-o-autor-da-emenda\/","url":"https:\/\/blogfca.pucminas.br\/colab\/quem-foi-dante-de-oliveira-o-autor-da-emenda\/","name":"Quem foi Dante de Oliveira, o autor da emenda - Colab","isPartOf":{"@id":"https:\/\/blogfca.pucminas.br\/colab\/#website"},"primaryImageOfPage":{"@id":"https:\/\/blogfca.pucminas.br\/colab\/quem-foi-dante-de-oliveira-o-autor-da-emenda\/#primaryimage"},"image":{"@id":"https:\/\/blogfca.pucminas.br\/colab\/quem-foi-dante-de-oliveira-o-autor-da-emenda\/#primaryimage"},"thumbnailUrl":"https:\/\/blogfca.pucminas.br\/colab\/wp-content\/uploads\/2024\/07\/Capa-horizontal-reportagem-4.png","datePublished":"2024-07-03T22:32:00+00:00","dateModified":"2024-07-11T17:49:12+00:00","breadcrumb":{"@id":"https:\/\/blogfca.pucminas.br\/colab\/quem-foi-dante-de-oliveira-o-autor-da-emenda\/#breadcrumb"},"inLanguage":"pt-BR","potentialAction":[{"@type":"ReadAction","target":["https:\/\/blogfca.pucminas.br\/colab\/quem-foi-dante-de-oliveira-o-autor-da-emenda\/"]}]},{"@type":"ImageObject","inLanguage":"pt-BR","@id":"https:\/\/blogfca.pucminas.br\/colab\/quem-foi-dante-de-oliveira-o-autor-da-emenda\/#primaryimage","url":"https:\/\/blogfca.pucminas.br\/colab\/wp-content\/uploads\/2024\/07\/Capa-horizontal-reportagem-4.png","contentUrl":"https:\/\/blogfca.pucminas.br\/colab\/wp-content\/uploads\/2024\/07\/Capa-horizontal-reportagem-4.png","width":1920,"height":1080,"caption":"Deputados, entre os quais Dante de Oliveira, autor da emenda das diretas, reunidos no Plen\u00e1rio da C\u00e2mara em 25\/26 de abril de 1984."},{"@type":"BreadcrumbList","@id":"https:\/\/blogfca.pucminas.br\/colab\/quem-foi-dante-de-oliveira-o-autor-da-emenda\/#breadcrumb","itemListElement":[{"@type":"ListItem","position":1,"name":"In\u00edcio","item":"https:\/\/blogfca.pucminas.br\/colab\/"},{"@type":"ListItem","position":2,"name":"Quem foi Dante de Oliveira, o autor da emenda"}]},{"@type":"WebSite","@id":"https:\/\/blogfca.pucminas.br\/colab\/#website","url":"https:\/\/blogfca.pucminas.br\/colab\/","name":"Colab","description":"Experimenta\u00e7\u00e3o, conte\u00fado e colabora\u00e7\u00e3o em Jornalismo Digital","publisher":{"@id":"https:\/\/blogfca.pucminas.br\/colab\/#organization"},"potentialAction":[{"@type":"SearchAction","target":{"@type":"EntryPoint","urlTemplate":"https:\/\/blogfca.pucminas.br\/colab\/?s={search_term_string}"},"query-input":{"@type":"PropertyValueSpecification","valueRequired":true,"valueName":"search_term_string"}}],"inLanguage":"pt-BR"},{"@type":"Organization","@id":"https:\/\/blogfca.pucminas.br\/colab\/#organization","name":"Colab :: Laborat\u00f3rio de Comunica\u00e7\u00e3o Digital da FCA \/ PUC Minas","url":"https:\/\/blogfca.pucminas.br\/colab\/","logo":{"@type":"ImageObject","inLanguage":"pt-BR","@id":"https:\/\/blogfca.pucminas.br\/colab\/#\/schema\/logo\/image\/","url":"https:\/\/blogfca.pucminas.br\/colab\/wp-content\/uploads\/2020\/03\/Avatar-Colab.jpg","contentUrl":"https:\/\/blogfca.pucminas.br\/colab\/wp-content\/uploads\/2020\/03\/Avatar-Colab.jpg","width":1682,"height":1682,"caption":"Colab :: Laborat\u00f3rio de Comunica\u00e7\u00e3o Digital da FCA \/ PUC Minas"},"image":{"@id":"https:\/\/blogfca.pucminas.br\/colab\/#\/schema\/logo\/image\/"},"sameAs":["https:\/\/www.facebook.com\/colabpucminas","https:\/\/x.com\/colabpucminas","https:\/\/www.instagram.com\/colabpucminas\/","https:\/\/www.linkedin.com\/company\/colab-puc-minas","https:\/\/www.youtube.com\/channel\/UC14mKIqnnGCOgVr4DG6FPkA"]},{"@type":"Person","@id":"https:\/\/blogfca.pucminas.br\/colab\/#\/schema\/person\/1558d8148a80ebc84231cd55495bd7a4","name":"Colab PUC Minas","image":{"@type":"ImageObject","inLanguage":"pt-BR","@id":"https:\/\/secure.gravatar.com\/avatar\/8e2ad0447c23d0e32e8541cfe4edfc398613871a2d36fd66bd308611ccd7d23a?s=96&d=mm&r=g","url":"https:\/\/secure.gravatar.com\/avatar\/8e2ad0447c23d0e32e8541cfe4edfc398613871a2d36fd66bd308611ccd7d23a?s=96&d=mm&r=g","contentUrl":"https:\/\/secure.gravatar.com\/avatar\/8e2ad0447c23d0e32e8541cfe4edfc398613871a2d36fd66bd308611ccd7d23a?s=96&d=mm&r=g","caption":"Colab PUC Minas"},"description":"Colab \u00e9 o Laborat\u00f3rio de Comunica\u00e7\u00e3o Digital da FCA \/ PUC Minas. Os textos publicados neste perfil s\u00e3o de autoria coletiva ou de convidados externos.","sameAs":["https:\/\/blogfca.pucminas.br\/colab\/","https:\/\/www.facebook.com\/colabpucminas","https:\/\/www.instagram.com\/colabpucminas\/","https:\/\/x.com\/https:\/\/twitter.com\/colabpucminas","https:\/\/www.youtube.com\/channel\/UC14mKIqnnGCOgVr4DG6FPkA"],"url":"https:\/\/blogfca.pucminas.br\/colab\/author\/colab\/"}]}},"amp_enabled":true,"_links":{"self":[{"href":"https:\/\/blogfca.pucminas.br\/colab\/wp-json\/wp\/v2\/posts\/17044","targetHints":{"allow":["GET"]}}],"collection":[{"href":"https:\/\/blogfca.pucminas.br\/colab\/wp-json\/wp\/v2\/posts"}],"about":[{"href":"https:\/\/blogfca.pucminas.br\/colab\/wp-json\/wp\/v2\/types\/post"}],"author":[{"embeddable":true,"href":"https:\/\/blogfca.pucminas.br\/colab\/wp-json\/wp\/v2\/users\/7"}],"replies":[{"embeddable":true,"href":"https:\/\/blogfca.pucminas.br\/colab\/wp-json\/wp\/v2\/comments?post=17044"}],"version-history":[{"count":16,"href":"https:\/\/blogfca.pucminas.br\/colab\/wp-json\/wp\/v2\/posts\/17044\/revisions"}],"predecessor-version":[{"id":17381,"href":"https:\/\/blogfca.pucminas.br\/colab\/wp-json\/wp\/v2\/posts\/17044\/revisions\/17381"}],"wp:featuredmedia":[{"embeddable":true,"href":"https:\/\/blogfca.pucminas.br\/colab\/wp-json\/wp\/v2\/media\/17212"}],"wp:attachment":[{"href":"https:\/\/blogfca.pucminas.br\/colab\/wp-json\/wp\/v2\/media?parent=17044"}],"wp:term":[{"taxonomy":"category","embeddable":true,"href":"https:\/\/blogfca.pucminas.br\/colab\/wp-json\/wp\/v2\/categories?post=17044"},{"taxonomy":"post_tag","embeddable":true,"href":"https:\/\/blogfca.pucminas.br\/colab\/wp-json\/wp\/v2\/tags?post=17044"}],"curies":[{"name":"wp","href":"https:\/\/api.w.org\/{rel}","templated":true}]}}