{"id":16875,"date":"2024-07-01T14:33:56","date_gmt":"2024-07-01T17:33:56","guid":{"rendered":"https:\/\/blogfca.pucminas.br\/colab\/?p=16875"},"modified":"2024-07-01T14:34:01","modified_gmt":"2024-07-01T17:34:01","slug":"rumo-ao-ouro-saiba-mais-sobre-as-paralimpiadas-2024","status":"publish","type":"post","link":"https:\/\/blogfca.pucminas.br\/colab\/rumo-ao-ouro-saiba-mais-sobre-as-paralimpiadas-2024\/","title":{"rendered":"Rumo ao ouro: saiba mais sobre a prepara\u00e7\u00e3o para as Paralimp\u00edadas 2024"},"content":{"rendered":"\n<p>Ana Carolina Silva Moura \u00e9, atualmente, a segunda colocada no ranking mundial de parataekwondo e est\u00e1 confirmada nas Olimp\u00edadas de 2024 em Paris. A modalidade \u00e9 a vers\u00e3o adaptada do taekwondo para atletas com defici\u00eancia nos membros superiores. Em uma segunda-feira de manh\u00e3, com clima ameno de Belo Horizonte, a reportagem acompanhou a rotina de treino da paratleta, que j\u00e1 est\u00e1 com as malas prontas para a cidade luz.<\/p>\n\n\n\n<p>Carol Moura, como \u00e9 conhecida, come\u00e7ou a treinar parataekwondo em 2016. A decis\u00e3o de iniciar o treinamento de uma arte marcial foi tomada ap\u00f3s ser v\u00edtima de um assalto, momento em que ela se sentiu vulner\u00e1vel e concluiu que buscaria uma forma de se defender. Inicialmente, Carol buscou apoio em academias de bairro, mas, ap\u00f3s alguns meses praticando o esporte, ela sofreu uma les\u00e3o grave no ligamento do joelho e foi for\u00e7ada a dar uma pausa nos treinos.&nbsp;<\/p>\n\n\n\n<p>Cerca de um ano ap\u00f3s a les\u00e3o, Carolina voltou aos treinos e, dessa vez, o esporte veio diferente: n\u00e3o mais como um hobby, mas como\u00a0 profiss\u00e3o. Em 2019, Carolina participou do primeiro Campeonato Brasileiro de Taekwondo na carreira e foi medalhista. At\u00e9 aquele momento, ela dividia a rotina de atleta com a vida comum. Ainda cursava faculdade de Rela\u00e7\u00f5es P\u00fablicas e tinha que dividir o tempo entre treino, est\u00e1gio e estudos. Mas, no momento em que ganhou a primeira medalha, decidiu trancar o curso e abra\u00e7ar por completo a carreira de atleta.\u00a0<\/p>\n\n\n\n<p>As Olimp\u00edadas de Tokyo 2020 foram marcadas pela estreia do parataekwondo como modalidade ol\u00edmpica, juntamente com a modalidades parabadminton, que tamb\u00e9m passou a ser inclu\u00edda nos Jogos. Por n\u00e3o estar bem classificada no ranking mundial at\u00e9 aquele momento, Carol fez da vida um objetivo: estar presente nas <a href=\"https:\/\/olympics.com\/pt\/paris-2024\">Olimp\u00edadas de Paris em 2024<\/a>.<\/p>\n\n\n\n<p>Desde essa decis\u00e3o, a atleta j\u00e1 conquistou ouro no Mundial do M\u00e9xico em 2023; bronze na etapa da Fran\u00e7a do Grand Prix em 2023; ouro no Pan Americano Series II no Brasil em 2023; ouro na etapa da Ar\u00e1bia Saudita no Grand Prix de 2022; ouro na etapa da Fran\u00e7a do Grand Prix de 2022; bronze no Mundial da Turquia, em 2021.<\/p>\n\n\n\n<figure class=\"wp-block-image size-full\"><img loading=\"lazy\" decoding=\"async\" width=\"799\" height=\"533\" sizes=\"auto, (max-width: 799px) 100vw, 799px\" src=\"https:\/\/blogfca.pucminas.br\/colab\/wp-content\/uploads\/2024\/06\/Ana-Carolina-Moura-.jpg\" alt=\"Mulher jovem branca, vestindo casaco da sele\u00e7\u00e3o brasileira segura medalha de ouro na m\u00e3o\" class=\"wp-image-16883\" srcset=\"https:\/\/blogfca.pucminas.br\/colab\/wp-content\/uploads\/2024\/06\/Ana-Carolina-Moura-.jpg 799w, https:\/\/blogfca.pucminas.br\/colab\/wp-content\/uploads\/2024\/06\/Ana-Carolina-Moura--300x200.jpg 300w, https:\/\/blogfca.pucminas.br\/colab\/wp-content\/uploads\/2024\/06\/Ana-Carolina-Moura--768x512.jpg 768w, https:\/\/blogfca.pucminas.br\/colab\/wp-content\/uploads\/2024\/06\/Ana-Carolina-Moura--370x247.jpg 370w, https:\/\/blogfca.pucminas.br\/colab\/wp-content\/uploads\/2024\/06\/Ana-Carolina-Moura--270x180.jpg 270w, https:\/\/blogfca.pucminas.br\/colab\/wp-content\/uploads\/2024\/06\/Ana-Carolina-Moura--570x380.jpg 570w, https:\/\/blogfca.pucminas.br\/colab\/wp-content\/uploads\/2024\/06\/Ana-Carolina-Moura--740x494.jpg 740w, https:\/\/blogfca.pucminas.br\/colab\/wp-content\/uploads\/2024\/06\/Ana-Carolina-Moura--150x100.jpg 150w\" \/><figcaption class=\"wp-element-caption\">Carol Moura com medalha de ouro \/ cr\u00e9dito: reprodu\u00e7\u00e3o<\/figcaption><\/figure>\n\n\n\n<p>Como todo atleta, Carol j\u00e1 passou por momentos intensos ao longo da carreira. Em depoimento ao <strong>Colab<\/strong>, ela relembra um dos momentos mais dif\u00edceis da profiss\u00e3o: \u201cEm uma das temporadas de competi\u00e7\u00e3o, eu tinha um Grand Prix para participar e um Mundial dois dias depois. No Grand Prix eu perdi na minha primeira luta e, no Mundial, minha primeira advers\u00e1ria seria a mesma menina para quem eu perdi no Grand Prix\u201d.\u00a0<\/p>\n\n\n\n<p>Al\u00e9m do psicol\u00f3gico abalado ap\u00f3s a derrota, Carol tamb\u00e9m sofreu uma les\u00e3o antes do Mundial, mas decidiu seguir pelo objetivo principal: o ouro. \u201cEu estava extremamente nervosa e tinha dois dias para reposicionar minha cabe\u00e7a para o Mundial. Fiz tr\u00eas lutas lesionada e minha mentalidade era unicamente \u2018eu quero o ouro, eu quero o ouro, eu quero o ouro\u201d, conta.&nbsp;<\/p>\n\n\n\n<blockquote class=\"wp-block-quote is-layout-flow wp-block-quote-is-layout-flow\">\n<p><strong>A nossa vontade de alcan\u00e7ar o objetivo tem que ser maior do que nossa condi\u00e7\u00e3o f\u00edsica no momento<\/strong><\/p>\n<cite><strong>Carol Moura <\/strong><\/cite><\/blockquote>\n\n\n\n<p>Naquela temporada, o objetivo foi conquistado. A atleta mineira foi ouro no Mundial do M\u00e9xico.&nbsp;<\/p>\n\n\n\n<p>Al\u00e9m de toda sua dedica\u00e7\u00e3o, Carol destaca outro ponto que faz toda diferen\u00e7a para realizar os sonhos: o apoio e conv\u00edvio com os amigos do <a href=\"http:\/\/cte.ufmg.br\/cte\/\">Centro de Treinamento Esportivo<\/a> (CTE) da Universidade Federal de Minas Gerais (UFMG). <mark style=\"background-color:#ebb07c\" class=\"has-inline-color\">&#8220;<strong>Se fosse olhar apenas medalhas, talvez eu j\u00e1 teria desistido. Mas o que me motiva diariamente \u00e9 olhar para os meus colegas no CTE<\/strong>.<\/mark> Cada um tem uma dificuldade e todos eles lutam para vencer e n\u00e3o desistem. Ent\u00e3o, o que eu fa\u00e7o \u00e9 por eles tambem\u201d, declara a atleta. A paratleta completa: \u201c\u00c9 claro que gostamos de ganhar medalhas. Eu adoro estar no p\u00f3dio, eu amo estar em primeiro lugar, porque \u00e9 o resultado do meu trabalho e do meu esfor\u00e7o, mas o que me motiva todos os dias a estar envolvida, a me dedicar e a acordar cedo, \u00e0s vezes \u00e0s 4h s\u00e3o as pessoas com quem eu encontro\u201d.<\/p>\n\n\n\n<figure class=\"wp-block-image size-large\"><img loading=\"lazy\" decoding=\"async\" width=\"1024\" height=\"683\" sizes=\"auto, (max-width: 1024px) 100vw, 1024px\" src=\"https:\/\/blogfca.pucminas.br\/colab\/wp-content\/uploads\/2024\/06\/IMG_1037-1-1024x683.jpg\" alt=\"\" class=\"wp-image-16897\" srcset=\"https:\/\/blogfca.pucminas.br\/colab\/wp-content\/uploads\/2024\/06\/IMG_1037-1-1024x683.jpg 1024w, https:\/\/blogfca.pucminas.br\/colab\/wp-content\/uploads\/2024\/06\/IMG_1037-1-300x200.jpg 300w, https:\/\/blogfca.pucminas.br\/colab\/wp-content\/uploads\/2024\/06\/IMG_1037-1-768x512.jpg 768w\" \/><\/figure>\n\n\n\n<p>Constru\u00eddo em 2015&nbsp; pelo Governo do Estado de Minas Gerais, por meio da ent\u00e3o Secretaria de Estado de Esporte e da Juventude (SEEJ), o Centro foi um dos lugares oficiais de treinamento de delega\u00e7\u00f5es estrangeiras na Olimp\u00edada Rio 2016. Ap\u00f3s o per\u00edodo esportivo, o local se desenvolveu at\u00e9 se estabelecer como refer\u00eancia em detec\u00e7\u00e3o, desenvolvimento e aprimoramento de talentos em v\u00e1rios esportes.<\/p>\n\n\n\n<p>Atualmente, a estrutura \u00e9 utilizada para o treino de in\u00fameros atletas. Al\u00e9m de Carol, outros que treinam no CTE est\u00e3o cotados para as Olimp\u00edadas de Paris. S\u00e3o eles: <a href=\"https:\/\/blogfca.pucminas.br\/colab\/conheca-izabela-campos-atleta-paralimpica-de-arremesso\/\">Izabela Silva Campos <\/a>(atletismo), Arthur Xavier Ribeiro (nata\u00e7\u00e3o) e Tiago Lemes da Silva (atletismo).<\/p>\n\n\n\n<figure class=\"wp-block-gallery has-nested-images columns-default is-cropped wp-block-gallery-1 is-layout-flex wp-block-gallery-is-layout-flex\">\n<figure class=\"wp-block-image size-large\"><img loading=\"lazy\" decoding=\"async\" width=\"300\" height=\"200\" data-id=\"16886\" src=\"https:\/\/blogfca.pucminas.br\/colab\/wp-content\/uploads\/2024\/06\/piscina-UFMG-reproducao.jpg\" alt=\"\" class=\"wp-image-16886\" srcset=\"https:\/\/blogfca.pucminas.br\/colab\/wp-content\/uploads\/2024\/06\/piscina-UFMG-reproducao.jpg 300w, https:\/\/blogfca.pucminas.br\/colab\/wp-content\/uploads\/2024\/06\/piscina-UFMG-reproducao-270x180.jpg 270w, https:\/\/blogfca.pucminas.br\/colab\/wp-content\/uploads\/2024\/06\/piscina-UFMG-reproducao-150x100.jpg 150w\" sizes=\"auto, (max-width: 300px) 100vw, 300px\" \/><figcaption class=\"wp-element-caption\">Piscina ol\u00edmpica do CTE<\/figcaption><\/figure>\n\n\n\n<figure class=\"wp-block-image size-large\"><img loading=\"lazy\" decoding=\"async\" width=\"1024\" height=\"768\" data-id=\"16885\" src=\"https:\/\/blogfca.pucminas.br\/colab\/wp-content\/uploads\/2024\/06\/CTE-divulgacao-2.jpeg\" alt=\"Pista de atletismo do CTE\" class=\"wp-image-16885\" srcset=\"https:\/\/blogfca.pucminas.br\/colab\/wp-content\/uploads\/2024\/06\/CTE-divulgacao-2.jpeg 1024w, https:\/\/blogfca.pucminas.br\/colab\/wp-content\/uploads\/2024\/06\/CTE-divulgacao-2-300x225.jpeg 300w, https:\/\/blogfca.pucminas.br\/colab\/wp-content\/uploads\/2024\/06\/CTE-divulgacao-2-768x576.jpeg 768w, https:\/\/blogfca.pucminas.br\/colab\/wp-content\/uploads\/2024\/06\/CTE-divulgacao-2-370x278.jpeg 370w, https:\/\/blogfca.pucminas.br\/colab\/wp-content\/uploads\/2024\/06\/CTE-divulgacao-2-270x203.jpeg 270w, https:\/\/blogfca.pucminas.br\/colab\/wp-content\/uploads\/2024\/06\/CTE-divulgacao-2-570x428.jpeg 570w, https:\/\/blogfca.pucminas.br\/colab\/wp-content\/uploads\/2024\/06\/CTE-divulgacao-2-740x555.jpeg 740w, https:\/\/blogfca.pucminas.br\/colab\/wp-content\/uploads\/2024\/06\/CTE-divulgacao-2-80x60.jpeg 80w, https:\/\/blogfca.pucminas.br\/colab\/wp-content\/uploads\/2024\/06\/CTE-divulgacao-2-150x113.jpeg 150w\" sizes=\"auto, (max-width: 1024px) 100vw, 1024px\" \/><figcaption class=\"wp-element-caption\">Pista de atletismo do CTE \/ cr\u00e9dito: reprodu\u00e7\u00e3o<\/figcaption><\/figure>\n<\/figure>\n\n\n\n<p>\u201cO Centro de Treinamento Esportivo me apoia principalmente na quest\u00e3o esportiva, de estrutura, oferecendo todo o suporte necess\u00e1rio em fisiologia, fisioterapia, nutri\u00e7\u00e3o e prepara\u00e7\u00e3o f\u00edsica, mas tamb\u00e9m na parte de conhecimento e envolvimento com outros atletas paral\u00edmpicos. Acho que o Centro de Refer\u00eancia Paral\u00edmpico \u00e9 muito importante, pois os atletas se motivam. Ent\u00e3o, al\u00e9m de voc\u00ea ter a prepara\u00e7\u00e3o, voc\u00ea tem a conviv\u00eancia, porque o centro \u00e9 feito para pessoas. Se n\u00e3o existirem aquelas pessoas, aquele di\u00e1logo, aquela conversa, o treinamento \u00e9 ineficaz\u201d, declara Ana Carolina Silva Moura, a&nbsp; atleta de parataekwondo.<\/p>\n\n\n\n<p>O diretor do CTE, Maicon Rodrigues Albuquerque, expressa a import\u00e2ncia do local para o esporte mineiro e nacional:<mark style=\"background-color:#ebb07c\" class=\"has-inline-color\"><strong> \u201c\u00c9 uma quest\u00e3o de fomentar o esporte em Minas e na Regi\u00e3o Metropolitana, o que \u00e9 muito importante. Automaticamente, quando fazemos algo por Minas, tamb\u00e9m estamos fazendo algo pelo Brasil, j\u00e1 que muitos dos nossos atletas participam das diferentes sele\u00e7\u00f5es brasileiras, desde a base at\u00e9 a principal\u201d.<\/strong><\/mark><\/p>\n\n\n\n<p>O atleta de taekwondo e amigo de treino de Carol Moura, Juliano Lima enfatiza o papel do CTE em seu percurso at\u00e9 alcan\u00e7ar a sele\u00e7\u00e3o brasileira. Assim como Carol, ele destaca o conv\u00edvio com os demais atletas: \u201cEu comecei aqui desde o in\u00edcio do projeto CTE e gra\u00e7as a esse centro de treinamento, que \u00e9 enorme em Minas Gerais e um dos maiores do Brasil, eu consegui chegar na sele\u00e7\u00e3o brasileira. Gra\u00e7as ao centro e toda a equipe multidisciplinar eu alcancei muitos objetivos dentro do taekwondo e na vida tamb\u00e9m. Isso aqui pra mim \u00e9 praticamente tudo. As pessoas que eu conheci no meio me ajudaram bastante para crescer tanto a n\u00edvel nacional quanto internacional\u201d.&nbsp;<\/p>\n\n\n\n<p>Carol Moura ainda enfatiza o maior segredo da vida de um atleta. Segundo ela, <strong><mark style=\"background-color:#ebb07c\" class=\"has-inline-color\">\u201catleta n\u00e3o sonha sozinho\u201d<\/mark><\/strong>, \u00e9 preciso todo trabalho e dedica\u00e7\u00e3o, mas sem pessoas para dar o apoio necess\u00e1rio, os sonhos s\u00e3o imposs\u00edveis. Quando questionada sobre o pr\u00f3ximo grande desafio na carreira, as paralimp\u00edadas, Carol expressa a mentalidade de uma atleta multicampe\u00e3 e afirma que a maneira de continuar sem se abalar e chegar bem nas Olimp\u00edadas \u00e9 \u201ctentando ser a n\u00famero 1\u201d.<\/p>\n\n\n\n<pre class=\"wp-block-code\"><code>Reportagem: Bruno Paz e Karen Cristina.<\/code><\/pre>\n\n\n\n<h2 class=\"wp-block-heading\">Leia mais:<\/h2>\n\n\n\n<figure class=\"wp-block-embed is-type-wp-embed is-provider-colab wp-block-embed-colab\"><div class=\"wp-block-embed__wrapper\">\n<blockquote class=\"wp-embedded-content\" data-secret=\"xL26eQXlaM\"><a href=\"https:\/\/blogfca.pucminas.br\/colab\/atletas-paralimpicos-no-brasil\/\">Atletas Paral\u00edmpicos no Brasil: vistos, mas n\u00e3o enxergados<\/a><\/blockquote><iframe loading=\"lazy\" class=\"wp-embedded-content\" sandbox=\"allow-scripts\" security=\"restricted\" style=\"position: absolute; clip: rect(1px, 1px, 1px, 1px);\" title=\"&#8220;Atletas Paral\u00edmpicos no Brasil: vistos, mas n\u00e3o enxergados&#8221; &#8212; Colab\" src=\"https:\/\/blogfca.pucminas.br\/colab\/atletas-paralimpicos-no-brasil\/embed\/#?secret=InImCcCkYG#?secret=xL26eQXlaM\" data-secret=\"xL26eQXlaM\" width=\"600\" height=\"338\" frameborder=\"0\" marginwidth=\"0\" marginheight=\"0\" scrolling=\"no\"><\/iframe>\n<\/div><\/figure>\n","protected":false},"excerpt":{"rendered":"<p>Paratleta mineira revela os desafios e conquistas para chegar a Paris<\/p>\n","protected":false},"author":95,"featured_media":16883,"comment_status":"open","ping_status":"open","sticky":false,"template":"","format":"standard","meta":{"_eb_attr":"","ngg_post_thumbnail":0,"footnotes":""},"categories":[147,949],"tags":[786,1693,825],"class_list":["post-16875","post","type-post","status-publish","format-standard","has-post-thumbnail","hentry","category-esportes","category-olimpiadas","tag-atletas","tag-esporte-paralimpico","tag-olimpiadas-2"],"yoast_head":"<!-- This site is optimized with the Yoast SEO plugin v27.4 - https:\/\/yoast.com\/product\/yoast-seo-wordpress\/ -->\n<title>Rumo ao ouro: conhe\u00e7a a paratleta Carol Moura - Colab<\/title>\n<meta name=\"description\" content=\"Paratleta mineira revela os desafios e conquistas para chegar a Paris. A atleta \u00e9 a segunda colocada no ranking mundial de parataekwondo.\" \/>\n<meta name=\"robots\" content=\"index, follow, max-snippet:-1, max-image-preview:large, max-video-preview:-1\" \/>\n<link rel=\"canonical\" href=\"https:\/\/blogfca.pucminas.br\/colab\/rumo-ao-ouro-saiba-mais-sobre-as-paralimpiadas-2024\/\" \/>\n<meta property=\"og:locale\" content=\"pt_BR\" \/>\n<meta property=\"og:type\" content=\"article\" \/>\n<meta property=\"og:title\" content=\"Rumo ao ouro: conhe\u00e7a a paratleta Carol Moura - Colab\" \/>\n<meta property=\"og:description\" content=\"Paratleta mineira revela os desafios e conquistas para chegar a Paris. A atleta \u00e9 a segunda colocada no ranking mundial de parataekwondo.\" \/>\n<meta property=\"og:url\" content=\"https:\/\/blogfca.pucminas.br\/colab\/rumo-ao-ouro-saiba-mais-sobre-as-paralimpiadas-2024\/\" \/>\n<meta property=\"og:site_name\" content=\"Colab\" \/>\n<meta property=\"article:publisher\" content=\"https:\/\/www.facebook.com\/colabpucminas\" \/>\n<meta property=\"article:published_time\" content=\"2024-07-01T17:33:56+00:00\" \/>\n<meta property=\"article:modified_time\" content=\"2024-07-01T17:34:01+00:00\" \/>\n<meta property=\"og:image\" content=\"https:\/\/blogfca.pucminas.br\/colab\/wp-content\/uploads\/2024\/06\/Ana-Carolina-Moura-.jpg\" \/>\n\t<meta property=\"og:image:width\" content=\"799\" \/>\n\t<meta property=\"og:image:height\" content=\"533\" \/>\n\t<meta property=\"og:image:type\" content=\"image\/jpeg\" \/>\n<meta name=\"author\" content=\"Karen Cristina\" \/>\n<meta name=\"twitter:card\" content=\"summary_large_image\" \/>\n<meta name=\"twitter:creator\" content=\"@colabpucminas\" \/>\n<meta name=\"twitter:site\" content=\"@colabpucminas\" \/>\n<meta name=\"twitter:label1\" content=\"Escrito por\" \/>\n\t<meta name=\"twitter:data1\" content=\"Karen Cristina\" \/>\n\t<meta name=\"twitter:label2\" content=\"Est. tempo de leitura\" \/>\n\t<meta name=\"twitter:data2\" content=\"8 minutos\" \/>\n<script type=\"application\/ld+json\" class=\"yoast-schema-graph\">{\"@context\":\"https:\\\/\\\/schema.org\",\"@graph\":[{\"@type\":\"Article\",\"@id\":\"https:\\\/\\\/blogfca.pucminas.br\\\/colab\\\/rumo-ao-ouro-saiba-mais-sobre-as-paralimpiadas-2024\\\/#article\",\"isPartOf\":{\"@id\":\"https:\\\/\\\/blogfca.pucminas.br\\\/colab\\\/rumo-ao-ouro-saiba-mais-sobre-as-paralimpiadas-2024\\\/\"},\"author\":{\"name\":\"Karen Cristina\",\"@id\":\"https:\\\/\\\/blogfca.pucminas.br\\\/colab\\\/#\\\/schema\\\/person\\\/2e1549dc5091ab5f7ce7d6c474366ab8\"},\"headline\":\"Rumo ao ouro: saiba mais sobre a prepara\u00e7\u00e3o para as Paralimp\u00edadas 2024\",\"datePublished\":\"2024-07-01T17:33:56+00:00\",\"dateModified\":\"2024-07-01T17:34:01+00:00\",\"mainEntityOfPage\":{\"@id\":\"https:\\\/\\\/blogfca.pucminas.br\\\/colab\\\/rumo-ao-ouro-saiba-mais-sobre-as-paralimpiadas-2024\\\/\"},\"wordCount\":1247,\"commentCount\":0,\"publisher\":{\"@id\":\"https:\\\/\\\/blogfca.pucminas.br\\\/colab\\\/#organization\"},\"image\":{\"@id\":\"https:\\\/\\\/blogfca.pucminas.br\\\/colab\\\/rumo-ao-ouro-saiba-mais-sobre-as-paralimpiadas-2024\\\/#primaryimage\"},\"thumbnailUrl\":\"https:\\\/\\\/blogfca.pucminas.br\\\/colab\\\/wp-content\\\/uploads\\\/2024\\\/06\\\/Ana-Carolina-Moura-.jpg\",\"keywords\":[\"atletas\",\"esporte paral\u00edmpico\",\"olimpiadas\"],\"articleSection\":[\"Esportes\",\"Olimp\u00edadas\"],\"inLanguage\":\"pt-BR\",\"potentialAction\":[{\"@type\":\"CommentAction\",\"name\":\"Comment\",\"target\":[\"https:\\\/\\\/blogfca.pucminas.br\\\/colab\\\/rumo-ao-ouro-saiba-mais-sobre-as-paralimpiadas-2024\\\/#respond\"]}]},{\"@type\":\"WebPage\",\"@id\":\"https:\\\/\\\/blogfca.pucminas.br\\\/colab\\\/rumo-ao-ouro-saiba-mais-sobre-as-paralimpiadas-2024\\\/\",\"url\":\"https:\\\/\\\/blogfca.pucminas.br\\\/colab\\\/rumo-ao-ouro-saiba-mais-sobre-as-paralimpiadas-2024\\\/\",\"name\":\"Rumo ao ouro: conhe\u00e7a a paratleta Carol Moura - Colab\",\"isPartOf\":{\"@id\":\"https:\\\/\\\/blogfca.pucminas.br\\\/colab\\\/#website\"},\"primaryImageOfPage\":{\"@id\":\"https:\\\/\\\/blogfca.pucminas.br\\\/colab\\\/rumo-ao-ouro-saiba-mais-sobre-as-paralimpiadas-2024\\\/#primaryimage\"},\"image\":{\"@id\":\"https:\\\/\\\/blogfca.pucminas.br\\\/colab\\\/rumo-ao-ouro-saiba-mais-sobre-as-paralimpiadas-2024\\\/#primaryimage\"},\"thumbnailUrl\":\"https:\\\/\\\/blogfca.pucminas.br\\\/colab\\\/wp-content\\\/uploads\\\/2024\\\/06\\\/Ana-Carolina-Moura-.jpg\",\"datePublished\":\"2024-07-01T17:33:56+00:00\",\"dateModified\":\"2024-07-01T17:34:01+00:00\",\"description\":\"Paratleta mineira revela os desafios e conquistas para chegar a Paris. A atleta \u00e9 a segunda colocada no ranking mundial de parataekwondo.\",\"breadcrumb\":{\"@id\":\"https:\\\/\\\/blogfca.pucminas.br\\\/colab\\\/rumo-ao-ouro-saiba-mais-sobre-as-paralimpiadas-2024\\\/#breadcrumb\"},\"inLanguage\":\"pt-BR\",\"potentialAction\":[{\"@type\":\"ReadAction\",\"target\":[\"https:\\\/\\\/blogfca.pucminas.br\\\/colab\\\/rumo-ao-ouro-saiba-mais-sobre-as-paralimpiadas-2024\\\/\"]}]},{\"@type\":\"ImageObject\",\"inLanguage\":\"pt-BR\",\"@id\":\"https:\\\/\\\/blogfca.pucminas.br\\\/colab\\\/rumo-ao-ouro-saiba-mais-sobre-as-paralimpiadas-2024\\\/#primaryimage\",\"url\":\"https:\\\/\\\/blogfca.pucminas.br\\\/colab\\\/wp-content\\\/uploads\\\/2024\\\/06\\\/Ana-Carolina-Moura-.jpg\",\"contentUrl\":\"https:\\\/\\\/blogfca.pucminas.br\\\/colab\\\/wp-content\\\/uploads\\\/2024\\\/06\\\/Ana-Carolina-Moura-.jpg\",\"width\":799,\"height\":533,\"caption\":\"Carol Moura com medalha de ouro \\\/ cr\u00e9dito: reprodu\u00e7\u00e3o\"},{\"@type\":\"BreadcrumbList\",\"@id\":\"https:\\\/\\\/blogfca.pucminas.br\\\/colab\\\/rumo-ao-ouro-saiba-mais-sobre-as-paralimpiadas-2024\\\/#breadcrumb\",\"itemListElement\":[{\"@type\":\"ListItem\",\"position\":1,\"name\":\"In\u00edcio\",\"item\":\"https:\\\/\\\/blogfca.pucminas.br\\\/colab\\\/\"},{\"@type\":\"ListItem\",\"position\":2,\"name\":\"Rumo ao ouro: saiba mais sobre a prepara\u00e7\u00e3o para as Paralimp\u00edadas 2024\"}]},{\"@type\":\"WebSite\",\"@id\":\"https:\\\/\\\/blogfca.pucminas.br\\\/colab\\\/#website\",\"url\":\"https:\\\/\\\/blogfca.pucminas.br\\\/colab\\\/\",\"name\":\"Colab\",\"description\":\"Experimenta\u00e7\u00e3o, conte\u00fado e colabora\u00e7\u00e3o em Jornalismo Digital\",\"publisher\":{\"@id\":\"https:\\\/\\\/blogfca.pucminas.br\\\/colab\\\/#organization\"},\"potentialAction\":[{\"@type\":\"SearchAction\",\"target\":{\"@type\":\"EntryPoint\",\"urlTemplate\":\"https:\\\/\\\/blogfca.pucminas.br\\\/colab\\\/?s={search_term_string}\"},\"query-input\":{\"@type\":\"PropertyValueSpecification\",\"valueRequired\":true,\"valueName\":\"search_term_string\"}}],\"inLanguage\":\"pt-BR\"},{\"@type\":\"Organization\",\"@id\":\"https:\\\/\\\/blogfca.pucminas.br\\\/colab\\\/#organization\",\"name\":\"Colab :: Laborat\u00f3rio de Comunica\u00e7\u00e3o Digital da FCA \\\/ PUC Minas\",\"url\":\"https:\\\/\\\/blogfca.pucminas.br\\\/colab\\\/\",\"logo\":{\"@type\":\"ImageObject\",\"inLanguage\":\"pt-BR\",\"@id\":\"https:\\\/\\\/blogfca.pucminas.br\\\/colab\\\/#\\\/schema\\\/logo\\\/image\\\/\",\"url\":\"https:\\\/\\\/blogfca.pucminas.br\\\/colab\\\/wp-content\\\/uploads\\\/2020\\\/03\\\/Avatar-Colab.jpg\",\"contentUrl\":\"https:\\\/\\\/blogfca.pucminas.br\\\/colab\\\/wp-content\\\/uploads\\\/2020\\\/03\\\/Avatar-Colab.jpg\",\"width\":1682,\"height\":1682,\"caption\":\"Colab :: Laborat\u00f3rio de Comunica\u00e7\u00e3o Digital da FCA \\\/ PUC Minas\"},\"image\":{\"@id\":\"https:\\\/\\\/blogfca.pucminas.br\\\/colab\\\/#\\\/schema\\\/logo\\\/image\\\/\"},\"sameAs\":[\"https:\\\/\\\/www.facebook.com\\\/colabpucminas\",\"https:\\\/\\\/x.com\\\/colabpucminas\",\"https:\\\/\\\/www.instagram.com\\\/colabpucminas\\\/\",\"https:\\\/\\\/www.linkedin.com\\\/company\\\/colab-puc-minas\",\"https:\\\/\\\/www.youtube.com\\\/channel\\\/UC14mKIqnnGCOgVr4DG6FPkA\"]},{\"@type\":\"Person\",\"@id\":\"https:\\\/\\\/blogfca.pucminas.br\\\/colab\\\/#\\\/schema\\\/person\\\/2e1549dc5091ab5f7ce7d6c474366ab8\",\"name\":\"Karen Cristina\",\"image\":{\"@type\":\"ImageObject\",\"inLanguage\":\"pt-BR\",\"@id\":\"https:\\\/\\\/secure.gravatar.com\\\/avatar\\\/00e212e6a61dc95e8cef313c7cd848ddd3375380751fbb33054f4f81a6bf0c21?s=96&d=mm&r=g\",\"url\":\"https:\\\/\\\/secure.gravatar.com\\\/avatar\\\/00e212e6a61dc95e8cef313c7cd848ddd3375380751fbb33054f4f81a6bf0c21?s=96&d=mm&r=g\",\"contentUrl\":\"https:\\\/\\\/secure.gravatar.com\\\/avatar\\\/00e212e6a61dc95e8cef313c7cd848ddd3375380751fbb33054f4f81a6bf0c21?s=96&d=mm&r=g\",\"caption\":\"Karen Cristina\"},\"sameAs\":[\"https:\\\/\\\/www.instagram.com\\\/karen_olive13?igsh=MWdwbnV2cndncHU0\"],\"url\":\"https:\\\/\\\/blogfca.pucminas.br\\\/colab\\\/author\\\/karencristina\\\/\"}]}<\/script>\n<!-- \/ Yoast SEO plugin. -->","yoast_head_json":{"title":"Rumo ao ouro: conhe\u00e7a a paratleta Carol Moura - Colab","description":"Paratleta mineira revela os desafios e conquistas para chegar a Paris. A atleta \u00e9 a segunda colocada no ranking mundial de parataekwondo.","robots":{"index":"index","follow":"follow","max-snippet":"max-snippet:-1","max-image-preview":"max-image-preview:large","max-video-preview":"max-video-preview:-1"},"canonical":"https:\/\/blogfca.pucminas.br\/colab\/rumo-ao-ouro-saiba-mais-sobre-as-paralimpiadas-2024\/","og_locale":"pt_BR","og_type":"article","og_title":"Rumo ao ouro: conhe\u00e7a a paratleta Carol Moura - Colab","og_description":"Paratleta mineira revela os desafios e conquistas para chegar a Paris. A atleta \u00e9 a segunda colocada no ranking mundial de parataekwondo.","og_url":"https:\/\/blogfca.pucminas.br\/colab\/rumo-ao-ouro-saiba-mais-sobre-as-paralimpiadas-2024\/","og_site_name":"Colab","article_publisher":"https:\/\/www.facebook.com\/colabpucminas","article_published_time":"2024-07-01T17:33:56+00:00","article_modified_time":"2024-07-01T17:34:01+00:00","og_image":[{"width":799,"height":533,"url":"https:\/\/blogfca.pucminas.br\/colab\/wp-content\/uploads\/2024\/06\/Ana-Carolina-Moura-.jpg","type":"image\/jpeg"}],"author":"Karen Cristina","twitter_card":"summary_large_image","twitter_creator":"@colabpucminas","twitter_site":"@colabpucminas","twitter_misc":{"Escrito por":"Karen Cristina","Est. tempo de leitura":"8 minutos"},"schema":{"@context":"https:\/\/schema.org","@graph":[{"@type":"Article","@id":"https:\/\/blogfca.pucminas.br\/colab\/rumo-ao-ouro-saiba-mais-sobre-as-paralimpiadas-2024\/#article","isPartOf":{"@id":"https:\/\/blogfca.pucminas.br\/colab\/rumo-ao-ouro-saiba-mais-sobre-as-paralimpiadas-2024\/"},"author":{"name":"Karen Cristina","@id":"https:\/\/blogfca.pucminas.br\/colab\/#\/schema\/person\/2e1549dc5091ab5f7ce7d6c474366ab8"},"headline":"Rumo ao ouro: saiba mais sobre a prepara\u00e7\u00e3o para as Paralimp\u00edadas 2024","datePublished":"2024-07-01T17:33:56+00:00","dateModified":"2024-07-01T17:34:01+00:00","mainEntityOfPage":{"@id":"https:\/\/blogfca.pucminas.br\/colab\/rumo-ao-ouro-saiba-mais-sobre-as-paralimpiadas-2024\/"},"wordCount":1247,"commentCount":0,"publisher":{"@id":"https:\/\/blogfca.pucminas.br\/colab\/#organization"},"image":{"@id":"https:\/\/blogfca.pucminas.br\/colab\/rumo-ao-ouro-saiba-mais-sobre-as-paralimpiadas-2024\/#primaryimage"},"thumbnailUrl":"https:\/\/blogfca.pucminas.br\/colab\/wp-content\/uploads\/2024\/06\/Ana-Carolina-Moura-.jpg","keywords":["atletas","esporte paral\u00edmpico","olimpiadas"],"articleSection":["Esportes","Olimp\u00edadas"],"inLanguage":"pt-BR","potentialAction":[{"@type":"CommentAction","name":"Comment","target":["https:\/\/blogfca.pucminas.br\/colab\/rumo-ao-ouro-saiba-mais-sobre-as-paralimpiadas-2024\/#respond"]}]},{"@type":"WebPage","@id":"https:\/\/blogfca.pucminas.br\/colab\/rumo-ao-ouro-saiba-mais-sobre-as-paralimpiadas-2024\/","url":"https:\/\/blogfca.pucminas.br\/colab\/rumo-ao-ouro-saiba-mais-sobre-as-paralimpiadas-2024\/","name":"Rumo ao ouro: conhe\u00e7a a paratleta Carol Moura - Colab","isPartOf":{"@id":"https:\/\/blogfca.pucminas.br\/colab\/#website"},"primaryImageOfPage":{"@id":"https:\/\/blogfca.pucminas.br\/colab\/rumo-ao-ouro-saiba-mais-sobre-as-paralimpiadas-2024\/#primaryimage"},"image":{"@id":"https:\/\/blogfca.pucminas.br\/colab\/rumo-ao-ouro-saiba-mais-sobre-as-paralimpiadas-2024\/#primaryimage"},"thumbnailUrl":"https:\/\/blogfca.pucminas.br\/colab\/wp-content\/uploads\/2024\/06\/Ana-Carolina-Moura-.jpg","datePublished":"2024-07-01T17:33:56+00:00","dateModified":"2024-07-01T17:34:01+00:00","description":"Paratleta mineira revela os desafios e conquistas para chegar a Paris. A atleta \u00e9 a segunda colocada no ranking mundial de parataekwondo.","breadcrumb":{"@id":"https:\/\/blogfca.pucminas.br\/colab\/rumo-ao-ouro-saiba-mais-sobre-as-paralimpiadas-2024\/#breadcrumb"},"inLanguage":"pt-BR","potentialAction":[{"@type":"ReadAction","target":["https:\/\/blogfca.pucminas.br\/colab\/rumo-ao-ouro-saiba-mais-sobre-as-paralimpiadas-2024\/"]}]},{"@type":"ImageObject","inLanguage":"pt-BR","@id":"https:\/\/blogfca.pucminas.br\/colab\/rumo-ao-ouro-saiba-mais-sobre-as-paralimpiadas-2024\/#primaryimage","url":"https:\/\/blogfca.pucminas.br\/colab\/wp-content\/uploads\/2024\/06\/Ana-Carolina-Moura-.jpg","contentUrl":"https:\/\/blogfca.pucminas.br\/colab\/wp-content\/uploads\/2024\/06\/Ana-Carolina-Moura-.jpg","width":799,"height":533,"caption":"Carol Moura com medalha de ouro \/ cr\u00e9dito: reprodu\u00e7\u00e3o"},{"@type":"BreadcrumbList","@id":"https:\/\/blogfca.pucminas.br\/colab\/rumo-ao-ouro-saiba-mais-sobre-as-paralimpiadas-2024\/#breadcrumb","itemListElement":[{"@type":"ListItem","position":1,"name":"In\u00edcio","item":"https:\/\/blogfca.pucminas.br\/colab\/"},{"@type":"ListItem","position":2,"name":"Rumo ao ouro: saiba mais sobre a prepara\u00e7\u00e3o para as Paralimp\u00edadas 2024"}]},{"@type":"WebSite","@id":"https:\/\/blogfca.pucminas.br\/colab\/#website","url":"https:\/\/blogfca.pucminas.br\/colab\/","name":"Colab","description":"Experimenta\u00e7\u00e3o, conte\u00fado e colabora\u00e7\u00e3o em Jornalismo Digital","publisher":{"@id":"https:\/\/blogfca.pucminas.br\/colab\/#organization"},"potentialAction":[{"@type":"SearchAction","target":{"@type":"EntryPoint","urlTemplate":"https:\/\/blogfca.pucminas.br\/colab\/?s={search_term_string}"},"query-input":{"@type":"PropertyValueSpecification","valueRequired":true,"valueName":"search_term_string"}}],"inLanguage":"pt-BR"},{"@type":"Organization","@id":"https:\/\/blogfca.pucminas.br\/colab\/#organization","name":"Colab :: Laborat\u00f3rio de Comunica\u00e7\u00e3o Digital da FCA \/ PUC Minas","url":"https:\/\/blogfca.pucminas.br\/colab\/","logo":{"@type":"ImageObject","inLanguage":"pt-BR","@id":"https:\/\/blogfca.pucminas.br\/colab\/#\/schema\/logo\/image\/","url":"https:\/\/blogfca.pucminas.br\/colab\/wp-content\/uploads\/2020\/03\/Avatar-Colab.jpg","contentUrl":"https:\/\/blogfca.pucminas.br\/colab\/wp-content\/uploads\/2020\/03\/Avatar-Colab.jpg","width":1682,"height":1682,"caption":"Colab :: Laborat\u00f3rio de Comunica\u00e7\u00e3o Digital da FCA \/ PUC Minas"},"image":{"@id":"https:\/\/blogfca.pucminas.br\/colab\/#\/schema\/logo\/image\/"},"sameAs":["https:\/\/www.facebook.com\/colabpucminas","https:\/\/x.com\/colabpucminas","https:\/\/www.instagram.com\/colabpucminas\/","https:\/\/www.linkedin.com\/company\/colab-puc-minas","https:\/\/www.youtube.com\/channel\/UC14mKIqnnGCOgVr4DG6FPkA"]},{"@type":"Person","@id":"https:\/\/blogfca.pucminas.br\/colab\/#\/schema\/person\/2e1549dc5091ab5f7ce7d6c474366ab8","name":"Karen Cristina","image":{"@type":"ImageObject","inLanguage":"pt-BR","@id":"https:\/\/secure.gravatar.com\/avatar\/00e212e6a61dc95e8cef313c7cd848ddd3375380751fbb33054f4f81a6bf0c21?s=96&d=mm&r=g","url":"https:\/\/secure.gravatar.com\/avatar\/00e212e6a61dc95e8cef313c7cd848ddd3375380751fbb33054f4f81a6bf0c21?s=96&d=mm&r=g","contentUrl":"https:\/\/secure.gravatar.com\/avatar\/00e212e6a61dc95e8cef313c7cd848ddd3375380751fbb33054f4f81a6bf0c21?s=96&d=mm&r=g","caption":"Karen Cristina"},"sameAs":["https:\/\/www.instagram.com\/karen_olive13?igsh=MWdwbnV2cndncHU0"],"url":"https:\/\/blogfca.pucminas.br\/colab\/author\/karencristina\/"}]}},"amp_enabled":true,"_links":{"self":[{"href":"https:\/\/blogfca.pucminas.br\/colab\/wp-json\/wp\/v2\/posts\/16875","targetHints":{"allow":["GET"]}}],"collection":[{"href":"https:\/\/blogfca.pucminas.br\/colab\/wp-json\/wp\/v2\/posts"}],"about":[{"href":"https:\/\/blogfca.pucminas.br\/colab\/wp-json\/wp\/v2\/types\/post"}],"author":[{"embeddable":true,"href":"https:\/\/blogfca.pucminas.br\/colab\/wp-json\/wp\/v2\/users\/95"}],"replies":[{"embeddable":true,"href":"https:\/\/blogfca.pucminas.br\/colab\/wp-json\/wp\/v2\/comments?post=16875"}],"version-history":[{"count":8,"href":"https:\/\/blogfca.pucminas.br\/colab\/wp-json\/wp\/v2\/posts\/16875\/revisions"}],"predecessor-version":[{"id":17031,"href":"https:\/\/blogfca.pucminas.br\/colab\/wp-json\/wp\/v2\/posts\/16875\/revisions\/17031"}],"wp:featuredmedia":[{"embeddable":true,"href":"https:\/\/blogfca.pucminas.br\/colab\/wp-json\/wp\/v2\/media\/16883"}],"wp:attachment":[{"href":"https:\/\/blogfca.pucminas.br\/colab\/wp-json\/wp\/v2\/media?parent=16875"}],"wp:term":[{"taxonomy":"category","embeddable":true,"href":"https:\/\/blogfca.pucminas.br\/colab\/wp-json\/wp\/v2\/categories?post=16875"},{"taxonomy":"post_tag","embeddable":true,"href":"https:\/\/blogfca.pucminas.br\/colab\/wp-json\/wp\/v2\/tags?post=16875"}],"curies":[{"name":"wp","href":"https:\/\/api.w.org\/{rel}","templated":true}]}}