{"id":13168,"date":"2023-06-09T09:00:53","date_gmt":"2023-06-09T12:00:53","guid":{"rendered":"https:\/\/blogfca.pucminas.br\/colab\/?p=13168"},"modified":"2023-06-09T09:00:58","modified_gmt":"2023-06-09T12:00:58","slug":"conheca-historias-do-empreendedorismo-jovem-no-brasil","status":"publish","type":"post","link":"https:\/\/blogfca.pucminas.br\/colab\/conheca-historias-do-empreendedorismo-jovem-no-brasil\/","title":{"rendered":"Conhe\u00e7a hist\u00f3rias do empreendedorismo jovem no Brasil"},"content":{"rendered":"\n<p>Segundo o <a href=\"https:\/\/sebrae.com.br\/sites\/PortalSebrae\/ufs\/ac\/artigos\/empreendedorismo-e-inovacao,a680ce1f53b9d710VgnVCM100000d701210aRCRD#:~:text=O%20termo%20empreendedorismo%20se%20refere,que%20j%C3%A1%20exista%20no%20mercado.\" target=\"_blank\" rel=\"noreferrer noopener\">Servi\u00e7o Brasileiro de Apoio \u00e0s Micros e Pequenas Empresas (SEBRAE)<\/a>, o termo empreendedorismo se refere \u00e0 habilidade que um empreendedor tem para solucionar problemas, gerar oportunidades, criar solu\u00e7\u00f5es e investir na cria\u00e7\u00e3o de ideias relevantes para seu p\u00fablico e sociedade. Essa pr\u00e1tica ganhou relev\u00e2ncia a partir da segunda metade dos anos 2000, relacionada, principalmente, \u00e0 globaliza\u00e7\u00e3o do mundo dos neg\u00f3cios e ao desenvolvimento de novas tecnologias.\u00a0<\/p>\n\n\n\n<p>Rachel Dornelas, analista de Educa\u00e7\u00e3o e Empreendedorismo do SEBRAE Minas, concorda com a defini\u00e7\u00e3o proposta pela entidade. <\/p>\n\n\n\n<blockquote class=\"wp-block-quote is-layout-flow wp-block-quote-is-layout-flow\">\n<p>Empreender \u00e9 transformar realidades daquele que empreende e do seu entorno. \u00c9 identificar o problema e, a partir da\u00ed, propor solu\u00e7\u00f5es vi\u00e1veis que poder\u00e3o ser totalmente novas  para aquela situa\u00e7\u00e3o ou territ\u00f3rio\u201d.<\/p>\n<cite>Rachel Dornelas, Sebrae Minas<\/cite><\/blockquote>\n\n\n\n<p>Dados sobre empreendedorismo jovem do site <a href=\"https:\/\/novonegocio.com.br\/empreendedorismo\/empreendedorismo-jovem\/\" target=\"_blank\" rel=\"noreferrer noopener\">Novo Neg\u00f3cio<\/a> indicam que a pr\u00e1tica empreendedora por indiv\u00edduos na faixa et\u00e1ria entre 18 e 24 anos, n\u00e3o \u00e9 t\u00e3o recente assim. H\u00e1 registros de pessoas com menos de 30 anos de idade que j\u00e1 empreendiam durante a Revolu\u00e7\u00e3o Industrial, que foi o per\u00edodo em que o sistema capitalista foi instalado na maioria dos pa\u00edses, surgindo demandas e gerando a necessidade da cria\u00e7\u00e3o de novos neg\u00f3cios para fazer a economia girar na sociedade.<\/p>\n\n\n\n<figure class=\"wp-block-pullquote has-gridlove-acc-color has-text-color\"><blockquote><p><a href=\"https:\/\/datasebrae.com.br\/wp-content\/uploads\/2022\/02\/GEM-2021_5050_UGE_OFICIAL_Leve.pdf\">Segundo o estudo <strong>Empreendedorismo Jovem no Brasil<\/strong>, realizado pelo SEBRAE, baseado em dados do IBGE, no segundo trimestre de 2021, aproximadamente 1,9 milh\u00e3o de brasileiros se declarava jovens empreendedores . <\/a><\/p><\/blockquote><\/figure>\n\n\n\n<div class=\"flourish-embed flourish-chart\" data-src=\"visualisation\/13700088\"><script src=\"https:\/\/public.flourish.studio\/resources\/embed.js\"><\/script><\/div>\n\n\n\n<p class=\"has-gridlove-cat-6-color has-text-color\">No gr\u00e1fico, destaca-se uma queda da porcentagem entre os anos de 2016 a 2020, de 7,2% a 5,8%. Por\u00e9m, no ano seguinte (2021), o movimento de jovens empreendedores volta a crescer, alcan\u00e7ando 6,8%.<\/p>\n\n\n\n<h2 class=\"wp-block-heading\">Perfil do empreendedorismo jovem brasileiro<\/h2>\n\n\n\n<p>Os pequenos neg\u00f3cios possuem diferentes caracter\u00edsticas ao longo do pa\u00eds. <a href=\"https:\/\/www.sebrae.com.br\/Sebrae\/Portal%20Sebrae\/Sebrae%2050+50\/Not%C3%ADcias\/atlas-sebrae-jun-2022%20(3).pdf\" target=\"_blank\" rel=\"noreferrer noopener\">Dados retirados do SEBRAE <\/a>apontam que a regi\u00e3o Norte possui uma das maiores propor\u00e7\u00f5es dos empreendedores jovens, sendo 40% em Roraima, 84% no Amazonas e no Acre. No Nordeste, com o \u00edndice de 37%, o Sergipe \u00e9 um dos Estados com mais mulheres donas de neg\u00f3cios . J\u00e1 no Centro-Oeste, o Distrito Federal tem uma das maiores propor\u00e7\u00f5es de donos de neg\u00f3cios com ensino superior (30%). A regi\u00e3o Sul comporta os empreendedores que est\u00e3o h\u00e1 mais tempo \u00e0 frente de um neg\u00f3cio, ao menos dois anos &#8211; s\u00f3 no Rio Grande do Sul, s\u00e3o 83%. Na regi\u00e3o Sudeste, 40% deles est\u00e3o nos estados de Minas Gerais, S\u00e3o Paulo e Rio de Janeiro.<\/p>\n\n\n\n<p>Rachel Dornelas, acredita que o perfil do empreendedor depende do recorte social. \u201c\u00c9 uma informa\u00e7\u00e3o importante entendermos de onde vem esse jovem para entender qual ser\u00e1 sua jornada empreendedora, se ele tem uma rede de apoio que o permitir\u00e1 arriscar mais ou menos, se ele ter\u00e1 investimentos que lhe dar\u00e3o oportunidades de iniciar neg\u00f3cios mais ou menos complexos\u201d. <\/p>\n\n\n\n<p>A analista acrescenta que uma quest\u00e3o que seria comum aos jovens \u00e9 a vontade de fazer a diferen\u00e7a, de ser protagonista de gerar impacto em sua sociedade e de ter mais coragem ou ousadia, considerando que os jovens come\u00e7am a empreender antes dos 30 anos e, geralmente, n\u00e3o t\u00eam muitas contas para pagar, filhos ou pessoas dependentes.  <\/p>\n\n\n\n<div style=\"width:100%;height:0;padding-bottom:100%;position:relative;\"><iframe loading=\"lazy\" src=\"https:\/\/giphy.com\/embed\/JzTJVU8O1cW625JZgX\" width=\"100%\" height=\"100%\" style=\"position:absolute\" frameBorder=\"0\" class=\"giphy-embed\" allowFullScreen><\/iframe><\/div><p><a href=\"https:\/\/giphy.com\/gifs\/empreendedorismo-jovem-no-computador-JzTJVU8O1cW625JZgX\">via GIPHY<\/a><\/p>\n\n\n\n<h2 class=\"wp-block-heading has-text-align-center has-very-light-gray-to-cyan-bluish-gray-gradient-background has-background has-large-font-size\">Voc\u00ea tem o perfil para ser um jovem empreendedor de sucesso?<br>Fa\u00e7a o<a href=\"https:\/\/pt.quizur.com\/quiz\/voce-tem-o-perfil-empreendedor-TuNU\" target=\"_blank\" rel=\"noreferrer noopener\"> teste <\/a>e descubra! <\/h2>\n\n\n\n<h2 class=\"wp-block-heading\">Import\u00e2ncia Social e Econ\u00f4mica<\/h2>\n\n\n\n<h3 class=\"wp-block-heading\">Impactos  e import\u00e2ncia do empreendedorismo na economia<\/h3>\n\n\n\n<p>Fernando Santos Eduardo, professor de Publicidade e Propaganda e Coordenador do Curso de Tecn\u00f3logo em Com\u00e9rcio Exterior do ICEG (Escola de Neg\u00f3cios da PUC Minas) afirma que o empreendedorismo \u00e9 uma atividade muito importante para o desenvolvimento da&nbsp; economia do pa\u00eds. \u201cO Brasil \u00e9 um dos maiores pa\u00edses empreendedores do mundo, talvez estando no <a href=\"https:\/\/static.poder360.com.br\/2022\/03\/sebrae-empreendedorismo-24mar2022.pdf\" target=\"_blank\" rel=\"noreferrer noopener\">ranking<\/a> dos 5 maiores empreendedores do mundo devido a essa caracter\u00edstica de adaptabilidade, de mudan\u00e7a e de todos esses processos de estabilidade econ\u00f4mica ao longo dos anos da economia brasileira, ent\u00e3o, o brasileiro acaba tendo essa veia empreendedora\u201d.<\/p>\n\n\n\n<p>O professor ainda destaca que os\u00a0 brasileiro se sobressaem nessa atividade tendo em vista as\u00a0 caracter\u00edsticas que s\u00e3o atribu\u00eddas a esse povo.\u00a0\u201cTemos no Brasil uma caracter\u00edstica muito interessante que \u00e9 o empreendedorismo por necessidade, uma vez que o brasileiro se adapta muito bem \u00e0 novas situa\u00e7\u00f5es, \u201cse vira\u201d para ter o seu pr\u00f3prio neg\u00f3cio, ent\u00e3o a criatividade est\u00e1 aflorada, isso tamb\u00e9m \u00e9 uma caracter\u00edstica marcante do povo brasileiro comparado com outras culturas pelo mundo\u201d.<\/p>\n\n\n\n<h3 class=\"wp-block-heading\">Impactos de aspecto social do empreendedorismo jovem <\/h3>\n\n\n\n<p>A analista Rachel Dornelas concorda que o empreendedorismo tem um impacto ben\u00e9fico na economia do pa\u00eds, mas ela tamb\u00e9m comenta as implica\u00e7\u00f5es dessa atividade no \u00e2mbito social. \u201cA inser\u00e7\u00e3o do jovem no mercado encontra muitas barreiras devido \u00e0 falta de experi\u00eancia e, ainda, a baixa escolaridade. Diante disso, o empreendedorismo jovem tem grande impacto na sociedade pois promove a inser\u00e7\u00e3o do jovens no mercado de trabalho que, a partir dessa primeira experi\u00eancia, ganha maturidade para seguir com a carreira empreendedora ou tentar novas possibilidades no mercado de trabalho\u201d.<\/p>\n\n\n\n<h2 class=\"wp-block-heading\">As diferen\u00e7as do empreendedorismo entre gera\u00e7\u00f5es <\/h2>\n\n\n\n<p>Pedro Augusto Assis, doutor em Administra\u00e7\u00e3o pela Pontif\u00edcia Universidade Cat\u00f3lica de Minas (PUC Minas) e professor da Escola do SEBRAE-MG, aponta que h\u00e1 uma mudan\u00e7a na forma de empreender em virtude da experi\u00eancia vivida ao longo do tempo. Segundo ele, o mercado \u00e9 din\u00e2mico e as mudan\u00e7as s\u00e3o cada vez mais velozes e que \u00e9 necess\u00e1rio aprender constantemente para minimizar os riscos. \u201cOs empreendedores nascentes erram muito e aprendem com os pr\u00f3prios erros e com os erros dos outros. Com a maturidade do neg\u00f3cio e do empreendedor, ele passa a ser mais cauteloso, e assertivo com suas tomadas de decis\u00f5es. Mas nada garante o sucesso para sempre\u201d, alerta<\/p>\n\n\n\n<h2 class=\"wp-block-heading\">O jovem empreende mais por necessidade ou por oportunidade ? <\/h2>\n\n\n\n<p>Jovens entrevistados pela reportagem se dividem entre aqueles que empreendem por necessidade e os que fazem isso por oportunidade. De acordo com Pedro Augusto Assis, a taxa de empreendedorismo por oportunidade est\u00e1 crescendo no pa\u00eds, levando em conta o n\u00edvel de escolaridade brasileira.<\/p>\n\n\n\n<p>Dornelas, apesar de informar que no Brasil atualmente o empreendedorismo jovem por necessidade \u00e9 mais praticado em rela\u00e7\u00e3o ao por oportunidade, levando em conta caracter\u00edsticas que perpassam os nichos do pr\u00f3prio empreendedorismo, concorda com o que foi dito por Pedro Augusto: \u201cNo entanto, \u00e0 medida que a educa\u00e7\u00e3o empreendedora vem sendo inserida nos curr\u00edculos escolares e a cultura empreendedora seja disseminada nos territ\u00f3rios, os indiv\u00edduos v\u00e3o identificando oportunidades, buscando solu\u00e7\u00e3o de problemas e transformando o capital empreendedor da sociedade\u201d.\u00a0\u00a0<\/p>\n\n\n\n<h2 class=\"wp-block-heading\">O uso das m\u00eddias sociais <\/h2>\n\n\n\n<p>De acordo com <a href=\"https:\/\/bibliotecas.sebrae.com.br\/chronus\/ARQUIVOS_CHRONUS\/bds\/bds.nsf\/d479c8cbe9240a25fbfc3e9f00edda84\/$File\/31055.pdf\" target=\"_blank\" rel=\"noreferrer noopener\">pesquisa do Sebrae de 2021,<\/a> sobre o impacto da Covid-19, 70% dos micro e pequenos neg\u00f3cios j\u00e1 usam m\u00eddias sociais, aplicativos ou outros recursos online para potencializar suas vendas. O WhatsApp \u00e9 a ferramenta mais popular, com 84% de adeptos. Al\u00e9m de trocar mensagens instant\u00e2neas com clientes, o empreendedor pode apresentar cat\u00e1logos de servi\u00e7os e ofertar links para pagamentos online. Na sequ\u00eancia, Instagram e Facebook aparecem com 51% e 42% de ades\u00e3o, respectivamente. A cria\u00e7\u00e3o de um site pr\u00f3prio para e-commerce ainda \u00e9 pequena, com 23% das empresas investindo nessa tend\u00eancia.<\/p>\n\n\n\n<blockquote class=\"wp-block-quote is-layout-flow wp-block-quote-is-layout-flow\">\n<p>As redes sociais aceleram os processos de relacionamento com o mercado, ajudando a identificar e selecionar melhor os clientes e p\u00fablicos. Quem investe em marketing digital, certamente colher\u00e1 frutos no futuro bem breve\u201d reflete o doutor em Administra\u00e7\u00e3o Pedro Augusto de Assis&nbsp;<\/p>\n<cite>Pedro Augusto de Assis, professor da Escola do SEBRAE<\/cite><\/blockquote>\n\n\n\n<p>Rachel Dornelas alega que as transforma\u00e7\u00f5es da sociedade refletem em todas as atividades econ\u00f4micas, e que assim, o empreendedorismo jovem tende a ser mais frequente, j\u00e1 que os jovens buscam autonomia mais cedo e desenvolvem mais empreendimentos com base digital apesar de ainda e muito em neg\u00f3cios tradicionais principalmente na \u00e1rea de servi\u00e7os que n\u00e3o requerem uma especializa\u00e7\u00e3o muito complexa.\u00a0\u00a0\u00a0<\/p>\n\n\n\n<p>Diante dessa premissa, iniciativas como o <a href=\"https:\/\/agenciasebrae.com.br\/cultura-empreendedora\/educacao\/desafio-liga-jovem-busca-transformar-estudantes-em-agentes-de-mudanca-da-realidade\/\" target=\"_blank\" rel=\"noreferrer noopener\">Desafio Liga Jovem<\/a>, do Sebrae em parceria com o <a href=\"https:\/\/ideiasdefuturo.com\/\" target=\"_blank\" rel=\"noreferrer noopener\">Instituto Ideias de Futuro<\/a>, buscam promover a dissemina\u00e7\u00e3o do conhecimento e confirmam a import\u00e2ncia da informa\u00e7\u00e3o para o desenvolvimento dos jovens. No Desafio, jovens t\u00eam a oportunidade de apresentar seus projetos de neg\u00f3cio na maior competi\u00e7\u00e3o nacional entre jovens empreendedores a partir do uso da tecnologia. O evento conta com oficinas espec\u00edficas certificadas para ONGs, associa\u00e7\u00f5es comunit\u00e1rias e outras organiza\u00e7\u00f5es. O p\u00fablico alvo s\u00e3o estudantes a partir do 9\u00b0 ano do Ensino Fundamental at\u00e9 o final do Ensino M\u00e9dio, entre 13 e 18 anos.<\/p>\n\n\n\n<h3 class=\"wp-block-heading has-text-align-center\">Para mais informa\u00e7\u00f5es e para participar da pr\u00f3xima edi\u00e7\u00e3o <a href=\"https:\/\/www.institutoidf.org\/desafioligajovem\/\">clique aqui<\/a>.<\/h3>\n\n\n\n<h2 class=\"wp-block-heading\">Forma\u00e7\u00e3o empreendedora <\/h2>\n\n\n\n<p>A Base Nacional Comum Curricular (BNCC) reconhece o ensino empreendedor como essencial na educa\u00e7\u00e3o b\u00e1sica.\u00a0Por\u00e9m, uma <a href=\"https:\/\/datasebrae.com.br\/wp-content\/uploads\/2019\/09\/3.-Apresenta%C3%A7%C3%A3o-Rafael-Camelo.pdf\" target=\"_blank\" rel=\"noreferrer noopener\">pesquisa<\/a> feita em 2022 pelo SEBRAE e pela Funda\u00e7\u00e3o Roberto Marinho, em parceria com professores de todo o Brasil, aponta que 56% dos educadores entrevistados ainda n\u00e3o tentou aplicar essa metodologia em sala de aula. Para 46% deles, a falta de tempo para inclus\u00e3o deste tema no conte\u00fado obrigat\u00f3rio \u00e9 o principal obst\u00e1culo e 40% indicam a falta de interdisciplinaridade como uma das barreiras e somente 25% dos professores ouvidos afirmam conhecer muito sobre o tema.<\/p>\n\n\n\n<p>Para Pedro Augusto Assim, o foco dos jovens brasileiros est\u00e1 mais voltado para gerir pequenas empresas com um pequeno volume de investimentos: &#8220;A educa\u00e7\u00e3o empreendedora avan\u00e7ou, mas ainda n\u00e3o \u00e9 suficiente, para gerar uma cultura empreendedora na classe de jovens brasileiros\u201d, afirma Pedro Augusto Assis.\u00a0<\/p>\n\n\n\n<p>Atualmente, tendo em vista o crescimento da atividade no mercado, est\u00e3o sendo criadas diversas faculdades, iniciativas e cursos que est\u00e3o focando no empreendedorismo abrindo um leque para aqueles que n\u00e3o se encaixam no meio acad\u00eamico. Muitas escolas e cursos focados na capacita\u00e7\u00e3o e forma\u00e7\u00e3o de jovens empreendedores est\u00e3o se tornando institui\u00e7\u00f5es de relev\u00e2ncia para essa atividade. Dentre elas, podemos citar:<\/p>\n\n\n\n<ul class=\"wp-block-list\">\n<li><strong><a href=\"https:\/\/escoladosebrae.com.br\/\" target=\"_blank\" rel=\"noreferrer noopener\">Escola de Neg\u00f3cios do SEBRAE<\/a><\/strong>, que deseja mudar o cen\u00e1rio do empreendedorismo brasileiro, oferecendo aulas focados em diversos temas dentro da \u00e1rea de neg\u00f3cios;<\/li>\n\n\n\n<li><strong><a href=\"https:\/\/escolasaopaulo.org\/\" target=\"_blank\" rel=\"noreferrer noopener\">Escola S\u00e3o Paulo<\/a><\/strong>, que foca na economia criativa utilizando de novas metodologias e com cursos que abordam temas importantes e atuais;<\/li>\n\n\n\n<li><strong><a href=\"https:\/\/descola.org\/\" target=\"_blank\" rel=\"noreferrer noopener\">Descola<\/a><\/strong>, uma escola desconstru\u00edda que aposta em uma aprendizagem diferente das convencionais, e entre outras. <\/li>\n<\/ul>\n\n\n\n<blockquote class=\"wp-block-quote is-layout-flow wp-block-quote-is-layout-flow\">\n<p>Recentemente o Brasil tem buscado adotar dentro das suas escolas de neg\u00f3cios, algumas modalidades de transformar esse ensino, num ensino mais voltado para o empreendedorismo, para o desenvolvimento dessas habilidades competentes&#8221;.<\/p>\n<cite>Fernando Santos Eduardo, professor da PUC Minas<\/cite><\/blockquote>\n\n\n\n<h2 class=\"wp-block-heading\">O\u00a0 empreendedorismo jovem pode ser um dos motivos de uma evas\u00e3o escolar ? <\/h2>\n\n\n\n<div class=\"flourish-embed flourish-chart\" data-src=\"visualisation\/13978991\"><script src=\"https:\/\/public.flourish.studio\/resources\/embed.js\"><\/script><\/div>\n\n\n\n<p class=\"has-gridlove-cat-6-color has-text-color\">No gr\u00e1fico, \u00e9 poss\u00edvel observar que a taxa de jovens empreendedores que s\u00e3o formados no ensino m\u00e9dio sofreu um aumento de 2016 at\u00e9 2020 e se estagnou no mesmo valor no ano seguinte. J\u00e1 em rela\u00e7\u00e3o aos que n\u00e3o se formaram no segundo grau, a porcentagem entre 2016 e 2019 se encontrava em valores um pouco acima de 50. Por\u00e9m, no ano de 2020, cai para 49 e, em 2021, continua o mesmo n\u00famero. <\/p>\n\n\n\n<p>Pedro Augusto Assis aponta que quando um jovem deixa a escola para empreender, o risco de insucesso \u00e9 alto. \u201cUm dos grandes avan\u00e7os do empreendedorismo no Brasil est\u00e1 associado com o avan\u00e7o do n\u00edvel de escolaridade. Identificar problemas e propor solu\u00e7\u00f5es est\u00e1 cada vez mais dif\u00edcil, em virtude das novas tecnologias. N\u00e3o \u00e9 uma m\u00e1gica, \u00e9 muito trabalho, estudo, pesquisa e experi\u00eancia vivida\u201d.<\/p>\n\n\n\n<p>A analista Rachel Dornelas refor\u00e7a que a sa\u00edda precoce da escola pode comprometer a sua maturidade como empreendedor e a forma\u00e7\u00e3o de seu capital intelectual e cultural. \u201cA escola \u00e9 um espa\u00e7o em que o jovem aprende muito mais que os conte\u00fados da grade curricular, ele vai aprender a socializar, a negociar, a ouvir, a se comunicar, a lidar com frustra\u00e7\u00f5es, al\u00e9m disso, ele poder\u00e1 se utilizar dos colegas e professores&nbsp; para modelar, validar e disseminar seu neg\u00f3cio e, ainda, a fortalecer sua rede de contatos\u201d.<\/p>\n\n\n\n<h2 class=\"wp-block-heading\">Os desafios de  empreender na juventude <\/h2>\n\n\n\n<p>Um levantamento feito pela <a href=\"https:\/\/g1.globo.com\/economia\/pme\/noticia\/2021\/06\/23\/60percent-dos-jovens-com-ate-30-anos-querem-ser-empreendedores-mostra-levantamento.ghtml\" target=\"_blank\" rel=\"noreferrer noopener\">Globo <\/a>\u00a0mostra que 24% dos jovens das classes A, B e C com at\u00e9 30 anos s\u00e3o empreendedores e 60% querem ter um neg\u00f3cio pr\u00f3prio no futuro. Por\u00e9m ter o seu pr\u00f3prio empreendimento no pa\u00eds n\u00e3o \u00e9 t\u00e3o f\u00e1cil.\u00a0<\/p>\n\n\n\n<p>Burocracia, lidar com a inexperi\u00eancia, calcular os custos da empresa e conseguir o capital para abrir o neg\u00f3cio, competir com grande empresas, obter credibilidade e tornar sua empresa conhecida no mercado, saber lidar com os funcion\u00e1rios, saber planejar e usar a publicidade s\u00e3o alguns dos desafios relatados no artigo do <a href=\"https:\/\/www.fcdl-sc.org.br\/fcdl-noticias\/os-13-maiores-desafios-de-empreendedores-iniciantes\/\" target=\"_blank\" rel=\"noreferrer noopener\">portal da \u00a0Federa\u00e7\u00e3o das C\u00e2maras de Dirigentes Lojistas de Santa Catarina (Portal FDCL\/SC).\u00a0<\/a><\/p>\n\n\n\n<p>A burocracia e a alta carga tribut\u00e1ria s\u00e3o o que mais incomoda os jovens que sentem que n\u00e3o existe pol\u00edticas p\u00fablicas o suficiente para que a rela\u00e7\u00e3o entre governo e esse grupo seja melhorada.\u00a0A internet, o SEBRAE e consultorias especializadas s\u00e3o citados como fontes de apoio dos novos empreendedores.\u00a0Al\u00e9m dos desafios citados, existem tamb\u00e9m os institucionalizados, como por exemplo, a diferen\u00e7a entre g\u00eaneros, regi\u00f5es, etnias, entre outros.\u00a0<\/p>\n\n\n\n<p>Um levantamento realizado pela <a href=\"https:\/\/conaje.com.br\/projetos\/Pesquisa-do-Perfil-do-Jovem-Empreendedor-Brasileiro\/\" target=\"_blank\" rel=\"noreferrer noopener\">Confedera\u00e7\u00e3o Nacional de Jovens Empres\u00e1rios (CONAJE<\/a>), o <strong>Perfil do Jovem Empreendedor Brasileiro<\/strong>, realizado com mais de 5 mil jovens na faixa et\u00e1ria entre 18 e 39 anos, mostra que 65% deles s\u00e3o homens e apenas 35% s\u00e3o mulheres. As mulheres apresentam um n\u00famero menor pois, come\u00e7am a empreender mais tarde al\u00e9m de se prepararem mais.\u00a0Outro dado destacado \u00e9 o de regionaliza\u00e7\u00e3o, dos participantes da pesquisa \u00a0participantes desta pesquisa, 49,5% est\u00e3o domiciliados na regi\u00e3o Sudeste, 21,9% no Sul, 15,6% no Nordeste, 4,3% no Norte e 8,8% no Centro-Oeste, destacando as desigualdades territoriais brasileiras.<\/p>\n\n\n\n<h2 class=\"wp-block-heading\">O futuro do empreendedorismo jovem<\/h2>\n\n\n\n<h3 class=\"wp-block-heading\">Impactos  dessa pr\u00e1tica <\/h3>\n\n\n\n<p>Mesmo com a pandemia de Covid 19, que poderia ter desmotivado muitas pessoas a abrir seu pr\u00f3prio neg\u00f3cio, o n\u00famero de jovens empreendedores continuou a crescer. Uma<a href=\"https:\/\/www.ipea.gov.br\/cartadeconjuntura\/index.php\/2021\/07\/trabalho-remoto-no-brasil-em-2020-sob-a-pandemia-do-covid-19-quem-quantos-e-onde-estao\/\" target=\"_blank\" rel=\"noreferrer noopener\"> pesquisa <\/a>feita pelo Instituto de Pesquisa Econ\u00f4mica Aplicada (IPEA) em 2020\u00a0aponta que neste ano, mesmo com o <em>lockdown <\/em>e a pandemia, o n\u00famero de pessoas de at\u00e9 30 anos que se tornaram donos dos seus pr\u00f3prios neg\u00f3cios cresceu 15%.\u00a0<\/p>\n\n\n\n<p>\u201cO empreendedorismo impacta socialmente e economicamente a sociedade, gerando oportunidades de crescimento para todos. H\u00e1 investimentos por parte do governo e outras entidades que fazem parte do \u201cecossistema de empreendedorismo e inova\u00e7\u00e3o\u201d, o que pode favorecer no longo prazo o desenvolvimento econ\u00f4mico e social\u201d opina Pedro Augusto de Assis.<\/p>\n\n\n\n<h3 class=\"wp-block-heading\">Como ser\u00e1 o futuro do empreendedorismo jovem no Brasil ? <\/h3>\n\n\n\n<p>Rachel Dornelas, assim como Pedro Assis, v\u00ea um futuro promissor para essa pr\u00e1tica no pa\u00eds, inclusive atribuindo a ela o papel de um dos principais fatores para o desenvolvimento e a prosperidade da economia brasileira nos pr\u00f3ximos anos. \u201cO empreendedorismo tende a ser uma atividade crescente no Brasil, tanto pela dificuldade de acesso ao mercado de trabalho quanto ao poder influenciador que empreendedores e empreendedoras de sucesso t\u00eam sobre as gera\u00e7\u00f5es mais novas. Desta forma, o empreendedorismo ser\u00e1 uma atividade fundamental para manter a sociedade em um caminho de prosperidade econ\u00f4mica\u201d nos conta a analista do SEBRAE.\u00a0<\/p>\n\n\n\n<h2 class=\"wp-block-heading\">Ou\u00e7a hist\u00f3rias de empreendedorismo jovem no ColabCast<\/h2>\n\n\n\n<p>Depois de entender melhor o que \u00e9 e como funciona o empreendedorismo, que tal conhecer algumas hist\u00f3rias inspiradoras de jovens empreendedores?<\/p>\n\n\n\n<p>Ou\u00e7a no Spotify ou em seu tocador de podcasts preferido a s\u00e9rie <strong>Empreendedorismo Jovem<\/strong>, no ColabCast:<\/p>\n\n\n\n<iframe style=\"border-radius:12px\" src=\"https:\/\/open.spotify.com\/embed\/episode\/7kMFJBfD0scIXHutWQqlEJ?utm_source=generator\" width=\"100%\" height=\"152\" frameBorder=\"0\" allowfullscreen=\"\" allow=\"autoplay; clipboard-write; encrypted-media; fullscreen; picture-in-picture\" loading=\"lazy\"><\/iframe>\n\n\n\n<pre class=\"wp-block-verse\">Reportagem produzida por Al\u00edcia Resende, Amanda Amorim e Hadassa Vict\u00f3ria Lacerda, na disciplina Laborat\u00f3rio de Jornalismo Digital, no semestre 2023\/1, sob a supervis\u00e3o da professora Ver\u00f4nica Soares da Costa.<\/pre>\n\n\n\n<h2 class=\"wp-block-heading has-text-align-center\">Leia tamb\u00e9m: <a href=\"https:\/\/blogfca.pucminas.br\/colab\/empreendedorismo-de-palco-frente-a-vulnerabilidade-social\/\" target=\"_blank\" rel=\"noreferrer noopener\">Ind\u00fastria do empreendedorismo de palco ignora problemas coletivos e frustra\u00e7\u00f5es no meio empresarial<\/a><\/h2>\n","protected":false},"excerpt":{"rendered":"<p>Conhe\u00e7a as hist\u00f3rias e facetas por tr\u00e1s dessa atividade que tem ganhado espa\u00e7o na economia brasileira<\/p>\n","protected":false},"author":7,"featured_media":13400,"comment_status":"open","ping_status":"open","sticky":false,"template":"","format":"standard","meta":{"_eb_attr":"","ngg_post_thumbnail":0,"footnotes":""},"categories":[375,1469],"tags":[1561,651,1555,1557,1562,1556,1559],"class_list":["post-13168","post","type-post","status-publish","format-standard","has-post-thumbnail","hentry","category-economia","category-lab-jor-digi","tag-donos-de-negocios","tag-empreendedorismo","tag-empreendedorismo-jovem","tag-empreender","tag-empresarios","tag-perfil-empreendedor","tag-sebrae"],"yoast_head":"<!-- This site is optimized with the Yoast SEO plugin v27.4 - https:\/\/yoast.com\/product\/yoast-seo-wordpress\/ -->\n<title>Conhe\u00e7a hist\u00f3rias do empreendedorismo jovem no Brasil - Colab<\/title>\n<meta name=\"description\" content=\"Conhe\u00e7a as hist\u00f3rias e facetas por tr\u00e1s do empreendedorismo jovem, atividade que tem ganhado espa\u00e7o na economia brasileira\" \/>\n<meta name=\"robots\" content=\"index, follow, max-snippet:-1, max-image-preview:large, max-video-preview:-1\" \/>\n<link rel=\"canonical\" href=\"https:\/\/blogfca.pucminas.br\/colab\/conheca-historias-do-empreendedorismo-jovem-no-brasil\/\" \/>\n<meta property=\"og:locale\" content=\"pt_BR\" \/>\n<meta property=\"og:type\" content=\"article\" \/>\n<meta property=\"og:title\" content=\"Conhe\u00e7a hist\u00f3rias do empreendedorismo jovem no Brasil - Colab\" \/>\n<meta property=\"og:description\" content=\"Conhe\u00e7a as hist\u00f3rias e facetas por tr\u00e1s do empreendedorismo jovem, atividade que tem ganhado espa\u00e7o na economia brasileira\" \/>\n<meta property=\"og:url\" content=\"https:\/\/blogfca.pucminas.br\/colab\/conheca-historias-do-empreendedorismo-jovem-no-brasil\/\" \/>\n<meta property=\"og:site_name\" content=\"Colab\" \/>\n<meta property=\"article:publisher\" content=\"https:\/\/www.facebook.com\/colabpucminas\" \/>\n<meta property=\"article:author\" content=\"https:\/\/www.facebook.com\/colabpucminas\" \/>\n<meta property=\"article:published_time\" content=\"2023-06-09T12:00:53+00:00\" \/>\n<meta property=\"article:modified_time\" content=\"2023-06-09T12:00:58+00:00\" \/>\n<meta property=\"og:image\" content=\"https:\/\/blogfca.pucminas.br\/colab\/wp-content\/uploads\/2023\/05\/PHOTO-2023-05-18-23-46-02_resized.png\" \/>\n\t<meta property=\"og:image:width\" content=\"1280\" \/>\n\t<meta property=\"og:image:height\" content=\"720\" \/>\n\t<meta property=\"og:image:type\" content=\"image\/png\" \/>\n<meta name=\"author\" content=\"Colab PUC Minas\" \/>\n<meta name=\"twitter:card\" content=\"summary_large_image\" \/>\n<meta name=\"twitter:creator\" content=\"@https:\/\/twitter.com\/colabpucminas\" \/>\n<meta name=\"twitter:site\" content=\"@colabpucminas\" \/>\n<meta name=\"twitter:label1\" content=\"Escrito por\" \/>\n\t<meta name=\"twitter:data1\" content=\"Colab PUC Minas\" \/>\n\t<meta name=\"twitter:label2\" content=\"Est. tempo de leitura\" \/>\n\t<meta name=\"twitter:data2\" content=\"14 minutos\" \/>\n<script type=\"application\/ld+json\" class=\"yoast-schema-graph\">{\"@context\":\"https:\\\/\\\/schema.org\",\"@graph\":[{\"@type\":\"Article\",\"@id\":\"https:\\\/\\\/blogfca.pucminas.br\\\/colab\\\/conheca-historias-do-empreendedorismo-jovem-no-brasil\\\/#article\",\"isPartOf\":{\"@id\":\"https:\\\/\\\/blogfca.pucminas.br\\\/colab\\\/conheca-historias-do-empreendedorismo-jovem-no-brasil\\\/\"},\"author\":{\"name\":\"Colab PUC Minas\",\"@id\":\"https:\\\/\\\/blogfca.pucminas.br\\\/colab\\\/#\\\/schema\\\/person\\\/1558d8148a80ebc84231cd55495bd7a4\"},\"headline\":\"Conhe\u00e7a hist\u00f3rias do empreendedorismo jovem no Brasil\",\"datePublished\":\"2023-06-09T12:00:53+00:00\",\"dateModified\":\"2023-06-09T12:00:58+00:00\",\"mainEntityOfPage\":{\"@id\":\"https:\\\/\\\/blogfca.pucminas.br\\\/colab\\\/conheca-historias-do-empreendedorismo-jovem-no-brasil\\\/\"},\"wordCount\":2642,\"commentCount\":1,\"publisher\":{\"@id\":\"https:\\\/\\\/blogfca.pucminas.br\\\/colab\\\/#organization\"},\"image\":{\"@id\":\"https:\\\/\\\/blogfca.pucminas.br\\\/colab\\\/conheca-historias-do-empreendedorismo-jovem-no-brasil\\\/#primaryimage\"},\"thumbnailUrl\":\"https:\\\/\\\/blogfca.pucminas.br\\\/colab\\\/wp-content\\\/uploads\\\/2023\\\/05\\\/PHOTO-2023-05-18-23-46-02_resized.png\",\"keywords\":[\"donos de neg\u00f3cios\",\"empreendedorismo\",\"empreendedorismo jovem\",\"empreender\",\"empres\u00e1rios\",\"perfil empreendedor\",\"SEBRAE\"],\"articleSection\":[\"Economia\",\"Lab. Jornalismo Digital\"],\"inLanguage\":\"pt-BR\",\"potentialAction\":[{\"@type\":\"CommentAction\",\"name\":\"Comment\",\"target\":[\"https:\\\/\\\/blogfca.pucminas.br\\\/colab\\\/conheca-historias-do-empreendedorismo-jovem-no-brasil\\\/#respond\"]}]},{\"@type\":\"WebPage\",\"@id\":\"https:\\\/\\\/blogfca.pucminas.br\\\/colab\\\/conheca-historias-do-empreendedorismo-jovem-no-brasil\\\/\",\"url\":\"https:\\\/\\\/blogfca.pucminas.br\\\/colab\\\/conheca-historias-do-empreendedorismo-jovem-no-brasil\\\/\",\"name\":\"Conhe\u00e7a hist\u00f3rias do empreendedorismo jovem no Brasil - Colab\",\"isPartOf\":{\"@id\":\"https:\\\/\\\/blogfca.pucminas.br\\\/colab\\\/#website\"},\"primaryImageOfPage\":{\"@id\":\"https:\\\/\\\/blogfca.pucminas.br\\\/colab\\\/conheca-historias-do-empreendedorismo-jovem-no-brasil\\\/#primaryimage\"},\"image\":{\"@id\":\"https:\\\/\\\/blogfca.pucminas.br\\\/colab\\\/conheca-historias-do-empreendedorismo-jovem-no-brasil\\\/#primaryimage\"},\"thumbnailUrl\":\"https:\\\/\\\/blogfca.pucminas.br\\\/colab\\\/wp-content\\\/uploads\\\/2023\\\/05\\\/PHOTO-2023-05-18-23-46-02_resized.png\",\"datePublished\":\"2023-06-09T12:00:53+00:00\",\"dateModified\":\"2023-06-09T12:00:58+00:00\",\"description\":\"Conhe\u00e7a as hist\u00f3rias e facetas por tr\u00e1s do empreendedorismo jovem, atividade que tem ganhado espa\u00e7o na economia brasileira\",\"breadcrumb\":{\"@id\":\"https:\\\/\\\/blogfca.pucminas.br\\\/colab\\\/conheca-historias-do-empreendedorismo-jovem-no-brasil\\\/#breadcrumb\"},\"inLanguage\":\"pt-BR\",\"potentialAction\":[{\"@type\":\"ReadAction\",\"target\":[\"https:\\\/\\\/blogfca.pucminas.br\\\/colab\\\/conheca-historias-do-empreendedorismo-jovem-no-brasil\\\/\"]}]},{\"@type\":\"ImageObject\",\"inLanguage\":\"pt-BR\",\"@id\":\"https:\\\/\\\/blogfca.pucminas.br\\\/colab\\\/conheca-historias-do-empreendedorismo-jovem-no-brasil\\\/#primaryimage\",\"url\":\"https:\\\/\\\/blogfca.pucminas.br\\\/colab\\\/wp-content\\\/uploads\\\/2023\\\/05\\\/PHOTO-2023-05-18-23-46-02_resized.png\",\"contentUrl\":\"https:\\\/\\\/blogfca.pucminas.br\\\/colab\\\/wp-content\\\/uploads\\\/2023\\\/05\\\/PHOTO-2023-05-18-23-46-02_resized.png\",\"width\":1280,\"height\":720,\"caption\":\"Jovens criando seu empreendedorismo Cr\u00e9dito: Via Freepik\"},{\"@type\":\"BreadcrumbList\",\"@id\":\"https:\\\/\\\/blogfca.pucminas.br\\\/colab\\\/conheca-historias-do-empreendedorismo-jovem-no-brasil\\\/#breadcrumb\",\"itemListElement\":[{\"@type\":\"ListItem\",\"position\":1,\"name\":\"In\u00edcio\",\"item\":\"https:\\\/\\\/blogfca.pucminas.br\\\/colab\\\/\"},{\"@type\":\"ListItem\",\"position\":2,\"name\":\"Conhe\u00e7a hist\u00f3rias do empreendedorismo jovem no Brasil\"}]},{\"@type\":\"WebSite\",\"@id\":\"https:\\\/\\\/blogfca.pucminas.br\\\/colab\\\/#website\",\"url\":\"https:\\\/\\\/blogfca.pucminas.br\\\/colab\\\/\",\"name\":\"Colab\",\"description\":\"Experimenta\u00e7\u00e3o, conte\u00fado e colabora\u00e7\u00e3o em Jornalismo Digital\",\"publisher\":{\"@id\":\"https:\\\/\\\/blogfca.pucminas.br\\\/colab\\\/#organization\"},\"potentialAction\":[{\"@type\":\"SearchAction\",\"target\":{\"@type\":\"EntryPoint\",\"urlTemplate\":\"https:\\\/\\\/blogfca.pucminas.br\\\/colab\\\/?s={search_term_string}\"},\"query-input\":{\"@type\":\"PropertyValueSpecification\",\"valueRequired\":true,\"valueName\":\"search_term_string\"}}],\"inLanguage\":\"pt-BR\"},{\"@type\":\"Organization\",\"@id\":\"https:\\\/\\\/blogfca.pucminas.br\\\/colab\\\/#organization\",\"name\":\"Colab :: Laborat\u00f3rio de Comunica\u00e7\u00e3o Digital da FCA \\\/ PUC Minas\",\"url\":\"https:\\\/\\\/blogfca.pucminas.br\\\/colab\\\/\",\"logo\":{\"@type\":\"ImageObject\",\"inLanguage\":\"pt-BR\",\"@id\":\"https:\\\/\\\/blogfca.pucminas.br\\\/colab\\\/#\\\/schema\\\/logo\\\/image\\\/\",\"url\":\"https:\\\/\\\/blogfca.pucminas.br\\\/colab\\\/wp-content\\\/uploads\\\/2020\\\/03\\\/Avatar-Colab.jpg\",\"contentUrl\":\"https:\\\/\\\/blogfca.pucminas.br\\\/colab\\\/wp-content\\\/uploads\\\/2020\\\/03\\\/Avatar-Colab.jpg\",\"width\":1682,\"height\":1682,\"caption\":\"Colab :: Laborat\u00f3rio de Comunica\u00e7\u00e3o Digital da FCA \\\/ PUC Minas\"},\"image\":{\"@id\":\"https:\\\/\\\/blogfca.pucminas.br\\\/colab\\\/#\\\/schema\\\/logo\\\/image\\\/\"},\"sameAs\":[\"https:\\\/\\\/www.facebook.com\\\/colabpucminas\",\"https:\\\/\\\/x.com\\\/colabpucminas\",\"https:\\\/\\\/www.instagram.com\\\/colabpucminas\\\/\",\"https:\\\/\\\/www.linkedin.com\\\/company\\\/colab-puc-minas\",\"https:\\\/\\\/www.youtube.com\\\/channel\\\/UC14mKIqnnGCOgVr4DG6FPkA\"]},{\"@type\":\"Person\",\"@id\":\"https:\\\/\\\/blogfca.pucminas.br\\\/colab\\\/#\\\/schema\\\/person\\\/1558d8148a80ebc84231cd55495bd7a4\",\"name\":\"Colab PUC Minas\",\"image\":{\"@type\":\"ImageObject\",\"inLanguage\":\"pt-BR\",\"@id\":\"https:\\\/\\\/secure.gravatar.com\\\/avatar\\\/8e2ad0447c23d0e32e8541cfe4edfc398613871a2d36fd66bd308611ccd7d23a?s=96&d=mm&r=g\",\"url\":\"https:\\\/\\\/secure.gravatar.com\\\/avatar\\\/8e2ad0447c23d0e32e8541cfe4edfc398613871a2d36fd66bd308611ccd7d23a?s=96&d=mm&r=g\",\"contentUrl\":\"https:\\\/\\\/secure.gravatar.com\\\/avatar\\\/8e2ad0447c23d0e32e8541cfe4edfc398613871a2d36fd66bd308611ccd7d23a?s=96&d=mm&r=g\",\"caption\":\"Colab PUC Minas\"},\"description\":\"Colab \u00e9 o Laborat\u00f3rio de Comunica\u00e7\u00e3o Digital da FCA \\\/ PUC Minas. Os textos publicados neste perfil s\u00e3o de autoria coletiva ou de convidados externos.\",\"sameAs\":[\"https:\\\/\\\/blogfca.pucminas.br\\\/colab\\\/\",\"https:\\\/\\\/www.facebook.com\\\/colabpucminas\",\"https:\\\/\\\/www.instagram.com\\\/colabpucminas\\\/\",\"https:\\\/\\\/x.com\\\/https:\\\/\\\/twitter.com\\\/colabpucminas\",\"https:\\\/\\\/www.youtube.com\\\/channel\\\/UC14mKIqnnGCOgVr4DG6FPkA\"],\"url\":\"https:\\\/\\\/blogfca.pucminas.br\\\/colab\\\/author\\\/colab\\\/\"}]}<\/script>\n<!-- \/ Yoast SEO plugin. -->","yoast_head_json":{"title":"Conhe\u00e7a hist\u00f3rias do empreendedorismo jovem no Brasil - Colab","description":"Conhe\u00e7a as hist\u00f3rias e facetas por tr\u00e1s do empreendedorismo jovem, atividade que tem ganhado espa\u00e7o na economia brasileira","robots":{"index":"index","follow":"follow","max-snippet":"max-snippet:-1","max-image-preview":"max-image-preview:large","max-video-preview":"max-video-preview:-1"},"canonical":"https:\/\/blogfca.pucminas.br\/colab\/conheca-historias-do-empreendedorismo-jovem-no-brasil\/","og_locale":"pt_BR","og_type":"article","og_title":"Conhe\u00e7a hist\u00f3rias do empreendedorismo jovem no Brasil - Colab","og_description":"Conhe\u00e7a as hist\u00f3rias e facetas por tr\u00e1s do empreendedorismo jovem, atividade que tem ganhado espa\u00e7o na economia brasileira","og_url":"https:\/\/blogfca.pucminas.br\/colab\/conheca-historias-do-empreendedorismo-jovem-no-brasil\/","og_site_name":"Colab","article_publisher":"https:\/\/www.facebook.com\/colabpucminas","article_author":"https:\/\/www.facebook.com\/colabpucminas","article_published_time":"2023-06-09T12:00:53+00:00","article_modified_time":"2023-06-09T12:00:58+00:00","og_image":[{"width":1280,"height":720,"url":"https:\/\/blogfca.pucminas.br\/colab\/wp-content\/uploads\/2023\/05\/PHOTO-2023-05-18-23-46-02_resized.png","type":"image\/png"}],"author":"Colab PUC Minas","twitter_card":"summary_large_image","twitter_creator":"@https:\/\/twitter.com\/colabpucminas","twitter_site":"@colabpucminas","twitter_misc":{"Escrito por":"Colab PUC Minas","Est. tempo de leitura":"14 minutos"},"schema":{"@context":"https:\/\/schema.org","@graph":[{"@type":"Article","@id":"https:\/\/blogfca.pucminas.br\/colab\/conheca-historias-do-empreendedorismo-jovem-no-brasil\/#article","isPartOf":{"@id":"https:\/\/blogfca.pucminas.br\/colab\/conheca-historias-do-empreendedorismo-jovem-no-brasil\/"},"author":{"name":"Colab PUC Minas","@id":"https:\/\/blogfca.pucminas.br\/colab\/#\/schema\/person\/1558d8148a80ebc84231cd55495bd7a4"},"headline":"Conhe\u00e7a hist\u00f3rias do empreendedorismo jovem no Brasil","datePublished":"2023-06-09T12:00:53+00:00","dateModified":"2023-06-09T12:00:58+00:00","mainEntityOfPage":{"@id":"https:\/\/blogfca.pucminas.br\/colab\/conheca-historias-do-empreendedorismo-jovem-no-brasil\/"},"wordCount":2642,"commentCount":1,"publisher":{"@id":"https:\/\/blogfca.pucminas.br\/colab\/#organization"},"image":{"@id":"https:\/\/blogfca.pucminas.br\/colab\/conheca-historias-do-empreendedorismo-jovem-no-brasil\/#primaryimage"},"thumbnailUrl":"https:\/\/blogfca.pucminas.br\/colab\/wp-content\/uploads\/2023\/05\/PHOTO-2023-05-18-23-46-02_resized.png","keywords":["donos de neg\u00f3cios","empreendedorismo","empreendedorismo jovem","empreender","empres\u00e1rios","perfil empreendedor","SEBRAE"],"articleSection":["Economia","Lab. Jornalismo Digital"],"inLanguage":"pt-BR","potentialAction":[{"@type":"CommentAction","name":"Comment","target":["https:\/\/blogfca.pucminas.br\/colab\/conheca-historias-do-empreendedorismo-jovem-no-brasil\/#respond"]}]},{"@type":"WebPage","@id":"https:\/\/blogfca.pucminas.br\/colab\/conheca-historias-do-empreendedorismo-jovem-no-brasil\/","url":"https:\/\/blogfca.pucminas.br\/colab\/conheca-historias-do-empreendedorismo-jovem-no-brasil\/","name":"Conhe\u00e7a hist\u00f3rias do empreendedorismo jovem no Brasil - Colab","isPartOf":{"@id":"https:\/\/blogfca.pucminas.br\/colab\/#website"},"primaryImageOfPage":{"@id":"https:\/\/blogfca.pucminas.br\/colab\/conheca-historias-do-empreendedorismo-jovem-no-brasil\/#primaryimage"},"image":{"@id":"https:\/\/blogfca.pucminas.br\/colab\/conheca-historias-do-empreendedorismo-jovem-no-brasil\/#primaryimage"},"thumbnailUrl":"https:\/\/blogfca.pucminas.br\/colab\/wp-content\/uploads\/2023\/05\/PHOTO-2023-05-18-23-46-02_resized.png","datePublished":"2023-06-09T12:00:53+00:00","dateModified":"2023-06-09T12:00:58+00:00","description":"Conhe\u00e7a as hist\u00f3rias e facetas por tr\u00e1s do empreendedorismo jovem, atividade que tem ganhado espa\u00e7o na economia brasileira","breadcrumb":{"@id":"https:\/\/blogfca.pucminas.br\/colab\/conheca-historias-do-empreendedorismo-jovem-no-brasil\/#breadcrumb"},"inLanguage":"pt-BR","potentialAction":[{"@type":"ReadAction","target":["https:\/\/blogfca.pucminas.br\/colab\/conheca-historias-do-empreendedorismo-jovem-no-brasil\/"]}]},{"@type":"ImageObject","inLanguage":"pt-BR","@id":"https:\/\/blogfca.pucminas.br\/colab\/conheca-historias-do-empreendedorismo-jovem-no-brasil\/#primaryimage","url":"https:\/\/blogfca.pucminas.br\/colab\/wp-content\/uploads\/2023\/05\/PHOTO-2023-05-18-23-46-02_resized.png","contentUrl":"https:\/\/blogfca.pucminas.br\/colab\/wp-content\/uploads\/2023\/05\/PHOTO-2023-05-18-23-46-02_resized.png","width":1280,"height":720,"caption":"Jovens criando seu empreendedorismo Cr\u00e9dito: Via Freepik"},{"@type":"BreadcrumbList","@id":"https:\/\/blogfca.pucminas.br\/colab\/conheca-historias-do-empreendedorismo-jovem-no-brasil\/#breadcrumb","itemListElement":[{"@type":"ListItem","position":1,"name":"In\u00edcio","item":"https:\/\/blogfca.pucminas.br\/colab\/"},{"@type":"ListItem","position":2,"name":"Conhe\u00e7a hist\u00f3rias do empreendedorismo jovem no Brasil"}]},{"@type":"WebSite","@id":"https:\/\/blogfca.pucminas.br\/colab\/#website","url":"https:\/\/blogfca.pucminas.br\/colab\/","name":"Colab","description":"Experimenta\u00e7\u00e3o, conte\u00fado e colabora\u00e7\u00e3o em Jornalismo Digital","publisher":{"@id":"https:\/\/blogfca.pucminas.br\/colab\/#organization"},"potentialAction":[{"@type":"SearchAction","target":{"@type":"EntryPoint","urlTemplate":"https:\/\/blogfca.pucminas.br\/colab\/?s={search_term_string}"},"query-input":{"@type":"PropertyValueSpecification","valueRequired":true,"valueName":"search_term_string"}}],"inLanguage":"pt-BR"},{"@type":"Organization","@id":"https:\/\/blogfca.pucminas.br\/colab\/#organization","name":"Colab :: Laborat\u00f3rio de Comunica\u00e7\u00e3o Digital da FCA \/ PUC Minas","url":"https:\/\/blogfca.pucminas.br\/colab\/","logo":{"@type":"ImageObject","inLanguage":"pt-BR","@id":"https:\/\/blogfca.pucminas.br\/colab\/#\/schema\/logo\/image\/","url":"https:\/\/blogfca.pucminas.br\/colab\/wp-content\/uploads\/2020\/03\/Avatar-Colab.jpg","contentUrl":"https:\/\/blogfca.pucminas.br\/colab\/wp-content\/uploads\/2020\/03\/Avatar-Colab.jpg","width":1682,"height":1682,"caption":"Colab :: Laborat\u00f3rio de Comunica\u00e7\u00e3o Digital da FCA \/ PUC Minas"},"image":{"@id":"https:\/\/blogfca.pucminas.br\/colab\/#\/schema\/logo\/image\/"},"sameAs":["https:\/\/www.facebook.com\/colabpucminas","https:\/\/x.com\/colabpucminas","https:\/\/www.instagram.com\/colabpucminas\/","https:\/\/www.linkedin.com\/company\/colab-puc-minas","https:\/\/www.youtube.com\/channel\/UC14mKIqnnGCOgVr4DG6FPkA"]},{"@type":"Person","@id":"https:\/\/blogfca.pucminas.br\/colab\/#\/schema\/person\/1558d8148a80ebc84231cd55495bd7a4","name":"Colab PUC Minas","image":{"@type":"ImageObject","inLanguage":"pt-BR","@id":"https:\/\/secure.gravatar.com\/avatar\/8e2ad0447c23d0e32e8541cfe4edfc398613871a2d36fd66bd308611ccd7d23a?s=96&d=mm&r=g","url":"https:\/\/secure.gravatar.com\/avatar\/8e2ad0447c23d0e32e8541cfe4edfc398613871a2d36fd66bd308611ccd7d23a?s=96&d=mm&r=g","contentUrl":"https:\/\/secure.gravatar.com\/avatar\/8e2ad0447c23d0e32e8541cfe4edfc398613871a2d36fd66bd308611ccd7d23a?s=96&d=mm&r=g","caption":"Colab PUC Minas"},"description":"Colab \u00e9 o Laborat\u00f3rio de Comunica\u00e7\u00e3o Digital da FCA \/ PUC Minas. Os textos publicados neste perfil s\u00e3o de autoria coletiva ou de convidados externos.","sameAs":["https:\/\/blogfca.pucminas.br\/colab\/","https:\/\/www.facebook.com\/colabpucminas","https:\/\/www.instagram.com\/colabpucminas\/","https:\/\/x.com\/https:\/\/twitter.com\/colabpucminas","https:\/\/www.youtube.com\/channel\/UC14mKIqnnGCOgVr4DG6FPkA"],"url":"https:\/\/blogfca.pucminas.br\/colab\/author\/colab\/"}]}},"amp_enabled":true,"_links":{"self":[{"href":"https:\/\/blogfca.pucminas.br\/colab\/wp-json\/wp\/v2\/posts\/13168","targetHints":{"allow":["GET"]}}],"collection":[{"href":"https:\/\/blogfca.pucminas.br\/colab\/wp-json\/wp\/v2\/posts"}],"about":[{"href":"https:\/\/blogfca.pucminas.br\/colab\/wp-json\/wp\/v2\/types\/post"}],"author":[{"embeddable":true,"href":"https:\/\/blogfca.pucminas.br\/colab\/wp-json\/wp\/v2\/users\/7"}],"replies":[{"embeddable":true,"href":"https:\/\/blogfca.pucminas.br\/colab\/wp-json\/wp\/v2\/comments?post=13168"}],"version-history":[{"count":39,"href":"https:\/\/blogfca.pucminas.br\/colab\/wp-json\/wp\/v2\/posts\/13168\/revisions"}],"predecessor-version":[{"id":14188,"href":"https:\/\/blogfca.pucminas.br\/colab\/wp-json\/wp\/v2\/posts\/13168\/revisions\/14188"}],"wp:featuredmedia":[{"embeddable":true,"href":"https:\/\/blogfca.pucminas.br\/colab\/wp-json\/wp\/v2\/media\/13400"}],"wp:attachment":[{"href":"https:\/\/blogfca.pucminas.br\/colab\/wp-json\/wp\/v2\/media?parent=13168"}],"wp:term":[{"taxonomy":"category","embeddable":true,"href":"https:\/\/blogfca.pucminas.br\/colab\/wp-json\/wp\/v2\/categories?post=13168"},{"taxonomy":"post_tag","embeddable":true,"href":"https:\/\/blogfca.pucminas.br\/colab\/wp-json\/wp\/v2\/tags?post=13168"}],"curies":[{"name":"wp","href":"https:\/\/api.w.org\/{rel}","templated":true}]}}