{"id":13104,"date":"2023-06-09T12:20:19","date_gmt":"2023-06-09T15:20:19","guid":{"rendered":"https:\/\/blogfca.pucminas.br\/colab\/?p=13104"},"modified":"2023-06-09T16:18:55","modified_gmt":"2023-06-09T19:18:55","slug":"representatividade-mulheres-mpmg","status":"publish","type":"post","link":"https:\/\/blogfca.pucminas.br\/colab\/representatividade-mulheres-mpmg\/","title":{"rendered":"As mulheres est\u00e3o sendo representadas no MPMG ?"},"content":{"rendered":"\n<p>Estudantes da <a href=\"https:\/\/www.pucminas.br\/destaques\/Paginas\/default.aspx\" target=\"_blank\" rel=\"noreferrer noopener\">Pontif\u00edcia Universidade Cat\u00f3lica de Minas Gerais (PUC Minas)<\/a>, quando pensam em <a href=\"https:\/\/www.mpmg.mp.br\/portal\/\" target=\"_blank\" rel=\"noreferrer noopener\"><strong>Minist\u00e9rio P\u00fablico<\/strong><\/a>, falam em leis ou no judici\u00e1rio. Esta afirma\u00e7\u00e3o n\u00e3o o define 100%, visto que o Minist\u00e9rio n\u00e3o est\u00e1 no \u00e2mbito judici\u00e1rio, nem cria ou altera leis. Entretanto, sua rela\u00e7\u00e3o est\u00e1 correta, considerando seu envolvimento no funcionamento delas.<\/p>\n\n\n\n<figure class=\"wp-block-embed is-type-video is-provider-youtube wp-block-embed-youtube wp-embed-aspect-16-9 wp-has-aspect-ratio\"><div class=\"wp-block-embed__wrapper\">\n<iframe loading=\"lazy\" title=\"O que faz o Minist\u00e9rio P\u00fablico?\" width=\"770\" height=\"433\" src=\"https:\/\/www.youtube.com\/embed\/4pY9UJJ-imk?feature=oembed\" frameborder=\"0\" allow=\"accelerometer; autoplay; clipboard-write; encrypted-media; gyroscope; picture-in-picture; web-share\" allowfullscreen><\/iframe>\n<\/div><figcaption class=\"wp-element-caption\">Estudantes de Jornalismo, Publicidade, Psicologia e Direito da Pontif\u00edcia Universidade Cat\u00f3lica de Minas Gerais (campus Cora\u00e7\u00e3o Eucar\u00edstico) s\u00e3o entrevistados em rela\u00e7\u00e3o ao que sabem ou pensam do Minist\u00e9rio P\u00fablico.<\/figcaption><\/figure>\n\n\n\n<p>De acordo com cartilha dispon\u00edvel pelo pr\u00f3prio Minist\u00e9rio P\u00fablico de Minas Gerais (MPMG) <a href=\"https:\/\/www.mpmg.mp.br\/data\/files\/DB\/45\/DD\/DB\/8AA0081089C6EFF7760849A8\/Cartilha%20institucional%20-%20MPMG.pdf\" target=\"_blank\" rel=\"noreferrer noopener\">no site da Institui\u00e7\u00e3o<\/a>, o MPMG foi criado para <strong>garantir a aplica\u00e7\u00e3o das leis, semelhante ao Instituto de Defesa ao Consumidor (Procon)<\/strong>. A diferen\u00e7a \u00e9 que o MP atua na <strong>prote\u00e7\u00e3o de direitos para causas coletivas<\/strong>, e abrange in\u00fameros assuntos, desde esportes, minera\u00e7\u00e3o, urbanismo e educa\u00e7\u00e3o, at\u00e9 viol\u00eancia dom\u00e9stica, racismo e direitos humanos.<\/p>\n\n\n\n<p>Mais de 130 anos desde o seu surgimento, com a proclama\u00e7\u00e3o da Rep\u00fablica, sobrevivendo durante a Ditadura Militar e se renovando durante a Constitui\u00e7\u00e3o de 1988, o Minist\u00e9rio P\u00fablico hoje clama ser um s\u00edmbolo da democracia brasileira, um \u00f3rg\u00e3o que representa a voz do povo, como \u00e9 enfatizado nesta <a href=\"https:\/\/www.cnmp.mp.br\/portal\/todas-as-noticias\/16293-cnmp-instituicoes-dos-poderes-da-republica-e-ministerio-publico-assinam-pacto-nacional-em-defesa-da-democracia\" target=\"_blank\" rel=\"noreferrer noopener\">reuni\u00e3o do Conselho Nacional do Minist\u00e9rio P\u00fablico<\/a> (CNMP)<\/p>\n\n\n\n<p>As \u00e1reas de atua\u00e7\u00e3o incorporam tanto a \u00e1rea civil e criminal, com as promotorias e procuradorias de justi\u00e7a, quanto outros setores, que oferecem vagas para servidores p\u00fablicos, como jornalistas, professores, publicit\u00e1rios, administradores, engenheiros, m\u00e9dicos, ge\u00f3logos, designers e muitos outros.<\/p>\n\n\n\n<figure class=\"wp-block-embed is-type-video is-provider-youtube wp-block-embed-youtube wp-embed-aspect-16-9 wp-has-aspect-ratio\"><div class=\"wp-block-embed__wrapper\">\n<iframe loading=\"lazy\" title=\"M\u00f4nica Sofia, Promotora de Justi\u00e7a do MPMG\" width=\"770\" height=\"433\" src=\"https:\/\/www.youtube.com\/embed\/Nw9DHK4xN6o?feature=oembed\" frameborder=\"0\" allow=\"accelerometer; autoplay; clipboard-write; encrypted-media; gyroscope; picture-in-picture; web-share\" allowfullscreen><\/iframe>\n<\/div><figcaption class=\"wp-element-caption\">O que \u00e9 o Minist\u00e9rio P\u00fablico? Entenda sua import\u00e2ncia a partir da explica\u00e7\u00e3o da promotora M\u00f4nica Sofia.<\/figcaption><\/figure>\n\n\n\n<h2 class=\"wp-block-heading\"><strong>Representatividade de Mulheres no MPMG<\/strong><\/h2>\n\n\n\n<blockquote class=\"wp-block-quote is-layout-flow wp-block-quote-is-layout-flow\">\n<p>O machismo est\u00e1 estruturado dentro da sociedade e o Minist\u00e9rio P\u00fablico est\u00e1 dentro desta sociedade\u201d<\/p>\n<cite>M\u00f4nica Sofia, promotora do MPMG<\/cite><\/blockquote>\n\n\n\n<figure class=\"wp-block-embed is-type-video is-provider-youtube wp-block-embed-youtube wp-embed-aspect-16-9 wp-has-aspect-ratio\"><div class=\"wp-block-embed__wrapper\">\n<iframe loading=\"lazy\" title=\"M\u00f4nica Sofia, promotora do MPMG\" width=\"770\" height=\"433\" src=\"https:\/\/www.youtube.com\/embed\/gxFOqlOJmH8?feature=oembed\" frameborder=\"0\" allow=\"accelerometer; autoplay; clipboard-write; encrypted-media; gyroscope; picture-in-picture; web-share\" allowfullscreen><\/iframe>\n<\/div><figcaption class=\"wp-element-caption\">A promotora M\u00f4nica Sofia explica que os espa\u00e7os de representatividade feminina dentro do MPMG aumentaram consideravelmente, mas ainda n\u00e3o chegam aos cargos de poder e decis\u00e3o.<\/figcaption><\/figure>\n\n\n\n<p>Em uma Institui\u00e7\u00e3o que simboliza o povo brasileiro, \u00e9 importante que os membros na cadeia de poder representem o pr\u00f3prio povo. No entanto, n\u00e3o \u00e9 isso que ocorre na pr\u00e1tica. <\/p>\n\n\n\n<figure class=\"wp-block-embed is-type-video is-provider-youtube wp-block-embed-youtube wp-embed-aspect-16-9 wp-has-aspect-ratio\"><div class=\"wp-block-embed__wrapper\">\n<iframe loading=\"lazy\" title=\"Quantas mulheres atuam no MPMG?\" width=\"770\" height=\"433\" src=\"https:\/\/www.youtube.com\/embed\/B8_lLWKIBhE?feature=oembed\" frameborder=\"0\" allow=\"accelerometer; autoplay; clipboard-write; encrypted-media; gyroscope; picture-in-picture; web-share\" allowfullscreen><\/iframe>\n<\/div><figcaption class=\"wp-element-caption\">Qual a porcentagem de mulheres que atuam no Minist\u00e9rio P\u00fablico de Minas Gerais? Estudantes tentam adivinhar.<\/figcaption><\/figure>\n\n\n\n<p>Um bom exemplo desta realidade desigual \u00e9 observar os dados dos concursos para a promotoria de Minas Gerais. No 59\u00ba concurso foram 7.200 inscritos &#8211; homens e mulheres. Destes, 58 passaram para a \u00faltima etapa, sendo 21 mulheres, representando 36% dos aprovados. Dentre as mulheres aprovadas, apenas duas s\u00e3o mulheres pretas, ou seja, apenas 3,44%.<\/p>\n\n\n\n<figure class=\"wp-block-image size-full is-resized\"><img loading=\"lazy\" decoding=\"async\" sizes=\"auto, (max-width: 1024px) 100vw, 1024px\" src=\"https:\/\/blogfca.pucminas.br\/colab\/wp-content\/uploads\/2023\/06\/apenas-duas-sao-mulheres-pretas.png\" alt=\"\" class=\"wp-image-14178\" width=\"650\" height=\"487\" srcset=\"https:\/\/blogfca.pucminas.br\/colab\/wp-content\/uploads\/2023\/06\/apenas-duas-sao-mulheres-pretas.png 1024w, https:\/\/blogfca.pucminas.br\/colab\/wp-content\/uploads\/2023\/06\/apenas-duas-sao-mulheres-pretas-300x225.png 300w, https:\/\/blogfca.pucminas.br\/colab\/wp-content\/uploads\/2023\/06\/apenas-duas-sao-mulheres-pretas-768x576.png 768w, https:\/\/blogfca.pucminas.br\/colab\/wp-content\/uploads\/2023\/06\/apenas-duas-sao-mulheres-pretas-370x278.png 370w, https:\/\/blogfca.pucminas.br\/colab\/wp-content\/uploads\/2023\/06\/apenas-duas-sao-mulheres-pretas-270x203.png 270w, https:\/\/blogfca.pucminas.br\/colab\/wp-content\/uploads\/2023\/06\/apenas-duas-sao-mulheres-pretas-570x428.png 570w, https:\/\/blogfca.pucminas.br\/colab\/wp-content\/uploads\/2023\/06\/apenas-duas-sao-mulheres-pretas-740x555.png 740w, https:\/\/blogfca.pucminas.br\/colab\/wp-content\/uploads\/2023\/06\/apenas-duas-sao-mulheres-pretas-80x60.png 80w, https:\/\/blogfca.pucminas.br\/colab\/wp-content\/uploads\/2023\/06\/apenas-duas-sao-mulheres-pretas-150x113.png 150w\" \/><figcaption class=\"wp-element-caption\">Gr\u00e1fico ilustrativo produzido por Maria J\u00falia Nascimento, a partir de dados do MPMG. Os dados s\u00e3o referentes \u00e0 quarta fase do 59\u00b0 concurso para promotor de justi\u00e7a.<\/figcaption><\/figure>\n\n\n\n<h3 class=\"wp-block-heading\">Por que faltam mulheres em posi\u00e7\u00f5es de poder no MPMG?<\/h3>\n\n\n\n<figure class=\"wp-block-embed is-type-video is-provider-youtube wp-block-embed-youtube wp-embed-aspect-16-9 wp-has-aspect-ratio\"><div class=\"wp-block-embed__wrapper\">\n<iframe loading=\"lazy\" title=\"M\u00f4nica Sofia, do Minist\u00e9rio P\u00fablico de Minas Gerais\" width=\"770\" height=\"433\" src=\"https:\/\/www.youtube.com\/embed\/YEXNPE3Uggo?feature=oembed\" frameborder=\"0\" allow=\"accelerometer; autoplay; clipboard-write; encrypted-media; gyroscope; picture-in-picture; web-share\" allowfullscreen><\/iframe>\n<\/div><figcaption class=\"wp-element-caption\">Por que h\u00e1 pouco acesso \u00e0s mulheres em espa\u00e7os no poder p\u00fablico? A promotora M\u00f4nica Sofia reflete sobre a quest\u00e3o.<\/figcaption><\/figure>\n\n\n\n<p>A desigualdade significativa na distribui\u00e7\u00e3o de homens e mulheres nestes cargos p\u00fablicos, segundo o <a href=\"https:\/\/www.ipea.gov.br\/retrato\/pdf\/190215_tema_g_mulher_no_poder_e_na_tomada_de_decisoes.pdf\" target=\"_blank\" rel=\"noreferrer noopener\">estudo <\/a>do<a href=\"https:\/\/www.ipea.gov.br\/portal\/\" target=\"_blank\" rel=\"noreferrer noopener\"> Instituto de Pesquisa Econ\u00f4mica Aplicada (Ipea)<\/a>,\u00a0 \u00e9 um fen\u00f4meno complexo e multifacetado, que diz respeito \u00e0 exist\u00eancia de uma segrega\u00e7\u00e3o vertical ou &#8220;afunilamento hier\u00e1rquico\u201d. Ele pode ser explicado atrav\u00e9s do conceito\u00a0 &#8220;teto de vidro&#8221;, que segundo o Ipea, isso acontece mesmo em setores onde a sele\u00e7\u00e3o para cargos p\u00fablicos \u00e9 por meio das provas de concurso, as mulheres t\u00eam menos chances de serem nomeadas para as posi\u00e7\u00f5es mais elevadas. <\/p>\n\n\n\n<p>A falta de acesso \u00e9 causada por estruturas sociais que naturalizam a desigualdade entre homens e mulheres e criam barreiras para o avan\u00e7o das mulheres nas carreiras, especialmente para as mulheres de grupos historicamente marginalizados. Para o estudo, essa falta de representatividade nos cargos de poder pode desencorajar outras mulheres a seguir carreiras na \u00e1rea. Tamb\u00e9m a falta de refer\u00eancias femininas em lideran\u00e7as podem refor\u00e7ar a ideia de que as mulheres n\u00e3o s\u00e3o adequadas para esses cargos.<\/p>\n\n\n\n<figure class=\"wp-block-embed is-type-video is-provider-youtube wp-block-embed-youtube wp-embed-aspect-16-9 wp-has-aspect-ratio\"><div class=\"wp-block-embed__wrapper\">\n<iframe loading=\"lazy\" title=\"Quantas mulheres passaram no concurso do MPMG?\" width=\"770\" height=\"433\" src=\"https:\/\/www.youtube.com\/embed\/2MfAVNbTmzE?feature=oembed\" frameborder=\"0\" allow=\"accelerometer; autoplay; clipboard-write; encrypted-media; gyroscope; picture-in-picture; web-share\" allowfullscreen><\/iframe>\n<\/div><figcaption class=\"wp-element-caption\">Os estudantes da PUC tentaram adivinhar qual porcentagem de mulheres que passaram na \u00faltima fase do concurso para promotor de justi\u00e7a.<\/figcaption><\/figure>\n\n\n\n<p>Segundo o <a href=\"https:\/\/www.cnmp.mp.br\/portal\/images\/20180622_CEN%C3%81RIOS_DE_G%C3%8ANERO_v.FINAL_2.pdf\" target=\"_blank\" rel=\"noreferrer noopener\">relat\u00f3rio<\/a> disponibilizado pelo Conselho Nacional do Minist\u00e9rio P\u00fablico (<a href=\"https:\/\/www.cnmp.mp.br\/portal\/institucional\/o-cnmp\/apresentacao\" target=\"_blank\" rel=\"noreferrer noopener\">CNMP<\/a>), de 2018, desde a Constitui\u00e7\u00e3o de 1988, os dados relativos aos cargos de Procurador-Geral e de Corregedor-Geral apresentaram que 13.3% eram de mulheres, e 86.7% de homens ocupando os cargos. No ano de 2021, o <a href=\"https:\/\/www.mpmg.mp.br\/diariooficial\/DO-20220312.PDF\" target=\"_blank\" rel=\"noreferrer noopener\">\u00faltimo concurso<\/a> conclu\u00eddo para ingressar na carreira no MPMG, foram aprovados 45 candidatos, destes apenas 17 foram mulheres, representando 7,65% dos aprovados. Dentre as mulheres aprovadas, apenas uma \u00e9 negra, sendo apenas 0,17%.<\/p>\n\n\n\n<figure class=\"wp-block-embed is-type-video is-provider-youtube wp-block-embed-youtube wp-embed-aspect-16-9 wp-has-aspect-ratio\"><div class=\"wp-block-embed__wrapper\">\n<iframe loading=\"lazy\" title=\"Quantas mulheres pretas ingressam no MPMG?\" width=\"770\" height=\"433\" src=\"https:\/\/www.youtube.com\/embed\/niOsPypvclg?feature=oembed\" frameborder=\"0\" allow=\"accelerometer; autoplay; clipboard-write; encrypted-media; gyroscope; picture-in-picture; web-share\" allowfullscreen><\/iframe>\n<\/div><figcaption class=\"wp-element-caption\">Quantas mulheres pretas passaram na 4\u00aa fase do 59\u00aa concurso para promotor de justi\u00e7a? Estudantes da PUC tentam adivinhar.<\/figcaption><\/figure>\n\n\n\n<p>De acordo com os dados disponibilizados pela <a href=\"https:\/\/ammp.org.br\/\" target=\"_blank\" rel=\"noreferrer noopener\">Associa\u00e7\u00e3o Mineira do Minist\u00e9rio P\u00fablico<\/a> (AMMP), atualmente h\u00e1 1.368 promotores e procuradores em atividade pelo MPMG. Destes, 611 s\u00e3o mulheres (cerca de 44%). Em 2023 a entidade de classe <a href=\"https:\/\/www.instagram.com\/reel\/CpiKdLgA3Kj\/?utm_source=ig_web_copy_link&amp;igshid=MzRlODBiNWFlZA==\" target=\"_blank\" rel=\"noreferrer noopener\">divulgou<\/a> que em 70 anos, participou da diretoria e conselhos da Associa\u00e7\u00e3o Mineira, 47 mulheres, e <strong>pela primeira vez em 2022 uma mulher se tornou a presidente da entidade<\/strong>.\u00a0<\/p>\n\n\n\n<p>A pouca representatividade nessas cadeias do setor p\u00fablico tamb\u00e9m gera uma quest\u00e3o de desigualdade salarial no Brasil. De acordo com a Lei Complementar n\u00ba 116\/2011, o sal\u00e1rio inicial de um promotor de justi\u00e7a \u00e9 de R$ 30.404,42, o que \u00e9 um valor bastante elevado em compara\u00e7\u00e3o com outras profiss\u00f5es no setor p\u00fablico e privado. Em um ambiente majoritariamente dominado por figuras masculinas cisg\u00eanero e brancas, o que isso diz sobre a desigualdade no pa\u00eds?<\/p>\n\n\n\n<figure class=\"wp-block-embed is-type-video is-provider-youtube wp-block-embed-youtube wp-embed-aspect-16-9 wp-has-aspect-ratio\"><div class=\"wp-block-embed__wrapper\">\n<iframe loading=\"lazy\" title=\"React: quanto ganha um membro do Minist\u00e9rio P\u00fablico?\" width=\"770\" height=\"433\" src=\"https:\/\/www.youtube.com\/embed\/tXYGPkld5ZY?feature=oembed\" frameborder=\"0\" allow=\"accelerometer; autoplay; clipboard-write; encrypted-media; gyroscope; picture-in-picture; web-share\" allowfullscreen><\/iframe>\n<\/div><figcaption class=\"wp-element-caption\">O sal\u00e1rio \u00e9 justo? O que os estudantes da PUC Minas reagem e dizem o que pensam.<\/figcaption><\/figure>\n\n\n\n<p>O problema n\u00e3o se limita \u00e0 representa\u00e7\u00e3o. A promotora de justi\u00e7a, M\u00f4nica Sofia, revela que, em 2023, as mulheres do MP ainda buscam seus direitos como lactantes. Tudo isso enquanto navegam em um ambiente de trabalho machista e marcadamente patriarcal.<\/p>\n\n\n\n<figure class=\"wp-block-embed is-type-video is-provider-youtube wp-block-embed-youtube wp-embed-aspect-16-9 wp-has-aspect-ratio\"><div class=\"wp-block-embed__wrapper\">\n<iframe loading=\"lazy\" title=\"M\u00f4nica Sofia, promotora do MPMG\" width=\"770\" height=\"433\" src=\"https:\/\/www.youtube.com\/embed\/6T1VwIBebIg?feature=oembed\" frameborder=\"0\" allow=\"accelerometer; autoplay; clipboard-write; encrypted-media; gyroscope; picture-in-picture; web-share\" allowfullscreen><\/iframe>\n<\/div><\/figure>\n\n\n\n<h2 class=\"wp-block-heading\"><strong>Elas pelo MPMG&nbsp;<\/strong><\/h2>\n\n\n\n<p>O \u201c<strong>Elas pelo MPMG<\/strong>\u201d, \u00e9 um coletivo de promotoras e procuradoras de justi\u00e7a que nasceu por meio da pesquisa \u201cCen\u00e1rio de G\u00eanero\u201d, realizada pela Comiss\u00e3o de Planejamento Estrat\u00e9gico (CPE) do Conselho Nacional do Minist\u00e9rio P\u00fablico (CNMP), em 2017. O objetivo era discutir dentro do Minist\u00e9rio P\u00fablico a representatividade feminina. A tese foi a primeira a discutir sobre o assunto.<\/p>\n\n\n\n<blockquote class=\"instagram-media\" data-instgrm-permalink=\"https:\/\/www.instagram.com\/tv\/CQa83TlAjpN\/?utm_source=ig_embed&amp;utm_campaign=loading\" data-instgrm-version=\"14\" style=\" background:#FFF; border:0; border-radius:3px; box-shadow:0 0 1px 0 rgba(0,0,0,0.5),0 1px 10px 0 rgba(0,0,0,0.15); margin: 1px; max-width:540px; min-width:326px; padding:0; width:99.375%; width:-webkit-calc(100% - 2px); width:calc(100% - 2px);\"><div style=\"padding:16px;\"> <a href=\"https:\/\/www.instagram.com\/tv\/CQa83TlAjpN\/?utm_source=ig_embed&amp;utm_campaign=loading\" style=\" background:#FFFFFF; line-height:0; padding:0 0; text-align:center; text-decoration:none; width:100%;\" target=\"_blank\" rel=\"noopener\"> <div style=\" display: flex; flex-direction: row; align-items: center;\"> <div style=\"background-color: #F4F4F4; border-radius: 50%; flex-grow: 0; height: 40px; margin-right: 14px; width: 40px;\"><\/div> <div style=\"display: flex; flex-direction: column; flex-grow: 1; justify-content: center;\"> <div style=\" background-color: #F4F4F4; border-radius: 4px; flex-grow: 0; height: 14px; margin-bottom: 6px; width: 100px;\"><\/div> <div style=\" background-color: #F4F4F4; border-radius: 4px; flex-grow: 0; height: 14px; width: 60px;\"><\/div><\/div><\/div><div style=\"padding: 19% 0;\"><\/div> <div style=\"display:block; height:50px; margin:0 auto 12px; width:50px;\"><svg width=\"50px\" height=\"50px\" viewBox=\"0 0 60 60\" version=\"1.1\" xmlns=\"https:\/\/www.w3.org\/2000\/svg\" xmlns:xlink=\"https:\/\/www.w3.org\/1999\/xlink\"><g stroke=\"none\" stroke-width=\"1\" fill=\"none\" fill-rule=\"evenodd\"><g transform=\"translate(-511.000000, -20.000000)\" fill=\"#000000\"><g><path d=\"M556.869,30.41 C554.814,30.41 553.148,32.076 553.148,34.131 C553.148,36.186 554.814,37.852 556.869,37.852 C558.924,37.852 560.59,36.186 560.59,34.131 C560.59,32.076 558.924,30.41 556.869,30.41 M541,60.657 C535.114,60.657 530.342,55.887 530.342,50 C530.342,44.114 535.114,39.342 541,39.342 C546.887,39.342 551.658,44.114 551.658,50 C551.658,55.887 546.887,60.657 541,60.657 M541,33.886 C532.1,33.886 524.886,41.1 524.886,50 C524.886,58.899 532.1,66.113 541,66.113 C549.9,66.113 557.115,58.899 557.115,50 C557.115,41.1 549.9,33.886 541,33.886 M565.378,62.101 C565.244,65.022 564.756,66.606 564.346,67.663 C563.803,69.06 563.154,70.057 562.106,71.106 C561.058,72.155 560.06,72.803 558.662,73.347 C557.607,73.757 556.021,74.244 553.102,74.378 C549.944,74.521 548.997,74.552 541,74.552 C533.003,74.552 532.056,74.521 528.898,74.378 C525.979,74.244 524.393,73.757 523.338,73.347 C521.94,72.803 520.942,72.155 519.894,71.106 C518.846,70.057 518.197,69.06 517.654,67.663 C517.244,66.606 516.755,65.022 516.623,62.101 C516.479,58.943 516.448,57.996 516.448,50 C516.448,42.003 516.479,41.056 516.623,37.899 C516.755,34.978 517.244,33.391 517.654,32.338 C518.197,30.938 518.846,29.942 519.894,28.894 C520.942,27.846 521.94,27.196 523.338,26.654 C524.393,26.244 525.979,25.756 528.898,25.623 C532.057,25.479 533.004,25.448 541,25.448 C548.997,25.448 549.943,25.479 553.102,25.623 C556.021,25.756 557.607,26.244 558.662,26.654 C560.06,27.196 561.058,27.846 562.106,28.894 C563.154,29.942 563.803,30.938 564.346,32.338 C564.756,33.391 565.244,34.978 565.378,37.899 C565.522,41.056 565.552,42.003 565.552,50 C565.552,57.996 565.522,58.943 565.378,62.101 M570.82,37.631 C570.674,34.438 570.167,32.258 569.425,30.349 C568.659,28.377 567.633,26.702 565.965,25.035 C564.297,23.368 562.623,22.342 560.652,21.575 C558.743,20.834 556.562,20.326 553.369,20.18 C550.169,20.033 549.148,20 541,20 C532.853,20 531.831,20.033 528.631,20.18 C525.438,20.326 523.257,20.834 521.349,21.575 C519.376,22.342 517.703,23.368 516.035,25.035 C514.368,26.702 513.342,28.377 512.574,30.349 C511.834,32.258 511.326,34.438 511.181,37.631 C511.035,40.831 511,41.851 511,50 C511,58.147 511.035,59.17 511.181,62.369 C511.326,65.562 511.834,67.743 512.574,69.651 C513.342,71.625 514.368,73.296 516.035,74.965 C517.703,76.634 519.376,77.658 521.349,78.425 C523.257,79.167 525.438,79.673 528.631,79.82 C531.831,79.965 532.853,80.001 541,80.001 C549.148,80.001 550.169,79.965 553.369,79.82 C556.562,79.673 558.743,79.167 560.652,78.425 C562.623,77.658 564.297,76.634 565.965,74.965 C567.633,73.296 568.659,71.625 569.425,69.651 C570.167,67.743 570.674,65.562 570.82,62.369 C570.966,59.17 571,58.147 571,50 C571,41.851 570.966,40.831 570.82,37.631\"><\/path><\/g><\/g><\/g><\/svg><\/div><div style=\"padding-top: 8px;\"> <div style=\" color:#3897f0; font-family:Arial,sans-serif; font-size:14px; font-style:normal; font-weight:550; line-height:18px;\">Ver essa foto no Instagram<\/div><\/div><div style=\"padding: 12.5% 0;\"><\/div> <div style=\"display: flex; flex-direction: row; margin-bottom: 14px; align-items: center;\"><div> <div style=\"background-color: #F4F4F4; border-radius: 50%; height: 12.5px; width: 12.5px; transform: translateX(0px) translateY(7px);\"><\/div> <div style=\"background-color: #F4F4F4; height: 12.5px; transform: rotate(-45deg) translateX(3px) translateY(1px); width: 12.5px; flex-grow: 0; margin-right: 14px; margin-left: 2px;\"><\/div> <div style=\"background-color: #F4F4F4; border-radius: 50%; height: 12.5px; width: 12.5px; transform: translateX(9px) translateY(-18px);\"><\/div><\/div><div style=\"margin-left: 8px;\"> <div style=\" background-color: #F4F4F4; border-radius: 50%; flex-grow: 0; height: 20px; width: 20px;\"><\/div> <div style=\" width: 0; height: 0; border-top: 2px solid transparent; border-left: 6px solid #f4f4f4; border-bottom: 2px solid transparent; transform: translateX(16px) translateY(-4px) rotate(30deg)\"><\/div><\/div><div style=\"margin-left: auto;\"> <div style=\" width: 0px; border-top: 8px solid #F4F4F4; border-right: 8px solid transparent; transform: translateY(16px);\"><\/div> <div style=\" background-color: #F4F4F4; flex-grow: 0; height: 12px; width: 16px; transform: translateY(-4px);\"><\/div> <div style=\" width: 0; height: 0; border-top: 8px solid #F4F4F4; border-left: 8px solid transparent; transform: translateY(-4px) translateX(8px);\"><\/div><\/div><\/div> <div style=\"display: flex; flex-direction: column; flex-grow: 1; justify-content: center; margin-bottom: 24px;\"> <div style=\" background-color: #F4F4F4; border-radius: 4px; flex-grow: 0; height: 14px; margin-bottom: 6px; width: 224px;\"><\/div> <div style=\" background-color: #F4F4F4; border-radius: 4px; flex-grow: 0; height: 14px; width: 144px;\"><\/div><\/div><\/a><p style=\" color:#c9c8cd; font-family:Arial,sans-serif; font-size:14px; line-height:17px; margin-bottom:0; margin-top:8px; overflow:hidden; padding:8px 0 7px; text-align:center; text-overflow:ellipsis; white-space:nowrap;\"><a href=\"https:\/\/www.instagram.com\/tv\/CQa83TlAjpN\/?utm_source=ig_embed&amp;utm_campaign=loading\" style=\" color:#c9c8cd; font-family:Arial,sans-serif; font-size:14px; font-style:normal; font-weight:normal; line-height:17px; text-decoration:none;\" target=\"_blank\" rel=\"noopener\">Uma publica\u00e7\u00e3o compartilhada por ELAS PELO MPMG (@elaspelompmg)<\/a><\/p><\/div><\/blockquote> <script async src=\"\/\/www.instagram.com\/embed.js\"><\/script>\n\n\n<div class=\"wp-block-image\">\n<figure class=\"alignright size-full is-resized\"><img loading=\"lazy\" decoding=\"async\" sizes=\"auto, (max-width: 461px) 100vw, 461px\" src=\"https:\/\/blogfca.pucminas.br\/colab\/wp-content\/uploads\/2023\/05\/image-4.png\" alt=\"\" class=\"wp-image-13154\" width=\"371\" height=\"242\" srcset=\"https:\/\/blogfca.pucminas.br\/colab\/wp-content\/uploads\/2023\/05\/image-4.png 461w, https:\/\/blogfca.pucminas.br\/colab\/wp-content\/uploads\/2023\/05\/image-4-300x196.png 300w, https:\/\/blogfca.pucminas.br\/colab\/wp-content\/uploads\/2023\/05\/image-4-370x242.png 370w, https:\/\/blogfca.pucminas.br\/colab\/wp-content\/uploads\/2023\/05\/image-4-270x176.png 270w, https:\/\/blogfca.pucminas.br\/colab\/wp-content\/uploads\/2023\/05\/image-4-150x98.png 150w\" \/><figcaption class=\"wp-element-caption\">Imagem ilustrativa digital, da logomarca do coletivo Elas Pelo MPMG, com 8 mulheres de m\u00e3os dadas formando uma roda.<\/figcaption><\/figure>\n<\/div>\n\n\n<p>De acordo com Maria Clara Azevedo, promotora de justi\u00e7a do MPMG e idealizadora do projeto, o \u201c<strong>Elas pelo MPMG<\/strong>\u201d surgiu ap\u00f3s a pesquisadora perceber que mesmo com tantos avan\u00e7os te\u00f3ricos, n\u00e3o havia realmente p\u00fablico feminino inserido em posi\u00e7\u00f5es de poder.<\/p>\n\n\n\n<blockquote class=\"wp-block-quote is-layout-flow wp-block-quote-is-layout-flow\">\n<p>Apesar de existir esse discurso de que \u2018as mulheres est\u00e3o dominando o mundo\u2019,  isso n\u00e3o existe, e em muitas institui\u00e7\u00f5es, eu n\u00e3o via nada disso na pr\u00e1tica\u201d.&nbsp;<\/p>\n<cite>Maria Clara Azevedo<\/cite><\/blockquote>\n\n\n\n<p>Segundo a promotora, a pesquisa inicial surgiu para ter dados para come\u00e7ar a refletir e discutir melhor sobre o n\u00famero de mulheres dentro do Minist\u00e9rio P\u00fablico, n\u00e3o s\u00f3 no de Minas Gerais, como em todo o Brasil. Para colocar em pr\u00e1tica as discuss\u00f5es dentro da institui\u00e7\u00e3o, eram necess\u00e1rios inicialmente ter esses n\u00fameros e uma perspectiva de mulheres j\u00e1 existentes.<\/p>\n\n\n\n<blockquote class=\"wp-block-quote is-layout-flow wp-block-quote-is-layout-flow\">\n<p>Colhemos os dados com colegas de todo o Brasil para saber quantas mulheres havia entre promotores e procuradores, quantas estavam em cargos de poder.\u00a0 Percebemos que n\u00e3o s\u00f3 havia menos mulheres no corpo do Minist\u00e9rio P\u00fablico, mas quanto mais olhamos para os cargos maiores, de administra\u00e7\u00e3o, mais diminu\u00eda a quantidade de mulheres\u201d.<\/p>\n<cite> Maria Clara Azevedo, promotora de justi\u00e7a do MPMG<\/cite><\/blockquote>\n\n\n\n<p>Maria Clara percebeu que, na \u00e9poca, quando come\u00e7aram a colher os dados que precisavam para a pesquisa, nenhum Minist\u00e9rio P\u00fablico do Brasil tinha algum informa\u00e7\u00f5es sobre o n\u00famero de mulheres que representavam o \u00f3rg\u00e3o p\u00fablico.\u00a0\u201cN\u00e3o sabiam nem quantas mulheres estavam em seu corpo, quanto menos discutir sobre o assunto. Como iam fazer isso se nem os dados tinham? Era claro a falta de preocupa\u00e7\u00e3o com a representatividade\u201d, afirma.<\/p>\n\n\n\n<p>Segundo a pesquisadora, quando a tese foi conclu\u00edda, foi constatado que s\u00f3 havia tr\u00eas estados do pa\u00eds que tinham mais mulheres sendo representadas na institui\u00e7\u00e3o. No restante, a maioria eram homens.\u00a0<\/p>\n\n\n\n<figure class=\"wp-block-embed is-type-video is-provider-youtube wp-block-embed-youtube wp-embed-aspect-16-9 wp-has-aspect-ratio\"><div class=\"wp-block-embed__wrapper\">\n<iframe loading=\"lazy\" title=\"Maria Clara Azevedo, Promotora de Justi\u00e7a do MPMG\" width=\"770\" height=\"433\" src=\"https:\/\/www.youtube.com\/embed\/Kr-26A-McdM?feature=oembed\" frameborder=\"0\" allow=\"accelerometer; autoplay; clipboard-write; encrypted-media; gyroscope; picture-in-picture; web-share\" allowfullscreen><\/iframe>\n<\/div><figcaption class=\"wp-element-caption\">A maioria das institui\u00e7\u00f5es do Minist\u00e9rio P\u00fablico Nacional ainda \u00e9 representada por homens.<\/figcaption><\/figure>\n\n\n\n<p>A promotora de justi\u00e7a Maria Clara Azevedo explica o nome do projeto de pesquisa &#8220;Santa de Casa N\u00e3o Faz Milagre&#8221;. O nome faz uma cr\u00edtica \u00e0 pr\u00f3pria estrutura do MP.<\/p>\n\n\n\n<figure class=\"wp-block-embed is-type-video is-provider-youtube wp-block-embed-youtube wp-embed-aspect-16-9 wp-has-aspect-ratio\"><div class=\"wp-block-embed__wrapper\">\n<iframe loading=\"lazy\" title=\"Maria Clara Azevedo, Promotora de Justi\u00e7a do MPMG\" width=\"770\" height=\"433\" src=\"https:\/\/www.youtube.com\/embed\/WmZFgFPZCr8?feature=oembed\" frameborder=\"0\" allow=\"accelerometer; autoplay; clipboard-write; encrypted-media; gyroscope; picture-in-picture; web-share\" allowfullscreen><\/iframe>\n<\/div><\/figure>\n\n\n\n<h2 class=\"wp-block-heading\">#CAD\u00caASMULHERESMPMG<\/h2>\n\n\n<div class=\"wp-block-image\">\n<figure class=\"alignright size-large is-resized\"><img loading=\"lazy\" decoding=\"async\" sizes=\"auto, (max-width: 1024px) 100vw, 1024px\" src=\"https:\/\/blogfca.pucminas.br\/colab\/wp-content\/uploads\/2023\/06\/MPMG-COLAB-3-2-1024x577.png\" alt=\"\" class=\"wp-image-14177\" width=\"181\" height=\"102\" srcset=\"https:\/\/blogfca.pucminas.br\/colab\/wp-content\/uploads\/2023\/06\/MPMG-COLAB-3-2-1024x577.png 1024w, https:\/\/blogfca.pucminas.br\/colab\/wp-content\/uploads\/2023\/06\/MPMG-COLAB-3-2-300x169.png 300w, https:\/\/blogfca.pucminas.br\/colab\/wp-content\/uploads\/2023\/06\/MPMG-COLAB-3-2-768x433.png 768w, https:\/\/blogfca.pucminas.br\/colab\/wp-content\/uploads\/2023\/06\/MPMG-COLAB-3-2-1536x865.png 1536w, https:\/\/blogfca.pucminas.br\/colab\/wp-content\/uploads\/2023\/06\/MPMG-COLAB-3-2-370x208.png 370w, https:\/\/blogfca.pucminas.br\/colab\/wp-content\/uploads\/2023\/06\/MPMG-COLAB-3-2-270x152.png 270w, https:\/\/blogfca.pucminas.br\/colab\/wp-content\/uploads\/2023\/06\/MPMG-COLAB-3-2.png 1640w\" \/><\/figure>\n<\/div>\n\n\n<p>Com a discuss\u00e3o mais efetiva sobre a representatividade, tamb\u00e9m surgiram dentro do \u00e2mbito do Minist\u00e9rio P\u00fablico medidas para facilitar a inclus\u00e3o de minorias na institui\u00e7\u00e3o. Confira as principais dos \u00faltimos anos.<\/p>\n\n\n\n<p>Apesar das adversidades, observa-se uma perspectiva positiva no futuro do Minist\u00e9rio P\u00fablico. Como apontado pela promotora M\u00f4nica Sofia, a voz de protesto das promotoras e procuradoras de justi\u00e7a j\u00e1 se difere do modo como acontecia 20 anos atr\u00e1s.<\/p>\n\n\n\n<figure class=\"wp-block-embed is-type-video is-provider-youtube wp-block-embed-youtube wp-embed-aspect-16-9 wp-has-aspect-ratio\"><div class=\"wp-block-embed__wrapper\">\n<iframe loading=\"lazy\" title=\"M\u00f4nica Sofia, Promotora de Justi\u00e7a\" width=\"770\" height=\"433\" src=\"https:\/\/www.youtube.com\/embed\/64yjoNx7TVo?feature=oembed\" frameborder=\"0\" allow=\"accelerometer; autoplay; clipboard-write; encrypted-media; gyroscope; picture-in-picture; web-share\" allowfullscreen><\/iframe>\n<\/div><figcaption class=\"wp-element-caption\">Promotora de Justi\u00e7a M\u00f4nica Sofia tem esperan\u00e7a no futuro das mulheres no MPMG.<\/figcaption><\/figure>\n\n\n\n<figure class=\"wp-block-image size-full\"><img loading=\"lazy\" decoding=\"async\" width=\"1024\" height=\"768\" sizes=\"auto, (max-width: 1024px) 100vw, 1024px\" src=\"https:\/\/blogfca.pucminas.br\/colab\/wp-content\/uploads\/2023\/06\/Tentativas-de-inclusao.png\" alt=\"\" class=\"wp-image-14183\" srcset=\"https:\/\/blogfca.pucminas.br\/colab\/wp-content\/uploads\/2023\/06\/Tentativas-de-inclusao.png 1024w, https:\/\/blogfca.pucminas.br\/colab\/wp-content\/uploads\/2023\/06\/Tentativas-de-inclusao-300x225.png 300w, https:\/\/blogfca.pucminas.br\/colab\/wp-content\/uploads\/2023\/06\/Tentativas-de-inclusao-768x576.png 768w, https:\/\/blogfca.pucminas.br\/colab\/wp-content\/uploads\/2023\/06\/Tentativas-de-inclusao-370x278.png 370w, https:\/\/blogfca.pucminas.br\/colab\/wp-content\/uploads\/2023\/06\/Tentativas-de-inclusao-270x203.png 270w, https:\/\/blogfca.pucminas.br\/colab\/wp-content\/uploads\/2023\/06\/Tentativas-de-inclusao-570x428.png 570w, https:\/\/blogfca.pucminas.br\/colab\/wp-content\/uploads\/2023\/06\/Tentativas-de-inclusao-740x555.png 740w, https:\/\/blogfca.pucminas.br\/colab\/wp-content\/uploads\/2023\/06\/Tentativas-de-inclusao-80x60.png 80w, https:\/\/blogfca.pucminas.br\/colab\/wp-content\/uploads\/2023\/06\/Tentativas-de-inclusao-150x113.png 150w\" \/><figcaption class=\"wp-element-caption\">Imagem ilustrativa digital das tentativas fomentadas para inclus\u00e3o de mulheres no MP,  produzido por Maria J\u00falia Nascimento. <\/figcaption><\/figure>\n\n\n\n<pre class=\"wp-block-verse has-gridlove-cat-6-color has-gridlove-bg-background-color has-text-color has-background\">Reportagem produzida por Daniel Domiciano, Maria J\u00falia Nascimento e Pedro Barros para a disciplina Laborat\u00f3rio de Jornalismo Digital, no semestre 2023\/1, sob supervis\u00e3o da professora Ver\u00f4nica Soares da Costa.<\/pre>\n","protected":false},"excerpt":{"rendered":"<p>Em um Estado com mais de 1600 promotores de justi\u00e7a e mais de 1 s\u00e9culo de Minist\u00e9rio P\u00fablico, o cen\u00e1rio ainda \u00e9 desigual entre homens e mulheres. <\/p>\n","protected":false},"author":21,"featured_media":13151,"comment_status":"open","ping_status":"open","sticky":false,"template":"","format":"standard","meta":{"_eb_attr":"","ngg_post_thumbnail":0,"footnotes":""},"categories":[1469,5],"tags":[1380,1543,19,1542,1539,1540,189,500,648,270],"class_list":["post-13104","post","type-post","status-publish","format-standard","has-post-thumbnail","hentry","category-lab-jor-digi","category-sociedade","tag-desigualdade","tag-elaspelompmg","tag-feminismo","tag-ministerio-publico","tag-mp","tag-mpmg","tag-mulheres","tag-mulheresnopoder","tag-representatividade","tag-sociedade"],"yoast_head":"<!-- This site is optimized with the Yoast SEO plugin v27.4 - https:\/\/yoast.com\/product\/yoast-seo-wordpress\/ -->\n<title>As mulheres est\u00e3o sendo representadas no MPMG?<\/title>\n<meta name=\"description\" content=\"Conhe\u00e7a o &quot;Elas pelo MPMG&quot;, coletivo de promotoras e procuradoras de justi\u00e7a que discutem representatividade feminina no Minist\u00e9rio P\u00fablico.\" \/>\n<meta name=\"robots\" content=\"index, follow, max-snippet:-1, max-image-preview:large, max-video-preview:-1\" \/>\n<link rel=\"canonical\" href=\"https:\/\/blogfca.pucminas.br\/colab\/representatividade-mulheres-mpmg\/\" \/>\n<meta property=\"og:locale\" content=\"pt_BR\" \/>\n<meta property=\"og:type\" content=\"article\" \/>\n<meta property=\"og:title\" content=\"As mulheres est\u00e3o sendo representadas no MPMG?\" \/>\n<meta property=\"og:description\" content=\"Conhe\u00e7a o &quot;Elas pelo MPMG&quot;, coletivo de promotoras e procuradoras de justi\u00e7a que discutem representatividade feminina no Minist\u00e9rio P\u00fablico.\" \/>\n<meta property=\"og:url\" content=\"https:\/\/blogfca.pucminas.br\/colab\/representatividade-mulheres-mpmg\/\" \/>\n<meta property=\"og:site_name\" content=\"Colab\" \/>\n<meta property=\"article:publisher\" content=\"https:\/\/www.facebook.com\/colabpucminas\" \/>\n<meta property=\"article:published_time\" content=\"2023-06-09T15:20:19+00:00\" \/>\n<meta property=\"article:modified_time\" content=\"2023-06-09T19:18:55+00:00\" \/>\n<meta property=\"og:image\" content=\"https:\/\/blogfca.pucminas.br\/colab\/wp-content\/uploads\/2023\/05\/2-1.jpg\" \/>\n\t<meta property=\"og:image:width\" content=\"1640\" \/>\n\t<meta property=\"og:image:height\" content=\"924\" \/>\n\t<meta property=\"og:image:type\" content=\"image\/jpeg\" \/>\n<meta name=\"author\" content=\"Maria J\u00falia Nascimento\" \/>\n<meta name=\"twitter:card\" content=\"summary_large_image\" \/>\n<meta name=\"twitter:creator\" content=\"@colabpucminas\" \/>\n<meta name=\"twitter:site\" content=\"@colabpucminas\" \/>\n<meta name=\"twitter:label1\" content=\"Escrito por\" \/>\n\t<meta name=\"twitter:data1\" content=\"Maria J\u00falia Nascimento\" \/>\n\t<meta name=\"twitter:label2\" content=\"Est. tempo de leitura\" \/>\n\t<meta name=\"twitter:data2\" content=\"10 minutos\" \/>\n<script type=\"application\/ld+json\" class=\"yoast-schema-graph\">{\"@context\":\"https:\\\/\\\/schema.org\",\"@graph\":[{\"@type\":\"Article\",\"@id\":\"https:\\\/\\\/blogfca.pucminas.br\\\/colab\\\/representatividade-mulheres-mpmg\\\/#article\",\"isPartOf\":{\"@id\":\"https:\\\/\\\/blogfca.pucminas.br\\\/colab\\\/representatividade-mulheres-mpmg\\\/\"},\"author\":{\"name\":\"Maria J\u00falia Nascimento\",\"@id\":\"https:\\\/\\\/blogfca.pucminas.br\\\/colab\\\/#\\\/schema\\\/person\\\/1c1545354d9d8945d7564073b6c8d736\"},\"headline\":\"As mulheres est\u00e3o sendo representadas no MPMG ?\",\"datePublished\":\"2023-06-09T15:20:19+00:00\",\"dateModified\":\"2023-06-09T19:18:55+00:00\",\"mainEntityOfPage\":{\"@id\":\"https:\\\/\\\/blogfca.pucminas.br\\\/colab\\\/representatividade-mulheres-mpmg\\\/\"},\"wordCount\":1685,\"commentCount\":0,\"publisher\":{\"@id\":\"https:\\\/\\\/blogfca.pucminas.br\\\/colab\\\/#organization\"},\"image\":{\"@id\":\"https:\\\/\\\/blogfca.pucminas.br\\\/colab\\\/representatividade-mulheres-mpmg\\\/#primaryimage\"},\"thumbnailUrl\":\"https:\\\/\\\/blogfca.pucminas.br\\\/colab\\\/wp-content\\\/uploads\\\/2023\\\/05\\\/2-1.jpg\",\"keywords\":[\"desigualdade\",\"elaspelompmg\",\"feminismo\",\"minist\u00e9rio p\u00fablico\",\"mp\",\"mpmg\",\"mulheres\",\"mulheresnopoder\",\"representatividade\",\"sociedade\"],\"articleSection\":[\"Lab. Jornalismo Digital\",\"Sociedade\"],\"inLanguage\":\"pt-BR\",\"potentialAction\":[{\"@type\":\"CommentAction\",\"name\":\"Comment\",\"target\":[\"https:\\\/\\\/blogfca.pucminas.br\\\/colab\\\/representatividade-mulheres-mpmg\\\/#respond\"]}]},{\"@type\":\"WebPage\",\"@id\":\"https:\\\/\\\/blogfca.pucminas.br\\\/colab\\\/representatividade-mulheres-mpmg\\\/\",\"url\":\"https:\\\/\\\/blogfca.pucminas.br\\\/colab\\\/representatividade-mulheres-mpmg\\\/\",\"name\":\"As mulheres est\u00e3o sendo representadas no MPMG?\",\"isPartOf\":{\"@id\":\"https:\\\/\\\/blogfca.pucminas.br\\\/colab\\\/#website\"},\"primaryImageOfPage\":{\"@id\":\"https:\\\/\\\/blogfca.pucminas.br\\\/colab\\\/representatividade-mulheres-mpmg\\\/#primaryimage\"},\"image\":{\"@id\":\"https:\\\/\\\/blogfca.pucminas.br\\\/colab\\\/representatividade-mulheres-mpmg\\\/#primaryimage\"},\"thumbnailUrl\":\"https:\\\/\\\/blogfca.pucminas.br\\\/colab\\\/wp-content\\\/uploads\\\/2023\\\/05\\\/2-1.jpg\",\"datePublished\":\"2023-06-09T15:20:19+00:00\",\"dateModified\":\"2023-06-09T19:18:55+00:00\",\"description\":\"Conhe\u00e7a o \\\"Elas pelo MPMG\\\", coletivo de promotoras e procuradoras de justi\u00e7a que discutem representatividade feminina no Minist\u00e9rio P\u00fablico.\",\"breadcrumb\":{\"@id\":\"https:\\\/\\\/blogfca.pucminas.br\\\/colab\\\/representatividade-mulheres-mpmg\\\/#breadcrumb\"},\"inLanguage\":\"pt-BR\",\"potentialAction\":[{\"@type\":\"ReadAction\",\"target\":[\"https:\\\/\\\/blogfca.pucminas.br\\\/colab\\\/representatividade-mulheres-mpmg\\\/\"]}]},{\"@type\":\"ImageObject\",\"inLanguage\":\"pt-BR\",\"@id\":\"https:\\\/\\\/blogfca.pucminas.br\\\/colab\\\/representatividade-mulheres-mpmg\\\/#primaryimage\",\"url\":\"https:\\\/\\\/blogfca.pucminas.br\\\/colab\\\/wp-content\\\/uploads\\\/2023\\\/05\\\/2-1.jpg\",\"contentUrl\":\"https:\\\/\\\/blogfca.pucminas.br\\\/colab\\\/wp-content\\\/uploads\\\/2023\\\/05\\\/2-1.jpg\",\"width\":1640,\"height\":924},{\"@type\":\"BreadcrumbList\",\"@id\":\"https:\\\/\\\/blogfca.pucminas.br\\\/colab\\\/representatividade-mulheres-mpmg\\\/#breadcrumb\",\"itemListElement\":[{\"@type\":\"ListItem\",\"position\":1,\"name\":\"In\u00edcio\",\"item\":\"https:\\\/\\\/blogfca.pucminas.br\\\/colab\\\/\"},{\"@type\":\"ListItem\",\"position\":2,\"name\":\"As mulheres est\u00e3o sendo representadas no MPMG ?\"}]},{\"@type\":\"WebSite\",\"@id\":\"https:\\\/\\\/blogfca.pucminas.br\\\/colab\\\/#website\",\"url\":\"https:\\\/\\\/blogfca.pucminas.br\\\/colab\\\/\",\"name\":\"Colab\",\"description\":\"Experimenta\u00e7\u00e3o, conte\u00fado e colabora\u00e7\u00e3o em Jornalismo Digital\",\"publisher\":{\"@id\":\"https:\\\/\\\/blogfca.pucminas.br\\\/colab\\\/#organization\"},\"potentialAction\":[{\"@type\":\"SearchAction\",\"target\":{\"@type\":\"EntryPoint\",\"urlTemplate\":\"https:\\\/\\\/blogfca.pucminas.br\\\/colab\\\/?s={search_term_string}\"},\"query-input\":{\"@type\":\"PropertyValueSpecification\",\"valueRequired\":true,\"valueName\":\"search_term_string\"}}],\"inLanguage\":\"pt-BR\"},{\"@type\":\"Organization\",\"@id\":\"https:\\\/\\\/blogfca.pucminas.br\\\/colab\\\/#organization\",\"name\":\"Colab :: Laborat\u00f3rio de Comunica\u00e7\u00e3o Digital da FCA \\\/ PUC Minas\",\"url\":\"https:\\\/\\\/blogfca.pucminas.br\\\/colab\\\/\",\"logo\":{\"@type\":\"ImageObject\",\"inLanguage\":\"pt-BR\",\"@id\":\"https:\\\/\\\/blogfca.pucminas.br\\\/colab\\\/#\\\/schema\\\/logo\\\/image\\\/\",\"url\":\"https:\\\/\\\/blogfca.pucminas.br\\\/colab\\\/wp-content\\\/uploads\\\/2020\\\/03\\\/Avatar-Colab.jpg\",\"contentUrl\":\"https:\\\/\\\/blogfca.pucminas.br\\\/colab\\\/wp-content\\\/uploads\\\/2020\\\/03\\\/Avatar-Colab.jpg\",\"width\":1682,\"height\":1682,\"caption\":\"Colab :: Laborat\u00f3rio de Comunica\u00e7\u00e3o Digital da FCA \\\/ PUC Minas\"},\"image\":{\"@id\":\"https:\\\/\\\/blogfca.pucminas.br\\\/colab\\\/#\\\/schema\\\/logo\\\/image\\\/\"},\"sameAs\":[\"https:\\\/\\\/www.facebook.com\\\/colabpucminas\",\"https:\\\/\\\/x.com\\\/colabpucminas\",\"https:\\\/\\\/www.instagram.com\\\/colabpucminas\\\/\",\"https:\\\/\\\/www.linkedin.com\\\/company\\\/colab-puc-minas\",\"https:\\\/\\\/www.youtube.com\\\/channel\\\/UC14mKIqnnGCOgVr4DG6FPkA\"]},{\"@type\":\"Person\",\"@id\":\"https:\\\/\\\/blogfca.pucminas.br\\\/colab\\\/#\\\/schema\\\/person\\\/1c1545354d9d8945d7564073b6c8d736\",\"name\":\"Maria J\u00falia Nascimento\",\"image\":{\"@type\":\"ImageObject\",\"inLanguage\":\"pt-BR\",\"@id\":\"https:\\\/\\\/secure.gravatar.com\\\/avatar\\\/4aa0aee35ba0ab407dbc6f680ba4154772dc208a3f5811d79065072b2a693310?s=96&d=mm&r=g\",\"url\":\"https:\\\/\\\/secure.gravatar.com\\\/avatar\\\/4aa0aee35ba0ab407dbc6f680ba4154772dc208a3f5811d79065072b2a693310?s=96&d=mm&r=g\",\"contentUrl\":\"https:\\\/\\\/secure.gravatar.com\\\/avatar\\\/4aa0aee35ba0ab407dbc6f680ba4154772dc208a3f5811d79065072b2a693310?s=96&d=mm&r=g\",\"caption\":\"Maria J\u00falia Nascimento\"},\"url\":\"https:\\\/\\\/blogfca.pucminas.br\\\/colab\\\/author\\\/majunasci\\\/\"}]}<\/script>\n<!-- \/ Yoast SEO plugin. -->","yoast_head_json":{"title":"As mulheres est\u00e3o sendo representadas no MPMG?","description":"Conhe\u00e7a o \"Elas pelo MPMG\", coletivo de promotoras e procuradoras de justi\u00e7a que discutem representatividade feminina no Minist\u00e9rio P\u00fablico.","robots":{"index":"index","follow":"follow","max-snippet":"max-snippet:-1","max-image-preview":"max-image-preview:large","max-video-preview":"max-video-preview:-1"},"canonical":"https:\/\/blogfca.pucminas.br\/colab\/representatividade-mulheres-mpmg\/","og_locale":"pt_BR","og_type":"article","og_title":"As mulheres est\u00e3o sendo representadas no MPMG?","og_description":"Conhe\u00e7a o \"Elas pelo MPMG\", coletivo de promotoras e procuradoras de justi\u00e7a que discutem representatividade feminina no Minist\u00e9rio P\u00fablico.","og_url":"https:\/\/blogfca.pucminas.br\/colab\/representatividade-mulheres-mpmg\/","og_site_name":"Colab","article_publisher":"https:\/\/www.facebook.com\/colabpucminas","article_published_time":"2023-06-09T15:20:19+00:00","article_modified_time":"2023-06-09T19:18:55+00:00","og_image":[{"width":1640,"height":924,"url":"https:\/\/blogfca.pucminas.br\/colab\/wp-content\/uploads\/2023\/05\/2-1.jpg","type":"image\/jpeg"}],"author":"Maria J\u00falia Nascimento","twitter_card":"summary_large_image","twitter_creator":"@colabpucminas","twitter_site":"@colabpucminas","twitter_misc":{"Escrito por":"Maria J\u00falia Nascimento","Est. tempo de leitura":"10 minutos"},"schema":{"@context":"https:\/\/schema.org","@graph":[{"@type":"Article","@id":"https:\/\/blogfca.pucminas.br\/colab\/representatividade-mulheres-mpmg\/#article","isPartOf":{"@id":"https:\/\/blogfca.pucminas.br\/colab\/representatividade-mulheres-mpmg\/"},"author":{"name":"Maria J\u00falia Nascimento","@id":"https:\/\/blogfca.pucminas.br\/colab\/#\/schema\/person\/1c1545354d9d8945d7564073b6c8d736"},"headline":"As mulheres est\u00e3o sendo representadas no MPMG ?","datePublished":"2023-06-09T15:20:19+00:00","dateModified":"2023-06-09T19:18:55+00:00","mainEntityOfPage":{"@id":"https:\/\/blogfca.pucminas.br\/colab\/representatividade-mulheres-mpmg\/"},"wordCount":1685,"commentCount":0,"publisher":{"@id":"https:\/\/blogfca.pucminas.br\/colab\/#organization"},"image":{"@id":"https:\/\/blogfca.pucminas.br\/colab\/representatividade-mulheres-mpmg\/#primaryimage"},"thumbnailUrl":"https:\/\/blogfca.pucminas.br\/colab\/wp-content\/uploads\/2023\/05\/2-1.jpg","keywords":["desigualdade","elaspelompmg","feminismo","minist\u00e9rio p\u00fablico","mp","mpmg","mulheres","mulheresnopoder","representatividade","sociedade"],"articleSection":["Lab. Jornalismo Digital","Sociedade"],"inLanguage":"pt-BR","potentialAction":[{"@type":"CommentAction","name":"Comment","target":["https:\/\/blogfca.pucminas.br\/colab\/representatividade-mulheres-mpmg\/#respond"]}]},{"@type":"WebPage","@id":"https:\/\/blogfca.pucminas.br\/colab\/representatividade-mulheres-mpmg\/","url":"https:\/\/blogfca.pucminas.br\/colab\/representatividade-mulheres-mpmg\/","name":"As mulheres est\u00e3o sendo representadas no MPMG?","isPartOf":{"@id":"https:\/\/blogfca.pucminas.br\/colab\/#website"},"primaryImageOfPage":{"@id":"https:\/\/blogfca.pucminas.br\/colab\/representatividade-mulheres-mpmg\/#primaryimage"},"image":{"@id":"https:\/\/blogfca.pucminas.br\/colab\/representatividade-mulheres-mpmg\/#primaryimage"},"thumbnailUrl":"https:\/\/blogfca.pucminas.br\/colab\/wp-content\/uploads\/2023\/05\/2-1.jpg","datePublished":"2023-06-09T15:20:19+00:00","dateModified":"2023-06-09T19:18:55+00:00","description":"Conhe\u00e7a o \"Elas pelo MPMG\", coletivo de promotoras e procuradoras de justi\u00e7a que discutem representatividade feminina no Minist\u00e9rio P\u00fablico.","breadcrumb":{"@id":"https:\/\/blogfca.pucminas.br\/colab\/representatividade-mulheres-mpmg\/#breadcrumb"},"inLanguage":"pt-BR","potentialAction":[{"@type":"ReadAction","target":["https:\/\/blogfca.pucminas.br\/colab\/representatividade-mulheres-mpmg\/"]}]},{"@type":"ImageObject","inLanguage":"pt-BR","@id":"https:\/\/blogfca.pucminas.br\/colab\/representatividade-mulheres-mpmg\/#primaryimage","url":"https:\/\/blogfca.pucminas.br\/colab\/wp-content\/uploads\/2023\/05\/2-1.jpg","contentUrl":"https:\/\/blogfca.pucminas.br\/colab\/wp-content\/uploads\/2023\/05\/2-1.jpg","width":1640,"height":924},{"@type":"BreadcrumbList","@id":"https:\/\/blogfca.pucminas.br\/colab\/representatividade-mulheres-mpmg\/#breadcrumb","itemListElement":[{"@type":"ListItem","position":1,"name":"In\u00edcio","item":"https:\/\/blogfca.pucminas.br\/colab\/"},{"@type":"ListItem","position":2,"name":"As mulheres est\u00e3o sendo representadas no MPMG ?"}]},{"@type":"WebSite","@id":"https:\/\/blogfca.pucminas.br\/colab\/#website","url":"https:\/\/blogfca.pucminas.br\/colab\/","name":"Colab","description":"Experimenta\u00e7\u00e3o, conte\u00fado e colabora\u00e7\u00e3o em Jornalismo Digital","publisher":{"@id":"https:\/\/blogfca.pucminas.br\/colab\/#organization"},"potentialAction":[{"@type":"SearchAction","target":{"@type":"EntryPoint","urlTemplate":"https:\/\/blogfca.pucminas.br\/colab\/?s={search_term_string}"},"query-input":{"@type":"PropertyValueSpecification","valueRequired":true,"valueName":"search_term_string"}}],"inLanguage":"pt-BR"},{"@type":"Organization","@id":"https:\/\/blogfca.pucminas.br\/colab\/#organization","name":"Colab :: Laborat\u00f3rio de Comunica\u00e7\u00e3o Digital da FCA \/ PUC Minas","url":"https:\/\/blogfca.pucminas.br\/colab\/","logo":{"@type":"ImageObject","inLanguage":"pt-BR","@id":"https:\/\/blogfca.pucminas.br\/colab\/#\/schema\/logo\/image\/","url":"https:\/\/blogfca.pucminas.br\/colab\/wp-content\/uploads\/2020\/03\/Avatar-Colab.jpg","contentUrl":"https:\/\/blogfca.pucminas.br\/colab\/wp-content\/uploads\/2020\/03\/Avatar-Colab.jpg","width":1682,"height":1682,"caption":"Colab :: Laborat\u00f3rio de Comunica\u00e7\u00e3o Digital da FCA \/ PUC Minas"},"image":{"@id":"https:\/\/blogfca.pucminas.br\/colab\/#\/schema\/logo\/image\/"},"sameAs":["https:\/\/www.facebook.com\/colabpucminas","https:\/\/x.com\/colabpucminas","https:\/\/www.instagram.com\/colabpucminas\/","https:\/\/www.linkedin.com\/company\/colab-puc-minas","https:\/\/www.youtube.com\/channel\/UC14mKIqnnGCOgVr4DG6FPkA"]},{"@type":"Person","@id":"https:\/\/blogfca.pucminas.br\/colab\/#\/schema\/person\/1c1545354d9d8945d7564073b6c8d736","name":"Maria J\u00falia Nascimento","image":{"@type":"ImageObject","inLanguage":"pt-BR","@id":"https:\/\/secure.gravatar.com\/avatar\/4aa0aee35ba0ab407dbc6f680ba4154772dc208a3f5811d79065072b2a693310?s=96&d=mm&r=g","url":"https:\/\/secure.gravatar.com\/avatar\/4aa0aee35ba0ab407dbc6f680ba4154772dc208a3f5811d79065072b2a693310?s=96&d=mm&r=g","contentUrl":"https:\/\/secure.gravatar.com\/avatar\/4aa0aee35ba0ab407dbc6f680ba4154772dc208a3f5811d79065072b2a693310?s=96&d=mm&r=g","caption":"Maria J\u00falia Nascimento"},"url":"https:\/\/blogfca.pucminas.br\/colab\/author\/majunasci\/"}]}},"amp_enabled":true,"_links":{"self":[{"href":"https:\/\/blogfca.pucminas.br\/colab\/wp-json\/wp\/v2\/posts\/13104","targetHints":{"allow":["GET"]}}],"collection":[{"href":"https:\/\/blogfca.pucminas.br\/colab\/wp-json\/wp\/v2\/posts"}],"about":[{"href":"https:\/\/blogfca.pucminas.br\/colab\/wp-json\/wp\/v2\/types\/post"}],"author":[{"embeddable":true,"href":"https:\/\/blogfca.pucminas.br\/colab\/wp-json\/wp\/v2\/users\/21"}],"replies":[{"embeddable":true,"href":"https:\/\/blogfca.pucminas.br\/colab\/wp-json\/wp\/v2\/comments?post=13104"}],"version-history":[{"count":12,"href":"https:\/\/blogfca.pucminas.br\/colab\/wp-json\/wp\/v2\/posts\/13104\/revisions"}],"predecessor-version":[{"id":14212,"href":"https:\/\/blogfca.pucminas.br\/colab\/wp-json\/wp\/v2\/posts\/13104\/revisions\/14212"}],"wp:featuredmedia":[{"embeddable":true,"href":"https:\/\/blogfca.pucminas.br\/colab\/wp-json\/wp\/v2\/media\/13151"}],"wp:attachment":[{"href":"https:\/\/blogfca.pucminas.br\/colab\/wp-json\/wp\/v2\/media?parent=13104"}],"wp:term":[{"taxonomy":"category","embeddable":true,"href":"https:\/\/blogfca.pucminas.br\/colab\/wp-json\/wp\/v2\/categories?post=13104"},{"taxonomy":"post_tag","embeddable":true,"href":"https:\/\/blogfca.pucminas.br\/colab\/wp-json\/wp\/v2\/tags?post=13104"}],"curies":[{"name":"wp","href":"https:\/\/api.w.org\/{rel}","templated":true}]}}