{"id":12029,"date":"2022-12-05T18:28:15","date_gmt":"2022-12-05T21:28:15","guid":{"rendered":"https:\/\/blogfca.pucminas.br\/colab\/?p=12029"},"modified":"2022-12-05T21:46:59","modified_gmt":"2022-12-06T00:46:59","slug":"como-fugir-do-cancelamento-das-redes-sociais","status":"publish","type":"post","link":"https:\/\/blogfca.pucminas.br\/colab\/como-fugir-do-cancelamento-das-redes-sociais\/","title":{"rendered":"Como fugir do cancelamento das redes sociais?"},"content":{"rendered":"\n<p>Antigas normas morais e diversos outros costumes vem se alterando ao longo do tempo e se desconstruindo lentamente. Nesse contexto, influencers e celebridades devem tomar cuidado com o que publicam e com o que falam, para que n\u00e3o sejam \u201ccancelados\u201d nas redes sociais e acabem prejudicando suas carreiras.<\/p>\n\n\n\n<p>Mas o que seria esse \u201ccancelamento\u201d? A <a href=\"https:\/\/blogfca.pucminas.br\/colab\/cultura-do-cancelamento-entre-o-debate-e-o-odio\/\" target=\"_blank\" rel=\"noreferrer noopener\">cultura do cancelamento<\/a> \u00e9 um fen\u00f4meno moderno no qual uma pessoa ou grupo \u00e9 expulso de uma posi\u00e7\u00e3o de influ\u00eancia ou fama devido a atitudes consideradas question\u00e1veis. \u00c9 basicamente o ato de protesto que acaba &#8211; por vezes &#8211; no linchamento virtual.<\/p>\n\n\n\n<p>As redes sociais, neste contexto, acabam agravando uma situa\u00e7\u00e3o que parecia ser simples, como por exemplo, algu\u00e9m n\u00e3o gostar de uma m\u00fasica ou estilo musical, ou at\u00e9 mesmo quando algu\u00e9m diz que prefere tal coisa em detrimento a outra. O que seria um espa\u00e7o para intera\u00e7\u00f5es entre pessoas, acaba se tornando um ambiente de xingamentos e discurso de \u00f3dio. Pudemos perceber isso nas \u00faltimas elei\u00e7\u00f5es em que o nordeste e os nordestinos foram alvos di\u00e1rios de amea\u00e7as, discurso xenof\u00f3bicos e racistas.<\/p>\n\n\n\n<p>Quando algu\u00e9m \u00e9 cancelado, ele acaba virando centro de aten\u00e7\u00f5es e acaba ganhando destaque nas m\u00eddias (obviamente pelo lado negativo). N\u00e3o \u00e9 incomum que quando alguma celebridade \u00e9 cancelado, os <a href=\"https:\/\/www.inspiraon.com.br\/blog\/13\/o-que-sao-haters-nas-redes-sociais\" target=\"_blank\" rel=\"noreferrer noopener\">haters <\/a>procurem postagens antigas para reviver antigas pol\u00eamicas, utilizando-as para atacar estes influencers.<\/p>\n\n\n\n<p>Esse comportamento acaba gerando alguns desdobramentos, um deles \u00e9 o preju\u00edzo financeiro. Muitas vezes o p\u00fablico amea\u00e7a deixar consumir produtos ligados \u00e0 aquela celebridade, assim, for\u00e7ando com que os patrocinadores se posicionem contra ou at\u00e9 mesmo que cessem seus contratos. Al\u00e9m do preju\u00edzo financeiro h\u00e1 ainda o preju\u00edzo de carreira, j\u00e1 que aquela pessoa ficar\u00e1 marcada para sempre por aquele epis\u00f3dio negativo e por mais que ela tente dar a volta por cima, sempre algu\u00e9m lembrar\u00e1 daquele momento. Al\u00e9m desses preju\u00edzos, ainda existem as consequ\u00eancias psicol\u00f3gicas que podem gerar depress\u00e3o profunda , ou seja, a tal <a href=\"https:\/\/uniamerica.br\/blog\/a-cultura-do-cancelamento-e-suas-consequencias\" target=\"_blank\" rel=\"noreferrer noopener\">cultura do cancelamento \u00e9 extremamente t\u00f3xica e proporciona v\u00e1rios desdobramentos mentais.<\/a><\/p>\n\n\n\n<h2 class=\"wp-block-heading\">Como gerenciar uma crise de cancelamento<\/h2>\n\n\n\n<p>Gerenciamento de crise \u00e9 importante para pessoas e empresas como um todo. \u00c9 um consenso na \u00e1rea da assessoria de imprensa que a administra\u00e7\u00e3o de crise \u00e9 uma parte crucial para qualquer assessoria. Portanto, a Professora da institui\u00e7\u00e3o PUC Minas, Luciana Fagundes, comentou alguns pontos relevantes sobre esse tipo de gest\u00e3o.<\/p>\n\n\n\n<p>O cancelamento \u00e9, sobretudo, uma crise. Para a pesquisadora, s\u00e3o muitos os estudiosos que estudam crises e seus impactos para organiza\u00e7\u00f5es e pessoas p\u00fablicas. Segundo Frank Corrado, uma crise pode ser um \u201cacidente\u201d ou uma \u201cemerg\u00eancia\u201d que apresenta uma grande amea\u00e7a para os envolvidos. Elas podem acontecer de v\u00e1rias formas, como um acidente ou apenas um erro na comunica\u00e7\u00e3o de alguma pessoa e\/ou empresa, de qualquer forma elas s\u00e3o danosas para a imagem das pessoas, s\u00e3o dram\u00e1ticas e muitas vezes tamb\u00e9m s\u00e3o traum\u00e1ticas.<\/p>\n\n\n<div class=\"wp-block-image\">\n<figure class=\"aligncenter size-full\"><img loading=\"lazy\" decoding=\"async\" width=\"600\" height=\"400\" sizes=\"auto, (max-width: 600px) 100vw, 600px\" src=\"https:\/\/blogfca.pucminas.br\/colab\/wp-content\/uploads\/2022\/12\/FOTO-1.jpg\" alt=\"\" class=\"wp-image-12031\" srcset=\"https:\/\/blogfca.pucminas.br\/colab\/wp-content\/uploads\/2022\/12\/FOTO-1.jpg 600w, https:\/\/blogfca.pucminas.br\/colab\/wp-content\/uploads\/2022\/12\/FOTO-1-300x200.jpg 300w, https:\/\/blogfca.pucminas.br\/colab\/wp-content\/uploads\/2022\/12\/FOTO-1-370x247.jpg 370w, https:\/\/blogfca.pucminas.br\/colab\/wp-content\/uploads\/2022\/12\/FOTO-1-270x180.jpg 270w, https:\/\/blogfca.pucminas.br\/colab\/wp-content\/uploads\/2022\/12\/FOTO-1-570x380.jpg 570w, https:\/\/blogfca.pucminas.br\/colab\/wp-content\/uploads\/2022\/12\/FOTO-1-150x100.jpg 150w\" \/><figcaption class=\"wp-element-caption\"><em>Professora Luciana Fagundes em sala de aula \/ Revisya PUC Minas &#8211; Reprodu\u00e7\u00e3o<\/em><\/figcaption><\/figure>\n<\/div>\n\n\n<p>Mas por que as crises acontecem? Que tipo de fatores levam ao cancelamento? Para Luciana a resposta est\u00e1 no fato de estarmos mais cr\u00edticos &#8211; no bom sentido &#8211; sobre algumas pautas, principalmente se elas forem de cunho social, como racismo, xenofobia, misoginia, homofobia, entre outras tantas.<\/p>\n\n\n\n<p>\u201cO cancelamento acontece quando algu\u00e9m identifica uma publica\u00e7\u00e3o nas redes sociais e a considera ofensiva, posicionando-se de forma enf\u00e1tica contra a postagem\u201d, afirma a professora. Com isso, o efeito \u00e9 como uma bola de neve, em que os ataques a uma pessoa cresce cada vez mais com coment\u00e1rios de pessoas que compartilham da opini\u00e3o contr\u00e1ria a da pessoa cancelada.<\/p>\n\n\n\n<p>\u201cH\u00e1 uma intoler\u00e2ncia muito grande tamb\u00e9m com posicionamentos p\u00fablicos contr\u00e1rios \u00e0 imagem que foi constru\u00edda pelo digital influencer e ou celebridade em foco\u201d, ressalta.<\/p>\n\n\n\n<p>Fagundes ainda cita casos de influenciadoras e celebridades como Gabriela Pugliesi e da cantora Karol Conk\u00e1, que foram canceladas massivamente nas redes sociais por conta de atitudes e posicionamentos que iam contra a pr\u00f3pria imagem que constru\u00edram nas m\u00eddias.<\/p>\n\n\n\n<h2 class=\"wp-block-heading\">E se eu for cancelado?<\/h2>\n\n\n\n<p>De certa forma, o mais recomendado a se fazer \u00e9 prevenir-se sempre, ter bom senso, coer\u00eancia e empatia. Contudo, se ainda acontecer o infort\u00fanio de um cancelamento, o importante \u00e9 ficar calmo e agir de forma proativa e cuidadosa. Algumas dicas importantes:<\/p>\n\n\n\n<p>1- \u00c9 importante entender a quem sua opini\u00e3o ofendeu.<br>2- Observar qual foi o p\u00fablico que come\u00e7ou o movimento de cancelamento.<br>3- E principalmente: \u201cSeja humilde, transparente, objetivo, assuma o erro e se desculpe publicamente. Comprometa-se com a mudan\u00e7a!\u201d, diz Luciana.<\/p>\n\n\n\n<p>Sabemos que o cancelamento tem diversas facetas, mas tamb\u00e9m sabemos que existem propor\u00e7\u00f5es diferentes para casos diferentes. A propor\u00e7\u00e3o para uma figura p\u00fablica, por exemplo, \u00e9 diferente da de uma empresa. \u201cNo que concerne \u00e0s figuras p\u00fablicas, o que se percebe em alguns casos \u00e9 um verdadeiro \u201clinchamento virtual\u201d, muitas vezes avan\u00e7ando para um discurso de \u00f3dio, com agress\u00f5es verbais e amea\u00e7as \u00e0 integridade f\u00edsica da pessoa e familiares.\u201d Ressalta a professora Luciana.<\/p>\n\n\n\n<p>O linchamento virtual pode acarretar em quest\u00f5es de adoecimento mental e at\u00e9 perdas financeiras. J\u00e1 no \u00e2mbito empresarial h\u00e1 bastante queda nas vendas, na qual a compania fica com uma m\u00e1 reputa\u00e7\u00e3o al\u00e9m da perda de confian\u00e7a dos clientes. \u201cUm bom processo de gest\u00e3o de crise \u00e9 fundamental, na revers\u00e3o desta realidade.\u201d, adverte!<\/p>\n\n\n\n<p>Se falarmos de mudan\u00e7as, Luciana \u00e9 enf\u00e1tica sobre como poder\u00edamos contornar a situa\u00e7\u00e3o dos cancelamentos. Neste sentido,\u00e9 importante levantar poss\u00edveis fontes do problema, e definir a\u00e7\u00f5es de comunica\u00e7\u00e3o. \u201cE em algum lugar deixar claro que as palavras preconceituosas ser\u00e3o apagadas.\u201d<\/p>\n\n\n\n<p>Ainda que seja dif\u00edcil prevenir, a professora ainda comenta que h\u00e1 formas de evitar o cancelamento: &#8220;Ser coerente, emp\u00e1tico e tamb\u00e9m, politicamente correto, pode contribuir para a constru\u00e7\u00e3o de uma imagem p\u00fablica robusta e evitar poss\u00edveis crises&#8221;, finaliza.<\/p>\n\n\n\n<blockquote class=\"wp-block-quote has-normal-font-size is-layout-flow wp-block-quote-is-layout-flow\">\n<p class=\"has-normal-font-size\">&#8220;Ser coerente, emp\u00e1tico e tamb\u00e9m, politicamente correto, pode contribuir para a constru\u00e7\u00e3o de uma imagem p\u00fablica robusta e evitar poss\u00edveis crises&#8221;                       Luciana Fagundes.<\/p>\n<\/blockquote>\n\n\n\n<p> <h2>Confira mais sobre o tema em:<\/h2><\/p>\n\n\n\n<p> <a href=\"https:\/\/blogfca.pucminas.br\/colab\/a-superficialidade-do-mundo-virtual\/\" target=\"_blank\" rel=\"noreferrer noopener\">A superficialidade do mundo virtual<\/a><\/p>\n\n\n\n<p><h5><a href=\"https:\/\/blogfca.pucminas.br\/colab\/como-aplicativos-de-namoro-podem-iniciar-novos-relacionamentos\/\" target=\"_blank\" rel=\"noreferrer noopener\">Como aplicativos de namoro podem iniciar novos relacionamentos<\/a><\/h5>    <\/p>\n\n\n\n<pre class=\"wp-block-verse\"><em>Conte\u00fado produzido por Bianka Reinhardt e Mathias Samer na disciplina Laborat\u00f3rio de Narrativas Digitais, sob a supervis\u00e3o da professora e jornalista Maiara Orlandini<\/em><\/pre>\n\n\n\n<h2 class=\"wp-block-heading\">Leia tamb\u00e9m:<\/h2>\n\n\n\n<figure class=\"wp-block-embed is-type-wp-embed is-provider-colab wp-block-embed-colab\"><div class=\"wp-block-embed__wrapper\">\n<blockquote class=\"wp-embedded-content\" data-secret=\"VOJhekBKe9\"><a href=\"https:\/\/blogfca.pucminas.br\/colab\/um-passo-atras-ou-dois-a-frente-transmissao-da-omicron-provoca-cancelamento-e-adiamento-de-megaeventos\/\">Um passo atr\u00e1s ou dois \u00e0 frente? Transmiss\u00e3o da \u00d4micron provoca cancelamento e adiamento de megaeventos<\/a><\/blockquote><iframe loading=\"lazy\" class=\"wp-embedded-content\" sandbox=\"allow-scripts\" security=\"restricted\" style=\"position: absolute; clip: rect(1px, 1px, 1px, 1px);\" title=\"&#8220;Um passo atr\u00e1s ou dois \u00e0 frente? Transmiss\u00e3o da \u00d4micron provoca cancelamento e adiamento de megaeventos&#8221; &#8212; Colab\" src=\"https:\/\/blogfca.pucminas.br\/colab\/um-passo-atras-ou-dois-a-frente-transmissao-da-omicron-provoca-cancelamento-e-adiamento-de-megaeventos\/embed\/#?secret=VC07ueO01a#?secret=VOJhekBKe9\" data-secret=\"VOJhekBKe9\" width=\"600\" height=\"338\" frameborder=\"0\" marginwidth=\"0\" marginheight=\"0\" scrolling=\"no\"><\/iframe>\n<\/div><\/figure>\n","protected":false},"excerpt":{"rendered":"<p>Confira o que se deve fazer para n\u00e3o ser cancelado nas plataformas e como dar a volta por cima e lidar em casos de linchamento virtual<\/p>\n","protected":false},"author":7,"featured_media":12076,"comment_status":"open","ping_status":"open","sticky":false,"template":"","format":"standard","meta":{"_eb_attr":"","ngg_post_thumbnail":0,"footnotes":""},"categories":[1336],"tags":[1376,174,1378,26,232,16],"class_list":["post-12029","post","type-post","status-publish","format-standard","has-post-thumbnail","hentry","category-tecnologia","tag-cancelamento-2","tag-cultura","tag-culturadocancelamento-3","tag-jornalismo","tag-pucminas","tag-tecnologia"],"yoast_head":"<!-- This site is optimized with the Yoast SEO plugin v27.5 - https:\/\/yoast.com\/product\/yoast-seo-wordpress\/ -->\n<title>Como fugir do cancelamento das redes sociais? - Colab<\/title>\n<meta name=\"robots\" content=\"index, follow, max-snippet:-1, max-image-preview:large, max-video-preview:-1\" \/>\n<link rel=\"canonical\" href=\"https:\/\/blogfca.pucminas.br\/colab\/como-fugir-do-cancelamento-das-redes-sociais\/\" \/>\n<meta property=\"og:locale\" content=\"pt_BR\" \/>\n<meta property=\"og:type\" content=\"article\" \/>\n<meta property=\"og:title\" content=\"Como fugir do cancelamento das redes sociais? - Colab\" \/>\n<meta property=\"og:description\" content=\"Confira o que se deve fazer para n\u00e3o ser cancelado nas plataformas e como dar a volta por cima e lidar em casos de linchamento virtual\" \/>\n<meta property=\"og:url\" content=\"https:\/\/blogfca.pucminas.br\/colab\/como-fugir-do-cancelamento-das-redes-sociais\/\" \/>\n<meta property=\"og:site_name\" content=\"Colab\" \/>\n<meta property=\"article:publisher\" content=\"https:\/\/www.facebook.com\/colabpucminas\" \/>\n<meta property=\"article:author\" content=\"https:\/\/www.facebook.com\/colabpucminas\" \/>\n<meta property=\"article:published_time\" content=\"2022-12-05T21:28:15+00:00\" \/>\n<meta property=\"article:modified_time\" content=\"2022-12-06T00:46:59+00:00\" \/>\n<meta property=\"og:image\" content=\"https:\/\/blogfca.pucminas.br\/colab\/wp-content\/uploads\/2022\/12\/Design-sem-nome-1.jpg\" \/>\n\t<meta property=\"og:image:width\" content=\"1920\" \/>\n\t<meta property=\"og:image:height\" content=\"1080\" \/>\n\t<meta property=\"og:image:type\" content=\"image\/jpeg\" \/>\n<meta name=\"author\" content=\"Colab PUC Minas\" \/>\n<meta name=\"twitter:card\" content=\"summary_large_image\" \/>\n<meta name=\"twitter:creator\" content=\"@https:\/\/twitter.com\/colabpucminas\" \/>\n<meta name=\"twitter:site\" content=\"@colabpucminas\" \/>\n<meta name=\"twitter:label1\" content=\"Escrito por\" \/>\n\t<meta name=\"twitter:data1\" content=\"Colab PUC Minas\" \/>\n\t<meta name=\"twitter:label2\" content=\"Est. tempo de leitura\" \/>\n\t<meta name=\"twitter:data2\" content=\"6 minutos\" \/>\n<script type=\"application\/ld+json\" class=\"yoast-schema-graph\">{\"@context\":\"https:\\\/\\\/schema.org\",\"@graph\":[{\"@type\":\"Article\",\"@id\":\"https:\\\/\\\/blogfca.pucminas.br\\\/colab\\\/como-fugir-do-cancelamento-das-redes-sociais\\\/#article\",\"isPartOf\":{\"@id\":\"https:\\\/\\\/blogfca.pucminas.br\\\/colab\\\/como-fugir-do-cancelamento-das-redes-sociais\\\/\"},\"author\":{\"name\":\"Colab PUC Minas\",\"@id\":\"https:\\\/\\\/blogfca.pucminas.br\\\/colab\\\/#\\\/schema\\\/person\\\/1558d8148a80ebc84231cd55495bd7a4\"},\"headline\":\"Como fugir do cancelamento das redes sociais?\",\"datePublished\":\"2022-12-05T21:28:15+00:00\",\"dateModified\":\"2022-12-06T00:46:59+00:00\",\"mainEntityOfPage\":{\"@id\":\"https:\\\/\\\/blogfca.pucminas.br\\\/colab\\\/como-fugir-do-cancelamento-das-redes-sociais\\\/\"},\"wordCount\":1085,\"commentCount\":1,\"publisher\":{\"@id\":\"https:\\\/\\\/blogfca.pucminas.br\\\/colab\\\/#organization\"},\"image\":{\"@id\":\"https:\\\/\\\/blogfca.pucminas.br\\\/colab\\\/como-fugir-do-cancelamento-das-redes-sociais\\\/#primaryimage\"},\"thumbnailUrl\":\"https:\\\/\\\/blogfca.pucminas.br\\\/colab\\\/wp-content\\\/uploads\\\/2022\\\/12\\\/Design-sem-nome-1.jpg\",\"keywords\":[\"cancelamento\",\"cultura\",\"culturadocancelamento\",\"jornalismo\",\"pucminas\",\"tecnologia\"],\"articleSection\":[\"Tecnologia\"],\"inLanguage\":\"pt-BR\",\"potentialAction\":[{\"@type\":\"CommentAction\",\"name\":\"Comment\",\"target\":[\"https:\\\/\\\/blogfca.pucminas.br\\\/colab\\\/como-fugir-do-cancelamento-das-redes-sociais\\\/#respond\"]}]},{\"@type\":\"WebPage\",\"@id\":\"https:\\\/\\\/blogfca.pucminas.br\\\/colab\\\/como-fugir-do-cancelamento-das-redes-sociais\\\/\",\"url\":\"https:\\\/\\\/blogfca.pucminas.br\\\/colab\\\/como-fugir-do-cancelamento-das-redes-sociais\\\/\",\"name\":\"Como fugir do cancelamento das redes sociais? - Colab\",\"isPartOf\":{\"@id\":\"https:\\\/\\\/blogfca.pucminas.br\\\/colab\\\/#website\"},\"primaryImageOfPage\":{\"@id\":\"https:\\\/\\\/blogfca.pucminas.br\\\/colab\\\/como-fugir-do-cancelamento-das-redes-sociais\\\/#primaryimage\"},\"image\":{\"@id\":\"https:\\\/\\\/blogfca.pucminas.br\\\/colab\\\/como-fugir-do-cancelamento-das-redes-sociais\\\/#primaryimage\"},\"thumbnailUrl\":\"https:\\\/\\\/blogfca.pucminas.br\\\/colab\\\/wp-content\\\/uploads\\\/2022\\\/12\\\/Design-sem-nome-1.jpg\",\"datePublished\":\"2022-12-05T21:28:15+00:00\",\"dateModified\":\"2022-12-06T00:46:59+00:00\",\"breadcrumb\":{\"@id\":\"https:\\\/\\\/blogfca.pucminas.br\\\/colab\\\/como-fugir-do-cancelamento-das-redes-sociais\\\/#breadcrumb\"},\"inLanguage\":\"pt-BR\",\"potentialAction\":[{\"@type\":\"ReadAction\",\"target\":[\"https:\\\/\\\/blogfca.pucminas.br\\\/colab\\\/como-fugir-do-cancelamento-das-redes-sociais\\\/\"]}]},{\"@type\":\"ImageObject\",\"inLanguage\":\"pt-BR\",\"@id\":\"https:\\\/\\\/blogfca.pucminas.br\\\/colab\\\/como-fugir-do-cancelamento-das-redes-sociais\\\/#primaryimage\",\"url\":\"https:\\\/\\\/blogfca.pucminas.br\\\/colab\\\/wp-content\\\/uploads\\\/2022\\\/12\\\/Design-sem-nome-1.jpg\",\"contentUrl\":\"https:\\\/\\\/blogfca.pucminas.br\\\/colab\\\/wp-content\\\/uploads\\\/2022\\\/12\\\/Design-sem-nome-1.jpg\",\"width\":1920,\"height\":1080},{\"@type\":\"BreadcrumbList\",\"@id\":\"https:\\\/\\\/blogfca.pucminas.br\\\/colab\\\/como-fugir-do-cancelamento-das-redes-sociais\\\/#breadcrumb\",\"itemListElement\":[{\"@type\":\"ListItem\",\"position\":1,\"name\":\"In\u00edcio\",\"item\":\"https:\\\/\\\/blogfca.pucminas.br\\\/colab\\\/\"},{\"@type\":\"ListItem\",\"position\":2,\"name\":\"Como fugir do cancelamento das redes sociais?\"}]},{\"@type\":\"WebSite\",\"@id\":\"https:\\\/\\\/blogfca.pucminas.br\\\/colab\\\/#website\",\"url\":\"https:\\\/\\\/blogfca.pucminas.br\\\/colab\\\/\",\"name\":\"Colab\",\"description\":\"Experimenta\u00e7\u00e3o, conte\u00fado e colabora\u00e7\u00e3o em Jornalismo Digital\",\"publisher\":{\"@id\":\"https:\\\/\\\/blogfca.pucminas.br\\\/colab\\\/#organization\"},\"potentialAction\":[{\"@type\":\"SearchAction\",\"target\":{\"@type\":\"EntryPoint\",\"urlTemplate\":\"https:\\\/\\\/blogfca.pucminas.br\\\/colab\\\/?s={search_term_string}\"},\"query-input\":{\"@type\":\"PropertyValueSpecification\",\"valueRequired\":true,\"valueName\":\"search_term_string\"}}],\"inLanguage\":\"pt-BR\"},{\"@type\":\"Organization\",\"@id\":\"https:\\\/\\\/blogfca.pucminas.br\\\/colab\\\/#organization\",\"name\":\"Colab :: Laborat\u00f3rio de Comunica\u00e7\u00e3o Digital da FCA \\\/ PUC Minas\",\"url\":\"https:\\\/\\\/blogfca.pucminas.br\\\/colab\\\/\",\"logo\":{\"@type\":\"ImageObject\",\"inLanguage\":\"pt-BR\",\"@id\":\"https:\\\/\\\/blogfca.pucminas.br\\\/colab\\\/#\\\/schema\\\/logo\\\/image\\\/\",\"url\":\"https:\\\/\\\/blogfca.pucminas.br\\\/colab\\\/wp-content\\\/uploads\\\/2020\\\/03\\\/Avatar-Colab.jpg\",\"contentUrl\":\"https:\\\/\\\/blogfca.pucminas.br\\\/colab\\\/wp-content\\\/uploads\\\/2020\\\/03\\\/Avatar-Colab.jpg\",\"width\":1682,\"height\":1682,\"caption\":\"Colab :: Laborat\u00f3rio de Comunica\u00e7\u00e3o Digital da FCA \\\/ PUC Minas\"},\"image\":{\"@id\":\"https:\\\/\\\/blogfca.pucminas.br\\\/colab\\\/#\\\/schema\\\/logo\\\/image\\\/\"},\"sameAs\":[\"https:\\\/\\\/www.facebook.com\\\/colabpucminas\",\"https:\\\/\\\/x.com\\\/colabpucminas\",\"https:\\\/\\\/www.instagram.com\\\/colabpucminas\\\/\",\"https:\\\/\\\/www.linkedin.com\\\/company\\\/colab-puc-minas\",\"https:\\\/\\\/www.youtube.com\\\/channel\\\/UC14mKIqnnGCOgVr4DG6FPkA\"]},{\"@type\":\"Person\",\"@id\":\"https:\\\/\\\/blogfca.pucminas.br\\\/colab\\\/#\\\/schema\\\/person\\\/1558d8148a80ebc84231cd55495bd7a4\",\"name\":\"Colab PUC Minas\",\"image\":{\"@type\":\"ImageObject\",\"inLanguage\":\"pt-BR\",\"@id\":\"https:\\\/\\\/secure.gravatar.com\\\/avatar\\\/8e2ad0447c23d0e32e8541cfe4edfc398613871a2d36fd66bd308611ccd7d23a?s=96&d=mm&r=g\",\"url\":\"https:\\\/\\\/secure.gravatar.com\\\/avatar\\\/8e2ad0447c23d0e32e8541cfe4edfc398613871a2d36fd66bd308611ccd7d23a?s=96&d=mm&r=g\",\"contentUrl\":\"https:\\\/\\\/secure.gravatar.com\\\/avatar\\\/8e2ad0447c23d0e32e8541cfe4edfc398613871a2d36fd66bd308611ccd7d23a?s=96&d=mm&r=g\",\"caption\":\"Colab PUC Minas\"},\"description\":\"Colab \u00e9 o Laborat\u00f3rio de Comunica\u00e7\u00e3o Digital da FCA \\\/ PUC Minas. Os textos publicados neste perfil s\u00e3o de autoria coletiva ou de convidados externos.\",\"sameAs\":[\"https:\\\/\\\/blogfca.pucminas.br\\\/colab\\\/\",\"https:\\\/\\\/www.facebook.com\\\/colabpucminas\",\"https:\\\/\\\/www.instagram.com\\\/colabpucminas\\\/\",\"https:\\\/\\\/x.com\\\/https:\\\/\\\/twitter.com\\\/colabpucminas\",\"https:\\\/\\\/www.youtube.com\\\/channel\\\/UC14mKIqnnGCOgVr4DG6FPkA\"],\"url\":\"https:\\\/\\\/blogfca.pucminas.br\\\/colab\\\/author\\\/colab\\\/\"}]}<\/script>\n<!-- \/ Yoast SEO plugin. -->","yoast_head_json":{"title":"Como fugir do cancelamento das redes sociais? - Colab","robots":{"index":"index","follow":"follow","max-snippet":"max-snippet:-1","max-image-preview":"max-image-preview:large","max-video-preview":"max-video-preview:-1"},"canonical":"https:\/\/blogfca.pucminas.br\/colab\/como-fugir-do-cancelamento-das-redes-sociais\/","og_locale":"pt_BR","og_type":"article","og_title":"Como fugir do cancelamento das redes sociais? - Colab","og_description":"Confira o que se deve fazer para n\u00e3o ser cancelado nas plataformas e como dar a volta por cima e lidar em casos de linchamento virtual","og_url":"https:\/\/blogfca.pucminas.br\/colab\/como-fugir-do-cancelamento-das-redes-sociais\/","og_site_name":"Colab","article_publisher":"https:\/\/www.facebook.com\/colabpucminas","article_author":"https:\/\/www.facebook.com\/colabpucminas","article_published_time":"2022-12-05T21:28:15+00:00","article_modified_time":"2022-12-06T00:46:59+00:00","og_image":[{"width":1920,"height":1080,"url":"https:\/\/blogfca.pucminas.br\/colab\/wp-content\/uploads\/2022\/12\/Design-sem-nome-1.jpg","type":"image\/jpeg"}],"author":"Colab PUC Minas","twitter_card":"summary_large_image","twitter_creator":"@https:\/\/twitter.com\/colabpucminas","twitter_site":"@colabpucminas","twitter_misc":{"Escrito por":"Colab PUC Minas","Est. tempo de leitura":"6 minutos"},"schema":{"@context":"https:\/\/schema.org","@graph":[{"@type":"Article","@id":"https:\/\/blogfca.pucminas.br\/colab\/como-fugir-do-cancelamento-das-redes-sociais\/#article","isPartOf":{"@id":"https:\/\/blogfca.pucminas.br\/colab\/como-fugir-do-cancelamento-das-redes-sociais\/"},"author":{"name":"Colab PUC Minas","@id":"https:\/\/blogfca.pucminas.br\/colab\/#\/schema\/person\/1558d8148a80ebc84231cd55495bd7a4"},"headline":"Como fugir do cancelamento das redes sociais?","datePublished":"2022-12-05T21:28:15+00:00","dateModified":"2022-12-06T00:46:59+00:00","mainEntityOfPage":{"@id":"https:\/\/blogfca.pucminas.br\/colab\/como-fugir-do-cancelamento-das-redes-sociais\/"},"wordCount":1085,"commentCount":1,"publisher":{"@id":"https:\/\/blogfca.pucminas.br\/colab\/#organization"},"image":{"@id":"https:\/\/blogfca.pucminas.br\/colab\/como-fugir-do-cancelamento-das-redes-sociais\/#primaryimage"},"thumbnailUrl":"https:\/\/blogfca.pucminas.br\/colab\/wp-content\/uploads\/2022\/12\/Design-sem-nome-1.jpg","keywords":["cancelamento","cultura","culturadocancelamento","jornalismo","pucminas","tecnologia"],"articleSection":["Tecnologia"],"inLanguage":"pt-BR","potentialAction":[{"@type":"CommentAction","name":"Comment","target":["https:\/\/blogfca.pucminas.br\/colab\/como-fugir-do-cancelamento-das-redes-sociais\/#respond"]}]},{"@type":"WebPage","@id":"https:\/\/blogfca.pucminas.br\/colab\/como-fugir-do-cancelamento-das-redes-sociais\/","url":"https:\/\/blogfca.pucminas.br\/colab\/como-fugir-do-cancelamento-das-redes-sociais\/","name":"Como fugir do cancelamento das redes sociais? - Colab","isPartOf":{"@id":"https:\/\/blogfca.pucminas.br\/colab\/#website"},"primaryImageOfPage":{"@id":"https:\/\/blogfca.pucminas.br\/colab\/como-fugir-do-cancelamento-das-redes-sociais\/#primaryimage"},"image":{"@id":"https:\/\/blogfca.pucminas.br\/colab\/como-fugir-do-cancelamento-das-redes-sociais\/#primaryimage"},"thumbnailUrl":"https:\/\/blogfca.pucminas.br\/colab\/wp-content\/uploads\/2022\/12\/Design-sem-nome-1.jpg","datePublished":"2022-12-05T21:28:15+00:00","dateModified":"2022-12-06T00:46:59+00:00","breadcrumb":{"@id":"https:\/\/blogfca.pucminas.br\/colab\/como-fugir-do-cancelamento-das-redes-sociais\/#breadcrumb"},"inLanguage":"pt-BR","potentialAction":[{"@type":"ReadAction","target":["https:\/\/blogfca.pucminas.br\/colab\/como-fugir-do-cancelamento-das-redes-sociais\/"]}]},{"@type":"ImageObject","inLanguage":"pt-BR","@id":"https:\/\/blogfca.pucminas.br\/colab\/como-fugir-do-cancelamento-das-redes-sociais\/#primaryimage","url":"https:\/\/blogfca.pucminas.br\/colab\/wp-content\/uploads\/2022\/12\/Design-sem-nome-1.jpg","contentUrl":"https:\/\/blogfca.pucminas.br\/colab\/wp-content\/uploads\/2022\/12\/Design-sem-nome-1.jpg","width":1920,"height":1080},{"@type":"BreadcrumbList","@id":"https:\/\/blogfca.pucminas.br\/colab\/como-fugir-do-cancelamento-das-redes-sociais\/#breadcrumb","itemListElement":[{"@type":"ListItem","position":1,"name":"In\u00edcio","item":"https:\/\/blogfca.pucminas.br\/colab\/"},{"@type":"ListItem","position":2,"name":"Como fugir do cancelamento das redes sociais?"}]},{"@type":"WebSite","@id":"https:\/\/blogfca.pucminas.br\/colab\/#website","url":"https:\/\/blogfca.pucminas.br\/colab\/","name":"Colab","description":"Experimenta\u00e7\u00e3o, conte\u00fado e colabora\u00e7\u00e3o em Jornalismo Digital","publisher":{"@id":"https:\/\/blogfca.pucminas.br\/colab\/#organization"},"potentialAction":[{"@type":"SearchAction","target":{"@type":"EntryPoint","urlTemplate":"https:\/\/blogfca.pucminas.br\/colab\/?s={search_term_string}"},"query-input":{"@type":"PropertyValueSpecification","valueRequired":true,"valueName":"search_term_string"}}],"inLanguage":"pt-BR"},{"@type":"Organization","@id":"https:\/\/blogfca.pucminas.br\/colab\/#organization","name":"Colab :: Laborat\u00f3rio de Comunica\u00e7\u00e3o Digital da FCA \/ PUC Minas","url":"https:\/\/blogfca.pucminas.br\/colab\/","logo":{"@type":"ImageObject","inLanguage":"pt-BR","@id":"https:\/\/blogfca.pucminas.br\/colab\/#\/schema\/logo\/image\/","url":"https:\/\/blogfca.pucminas.br\/colab\/wp-content\/uploads\/2020\/03\/Avatar-Colab.jpg","contentUrl":"https:\/\/blogfca.pucminas.br\/colab\/wp-content\/uploads\/2020\/03\/Avatar-Colab.jpg","width":1682,"height":1682,"caption":"Colab :: Laborat\u00f3rio de Comunica\u00e7\u00e3o Digital da FCA \/ PUC Minas"},"image":{"@id":"https:\/\/blogfca.pucminas.br\/colab\/#\/schema\/logo\/image\/"},"sameAs":["https:\/\/www.facebook.com\/colabpucminas","https:\/\/x.com\/colabpucminas","https:\/\/www.instagram.com\/colabpucminas\/","https:\/\/www.linkedin.com\/company\/colab-puc-minas","https:\/\/www.youtube.com\/channel\/UC14mKIqnnGCOgVr4DG6FPkA"]},{"@type":"Person","@id":"https:\/\/blogfca.pucminas.br\/colab\/#\/schema\/person\/1558d8148a80ebc84231cd55495bd7a4","name":"Colab PUC Minas","image":{"@type":"ImageObject","inLanguage":"pt-BR","@id":"https:\/\/secure.gravatar.com\/avatar\/8e2ad0447c23d0e32e8541cfe4edfc398613871a2d36fd66bd308611ccd7d23a?s=96&d=mm&r=g","url":"https:\/\/secure.gravatar.com\/avatar\/8e2ad0447c23d0e32e8541cfe4edfc398613871a2d36fd66bd308611ccd7d23a?s=96&d=mm&r=g","contentUrl":"https:\/\/secure.gravatar.com\/avatar\/8e2ad0447c23d0e32e8541cfe4edfc398613871a2d36fd66bd308611ccd7d23a?s=96&d=mm&r=g","caption":"Colab PUC Minas"},"description":"Colab \u00e9 o Laborat\u00f3rio de Comunica\u00e7\u00e3o Digital da FCA \/ PUC Minas. Os textos publicados neste perfil s\u00e3o de autoria coletiva ou de convidados externos.","sameAs":["https:\/\/blogfca.pucminas.br\/colab\/","https:\/\/www.facebook.com\/colabpucminas","https:\/\/www.instagram.com\/colabpucminas\/","https:\/\/x.com\/https:\/\/twitter.com\/colabpucminas","https:\/\/www.youtube.com\/channel\/UC14mKIqnnGCOgVr4DG6FPkA"],"url":"https:\/\/blogfca.pucminas.br\/colab\/author\/colab\/"}]}},"amp_enabled":true,"_links":{"self":[{"href":"https:\/\/blogfca.pucminas.br\/colab\/wp-json\/wp\/v2\/posts\/12029","targetHints":{"allow":["GET"]}}],"collection":[{"href":"https:\/\/blogfca.pucminas.br\/colab\/wp-json\/wp\/v2\/posts"}],"about":[{"href":"https:\/\/blogfca.pucminas.br\/colab\/wp-json\/wp\/v2\/types\/post"}],"author":[{"embeddable":true,"href":"https:\/\/blogfca.pucminas.br\/colab\/wp-json\/wp\/v2\/users\/7"}],"replies":[{"embeddable":true,"href":"https:\/\/blogfca.pucminas.br\/colab\/wp-json\/wp\/v2\/comments?post=12029"}],"version-history":[{"count":3,"href":"https:\/\/blogfca.pucminas.br\/colab\/wp-json\/wp\/v2\/posts\/12029\/revisions"}],"predecessor-version":[{"id":12066,"href":"https:\/\/blogfca.pucminas.br\/colab\/wp-json\/wp\/v2\/posts\/12029\/revisions\/12066"}],"wp:featuredmedia":[{"embeddable":true,"href":"https:\/\/blogfca.pucminas.br\/colab\/wp-json\/wp\/v2\/media\/12076"}],"wp:attachment":[{"href":"https:\/\/blogfca.pucminas.br\/colab\/wp-json\/wp\/v2\/media?parent=12029"}],"wp:term":[{"taxonomy":"category","embeddable":true,"href":"https:\/\/blogfca.pucminas.br\/colab\/wp-json\/wp\/v2\/categories?post=12029"},{"taxonomy":"post_tag","embeddable":true,"href":"https:\/\/blogfca.pucminas.br\/colab\/wp-json\/wp\/v2\/tags?post=12029"}],"curies":[{"name":"wp","href":"https:\/\/api.w.org\/{rel}","templated":true}]}}