{"id":6797,"date":"2026-09-04T07:35:46","date_gmt":"2026-09-04T10:35:46","guid":{"rendered":"https:\/\/blogfca.pucminas.br\/ccm\/?p=6797"},"modified":"2026-09-01T13:57:14","modified_gmt":"2026-09-01T16:57:14","slug":"futebol-de-base-o-tratamento-da-midia-com-os-jovens-atletas","status":"publish","type":"post","link":"https:\/\/blogfca.pucminas.br\/ccm\/futebol-de-base-o-tratamento-da-midia-com-os-jovens-atletas\/","title":{"rendered":"Futebol de Base: o Tratamento da M\u00eddia com os Jovens Atletas"},"content":{"rendered":"<p><img loading=\"lazy\" decoding=\"async\" class=\"size-full wp-image-6801 aligncenter\" src=\"https:\/\/blogfca.pucminas.br\/ccm\/wp-content\/uploads\/2026\/09\/WhatsApp-Image-2026-09-01-at-13.51.59.jpeg\" alt=\"\" width=\"953\" height=\"631\" srcset=\"https:\/\/blogfca.pucminas.br\/ccm\/wp-content\/uploads\/2026\/09\/WhatsApp-Image-2026-09-01-at-13.51.59.jpeg 953w, https:\/\/blogfca.pucminas.br\/ccm\/wp-content\/uploads\/2026\/09\/WhatsApp-Image-2026-09-01-at-13.51.59-300x199.jpeg 300w, https:\/\/blogfca.pucminas.br\/ccm\/wp-content\/uploads\/2026\/09\/WhatsApp-Image-2026-09-01-at-13.51.59-768x509.jpeg 768w\" sizes=\"auto, (max-width: 953px) 100vw, 953px\" \/><\/p>\n<p><span style=\"font-weight: 400;\">Por Jo\u00e3o Pedro Diniz.<\/span><\/p>\n<p style=\"text-align: justify;\"><span style=\"font-weight: 400;\">A mat\u00e9ria do Brasil 247, intitulada \u201cO sonho de ser campe\u00e3o n\u00e3o pode custar a inf\u00e2ncia\u201d, assinada por Milton Coelho, apresenta uma abordagem bastante diferente daquela normalmente encontrada na cobertura esportiva da m\u00eddia comercial e de massa. O texto n\u00e3o tem como objetivo principal noticiar um resultado, uma contrata\u00e7\u00e3o, uma competi\u00e7\u00e3o ou o desempenho de um jovem atleta. Pelo contr\u00e1rio, parte do futebol de base para discutir uma quest\u00e3o social: at\u00e9 que ponto a busca pela forma\u00e7\u00e3o de atletas pode comprometer os direitos fundamentais de crian\u00e7as e adolescentes. O pr\u00f3prio subt\u00edtulo sintetiza a perspectiva adotada: \u201cAntes de formar atletas, \u00e9 preciso formar crian\u00e7as e adolescentes\u201d.<\/span><\/p>\n<p style=\"text-align: justify;\"><span style=\"font-weight: 400;\">Um primeiro elemento importante \u00e9 que a publica\u00e7\u00e3o do Brasil 247 est\u00e1 classificada como \u201cOpini\u00e3o\u201d e \u00e9 apresentada pelo pr\u00f3prio ve\u00edculo como um artigo de responsabilidade do autor, n\u00e3o como posi\u00e7\u00e3o editorial do portal. Isso precisa ser considerado na compara\u00e7\u00e3o, pois n\u00e3o se trata de uma reportagem convencional. O autor utiliza sua experi\u00eancia pol\u00edtica e legislativa para defender a import\u00e2ncia da Lei n\u00ba 15.387\/2026, que alterou a Lei Geral do Esporte e passou a exigir que programas de treinamento esportivo sejam inscritos no Conselho Municipal dos Direitos da Crian\u00e7a e do Adolescente como requisito para o reconhecimento de uma organiza\u00e7\u00e3o esportiva formadora.<\/span><\/p>\n<p style=\"text-align: justify;\"><span style=\"font-weight: 400;\">A partir dessa mudan\u00e7a legislativa, o texto desloca o olhar tradicional sobre as categorias de base. Em vez de enxergar o jovem apenas como um futuro jogador profissional, o artigo o apresenta, antes de tudo, como crian\u00e7a ou adolescente e sujeito de direitos. O autor afirma que nenhuma perspectiva de sucesso esportivo deveria se sobrepor ao direito \u00e0 educa\u00e7\u00e3o, \u00e0 conviv\u00eancia familiar, ao desenvolvimento humano e \u00e0 integridade f\u00edsica e psicol\u00f3gica.<\/span><\/p>\n<p style=\"text-align: justify;\"><span style=\"font-weight: 400;\">Esse enquadramento \u00e9 particularmente relevante porque contrasta com uma l\u00f3gica bastante presente no jornalismo esportivo comercial: a valoriza\u00e7\u00e3o do atleta enquanto promessa, talento ou investimento futuro. Not\u00edcias sobre categorias de base s\u00e3o normalmente constru\u00eddas em torno de resultados de competi\u00e7\u00f5es, surgimento de novos talentos, negocia\u00e7\u00f5es, convoca\u00e7\u00f5es para sele\u00e7\u00f5es, desempenho de jogadores e perspectivas de chegada ao futebol profissional. Um exemplo dessa l\u00f3gica pode ser observado na pr\u00f3pria cobertura institucional do futebol de base, que frequentemente destaca a amplia\u00e7\u00e3o de competi\u00e7\u00f5es e o desenvolvimento de jovens talentos. A CBF, por exemplo, apresentou o calend\u00e1rio de 2026 ressaltando o aumento do n\u00famero de partidas, a cria\u00e7\u00e3o de competi\u00e7\u00f5es e o objetivo de estimular a competitividade e o desenvolvimento de novos jogadores.<\/span><\/p>\n<p style=\"text-align: justify;\"><span style=\"font-weight: 400;\">Isso n\u00e3o significa que a m\u00eddia comercial ignore completamente os problemas relacionados \u00e0s categorias de base. A quest\u00e3o \u00e9 outra: o enquadramento predominante costuma ser diferente. O jovem atleta tende a aparecer associado ao seu potencial esportivo, enquanto o Brasil 247 desloca a discuss\u00e3o para as condi\u00e7\u00f5es em que esse potencial \u00e9 desenvolvido. Assim, o centro da narrativa deixa de ser \u201cqual jogador poder\u00e1 chegar ao profissional?\u201d e passa a ser \u201cque tipo de forma\u00e7\u00e3o est\u00e1 sendo oferecida a esse jovem?\u201d.<\/span><\/p>\n<p style=\"text-align: justify;\"><span style=\"font-weight: 400;\">Essa diferen\u00e7a \u00e9 especialmente percept\u00edvel quando o artigo aborda situa\u00e7\u00f5es como abuso sexual, ass\u00e9dio, agress\u00f5es f\u00edsicas, humilha\u00e7\u00f5es utilizadas como m\u00e9todo de treinamento, condi\u00e7\u00f5es inadequadas de alojamento e abandono da escola em fun\u00e7\u00e3o de uma promessa esportiva. Esses elementos praticamente n\u00e3o aparecem como quest\u00f5es secund\u00e1rias da forma\u00e7\u00e3o esportiva: eles s\u00e3o colocados no centro do debate. Para o autor, n\u00e3o podem ser considerados simplesmente \u201cassuntos internos\u201d dos clubes, porque envolvem direitos de crian\u00e7as e adolescentes.<\/span><\/p>\n<p style=\"text-align: justify;\"><span style=\"font-weight: 400;\">A legisla\u00e7\u00e3o que serve de base para o artigo confirma que esse debate possui uma dimens\u00e3o institucional concreta. A Lei n\u00ba 15.387, sancionada em 13 de abril de 2026, determinou que programas de treinamento precisam ser inscritos no Conselho Municipal dos Direitos da Crian\u00e7a e do Adolescente para que a organiza\u00e7\u00e3o seja caracterizada como formadora de atletas. O objetivo \u00e9 ampliar a fiscaliza\u00e7\u00e3o sobre as institui\u00e7\u00f5es respons\u00e1veis pela forma\u00e7\u00e3o esportiva.<\/span><\/p>\n<p style=\"text-align: justify;\"><span style=\"font-weight: 400;\">A pr\u00f3pria C\u00e2mara dos Deputados, ao divulgar a aprova\u00e7\u00e3o da legisla\u00e7\u00e3o, destacou que a mudan\u00e7a busca proteger os direitos de crian\u00e7as e adolescentes e ampliar a fiscaliza\u00e7\u00e3o das institui\u00e7\u00f5es esportivas, inclusive para combater pr\u00e1ticas inadequadas ou abusivas nos centros de treinamento.<\/span><\/p>\n<p style=\"text-align: justify;\"><span style=\"font-weight: 400;\">Nesse ponto, \u00e9 poss\u00edvel perceber uma diferen\u00e7a importante entre noticiabilidade e enquadramento. A aprova\u00e7\u00e3o da lei poderia ser tratada pela m\u00eddia comercial simplesmente como uma mudan\u00e7a legislativa relacionada ao funcionamento dos clubes formadores. O Brasil 247, entretanto, utiliza a legisla\u00e7\u00e3o como ponto de partida para uma discuss\u00e3o mais ampla sobre o modelo de forma\u00e7\u00e3o esportiva. O artigo n\u00e3o se limita a explicar o que a lei determina; procura defender uma determinada compreens\u00e3o sobre o que deve ser prioridade nesse processo.<\/span><\/p>\n<p style=\"text-align: justify;\"><span style=\"font-weight: 400;\">A pr\u00f3pria constru\u00e7\u00e3o do t\u00edtulo demonstra essa diferen\u00e7a. \u201cO sonho de ser campe\u00e3o n\u00e3o pode custar a inf\u00e2ncia\u201d \u00e9 uma frase argumentativa, carregada de valor e constru\u00edda para produzir reflex\u00e3o. N\u00e3o \u00e9 um t\u00edtulo que simplesmente informa que uma nova lei foi sancionada ou que clubes ter\u00e3o novas obriga\u00e7\u00f5es. O t\u00edtulo estabelece uma oposi\u00e7\u00e3o entre duas ideias: o sonho esportivo e a prote\u00e7\u00e3o da inf\u00e2ncia. Ao fazer isso, o texto sugere que, quando esses dois elementos entram em conflito, a inf\u00e2ncia deve prevalecer.<\/span><\/p>\n<p style=\"text-align: justify;\"><span style=\"font-weight: 400;\">J\u00e1 a cobertura comercial e de massa tende a trabalhar com t\u00edtulos mais diretamente informativos quando aborda mudan\u00e7as no futebol de base: cria\u00e7\u00e3o de torneios, calend\u00e1rio, resultados, jogadores que se destacam, contrata\u00e7\u00f5es e perspectivas profissionais. A pr\u00f3pria comunica\u00e7\u00e3o da CBF sobre o calend\u00e1rio de 2026, por exemplo, apresenta a amplia\u00e7\u00e3o das competi\u00e7\u00f5es como forma de fortalecer a forma\u00e7\u00e3o e oferecer um calend\u00e1rio mais robusto a clubes, patrocinadores e torcedores.<\/span><\/p>\n<p style=\"text-align: justify;\"><span style=\"font-weight: 400;\">Essa diferen\u00e7a permite identificar tamb\u00e9m uma distin\u00e7\u00e3o na concep\u00e7\u00e3o do jovem atleta. Na l\u00f3gica predominante do futebol-espet\u00e1culo, ele pode ser apresentado como uma promessa, um talento em desenvolvimento ou um poss\u00edvel profissional. No artigo do Brasil 247, essa identidade esportiva \u00e9 relativizada: antes de ser jogador, o indiv\u00edduo \u00e9 uma crian\u00e7a ou adolescente que possui direitos que precisam ser preservados.<\/span><\/p>\n<p style=\"text-align: justify;\"><span style=\"font-weight: 400;\">Outro aspecto relevante \u00e9 a rela\u00e7\u00e3o entre futebol e poder. O Brasil 247 chama aten\u00e7\u00e3o para a assimetria existente dentro das categorias de base. De um lado est\u00e3o clubes, treinadores e dirigentes, que possuem poder para decidir quem joga, quem permanece e quem ter\u00e1 oportunidades. Do outro, est\u00e3o crian\u00e7as e adolescentes que dependem dessas institui\u00e7\u00f5es e, muitas vezes, carregam tamb\u00e9m as expectativas de suas fam\u00edlias.<\/span><\/p>\n<p style=\"text-align: justify;\"><span style=\"font-weight: 400;\">Esse enquadramento \u00e9 diferente da narrativa esportiva tradicional, na qual a competi\u00e7\u00e3o e a meritocracia tendem a ocupar posi\u00e7\u00e3o central. A elimina\u00e7\u00e3o de um jogador, a n\u00e3o convoca\u00e7\u00e3o ou a sa\u00edda de um clube normalmente podem ser apresentados como consequ\u00eancias naturais da disputa por espa\u00e7o. O artigo, entretanto, chama aten\u00e7\u00e3o para o fato de que essa rela\u00e7\u00e3o de poder se torna mais delicada quando envolve menores de idade, justamente porque eles possuem menor capacidade de negocia\u00e7\u00e3o e dependem de adultos e institui\u00e7\u00f5es para garantir seus direitos.<\/span><\/p>\n<p style=\"text-align: justify;\"><span style=\"font-weight: 400;\">Tamb\u00e9m chama aten\u00e7\u00e3o a maneira como o Brasil 247 relaciona forma\u00e7\u00e3o esportiva e forma\u00e7\u00e3o cidad\u00e3. O autor defende que o Brasil deve continuar formando grandes atletas, mas que o objetivo n\u00e3o pode ser separado da forma\u00e7\u00e3o de cidad\u00e3os. O argumento desloca a ideia de sucesso: o resultado n\u00e3o deve ser medido apenas pela quantidade de atletas que chegam ao futebol profissional, mas tamb\u00e9m pelas condi\u00e7\u00f5es oferecidas durante o processo.<\/span><\/p>\n<p style=\"text-align: justify;\"><span style=\"font-weight: 400;\">Nesse sentido, a aus\u00eancia de uma cobertura equivalente na m\u00eddia comercial tamb\u00e9m pode ser analisada como um dado jornal\u00edstico. N\u00e3o \u00e9 necess\u00e1rio afirmar que os grandes ve\u00edculos nunca abordam viol\u00eancia, explora\u00e7\u00e3o ou problemas nas categorias de base. A quest\u00e3o \u00e9 que esses temas n\u00e3o costumam ocupar o mesmo espa\u00e7o que resultados, transfer\u00eancias, competi\u00e7\u00f5es e desempenho esportivo. Portanto, existe uma diferen\u00e7a de agenda e de prioridade editorial.<\/span><\/p>\n<p style=\"text-align: justify;\"><span style=\"font-weight: 400;\">Essa diferen\u00e7a \u00e9 importante para compreender o conceito de m\u00eddia alternativa. O Brasil 247 utiliza seu espa\u00e7o para colocar no centro uma discuss\u00e3o que pode receber menor aten\u00e7\u00e3o dentro da agenda esportiva convencional. Em vez de acompanhar exclusivamente aquilo que gera maior interesse imediato para o p\u00fablico consumidor do futebol, o artigo prop\u00f5e uma reflex\u00e3o sobre um problema estrutural: o que acontece com aqueles jovens que n\u00e3o conseguem transformar o sonho esportivo em carreira profissional?<\/span><\/p>\n<p style=\"text-align: justify;\"><span style=\"font-weight: 400;\">Essa pergunta \u00e9 particularmente importante porque a narrativa do futebol costuma valorizar os casos de sucesso. O jogador que sai da categoria de base e chega ao profissional vira not\u00edcia; o jovem contratado por um grande clube vira promessa; aquele que conquista um t\u00edtulo ganha visibilidade. O artigo do Brasil 247 desloca o olhar para o processo que existe antes desse sucesso e, principalmente, para os riscos enfrentados por aqueles que est\u00e3o submetidos a esse processo.<\/span><\/p>\n<p style=\"text-align: justify;\"><span style=\"font-weight: 400;\">Assim, a principal diferen\u00e7a entre o Brasil 247 e a m\u00eddia comercial\/de massa n\u00e3o est\u00e1 simplesmente em falar ou n\u00e3o falar de futebol de base, mas em qual aspecto da base \u00e9 transformado em not\u00edcia. A m\u00eddia esportiva tradicional tende a privilegiar o futebol enquanto competi\u00e7\u00e3o e espet\u00e1culo; o Brasil 247 utiliza o futebol como porta de entrada para discutir direitos da inf\u00e2ncia, responsabilidade institucional, fiscaliza\u00e7\u00e3o e prote\u00e7\u00e3o social.<\/span><\/p>\n<p style=\"text-align: justify;\"><span style=\"font-weight: 400;\">\u00c9 justamente essa diferen\u00e7a de enquadramento que torna o caso interessante para uma an\u00e1lise sobre m\u00eddia alternativa e m\u00eddia hegem\u00f4nica. O Brasil 247 n\u00e3o necessariamente apresenta uma informa\u00e7\u00e3o que a m\u00eddia comercial desconhece; ele seleciona um aspecto diferente do mesmo universo esportivo e lhe atribui maior relev\u00e2ncia. O que normalmente poderia aparecer como quest\u00e3o administrativa ou jur\u00eddica \u00e9 transformado em uma discuss\u00e3o sobre inf\u00e2ncia, vulnerabilidade e direitos.<\/span><\/p>\n<p style=\"text-align: justify;\"><span style=\"font-weight: 400;\">Portanto, a mat\u00e9ria \u201cO sonho de ser campe\u00e3o n\u00e3o pode custar a inf\u00e2ncia\u201d pode ser compreendida como um exemplo de como um ve\u00edculo identificado com uma proposta editorial alternativa pode construir uma agenda diferente daquela predominante no jornalismo esportivo comercial. Enquanto a cobertura de massa acompanha frequentemente o futebol a partir de seus resultados, personagens, competi\u00e7\u00f5es e interesses econ\u00f4micos, o artigo do Brasil 247 prop\u00f5e observar aquilo que existe por tr\u00e1s do espet\u00e1culo: as condi\u00e7\u00f5es de forma\u00e7\u00e3o dos jovens, as rela\u00e7\u00f5es de poder entre clubes e atletas e a necessidade de garantir que a busca pelo alto rendimento n\u00e3o comprometa direitos fundamentais.<\/span><\/p>\n<p style=\"text-align: justify;\"><span style=\"font-weight: 400;\">A compara\u00e7\u00e3o, portanto, n\u00e3o deve concluir simplesmente que uma m\u00eddia \u201cfala a verdade\u201d e a outra \u201comite\u201d o problema. Uma an\u00e1lise mais adequada \u00e9 observar que os ve\u00edculos selecionam acontecimentos, fontes e enquadramentos diferentes, construindo prioridades distintas. Nesse caso, o Brasil 247 transforma a prote\u00e7\u00e3o da inf\u00e2ncia em elemento central da discuss\u00e3o sobre futebol de base, enquanto a cobertura esportiva comercial tende a colocar em primeiro plano a dimens\u00e3o competitiva e profissionalizante do esporte. Essa diferen\u00e7a de agenda revela como o jornalismo n\u00e3o apenas transmite acontecimentos, mas tamb\u00e9m define quais aspectos de uma realidade ser\u00e3o colocados em evid\u00eancia e quais permanecer\u00e3o em segundo plano.<\/span><\/p>\n<p style=\"text-align: justify;\"><span style=\"font-weight: 400;\">Uma observa\u00e7\u00e3o importante para o seu trabalho: eu usaria a express\u00e3o \u201cm\u00eddia comercial\/de massa n\u00e3o aborda o assunto com a mesma centralidade\u201d, em vez de afirmar categoricamente que \u201ca m\u00eddia comercial n\u00e3o trata do assunto\u201d. A pr\u00f3pria C\u00e2mara, por exemplo, publicou uma not\u00edcia sobre a nova lei e sua fun\u00e7\u00e3o de prote\u00e7\u00e3o \u00e0s crian\u00e7as nos clubes formadores. O argumento mais forte academicamente \u00e9 que o Brasil 247 faz um enquadramento opinativo e social do tema, enquanto a cobertura institucional\/comercial tende a apresentar a quest\u00e3o de maneira mais factual, legislativa ou esportiva. Isso deixa sua compara\u00e7\u00e3o mais precisa e evita uma generaliza\u00e7\u00e3o f\u00e1cil de contestar.<\/span><\/p>\n<p><span style=\"font-weight: 400;\">Refer\u00eancias:\u00a0<\/span><\/p>\n<p><b>BRASIL 247.<\/b><span style=\"font-weight: 400;\"> O sonho de ser campe\u00e3o n\u00e3o pode custar a inf\u00e2ncia. <\/span><i><span style=\"font-weight: 400;\">Brasil 247<\/span><\/i><span style=\"font-weight: 400;\">, 2026. Dispon\u00edvel em:<\/span><a href=\"https:\/\/www.brasil247.com\/blog\/o-sonho-de-ser-campeao-nao-pode-custar-a-infancia\/?utm_source=chatgpt.com\"> <span style=\"font-weight: 400;\">https:\/\/www.brasil247.com\/blog\/o-sonho-de-ser-campeao-nao-pode-custar-a-infancia\/<\/span><\/a><span style=\"font-weight: 400;\">.\u00a0<\/span><\/p>\n<p><b>C\u00c2MARA DOS DEPUTADOS.<\/b><span style=\"font-weight: 400;\"> Nova lei aumenta fiscaliza\u00e7\u00e3o sobre clubes formadores de atletas. <\/span><i><span style=\"font-weight: 400;\">Ag\u00eancia C\u00e2mara Not\u00edcias<\/span><\/i><span style=\"font-weight: 400;\">, 14 abr. 2026. Dispon\u00edvel em:<\/span><a href=\"https:\/\/www.camara.leg.br\/noticias\/1262881-NOVA-LEI-AUMENTA-FISCALIZACAO-SOBRE-CLUBES-FORMADORES-DE-ATLETAS?utm_source=chatgpt.com\"> <span style=\"font-weight: 400;\">https:\/\/www.camara.leg.br\/noticias\/1262881-NOVA-LEI-AUMENTA-FISCALIZACAO-SOBRE-CLUBES-FORMADORES-DE-ATLETAS<\/span><\/a><span style=\"font-weight: 400;\">.\u00a0<\/span><\/p>\n<p><b>CONFEDERA\u00c7\u00c3O BRASILEIRA DE FUTEBOL (CBF).<\/b><span style=\"font-weight: 400;\"> Retorno das Supercopas, cria\u00e7\u00e3o da Copa do Brasil Sub-15 e 700 jogos: veja calend\u00e1rio 2026 do futebol do Brasil masculino de base. <\/span><i><span style=\"font-weight: 400;\">CBF<\/span><\/i><span style=\"font-weight: 400;\">, 2025. Dispon\u00edvel em:<\/span><a href=\"https:\/\/www.cbf.com.br\/futebol-brasileiro\/noticias\/campeonato-brasileiro-aspirantes\/a\/retorno-das-supercopas-criacao-da-copa-do-brasil-sub-15-e-700-jogos-veja-calendario-2026-do-futebol-do-brasil-masculino-de-base?utm_source=chatgpt.com\"> <span style=\"font-weight: 400;\">https:\/\/www.cbf.com.br\/futebol-brasileiro\/noticias\/campeonato-brasileiro-aspirantes\/a\/retorno-das-supercopas-criacao-da-copa-do-brasil-sub-15-e-700-jogos-veja-calendario-2026-do-futebol-do-brasil-masculino-de-base<\/span><\/a><span style=\"font-weight: 400;\">.<\/span><\/p>\n","protected":false},"excerpt":{"rendered":"<p>Por Jo\u00e3o Pedro Diniz. A mat\u00e9ria do Brasil 247, intitulada \u201cO sonho de ser campe\u00e3o n\u00e3o pode custar a inf\u00e2ncia\u201d, assinada por Milton Coelho, apresenta uma abordagem bastante diferente daquela normalmente encontrada na cobertura esportiva da m\u00eddia comercial e de massa. O texto n\u00e3o tem como objetivo principal noticiar um resultado, uma contrata\u00e7\u00e3o, uma competi\u00e7\u00e3o&hellip;<\/p>\n","protected":false},"author":16,"featured_media":6801,"comment_status":"open","ping_status":"open","sticky":false,"template":"","format":"standard","meta":{"footnotes":""},"categories":[2,131],"tags":[158,21,124,28,30,43,63,70,81,209,100,107],"class_list":["post-6797","post","type-post","status-publish","format-standard","has-post-thumbnail","hentry","category-ccm","category-colaboracoes","tag-analise","tag-centro-de-critica-da-midia","tag-critica","tag-critica-da-midia","tag-critica-midiatica","tag-esporte","tag-jornalismo-esportivo","tag-midia","tag-noticias","tag-politica","tag-reportagem","tag-sociedade"],"yoast_head":"<!-- This site is optimized with the Yoast SEO plugin v27.2 - https:\/\/yoast.com\/product\/yoast-seo-wordpress\/ -->\n<title>Futebol de Base: o Tratamento da M\u00eddia com os Jovens Atletas - Centro de Cr\u00edtica Da M\u00eddia<\/title>\n<meta name=\"robots\" content=\"index, follow, max-snippet:-1, max-image-preview:large, max-video-preview:-1\" \/>\n<link rel=\"canonical\" href=\"https:\/\/blogfca.pucminas.br\/ccm\/futebol-de-base-o-tratamento-da-midia-com-os-jovens-atletas\/\" \/>\n<meta property=\"og:locale\" content=\"pt_BR\" \/>\n<meta property=\"og:type\" content=\"article\" \/>\n<meta property=\"og:title\" content=\"Futebol de Base: o Tratamento da M\u00eddia com os Jovens Atletas - Centro de Cr\u00edtica Da M\u00eddia\" \/>\n<meta property=\"og:description\" content=\"Por Jo\u00e3o Pedro Diniz. A mat\u00e9ria do Brasil 247, intitulada \u201cO sonho de ser campe\u00e3o n\u00e3o pode custar a inf\u00e2ncia\u201d, assinada por Milton Coelho, apresenta uma abordagem bastante diferente daquela normalmente encontrada na cobertura esportiva da m\u00eddia comercial e de massa. O texto n\u00e3o tem como objetivo principal noticiar um resultado, uma contrata\u00e7\u00e3o, uma competi\u00e7\u00e3o&hellip;\" \/>\n<meta property=\"og:url\" content=\"https:\/\/blogfca.pucminas.br\/ccm\/futebol-de-base-o-tratamento-da-midia-com-os-jovens-atletas\/\" \/>\n<meta property=\"og:site_name\" content=\"Centro de Cr\u00edtica Da M\u00eddia\" \/>\n<meta property=\"article:publisher\" content=\"https:\/\/www.facebook.com\/ccmpucminas\/?ref=settings\" \/>\n<meta property=\"article:published_time\" content=\"2026-09-04T10:35:46+00:00\" \/>\n<meta property=\"og:image\" content=\"https:\/\/blogfca.pucminas.br\/ccm\/wp-content\/uploads\/2026\/09\/WhatsApp-Image-2026-09-01-at-13.51.59.jpeg\" \/>\n\t<meta property=\"og:image:width\" content=\"953\" \/>\n\t<meta property=\"og:image:height\" content=\"631\" \/>\n\t<meta property=\"og:image:type\" content=\"image\/jpeg\" \/>\n<meta name=\"author\" content=\"Monitor\" \/>\n<meta name=\"twitter:card\" content=\"summary_large_image\" \/>\n<meta name=\"twitter:creator\" content=\"@ccmpucminas\" \/>\n<meta name=\"twitter:site\" content=\"@ccmpucminas\" \/>\n<meta name=\"twitter:label1\" content=\"Escrito por\" \/>\n\t<meta name=\"twitter:data1\" content=\"Monitor\" \/>\n\t<meta name=\"twitter:label2\" content=\"Est. tempo de leitura\" \/>\n\t<meta name=\"twitter:data2\" content=\"11 minutos\" \/>\n<script type=\"application\/ld+json\" class=\"yoast-schema-graph\">{\"@context\":\"https:\/\/schema.org\",\"@graph\":[{\"@type\":\"Article\",\"@id\":\"https:\/\/blogfca.pucminas.br\/ccm\/futebol-de-base-o-tratamento-da-midia-com-os-jovens-atletas\/#article\",\"isPartOf\":{\"@id\":\"https:\/\/blogfca.pucminas.br\/ccm\/futebol-de-base-o-tratamento-da-midia-com-os-jovens-atletas\/\"},\"author\":{\"name\":\"Monitor\",\"@id\":\"https:\/\/blogfca.pucminas.br\/ccm\/#\/schema\/person\/96a5785fe6222ab41614e6c7d6fd8c0e\"},\"headline\":\"Futebol de Base: o Tratamento da M\u00eddia com os Jovens Atletas\",\"datePublished\":\"2026-09-04T10:35:46+00:00\",\"mainEntityOfPage\":{\"@id\":\"https:\/\/blogfca.pucminas.br\/ccm\/futebol-de-base-o-tratamento-da-midia-com-os-jovens-atletas\/\"},\"wordCount\":2177,\"commentCount\":0,\"publisher\":{\"@id\":\"https:\/\/blogfca.pucminas.br\/ccm\/#organization\"},\"image\":{\"@id\":\"https:\/\/blogfca.pucminas.br\/ccm\/futebol-de-base-o-tratamento-da-midia-com-os-jovens-atletas\/#primaryimage\"},\"thumbnailUrl\":\"https:\/\/blogfca.pucminas.br\/ccm\/wp-content\/uploads\/2026\/09\/WhatsApp-Image-2026-09-01-at-13.51.59.jpeg\",\"keywords\":[\"An\u00e1lise\",\"Centro de Cr\u00edtica da M\u00eddia\",\"Cr\u00edtica\",\"Cr\u00edtica da M\u00eddia\",\"Cr\u00edtica Midi\u00e1tica\",\"esporte\",\"jornalismo esportivo\",\"M\u00eddia\",\"Not\u00edcias\",\"Pol\u00edtica\",\"Reportagem\",\"Sociedade\"],\"articleSection\":[\"CCM\",\"Colabora\u00e7\u00f5es\"],\"inLanguage\":\"pt-BR\",\"potentialAction\":[{\"@type\":\"CommentAction\",\"name\":\"Comment\",\"target\":[\"https:\/\/blogfca.pucminas.br\/ccm\/futebol-de-base-o-tratamento-da-midia-com-os-jovens-atletas\/#respond\"]}]},{\"@type\":\"WebPage\",\"@id\":\"https:\/\/blogfca.pucminas.br\/ccm\/futebol-de-base-o-tratamento-da-midia-com-os-jovens-atletas\/\",\"url\":\"https:\/\/blogfca.pucminas.br\/ccm\/futebol-de-base-o-tratamento-da-midia-com-os-jovens-atletas\/\",\"name\":\"Futebol de Base: o Tratamento da M\u00eddia com os Jovens Atletas - Centro de Cr\u00edtica Da M\u00eddia\",\"isPartOf\":{\"@id\":\"https:\/\/blogfca.pucminas.br\/ccm\/#website\"},\"primaryImageOfPage\":{\"@id\":\"https:\/\/blogfca.pucminas.br\/ccm\/futebol-de-base-o-tratamento-da-midia-com-os-jovens-atletas\/#primaryimage\"},\"image\":{\"@id\":\"https:\/\/blogfca.pucminas.br\/ccm\/futebol-de-base-o-tratamento-da-midia-com-os-jovens-atletas\/#primaryimage\"},\"thumbnailUrl\":\"https:\/\/blogfca.pucminas.br\/ccm\/wp-content\/uploads\/2026\/09\/WhatsApp-Image-2026-09-01-at-13.51.59.jpeg\",\"datePublished\":\"2026-09-04T10:35:46+00:00\",\"breadcrumb\":{\"@id\":\"https:\/\/blogfca.pucminas.br\/ccm\/futebol-de-base-o-tratamento-da-midia-com-os-jovens-atletas\/#breadcrumb\"},\"inLanguage\":\"pt-BR\",\"potentialAction\":[{\"@type\":\"ReadAction\",\"target\":[\"https:\/\/blogfca.pucminas.br\/ccm\/futebol-de-base-o-tratamento-da-midia-com-os-jovens-atletas\/\"]}]},{\"@type\":\"ImageObject\",\"inLanguage\":\"pt-BR\",\"@id\":\"https:\/\/blogfca.pucminas.br\/ccm\/futebol-de-base-o-tratamento-da-midia-com-os-jovens-atletas\/#primaryimage\",\"url\":\"https:\/\/blogfca.pucminas.br\/ccm\/wp-content\/uploads\/2026\/09\/WhatsApp-Image-2026-09-01-at-13.51.59.jpeg\",\"contentUrl\":\"https:\/\/blogfca.pucminas.br\/ccm\/wp-content\/uploads\/2026\/09\/WhatsApp-Image-2026-09-01-at-13.51.59.jpeg\",\"width\":953,\"height\":631},{\"@type\":\"BreadcrumbList\",\"@id\":\"https:\/\/blogfca.pucminas.br\/ccm\/futebol-de-base-o-tratamento-da-midia-com-os-jovens-atletas\/#breadcrumb\",\"itemListElement\":[{\"@type\":\"ListItem\",\"position\":1,\"name\":\"Home\",\"item\":\"https:\/\/blogfca.pucminas.br\/ccm\/\"},{\"@type\":\"ListItem\",\"position\":2,\"name\":\"Futebol de Base: o Tratamento da M\u00eddia com os Jovens Atletas\"}]},{\"@type\":\"WebSite\",\"@id\":\"https:\/\/blogfca.pucminas.br\/ccm\/#website\",\"url\":\"https:\/\/blogfca.pucminas.br\/ccm\/\",\"name\":\"Centro de Cr\u00edtica da M\u00eddia\",\"description\":\"\",\"publisher\":{\"@id\":\"https:\/\/blogfca.pucminas.br\/ccm\/#organization\"},\"potentialAction\":[{\"@type\":\"SearchAction\",\"target\":{\"@type\":\"EntryPoint\",\"urlTemplate\":\"https:\/\/blogfca.pucminas.br\/ccm\/?s={search_term_string}\"},\"query-input\":{\"@type\":\"PropertyValueSpecification\",\"valueRequired\":true,\"valueName\":\"search_term_string\"}}],\"inLanguage\":\"pt-BR\"},{\"@type\":\"Organization\",\"@id\":\"https:\/\/blogfca.pucminas.br\/ccm\/#organization\",\"name\":\"Centro de Cirtica da M\u00eddia\",\"url\":\"https:\/\/blogfca.pucminas.br\/ccm\/\",\"logo\":{\"@type\":\"ImageObject\",\"inLanguage\":\"pt-BR\",\"@id\":\"https:\/\/blogfca.pucminas.br\/ccm\/#\/schema\/logo\/image\/\",\"url\":\"https:\/\/blogfca.pucminas.br\/ccm\/wp-content\/uploads\/2016\/11\/logo-ccm-preto.png\",\"contentUrl\":\"https:\/\/blogfca.pucminas.br\/ccm\/wp-content\/uploads\/2016\/11\/logo-ccm-preto.png\",\"width\":1191,\"height\":842,\"caption\":\"Centro de Cirtica da M\u00eddia\"},\"image\":{\"@id\":\"https:\/\/blogfca.pucminas.br\/ccm\/#\/schema\/logo\/image\/\"},\"sameAs\":[\"https:\/\/www.facebook.com\/ccmpucminas\/?ref=settings\",\"https:\/\/x.com\/ccmpucminas\",\"https:\/\/www.instagram.com\/ccmpucminas\/?hl=pt-br\",\"https:\/\/www.youtube.com\/channel\/UCpKbhzfoQXgXVhkWlxSuW2w\"]},{\"@type\":\"Person\",\"@id\":\"https:\/\/blogfca.pucminas.br\/ccm\/#\/schema\/person\/96a5785fe6222ab41614e6c7d6fd8c0e\",\"name\":\"Monitor\",\"image\":{\"@type\":\"ImageObject\",\"inLanguage\":\"pt-BR\",\"@id\":\"https:\/\/secure.gravatar.com\/avatar\/322bb6b3650f9fb6d80483e763f0e983b000ecf4dcd7d91ea2b9a58b7d6af889?s=96&d=mm&r=g\",\"url\":\"https:\/\/secure.gravatar.com\/avatar\/322bb6b3650f9fb6d80483e763f0e983b000ecf4dcd7d91ea2b9a58b7d6af889?s=96&d=mm&r=g\",\"contentUrl\":\"https:\/\/secure.gravatar.com\/avatar\/322bb6b3650f9fb6d80483e763f0e983b000ecf4dcd7d91ea2b9a58b7d6af889?s=96&d=mm&r=g\",\"caption\":\"Monitor\"},\"url\":\"https:\/\/blogfca.pucminas.br\/ccm\/author\/monitor\/\"}]}<\/script>\n<!-- \/ Yoast SEO plugin. -->","yoast_head_json":{"title":"Futebol de Base: o Tratamento da M\u00eddia com os Jovens Atletas - Centro de Cr\u00edtica Da M\u00eddia","robots":{"index":"index","follow":"follow","max-snippet":"max-snippet:-1","max-image-preview":"max-image-preview:large","max-video-preview":"max-video-preview:-1"},"canonical":"https:\/\/blogfca.pucminas.br\/ccm\/futebol-de-base-o-tratamento-da-midia-com-os-jovens-atletas\/","og_locale":"pt_BR","og_type":"article","og_title":"Futebol de Base: o Tratamento da M\u00eddia com os Jovens Atletas - Centro de Cr\u00edtica Da M\u00eddia","og_description":"Por Jo\u00e3o Pedro Diniz. A mat\u00e9ria do Brasil 247, intitulada \u201cO sonho de ser campe\u00e3o n\u00e3o pode custar a inf\u00e2ncia\u201d, assinada por Milton Coelho, apresenta uma abordagem bastante diferente daquela normalmente encontrada na cobertura esportiva da m\u00eddia comercial e de massa. O texto n\u00e3o tem como objetivo principal noticiar um resultado, uma contrata\u00e7\u00e3o, uma competi\u00e7\u00e3o&hellip;","og_url":"https:\/\/blogfca.pucminas.br\/ccm\/futebol-de-base-o-tratamento-da-midia-com-os-jovens-atletas\/","og_site_name":"Centro de Cr\u00edtica Da M\u00eddia","article_publisher":"https:\/\/www.facebook.com\/ccmpucminas\/?ref=settings","article_published_time":"2026-09-04T10:35:46+00:00","og_image":[{"width":953,"height":631,"url":"https:\/\/blogfca.pucminas.br\/ccm\/wp-content\/uploads\/2026\/09\/WhatsApp-Image-2026-09-01-at-13.51.59.jpeg","type":"image\/jpeg"}],"author":"Monitor","twitter_card":"summary_large_image","twitter_creator":"@ccmpucminas","twitter_site":"@ccmpucminas","twitter_misc":{"Escrito por":"Monitor","Est. tempo de leitura":"11 minutos"},"schema":{"@context":"https:\/\/schema.org","@graph":[{"@type":"Article","@id":"https:\/\/blogfca.pucminas.br\/ccm\/futebol-de-base-o-tratamento-da-midia-com-os-jovens-atletas\/#article","isPartOf":{"@id":"https:\/\/blogfca.pucminas.br\/ccm\/futebol-de-base-o-tratamento-da-midia-com-os-jovens-atletas\/"},"author":{"name":"Monitor","@id":"https:\/\/blogfca.pucminas.br\/ccm\/#\/schema\/person\/96a5785fe6222ab41614e6c7d6fd8c0e"},"headline":"Futebol de Base: o Tratamento da M\u00eddia com os Jovens Atletas","datePublished":"2026-09-04T10:35:46+00:00","mainEntityOfPage":{"@id":"https:\/\/blogfca.pucminas.br\/ccm\/futebol-de-base-o-tratamento-da-midia-com-os-jovens-atletas\/"},"wordCount":2177,"commentCount":0,"publisher":{"@id":"https:\/\/blogfca.pucminas.br\/ccm\/#organization"},"image":{"@id":"https:\/\/blogfca.pucminas.br\/ccm\/futebol-de-base-o-tratamento-da-midia-com-os-jovens-atletas\/#primaryimage"},"thumbnailUrl":"https:\/\/blogfca.pucminas.br\/ccm\/wp-content\/uploads\/2026\/09\/WhatsApp-Image-2026-09-01-at-13.51.59.jpeg","keywords":["An\u00e1lise","Centro de Cr\u00edtica da M\u00eddia","Cr\u00edtica","Cr\u00edtica da M\u00eddia","Cr\u00edtica Midi\u00e1tica","esporte","jornalismo esportivo","M\u00eddia","Not\u00edcias","Pol\u00edtica","Reportagem","Sociedade"],"articleSection":["CCM","Colabora\u00e7\u00f5es"],"inLanguage":"pt-BR","potentialAction":[{"@type":"CommentAction","name":"Comment","target":["https:\/\/blogfca.pucminas.br\/ccm\/futebol-de-base-o-tratamento-da-midia-com-os-jovens-atletas\/#respond"]}]},{"@type":"WebPage","@id":"https:\/\/blogfca.pucminas.br\/ccm\/futebol-de-base-o-tratamento-da-midia-com-os-jovens-atletas\/","url":"https:\/\/blogfca.pucminas.br\/ccm\/futebol-de-base-o-tratamento-da-midia-com-os-jovens-atletas\/","name":"Futebol de Base: o Tratamento da M\u00eddia com os Jovens Atletas - Centro de Cr\u00edtica Da M\u00eddia","isPartOf":{"@id":"https:\/\/blogfca.pucminas.br\/ccm\/#website"},"primaryImageOfPage":{"@id":"https:\/\/blogfca.pucminas.br\/ccm\/futebol-de-base-o-tratamento-da-midia-com-os-jovens-atletas\/#primaryimage"},"image":{"@id":"https:\/\/blogfca.pucminas.br\/ccm\/futebol-de-base-o-tratamento-da-midia-com-os-jovens-atletas\/#primaryimage"},"thumbnailUrl":"https:\/\/blogfca.pucminas.br\/ccm\/wp-content\/uploads\/2026\/09\/WhatsApp-Image-2026-09-01-at-13.51.59.jpeg","datePublished":"2026-09-04T10:35:46+00:00","breadcrumb":{"@id":"https:\/\/blogfca.pucminas.br\/ccm\/futebol-de-base-o-tratamento-da-midia-com-os-jovens-atletas\/#breadcrumb"},"inLanguage":"pt-BR","potentialAction":[{"@type":"ReadAction","target":["https:\/\/blogfca.pucminas.br\/ccm\/futebol-de-base-o-tratamento-da-midia-com-os-jovens-atletas\/"]}]},{"@type":"ImageObject","inLanguage":"pt-BR","@id":"https:\/\/blogfca.pucminas.br\/ccm\/futebol-de-base-o-tratamento-da-midia-com-os-jovens-atletas\/#primaryimage","url":"https:\/\/blogfca.pucminas.br\/ccm\/wp-content\/uploads\/2026\/09\/WhatsApp-Image-2026-09-01-at-13.51.59.jpeg","contentUrl":"https:\/\/blogfca.pucminas.br\/ccm\/wp-content\/uploads\/2026\/09\/WhatsApp-Image-2026-09-01-at-13.51.59.jpeg","width":953,"height":631},{"@type":"BreadcrumbList","@id":"https:\/\/blogfca.pucminas.br\/ccm\/futebol-de-base-o-tratamento-da-midia-com-os-jovens-atletas\/#breadcrumb","itemListElement":[{"@type":"ListItem","position":1,"name":"Home","item":"https:\/\/blogfca.pucminas.br\/ccm\/"},{"@type":"ListItem","position":2,"name":"Futebol de Base: o Tratamento da M\u00eddia com os Jovens Atletas"}]},{"@type":"WebSite","@id":"https:\/\/blogfca.pucminas.br\/ccm\/#website","url":"https:\/\/blogfca.pucminas.br\/ccm\/","name":"Centro de Cr\u00edtica da M\u00eddia","description":"","publisher":{"@id":"https:\/\/blogfca.pucminas.br\/ccm\/#organization"},"potentialAction":[{"@type":"SearchAction","target":{"@type":"EntryPoint","urlTemplate":"https:\/\/blogfca.pucminas.br\/ccm\/?s={search_term_string}"},"query-input":{"@type":"PropertyValueSpecification","valueRequired":true,"valueName":"search_term_string"}}],"inLanguage":"pt-BR"},{"@type":"Organization","@id":"https:\/\/blogfca.pucminas.br\/ccm\/#organization","name":"Centro de Cirtica da M\u00eddia","url":"https:\/\/blogfca.pucminas.br\/ccm\/","logo":{"@type":"ImageObject","inLanguage":"pt-BR","@id":"https:\/\/blogfca.pucminas.br\/ccm\/#\/schema\/logo\/image\/","url":"https:\/\/blogfca.pucminas.br\/ccm\/wp-content\/uploads\/2016\/11\/logo-ccm-preto.png","contentUrl":"https:\/\/blogfca.pucminas.br\/ccm\/wp-content\/uploads\/2016\/11\/logo-ccm-preto.png","width":1191,"height":842,"caption":"Centro de Cirtica da M\u00eddia"},"image":{"@id":"https:\/\/blogfca.pucminas.br\/ccm\/#\/schema\/logo\/image\/"},"sameAs":["https:\/\/www.facebook.com\/ccmpucminas\/?ref=settings","https:\/\/x.com\/ccmpucminas","https:\/\/www.instagram.com\/ccmpucminas\/?hl=pt-br","https:\/\/www.youtube.com\/channel\/UCpKbhzfoQXgXVhkWlxSuW2w"]},{"@type":"Person","@id":"https:\/\/blogfca.pucminas.br\/ccm\/#\/schema\/person\/96a5785fe6222ab41614e6c7d6fd8c0e","name":"Monitor","image":{"@type":"ImageObject","inLanguage":"pt-BR","@id":"https:\/\/secure.gravatar.com\/avatar\/322bb6b3650f9fb6d80483e763f0e983b000ecf4dcd7d91ea2b9a58b7d6af889?s=96&d=mm&r=g","url":"https:\/\/secure.gravatar.com\/avatar\/322bb6b3650f9fb6d80483e763f0e983b000ecf4dcd7d91ea2b9a58b7d6af889?s=96&d=mm&r=g","contentUrl":"https:\/\/secure.gravatar.com\/avatar\/322bb6b3650f9fb6d80483e763f0e983b000ecf4dcd7d91ea2b9a58b7d6af889?s=96&d=mm&r=g","caption":"Monitor"},"url":"https:\/\/blogfca.pucminas.br\/ccm\/author\/monitor\/"}]}},"_links":{"self":[{"href":"https:\/\/blogfca.pucminas.br\/ccm\/wp-json\/wp\/v2\/posts\/6797","targetHints":{"allow":["GET"]}}],"collection":[{"href":"https:\/\/blogfca.pucminas.br\/ccm\/wp-json\/wp\/v2\/posts"}],"about":[{"href":"https:\/\/blogfca.pucminas.br\/ccm\/wp-json\/wp\/v2\/types\/post"}],"author":[{"embeddable":true,"href":"https:\/\/blogfca.pucminas.br\/ccm\/wp-json\/wp\/v2\/users\/16"}],"replies":[{"embeddable":true,"href":"https:\/\/blogfca.pucminas.br\/ccm\/wp-json\/wp\/v2\/comments?post=6797"}],"version-history":[{"count":4,"href":"https:\/\/blogfca.pucminas.br\/ccm\/wp-json\/wp\/v2\/posts\/6797\/revisions"}],"predecessor-version":[{"id":6802,"href":"https:\/\/blogfca.pucminas.br\/ccm\/wp-json\/wp\/v2\/posts\/6797\/revisions\/6802"}],"wp:featuredmedia":[{"embeddable":true,"href":"https:\/\/blogfca.pucminas.br\/ccm\/wp-json\/wp\/v2\/media\/6801"}],"wp:attachment":[{"href":"https:\/\/blogfca.pucminas.br\/ccm\/wp-json\/wp\/v2\/media?parent=6797"}],"wp:term":[{"taxonomy":"category","embeddable":true,"href":"https:\/\/blogfca.pucminas.br\/ccm\/wp-json\/wp\/v2\/categories?post=6797"},{"taxonomy":"post_tag","embeddable":true,"href":"https:\/\/blogfca.pucminas.br\/ccm\/wp-json\/wp\/v2\/tags?post=6797"}],"curies":[{"name":"wp","href":"https:\/\/api.w.org\/{rel}","templated":true}]}}