{"id":6793,"date":"2026-08-31T07:45:27","date_gmt":"2026-08-31T10:45:27","guid":{"rendered":"https:\/\/blogfca.pucminas.br\/ccm\/?p=6793"},"modified":"2026-08-29T10:46:33","modified_gmt":"2026-08-29T13:46:33","slug":"olhar-critico-episodio-no-ar-eleicoes-2026-o-papel-da-midia-nos-debates-dos-candidatos-ao-governo","status":"publish","type":"post","link":"https:\/\/blogfca.pucminas.br\/ccm\/olhar-critico-episodio-no-ar-eleicoes-2026-o-papel-da-midia-nos-debates-dos-candidatos-ao-governo\/","title":{"rendered":"Olhar Cr\u00edtico \u2013 epis\u00f3dio no ar \u2013 ELEI\u00c7\u00d5ES 2026: O papel da m\u00eddia nos debates dos candidatos ao governo"},"content":{"rendered":"<p style=\"text-align: justify;\">A imprensa comercial e a m\u00eddia independente influenciam a percep\u00e7\u00e3o do eleitor nos debates para os governos estaduais? No epis\u00f3dio de hoje do programa Olhar Cr\u00edtico, analisamos a cobertura jornal\u00edstica dos debates eleitorais de 2026, os temas centrais abordados pelos candidatos e o impacto das m\u00eddias na constru\u00e7\u00e3o do cen\u00e1rio pol\u00edtico regional e nacional.<\/p>\n<p style=\"text-align: justify;\">Acompanhe a an\u00e1lise com os pesquisadores Nara Scabin e Jos\u00e9 Milton Santos, sob apresenta\u00e7\u00e3o de Ercio Sena.<\/p>\n<p><iframe loading=\"lazy\" title=\"ELEI\u00c7\u00d5ES 2026: O papel da m\u00eddia nos debates dos candidatos ao governo | Olhar Cr\u00edtico\" width=\"700\" height=\"394\" src=\"https:\/\/www.youtube.com\/embed\/BbN53NoMiqg?feature=oembed\" frameborder=\"0\" allow=\"accelerometer; autoplay; clipboard-write; encrypted-media; gyroscope; picture-in-picture; web-share\" referrerpolicy=\"strict-origin-when-cross-origin\" allowfullscreen><\/iframe><\/p>\n","protected":false},"excerpt":{"rendered":"<p>A imprensa comercial e a m\u00eddia independente influenciam a percep\u00e7\u00e3o do eleitor nos debates para os governos estaduais? No epis\u00f3dio de hoje do programa Olhar Cr\u00edtico, analisamos a cobertura jornal\u00edstica dos debates eleitorais de 2026, os temas centrais abordados pelos candidatos e o impacto das m\u00eddias na constru\u00e7\u00e3o do cen\u00e1rio pol\u00edtico regional e nacional. Acompanhe&hellip;<\/p>\n","protected":false},"author":16,"featured_media":6794,"comment_status":"open","ping_status":"open","sticky":false,"template":"","format":"standard","meta":{"footnotes":""},"categories":[371],"tags":[158,15,124,28,30,62,70,81,372,209,107,109],"class_list":["post-6793","post","type-post","status-publish","format-standard","has-post-thumbnail","hentry","category-olhar-critico","tag-analise","tag-audiovisual","tag-critica","tag-critica-da-midia","tag-critica-midiatica","tag-jornalismo","tag-midia","tag-noticias","tag-olhar-critico","tag-politica","tag-sociedade","tag-televisao"],"yoast_head":"<!-- This site is optimized with the Yoast SEO plugin v27.2 - https:\/\/yoast.com\/product\/yoast-seo-wordpress\/ -->\n<title>Olhar Cr\u00edtico \u2013 epis\u00f3dio no ar \u2013 ELEI\u00c7\u00d5ES 2026: O papel da m\u00eddia nos debates dos candidatos ao governo - Centro de Cr\u00edtica Da M\u00eddia<\/title>\n<meta name=\"description\" content=\"Acompanhe a an\u00e1lise com os pesquisadores Nara Scabin e Jos\u00e9 Milton Santos, sob apresenta\u00e7\u00e3o de Ercio Sena.\" \/>\n<meta name=\"robots\" content=\"index, follow, max-snippet:-1, max-image-preview:large, max-video-preview:-1\" \/>\n<link rel=\"canonical\" href=\"https:\/\/blogfca.pucminas.br\/ccm\/olhar-critico-episodio-no-ar-eleicoes-2026-o-papel-da-midia-nos-debates-dos-candidatos-ao-governo\/\" \/>\n<meta property=\"og:locale\" content=\"pt_BR\" \/>\n<meta property=\"og:type\" content=\"article\" \/>\n<meta property=\"og:title\" content=\"Olhar Cr\u00edtico \u2013 epis\u00f3dio no ar \u2013 ELEI\u00c7\u00d5ES 2026: O papel da m\u00eddia nos debates dos candidatos ao governo - Centro de Cr\u00edtica Da M\u00eddia\" \/>\n<meta property=\"og:description\" content=\"Acompanhe a an\u00e1lise com os pesquisadores Nara Scabin e Jos\u00e9 Milton Santos, sob apresenta\u00e7\u00e3o de Ercio Sena.\" \/>\n<meta property=\"og:url\" content=\"https:\/\/blogfca.pucminas.br\/ccm\/olhar-critico-episodio-no-ar-eleicoes-2026-o-papel-da-midia-nos-debates-dos-candidatos-ao-governo\/\" \/>\n<meta property=\"og:site_name\" content=\"Centro de Cr\u00edtica Da M\u00eddia\" \/>\n<meta property=\"article:publisher\" content=\"https:\/\/www.facebook.com\/ccmpucminas\/?ref=settings\" \/>\n<meta property=\"article:published_time\" content=\"2026-08-31T10:45:27+00:00\" \/>\n<meta property=\"og:image\" content=\"https:\/\/blogfca.pucminas.br\/ccm\/wp-content\/uploads\/2026\/08\/maxresdefault-3.jpg\" \/>\n\t<meta property=\"og:image:width\" content=\"1280\" \/>\n\t<meta property=\"og:image:height\" content=\"720\" \/>\n\t<meta property=\"og:image:type\" content=\"image\/jpeg\" \/>\n<meta name=\"author\" content=\"Monitor\" \/>\n<meta name=\"twitter:card\" content=\"summary_large_image\" \/>\n<meta name=\"twitter:creator\" content=\"@ccmpucminas\" \/>\n<meta name=\"twitter:site\" content=\"@ccmpucminas\" \/>\n<meta name=\"twitter:label1\" content=\"Escrito por\" \/>\n\t<meta name=\"twitter:data1\" content=\"Monitor\" \/>\n\t<meta name=\"twitter:label2\" content=\"Est. tempo de leitura\" \/>\n\t<meta name=\"twitter:data2\" content=\"1 minuto\" \/>\n<script type=\"application\/ld+json\" class=\"yoast-schema-graph\">{\"@context\":\"https:\/\/schema.org\",\"@graph\":[{\"@type\":\"Article\",\"@id\":\"https:\/\/blogfca.pucminas.br\/ccm\/olhar-critico-episodio-no-ar-eleicoes-2026-o-papel-da-midia-nos-debates-dos-candidatos-ao-governo\/#article\",\"isPartOf\":{\"@id\":\"https:\/\/blogfca.pucminas.br\/ccm\/olhar-critico-episodio-no-ar-eleicoes-2026-o-papel-da-midia-nos-debates-dos-candidatos-ao-governo\/\"},\"author\":{\"name\":\"Monitor\",\"@id\":\"https:\/\/blogfca.pucminas.br\/ccm\/#\/schema\/person\/96a5785fe6222ab41614e6c7d6fd8c0e\"},\"headline\":\"Olhar Cr\u00edtico \u2013 epis\u00f3dio no ar \u2013 ELEI\u00c7\u00d5ES 2026: O papel da m\u00eddia nos debates dos candidatos ao governo\",\"datePublished\":\"2026-08-31T10:45:27+00:00\",\"mainEntityOfPage\":{\"@id\":\"https:\/\/blogfca.pucminas.br\/ccm\/olhar-critico-episodio-no-ar-eleicoes-2026-o-papel-da-midia-nos-debates-dos-candidatos-ao-governo\/\"},\"wordCount\":111,\"commentCount\":0,\"publisher\":{\"@id\":\"https:\/\/blogfca.pucminas.br\/ccm\/#organization\"},\"image\":{\"@id\":\"https:\/\/blogfca.pucminas.br\/ccm\/olhar-critico-episodio-no-ar-eleicoes-2026-o-papel-da-midia-nos-debates-dos-candidatos-ao-governo\/#primaryimage\"},\"thumbnailUrl\":\"https:\/\/blogfca.pucminas.br\/ccm\/wp-content\/uploads\/2026\/08\/maxresdefault-3.jpg\",\"keywords\":[\"An\u00e1lise\",\"Audiovisual\",\"Cr\u00edtica\",\"Cr\u00edtica da M\u00eddia\",\"Cr\u00edtica Midi\u00e1tica\",\"Jornalismo\",\"M\u00eddia\",\"Not\u00edcias\",\"Olhar Cr\u00edtico\",\"Pol\u00edtica\",\"Sociedade\",\"Televis\u00e3o\"],\"articleSection\":[\"Olhar Cr\u00edtico\"],\"inLanguage\":\"pt-BR\",\"potentialAction\":[{\"@type\":\"CommentAction\",\"name\":\"Comment\",\"target\":[\"https:\/\/blogfca.pucminas.br\/ccm\/olhar-critico-episodio-no-ar-eleicoes-2026-o-papel-da-midia-nos-debates-dos-candidatos-ao-governo\/#respond\"]}]},{\"@type\":\"WebPage\",\"@id\":\"https:\/\/blogfca.pucminas.br\/ccm\/olhar-critico-episodio-no-ar-eleicoes-2026-o-papel-da-midia-nos-debates-dos-candidatos-ao-governo\/\",\"url\":\"https:\/\/blogfca.pucminas.br\/ccm\/olhar-critico-episodio-no-ar-eleicoes-2026-o-papel-da-midia-nos-debates-dos-candidatos-ao-governo\/\",\"name\":\"Olhar Cr\u00edtico \u2013 epis\u00f3dio no ar \u2013 ELEI\u00c7\u00d5ES 2026: O papel da m\u00eddia nos debates dos candidatos ao governo - Centro de Cr\u00edtica Da M\u00eddia\",\"isPartOf\":{\"@id\":\"https:\/\/blogfca.pucminas.br\/ccm\/#website\"},\"primaryImageOfPage\":{\"@id\":\"https:\/\/blogfca.pucminas.br\/ccm\/olhar-critico-episodio-no-ar-eleicoes-2026-o-papel-da-midia-nos-debates-dos-candidatos-ao-governo\/#primaryimage\"},\"image\":{\"@id\":\"https:\/\/blogfca.pucminas.br\/ccm\/olhar-critico-episodio-no-ar-eleicoes-2026-o-papel-da-midia-nos-debates-dos-candidatos-ao-governo\/#primaryimage\"},\"thumbnailUrl\":\"https:\/\/blogfca.pucminas.br\/ccm\/wp-content\/uploads\/2026\/08\/maxresdefault-3.jpg\",\"datePublished\":\"2026-08-31T10:45:27+00:00\",\"description\":\"Acompanhe a an\u00e1lise com os pesquisadores Nara Scabin e Jos\u00e9 Milton Santos, sob apresenta\u00e7\u00e3o de Ercio Sena.\",\"breadcrumb\":{\"@id\":\"https:\/\/blogfca.pucminas.br\/ccm\/olhar-critico-episodio-no-ar-eleicoes-2026-o-papel-da-midia-nos-debates-dos-candidatos-ao-governo\/#breadcrumb\"},\"inLanguage\":\"pt-BR\",\"potentialAction\":[{\"@type\":\"ReadAction\",\"target\":[\"https:\/\/blogfca.pucminas.br\/ccm\/olhar-critico-episodio-no-ar-eleicoes-2026-o-papel-da-midia-nos-debates-dos-candidatos-ao-governo\/\"]}]},{\"@type\":\"ImageObject\",\"inLanguage\":\"pt-BR\",\"@id\":\"https:\/\/blogfca.pucminas.br\/ccm\/olhar-critico-episodio-no-ar-eleicoes-2026-o-papel-da-midia-nos-debates-dos-candidatos-ao-governo\/#primaryimage\",\"url\":\"https:\/\/blogfca.pucminas.br\/ccm\/wp-content\/uploads\/2026\/08\/maxresdefault-3.jpg\",\"contentUrl\":\"https:\/\/blogfca.pucminas.br\/ccm\/wp-content\/uploads\/2026\/08\/maxresdefault-3.jpg\",\"width\":1280,\"height\":720},{\"@type\":\"BreadcrumbList\",\"@id\":\"https:\/\/blogfca.pucminas.br\/ccm\/olhar-critico-episodio-no-ar-eleicoes-2026-o-papel-da-midia-nos-debates-dos-candidatos-ao-governo\/#breadcrumb\",\"itemListElement\":[{\"@type\":\"ListItem\",\"position\":1,\"name\":\"Home\",\"item\":\"https:\/\/blogfca.pucminas.br\/ccm\/\"},{\"@type\":\"ListItem\",\"position\":2,\"name\":\"Olhar Cr\u00edtico \u2013 epis\u00f3dio no ar \u2013 ELEI\u00c7\u00d5ES 2026: O papel da m\u00eddia nos debates dos candidatos ao governo\"}]},{\"@type\":\"WebSite\",\"@id\":\"https:\/\/blogfca.pucminas.br\/ccm\/#website\",\"url\":\"https:\/\/blogfca.pucminas.br\/ccm\/\",\"name\":\"Centro de Cr\u00edtica da M\u00eddia\",\"description\":\"\",\"publisher\":{\"@id\":\"https:\/\/blogfca.pucminas.br\/ccm\/#organization\"},\"potentialAction\":[{\"@type\":\"SearchAction\",\"target\":{\"@type\":\"EntryPoint\",\"urlTemplate\":\"https:\/\/blogfca.pucminas.br\/ccm\/?s={search_term_string}\"},\"query-input\":{\"@type\":\"PropertyValueSpecification\",\"valueRequired\":true,\"valueName\":\"search_term_string\"}}],\"inLanguage\":\"pt-BR\"},{\"@type\":\"Organization\",\"@id\":\"https:\/\/blogfca.pucminas.br\/ccm\/#organization\",\"name\":\"Centro de Cirtica da M\u00eddia\",\"url\":\"https:\/\/blogfca.pucminas.br\/ccm\/\",\"logo\":{\"@type\":\"ImageObject\",\"inLanguage\":\"pt-BR\",\"@id\":\"https:\/\/blogfca.pucminas.br\/ccm\/#\/schema\/logo\/image\/\",\"url\":\"https:\/\/blogfca.pucminas.br\/ccm\/wp-content\/uploads\/2016\/11\/logo-ccm-preto.png\",\"contentUrl\":\"https:\/\/blogfca.pucminas.br\/ccm\/wp-content\/uploads\/2016\/11\/logo-ccm-preto.png\",\"width\":1191,\"height\":842,\"caption\":\"Centro de Cirtica da M\u00eddia\"},\"image\":{\"@id\":\"https:\/\/blogfca.pucminas.br\/ccm\/#\/schema\/logo\/image\/\"},\"sameAs\":[\"https:\/\/www.facebook.com\/ccmpucminas\/?ref=settings\",\"https:\/\/x.com\/ccmpucminas\",\"https:\/\/www.instagram.com\/ccmpucminas\/?hl=pt-br\",\"https:\/\/www.youtube.com\/channel\/UCpKbhzfoQXgXVhkWlxSuW2w\"]},{\"@type\":\"Person\",\"@id\":\"https:\/\/blogfca.pucminas.br\/ccm\/#\/schema\/person\/96a5785fe6222ab41614e6c7d6fd8c0e\",\"name\":\"Monitor\",\"image\":{\"@type\":\"ImageObject\",\"inLanguage\":\"pt-BR\",\"@id\":\"https:\/\/secure.gravatar.com\/avatar\/322bb6b3650f9fb6d80483e763f0e983b000ecf4dcd7d91ea2b9a58b7d6af889?s=96&d=mm&r=g\",\"url\":\"https:\/\/secure.gravatar.com\/avatar\/322bb6b3650f9fb6d80483e763f0e983b000ecf4dcd7d91ea2b9a58b7d6af889?s=96&d=mm&r=g\",\"contentUrl\":\"https:\/\/secure.gravatar.com\/avatar\/322bb6b3650f9fb6d80483e763f0e983b000ecf4dcd7d91ea2b9a58b7d6af889?s=96&d=mm&r=g\",\"caption\":\"Monitor\"},\"url\":\"https:\/\/blogfca.pucminas.br\/ccm\/author\/monitor\/\"}]}<\/script>\n<!-- \/ Yoast SEO plugin. -->","yoast_head_json":{"title":"Olhar Cr\u00edtico \u2013 epis\u00f3dio no ar \u2013 ELEI\u00c7\u00d5ES 2026: O papel da m\u00eddia nos debates dos candidatos ao governo - Centro de Cr\u00edtica Da M\u00eddia","description":"Acompanhe a an\u00e1lise com os pesquisadores Nara Scabin e Jos\u00e9 Milton Santos, sob apresenta\u00e7\u00e3o de Ercio Sena.","robots":{"index":"index","follow":"follow","max-snippet":"max-snippet:-1","max-image-preview":"max-image-preview:large","max-video-preview":"max-video-preview:-1"},"canonical":"https:\/\/blogfca.pucminas.br\/ccm\/olhar-critico-episodio-no-ar-eleicoes-2026-o-papel-da-midia-nos-debates-dos-candidatos-ao-governo\/","og_locale":"pt_BR","og_type":"article","og_title":"Olhar Cr\u00edtico \u2013 epis\u00f3dio no ar \u2013 ELEI\u00c7\u00d5ES 2026: O papel da m\u00eddia nos debates dos candidatos ao governo - Centro de Cr\u00edtica Da M\u00eddia","og_description":"Acompanhe a an\u00e1lise com os pesquisadores Nara Scabin e Jos\u00e9 Milton Santos, sob apresenta\u00e7\u00e3o de Ercio Sena.","og_url":"https:\/\/blogfca.pucminas.br\/ccm\/olhar-critico-episodio-no-ar-eleicoes-2026-o-papel-da-midia-nos-debates-dos-candidatos-ao-governo\/","og_site_name":"Centro de Cr\u00edtica Da M\u00eddia","article_publisher":"https:\/\/www.facebook.com\/ccmpucminas\/?ref=settings","article_published_time":"2026-08-31T10:45:27+00:00","og_image":[{"width":1280,"height":720,"url":"https:\/\/blogfca.pucminas.br\/ccm\/wp-content\/uploads\/2026\/08\/maxresdefault-3.jpg","type":"image\/jpeg"}],"author":"Monitor","twitter_card":"summary_large_image","twitter_creator":"@ccmpucminas","twitter_site":"@ccmpucminas","twitter_misc":{"Escrito por":"Monitor","Est. tempo de leitura":"1 minuto"},"schema":{"@context":"https:\/\/schema.org","@graph":[{"@type":"Article","@id":"https:\/\/blogfca.pucminas.br\/ccm\/olhar-critico-episodio-no-ar-eleicoes-2026-o-papel-da-midia-nos-debates-dos-candidatos-ao-governo\/#article","isPartOf":{"@id":"https:\/\/blogfca.pucminas.br\/ccm\/olhar-critico-episodio-no-ar-eleicoes-2026-o-papel-da-midia-nos-debates-dos-candidatos-ao-governo\/"},"author":{"name":"Monitor","@id":"https:\/\/blogfca.pucminas.br\/ccm\/#\/schema\/person\/96a5785fe6222ab41614e6c7d6fd8c0e"},"headline":"Olhar Cr\u00edtico \u2013 epis\u00f3dio no ar \u2013 ELEI\u00c7\u00d5ES 2026: O papel da m\u00eddia nos debates dos candidatos ao governo","datePublished":"2026-08-31T10:45:27+00:00","mainEntityOfPage":{"@id":"https:\/\/blogfca.pucminas.br\/ccm\/olhar-critico-episodio-no-ar-eleicoes-2026-o-papel-da-midia-nos-debates-dos-candidatos-ao-governo\/"},"wordCount":111,"commentCount":0,"publisher":{"@id":"https:\/\/blogfca.pucminas.br\/ccm\/#organization"},"image":{"@id":"https:\/\/blogfca.pucminas.br\/ccm\/olhar-critico-episodio-no-ar-eleicoes-2026-o-papel-da-midia-nos-debates-dos-candidatos-ao-governo\/#primaryimage"},"thumbnailUrl":"https:\/\/blogfca.pucminas.br\/ccm\/wp-content\/uploads\/2026\/08\/maxresdefault-3.jpg","keywords":["An\u00e1lise","Audiovisual","Cr\u00edtica","Cr\u00edtica da M\u00eddia","Cr\u00edtica Midi\u00e1tica","Jornalismo","M\u00eddia","Not\u00edcias","Olhar Cr\u00edtico","Pol\u00edtica","Sociedade","Televis\u00e3o"],"articleSection":["Olhar Cr\u00edtico"],"inLanguage":"pt-BR","potentialAction":[{"@type":"CommentAction","name":"Comment","target":["https:\/\/blogfca.pucminas.br\/ccm\/olhar-critico-episodio-no-ar-eleicoes-2026-o-papel-da-midia-nos-debates-dos-candidatos-ao-governo\/#respond"]}]},{"@type":"WebPage","@id":"https:\/\/blogfca.pucminas.br\/ccm\/olhar-critico-episodio-no-ar-eleicoes-2026-o-papel-da-midia-nos-debates-dos-candidatos-ao-governo\/","url":"https:\/\/blogfca.pucminas.br\/ccm\/olhar-critico-episodio-no-ar-eleicoes-2026-o-papel-da-midia-nos-debates-dos-candidatos-ao-governo\/","name":"Olhar Cr\u00edtico \u2013 epis\u00f3dio no ar \u2013 ELEI\u00c7\u00d5ES 2026: O papel da m\u00eddia nos debates dos candidatos ao governo - Centro de Cr\u00edtica Da M\u00eddia","isPartOf":{"@id":"https:\/\/blogfca.pucminas.br\/ccm\/#website"},"primaryImageOfPage":{"@id":"https:\/\/blogfca.pucminas.br\/ccm\/olhar-critico-episodio-no-ar-eleicoes-2026-o-papel-da-midia-nos-debates-dos-candidatos-ao-governo\/#primaryimage"},"image":{"@id":"https:\/\/blogfca.pucminas.br\/ccm\/olhar-critico-episodio-no-ar-eleicoes-2026-o-papel-da-midia-nos-debates-dos-candidatos-ao-governo\/#primaryimage"},"thumbnailUrl":"https:\/\/blogfca.pucminas.br\/ccm\/wp-content\/uploads\/2026\/08\/maxresdefault-3.jpg","datePublished":"2026-08-31T10:45:27+00:00","description":"Acompanhe a an\u00e1lise com os pesquisadores Nara Scabin e Jos\u00e9 Milton Santos, sob apresenta\u00e7\u00e3o de Ercio Sena.","breadcrumb":{"@id":"https:\/\/blogfca.pucminas.br\/ccm\/olhar-critico-episodio-no-ar-eleicoes-2026-o-papel-da-midia-nos-debates-dos-candidatos-ao-governo\/#breadcrumb"},"inLanguage":"pt-BR","potentialAction":[{"@type":"ReadAction","target":["https:\/\/blogfca.pucminas.br\/ccm\/olhar-critico-episodio-no-ar-eleicoes-2026-o-papel-da-midia-nos-debates-dos-candidatos-ao-governo\/"]}]},{"@type":"ImageObject","inLanguage":"pt-BR","@id":"https:\/\/blogfca.pucminas.br\/ccm\/olhar-critico-episodio-no-ar-eleicoes-2026-o-papel-da-midia-nos-debates-dos-candidatos-ao-governo\/#primaryimage","url":"https:\/\/blogfca.pucminas.br\/ccm\/wp-content\/uploads\/2026\/08\/maxresdefault-3.jpg","contentUrl":"https:\/\/blogfca.pucminas.br\/ccm\/wp-content\/uploads\/2026\/08\/maxresdefault-3.jpg","width":1280,"height":720},{"@type":"BreadcrumbList","@id":"https:\/\/blogfca.pucminas.br\/ccm\/olhar-critico-episodio-no-ar-eleicoes-2026-o-papel-da-midia-nos-debates-dos-candidatos-ao-governo\/#breadcrumb","itemListElement":[{"@type":"ListItem","position":1,"name":"Home","item":"https:\/\/blogfca.pucminas.br\/ccm\/"},{"@type":"ListItem","position":2,"name":"Olhar Cr\u00edtico \u2013 epis\u00f3dio no ar \u2013 ELEI\u00c7\u00d5ES 2026: O papel da m\u00eddia nos debates dos candidatos ao governo"}]},{"@type":"WebSite","@id":"https:\/\/blogfca.pucminas.br\/ccm\/#website","url":"https:\/\/blogfca.pucminas.br\/ccm\/","name":"Centro de Cr\u00edtica da M\u00eddia","description":"","publisher":{"@id":"https:\/\/blogfca.pucminas.br\/ccm\/#organization"},"potentialAction":[{"@type":"SearchAction","target":{"@type":"EntryPoint","urlTemplate":"https:\/\/blogfca.pucminas.br\/ccm\/?s={search_term_string}"},"query-input":{"@type":"PropertyValueSpecification","valueRequired":true,"valueName":"search_term_string"}}],"inLanguage":"pt-BR"},{"@type":"Organization","@id":"https:\/\/blogfca.pucminas.br\/ccm\/#organization","name":"Centro de Cirtica da M\u00eddia","url":"https:\/\/blogfca.pucminas.br\/ccm\/","logo":{"@type":"ImageObject","inLanguage":"pt-BR","@id":"https:\/\/blogfca.pucminas.br\/ccm\/#\/schema\/logo\/image\/","url":"https:\/\/blogfca.pucminas.br\/ccm\/wp-content\/uploads\/2016\/11\/logo-ccm-preto.png","contentUrl":"https:\/\/blogfca.pucminas.br\/ccm\/wp-content\/uploads\/2016\/11\/logo-ccm-preto.png","width":1191,"height":842,"caption":"Centro de Cirtica da M\u00eddia"},"image":{"@id":"https:\/\/blogfca.pucminas.br\/ccm\/#\/schema\/logo\/image\/"},"sameAs":["https:\/\/www.facebook.com\/ccmpucminas\/?ref=settings","https:\/\/x.com\/ccmpucminas","https:\/\/www.instagram.com\/ccmpucminas\/?hl=pt-br","https:\/\/www.youtube.com\/channel\/UCpKbhzfoQXgXVhkWlxSuW2w"]},{"@type":"Person","@id":"https:\/\/blogfca.pucminas.br\/ccm\/#\/schema\/person\/96a5785fe6222ab41614e6c7d6fd8c0e","name":"Monitor","image":{"@type":"ImageObject","inLanguage":"pt-BR","@id":"https:\/\/secure.gravatar.com\/avatar\/322bb6b3650f9fb6d80483e763f0e983b000ecf4dcd7d91ea2b9a58b7d6af889?s=96&d=mm&r=g","url":"https:\/\/secure.gravatar.com\/avatar\/322bb6b3650f9fb6d80483e763f0e983b000ecf4dcd7d91ea2b9a58b7d6af889?s=96&d=mm&r=g","contentUrl":"https:\/\/secure.gravatar.com\/avatar\/322bb6b3650f9fb6d80483e763f0e983b000ecf4dcd7d91ea2b9a58b7d6af889?s=96&d=mm&r=g","caption":"Monitor"},"url":"https:\/\/blogfca.pucminas.br\/ccm\/author\/monitor\/"}]}},"_links":{"self":[{"href":"https:\/\/blogfca.pucminas.br\/ccm\/wp-json\/wp\/v2\/posts\/6793","targetHints":{"allow":["GET"]}}],"collection":[{"href":"https:\/\/blogfca.pucminas.br\/ccm\/wp-json\/wp\/v2\/posts"}],"about":[{"href":"https:\/\/blogfca.pucminas.br\/ccm\/wp-json\/wp\/v2\/types\/post"}],"author":[{"embeddable":true,"href":"https:\/\/blogfca.pucminas.br\/ccm\/wp-json\/wp\/v2\/users\/16"}],"replies":[{"embeddable":true,"href":"https:\/\/blogfca.pucminas.br\/ccm\/wp-json\/wp\/v2\/comments?post=6793"}],"version-history":[{"count":2,"href":"https:\/\/blogfca.pucminas.br\/ccm\/wp-json\/wp\/v2\/posts\/6793\/revisions"}],"predecessor-version":[{"id":6796,"href":"https:\/\/blogfca.pucminas.br\/ccm\/wp-json\/wp\/v2\/posts\/6793\/revisions\/6796"}],"wp:featuredmedia":[{"embeddable":true,"href":"https:\/\/blogfca.pucminas.br\/ccm\/wp-json\/wp\/v2\/media\/6794"}],"wp:attachment":[{"href":"https:\/\/blogfca.pucminas.br\/ccm\/wp-json\/wp\/v2\/media?parent=6793"}],"wp:term":[{"taxonomy":"category","embeddable":true,"href":"https:\/\/blogfca.pucminas.br\/ccm\/wp-json\/wp\/v2\/categories?post=6793"},{"taxonomy":"post_tag","embeddable":true,"href":"https:\/\/blogfca.pucminas.br\/ccm\/wp-json\/wp\/v2\/tags?post=6793"}],"curies":[{"name":"wp","href":"https:\/\/api.w.org\/{rel}","templated":true}]}}