{"id":6785,"date":"2026-09-02T07:42:29","date_gmt":"2026-09-02T10:42:29","guid":{"rendered":"https:\/\/blogfca.pucminas.br\/ccm\/?p=6785"},"modified":"2026-08-29T09:42:54","modified_gmt":"2026-08-29T12:42:54","slug":"o-seu-guia-para-o-emmy-awards-2026","status":"publish","type":"post","link":"https:\/\/blogfca.pucminas.br\/ccm\/o-seu-guia-para-o-emmy-awards-2026\/","title":{"rendered":"O seu guia para o Emmy Awards 2026"},"content":{"rendered":"<p><span style=\"font-weight: 400;\">Por Alice Giovana.<\/span><\/p>\n<p style=\"text-align: justify;\"><span style=\"font-weight: 400;\">A principal premia\u00e7\u00e3o da ind\u00fastria televisiva deste ano est\u00e1 mais pr\u00f3xima do que nunca! No dia 14 de setembro de 2026 acontece a 78\u00ba edi\u00e7\u00e3o do <\/span><i><span style=\"font-weight: 400;\">Emmy Awards<\/span><\/i><span style=\"font-weight: 400;\">, e se voc\u00ea n\u00e3o quer ficar de fora desse grande evento de prest\u00edgio \u00e0s maiores produ\u00e7\u00f5es televisivas do ano, venha conhecer algumas das indica\u00e7\u00f5es que mais chamaram mais aten\u00e7\u00e3o na m\u00eddia.<\/span><\/p>\n<h2><span style=\"font-weight: 400;\">The Pitt<\/span><\/h2>\n<p><img loading=\"lazy\" decoding=\"async\" class=\"size-full wp-image-6786 aligncenter\" src=\"https:\/\/blogfca.pucminas.br\/ccm\/wp-content\/uploads\/2026\/08\/Captura-de-tela-2026-08-29-090810.jpg\" alt=\"\" width=\"754\" height=\"562\" srcset=\"https:\/\/blogfca.pucminas.br\/ccm\/wp-content\/uploads\/2026\/08\/Captura-de-tela-2026-08-29-090810.jpg 754w, https:\/\/blogfca.pucminas.br\/ccm\/wp-content\/uploads\/2026\/08\/Captura-de-tela-2026-08-29-090810-300x224.jpg 300w\" sizes=\"auto, (max-width: 754px) 100vw, 754px\" \/><\/p>\n<p style=\"text-align: justify;\"><i><span style=\"font-weight: 400;\">The Pitt<\/span><\/i><span style=\"font-weight: 400;\"> \u00e9 uma das s\u00e9ries que mais tem ganhado destaque durante a temporada de premia\u00e7\u00f5es. Com 25 indica\u00e7\u00f5es, sendo 13 delas nomea\u00e7\u00f5es em categorias de atua\u00e7\u00e3o, al\u00e9m da disputa nas categorias de som, montagem, dire\u00e7\u00e3o, roteiro, entre outros e cerca de 96% de aprova\u00e7\u00e3o dos cr\u00edticos e 87% de aprova\u00e7\u00e3o p\u00fablica no Rotten Tomatoes, a s\u00e9rie chegou com os dois p\u00e9s na porta.<\/span><\/p>\n<p style=\"text-align: justify;\"><span style=\"font-weight: 400;\">Dispon\u00edvel na <\/span><i><span style=\"font-weight: 400;\">HBO Max<\/span><\/i><span style=\"font-weight: 400;\"> e na <\/span><i><span style=\"font-weight: 400;\">Amazon Prime<\/span><\/i><span style=\"font-weight: 400;\">, a s\u00e9rie foi aclamada internacionalmente, e precisou de apenas um m\u00eas para ser renovada para segunda temporada ap\u00f3s sua estreia em 2025, agora, um ano depois, <\/span><i><span style=\"font-weight: 400;\">The Pitt<\/span><\/i><span style=\"font-weight: 400;\"> continua sendo uma das obras mais elogiadas e premiadas na m\u00eddia.<\/span><\/p>\n<p style=\"text-align: justify;\"><span style=\"font-weight: 400;\">O destaque de 2026 segue a jornada do m\u00e9dico assistente e protagonista Dr. Michael Robinavitch (Noah Wyle) e outros quatro residentes em quinze horas de plant\u00e3o no fict\u00edcio <\/span><i><span style=\"font-weight: 400;\">Pittsburgh Trauma Medical Hospital<\/span><\/i><span style=\"font-weight: 400;\">, trazendo den\u00fancias aos impactos emocionais e f\u00edsicos dos profissionais da sa\u00fade, a sobrecarga de trabalho nos pronto-socorros lotados e sem recursos, al\u00e9m dos efeitos causados pela pandemia e o v\u00edrus covid-19.<\/span><\/p>\n<h2><span style=\"font-weight: 400;\">O Cavaleiro dos Sete Reinos<\/span><\/h2>\n<p><img loading=\"lazy\" decoding=\"async\" class=\"size-full wp-image-6787 aligncenter\" src=\"https:\/\/blogfca.pucminas.br\/ccm\/wp-content\/uploads\/2026\/08\/Captura-de-tela-2026-08-29-091003.jpg\" alt=\"\" width=\"899\" height=\"502\" srcset=\"https:\/\/blogfca.pucminas.br\/ccm\/wp-content\/uploads\/2026\/08\/Captura-de-tela-2026-08-29-091003.jpg 899w, https:\/\/blogfca.pucminas.br\/ccm\/wp-content\/uploads\/2026\/08\/Captura-de-tela-2026-08-29-091003-300x168.jpg 300w, https:\/\/blogfca.pucminas.br\/ccm\/wp-content\/uploads\/2026\/08\/Captura-de-tela-2026-08-29-091003-768x429.jpg 768w\" sizes=\"auto, (max-width: 899px) 100vw, 899px\" \/><\/p>\n<p style=\"text-align: justify;\"><span style=\"font-weight: 400;\">Como prequel de <\/span><i><span style=\"font-weight: 400;\">Game Of Thrones<\/span><\/i><span style=\"font-weight: 400;\">, <\/span><i><span style=\"font-weight: 400;\">O Cavaleiro dos Sete Reinos<\/span><\/i><span style=\"font-weight: 400;\"> chega com nove indica\u00e7\u00f5es ao <\/span><i><span style=\"font-weight: 400;\">Emmy Awards<\/span><\/i><span style=\"font-weight: 400;\">, competindo inclusive com <\/span><i><span style=\"font-weight: 400;\">The Pitt<\/span><\/i><span style=\"font-weight: 400;\"> em uma das categorias mais concorridas: \u201cMelhor s\u00e9rie de drama\u201d.<\/span><\/p>\n<p style=\"text-align: justify;\"><span style=\"font-weight: 400;\">Com cerca de 94%\u00a0 de aprova\u00e7\u00e3o dos cr\u00edticos e 79% de aprova\u00e7\u00e3o do p\u00fablico, a s\u00e9rie segue mais um dos textos do famoso escritor George R. R. Martin, as novelas \u201cContos de Dunk e Egg\u201d que acompanham a jornada do cavaleiro andante Sor Duncan, o Alto (Peter Clafey) e Egg (Dexter Sol Ansell), seu escudeiro, em uma aventura que se passa um s\u00e9culo antes de <\/span><i><span style=\"font-weight: 400;\">Game Of Thrones<\/span><\/i><span style=\"font-weight: 400;\">.<\/span><\/p>\n<p style=\"text-align: justify;\"><span style=\"font-weight: 400;\">A s\u00e9rie possui apenas seis epis\u00f3dios, e est\u00e1 dispon\u00edvel nos streamings <\/span><i><span style=\"font-weight: 400;\">HBO Max<\/span><\/i><span style=\"font-weight: 400;\">, <\/span><i><span style=\"font-weight: 400;\">Amazon Prime<\/span><\/i><span style=\"font-weight: 400;\"> e <\/span><i><span style=\"font-weight: 400;\">Claro TV+<\/span><\/i><span style=\"font-weight: 400;\">.<\/span><\/p>\n<h2><span style=\"font-weight: 400;\">The Bear<\/span><\/h2>\n<p><img loading=\"lazy\" decoding=\"async\" class=\"size-full wp-image-6788 aligncenter\" src=\"https:\/\/blogfca.pucminas.br\/ccm\/wp-content\/uploads\/2026\/08\/Captura-de-tela-2026-08-29-091120.jpg\" alt=\"\" width=\"901\" height=\"505\" srcset=\"https:\/\/blogfca.pucminas.br\/ccm\/wp-content\/uploads\/2026\/08\/Captura-de-tela-2026-08-29-091120.jpg 901w, https:\/\/blogfca.pucminas.br\/ccm\/wp-content\/uploads\/2026\/08\/Captura-de-tela-2026-08-29-091120-300x168.jpg 300w, https:\/\/blogfca.pucminas.br\/ccm\/wp-content\/uploads\/2026\/08\/Captura-de-tela-2026-08-29-091120-768x430.jpg 768w\" sizes=\"auto, (max-width: 901px) 100vw, 901px\" \/><\/p>\n<p style=\"text-align: justify;\"><span style=\"font-weight: 400;\">A s\u00e9rie que se tornou recordista do <\/span><i><span style=\"font-weight: 400;\">Emmy<\/span><\/i><span style=\"font-weight: 400;\"> em 2024, sendo a obra de com\u00e9dia mais indicada de todos os eventos com 57 indica\u00e7\u00f5es ao total, sendo 21 dessas vit\u00f3rias at\u00e9 ent\u00e3o. Apesar do sucesso, com 93% de aprova\u00e7\u00e3o da cr\u00edtica e 73% de aprova\u00e7\u00e3o do p\u00fablico no <\/span><i><span style=\"font-weight: 400;\">Rotten Tomatoes<\/span><\/i><span style=\"font-weight: 400;\">, <\/span><i><span style=\"font-weight: 400;\">The Bear<\/span><\/i><span style=\"font-weight: 400;\"> estreia na premia\u00e7\u00e3o de 2026 com apenas oito nomina\u00e7\u00f5es, o menor n\u00famero j\u00e1 alcan\u00e7ado por ela at\u00e9 ent\u00e3o.<\/span><\/p>\n<p style=\"text-align: justify;\"><span style=\"font-weight: 400;\">Este ano a \u00faltima temporada da s\u00e9rie compete em pr\u00eamios destaque como, \u201cMelhor s\u00e9rie de com\u00e9dia\u201d e \u201cMelhor atriz de s\u00e9rie de com\u00e9dia\u201d com Ayo Edebiri, que vive o papel de Sydney Adamu, cozinheira talentosa e protagonista do show de TV.<\/span><\/p>\n<p style=\"text-align: justify;\"><span style=\"font-weight: 400;\">Em seus oito epis\u00f3dios a \u00faltima temporada dispon\u00edvel no streaming <\/span><i><span style=\"font-weight: 400;\">Disney+<\/span><\/i><span style=\"font-weight: 400;\"> narra um \u00fanico dia de trabalho sob a tens\u00e3o da tempestade em Chicago, focando no desenvolvimento e no fechamento de arco de muitos dos personagem, mas principalmente no crescimento de Sydney.<\/span><\/p>\n<h2><span style=\"font-weight: 400;\">Pluribus<\/span><\/h2>\n<p><img loading=\"lazy\" decoding=\"async\" class=\"size-full wp-image-6789 aligncenter\" src=\"https:\/\/blogfca.pucminas.br\/ccm\/wp-content\/uploads\/2026\/08\/Captura-de-tela-2026-08-29-091156.jpg\" alt=\"\" width=\"900\" height=\"504\" srcset=\"https:\/\/blogfca.pucminas.br\/ccm\/wp-content\/uploads\/2026\/08\/Captura-de-tela-2026-08-29-091156.jpg 900w, https:\/\/blogfca.pucminas.br\/ccm\/wp-content\/uploads\/2026\/08\/Captura-de-tela-2026-08-29-091156-300x168.jpg 300w, https:\/\/blogfca.pucminas.br\/ccm\/wp-content\/uploads\/2026\/08\/Captura-de-tela-2026-08-29-091156-768x430.jpg 768w\" sizes=\"auto, (max-width: 900px) 100vw, 900px\" \/><\/p>\n<p style=\"text-align: justify;\"><span style=\"font-weight: 400;\">\u201cA pessoa mais infeliz da Terra deve salvar o mundo da felicidade\u201d. Com a sinopse provocante, <\/span><i><span style=\"font-weight: 400;\">Pluribus<\/span><\/i><span style=\"font-weight: 400;\"> estreia na premia\u00e7\u00e3o com dezoito indica\u00e7\u00f5es, incluindo uma das categorias principais, \u201cMelhor s\u00e9rie de drama\u201d, al\u00e9m de indica\u00e7\u00f5es aos tr\u00eas principais atores da obra, Rhea Seehorn como Carol Sturka, Karolina Wydra como Zosia e Carlos-Manuel Vesga como Manousos, e est\u00e1 dispon\u00edvel na <\/span><i><span style=\"font-weight: 400;\">Apple TV<\/span><\/i><span style=\"font-weight: 400;\">.<\/span><\/p>\n<p style=\"text-align: justify;\"><span style=\"font-weight: 400;\">Durante a s\u00e9rie de fic\u00e7\u00e3o cient\u00edfica p\u00f3s apocal\u00edptica o telespectador acompanha Carol Sturka, escritora, romancista, e uma das treze pessoas imunes ao v\u00edrus que transforma todos os seus hospedeiros, ou seja, todo o resto da humanidade, numa mente coletiva de personalidade agrad\u00e1vel e pac\u00edfica.<\/span><\/p>\n<p style=\"text-align: justify;\"><span style=\"font-weight: 400;\">A s\u00e9rie segue tom sat\u00edrico, e seu t\u00edtulo faz refer\u00eancia a \u201c<\/span><i><span style=\"font-weight: 400;\">pluribus unum<\/span><\/i><span style=\"font-weight: 400;\">\u201d, frase latina que significa \u201cde muitos, um\u201d, e foi aclamada pela cr\u00edtica com 99% de aprova\u00e7\u00e3o, embora a aprova\u00e7\u00e3o p\u00fablica tenha sido consideravelmente menor com apenas 68%.<\/span><\/p>\n<h2><span style=\"font-weight: 400;\">All Her Fault<\/span><\/h2>\n<p><img loading=\"lazy\" decoding=\"async\" class=\"size-full wp-image-6790 aligncenter\" src=\"https:\/\/blogfca.pucminas.br\/ccm\/wp-content\/uploads\/2026\/08\/Captura-de-tela-2026-08-29-091244.jpg\" alt=\"\" width=\"902\" height=\"504\" srcset=\"https:\/\/blogfca.pucminas.br\/ccm\/wp-content\/uploads\/2026\/08\/Captura-de-tela-2026-08-29-091244.jpg 902w, https:\/\/blogfca.pucminas.br\/ccm\/wp-content\/uploads\/2026\/08\/Captura-de-tela-2026-08-29-091244-300x168.jpg 300w, https:\/\/blogfca.pucminas.br\/ccm\/wp-content\/uploads\/2026\/08\/Captura-de-tela-2026-08-29-091244-768x429.jpg 768w\" sizes=\"auto, (max-width: 902px) 100vw, 902px\" \/><\/p>\n<p style=\"text-align: justify;\"><span style=\"font-weight: 400;\">A miniss\u00e9rie <\/span><i><span style=\"font-weight: 400;\">All Her Fault<\/span><\/i><span style=\"font-weight: 400;\"> v\u00eam forte com sete indica\u00e7\u00f5es na premia\u00e7\u00e3o, tendo destaque nas categorias de produ\u00e7\u00e3o como melhor elenco, roteiro, tema musical principal e composi\u00e7\u00e3o principal.<\/span><\/p>\n<p style=\"text-align: justify;\"><span style=\"font-weight: 400;\">Com estrelas em seu elenco como Dakota Fanning de <\/span><i><span style=\"font-weight: 400;\">Grande Menina, Pequena Mulher<\/span><\/i><span style=\"font-weight: 400;\">, Jake Lacy de <\/span><i><span style=\"font-weight: 400;\">The Office<\/span><\/i><span style=\"font-weight: 400;\">, Sophia Lillis de <\/span><i><span style=\"font-weight: 400;\">IT: A Coisa<\/span><\/i><span style=\"font-weight: 400;\"> e Abby Elliot de <\/span><i><span style=\"font-weight: 400;\">The Bear<\/span><\/i><span style=\"font-weight: 400;\">, a s\u00e9rie de suspense e drama entrega atua\u00e7\u00e3o e produ\u00e7\u00e3o t\u00e9cnica numa hist\u00f3ria que conquistou 80% de aprova\u00e7\u00e3o da cr\u00edtica e 74% de aprova\u00e7\u00e3o do p\u00fablico com suas cr\u00edticas sociais sobre a solid\u00e3o e culpa durante a maternidade e a sobrecarga das mulheres na sociedade. A s\u00e9rie est\u00e1 dispon\u00edvel na <\/span><i><span style=\"font-weight: 400;\">Amazon Prime<\/span><\/i><span style=\"font-weight: 400;\">.<\/span><\/p>\n<p style=\"text-align: justify;\"><span style=\"font-weight: 400;\">Essas s\u00e3o algumas das s\u00e9ries mais faladas do momento, mas se voc\u00ea quiser conferir todas as indica\u00e7\u00f5es do Emmy para conhecer mais obras incr\u00edveis \u00e9 s\u00f3 clicar <\/span><a href=\"https:\/\/www.omelete.com.br\/series-tv\/emmy-2026-lista-indicados-premio\"><span style=\"font-weight: 400;\">aqui<\/span><\/a><span style=\"font-weight: 400;\">. At\u00e9 a premia\u00e7\u00e3o e boa maratona!<\/span><\/p>\n","protected":false},"excerpt":{"rendered":"<p>Por Alice Giovana. A principal premia\u00e7\u00e3o da ind\u00fastria televisiva deste ano est\u00e1 mais pr\u00f3xima do que nunca! No dia 14 de setembro de 2026 acontece a 78\u00ba edi\u00e7\u00e3o do Emmy Awards, e se voc\u00ea n\u00e3o quer ficar de fora desse grande evento de prest\u00edgio \u00e0s maiores produ\u00e7\u00f5es televisivas do ano, venha conhecer algumas das indica\u00e7\u00f5es&hellip;<\/p>\n","protected":false},"author":16,"featured_media":6786,"comment_status":"open","ping_status":"open","sticky":false,"template":"","format":"standard","meta":{"footnotes":""},"categories":[2,131,230],"tags":[15,21,31,191,362,70,104,107,109],"class_list":["post-6785","post","type-post","status-publish","format-standard","has-post-thumbnail","hentry","category-ccm","category-colaboracoes","category-recomendacao","tag-audiovisual","tag-centro-de-critica-da-midia","tag-cultura","tag-jornalismo-cultural","tag-literatura","tag-midia","tag-serie","tag-sociedade","tag-televisao"],"yoast_head":"<!-- This site is optimized with the Yoast SEO plugin v27.2 - https:\/\/yoast.com\/product\/yoast-seo-wordpress\/ -->\n<title>O seu guia para o Emmy Awards 2026 - Centro de Cr\u00edtica Da M\u00eddia<\/title>\n<meta name=\"robots\" content=\"index, follow, max-snippet:-1, max-image-preview:large, max-video-preview:-1\" \/>\n<link rel=\"canonical\" href=\"https:\/\/blogfca.pucminas.br\/ccm\/o-seu-guia-para-o-emmy-awards-2026\/\" \/>\n<meta property=\"og:locale\" content=\"pt_BR\" \/>\n<meta property=\"og:type\" content=\"article\" \/>\n<meta property=\"og:title\" content=\"O seu guia para o Emmy Awards 2026 - Centro de Cr\u00edtica Da M\u00eddia\" \/>\n<meta property=\"og:description\" content=\"Por Alice Giovana. A principal premia\u00e7\u00e3o da ind\u00fastria televisiva deste ano est\u00e1 mais pr\u00f3xima do que nunca! No dia 14 de setembro de 2026 acontece a 78\u00ba edi\u00e7\u00e3o do Emmy Awards, e se voc\u00ea n\u00e3o quer ficar de fora desse grande evento de prest\u00edgio \u00e0s maiores produ\u00e7\u00f5es televisivas do ano, venha conhecer algumas das indica\u00e7\u00f5es&hellip;\" \/>\n<meta property=\"og:url\" content=\"https:\/\/blogfca.pucminas.br\/ccm\/o-seu-guia-para-o-emmy-awards-2026\/\" \/>\n<meta property=\"og:site_name\" content=\"Centro de Cr\u00edtica Da M\u00eddia\" \/>\n<meta property=\"article:publisher\" content=\"https:\/\/www.facebook.com\/ccmpucminas\/?ref=settings\" \/>\n<meta property=\"article:published_time\" content=\"2026-09-02T10:42:29+00:00\" \/>\n<meta property=\"og:image\" content=\"https:\/\/blogfca.pucminas.br\/ccm\/wp-content\/uploads\/2026\/08\/Captura-de-tela-2026-08-29-090810.jpg\" \/>\n\t<meta property=\"og:image:width\" content=\"754\" \/>\n\t<meta property=\"og:image:height\" content=\"562\" \/>\n\t<meta property=\"og:image:type\" content=\"image\/jpeg\" \/>\n<meta name=\"author\" content=\"Monitor\" \/>\n<meta name=\"twitter:card\" content=\"summary_large_image\" \/>\n<meta name=\"twitter:creator\" content=\"@ccmpucminas\" \/>\n<meta name=\"twitter:site\" content=\"@ccmpucminas\" \/>\n<meta name=\"twitter:label1\" content=\"Escrito por\" \/>\n\t<meta name=\"twitter:data1\" content=\"Monitor\" \/>\n\t<meta name=\"twitter:label2\" content=\"Est. tempo de leitura\" \/>\n\t<meta name=\"twitter:data2\" content=\"6 minutos\" \/>\n<script type=\"application\/ld+json\" class=\"yoast-schema-graph\">{\"@context\":\"https:\/\/schema.org\",\"@graph\":[{\"@type\":\"Article\",\"@id\":\"https:\/\/blogfca.pucminas.br\/ccm\/o-seu-guia-para-o-emmy-awards-2026\/#article\",\"isPartOf\":{\"@id\":\"https:\/\/blogfca.pucminas.br\/ccm\/o-seu-guia-para-o-emmy-awards-2026\/\"},\"author\":{\"name\":\"Monitor\",\"@id\":\"https:\/\/blogfca.pucminas.br\/ccm\/#\/schema\/person\/96a5785fe6222ab41614e6c7d6fd8c0e\"},\"headline\":\"O seu guia para o Emmy Awards 2026\",\"datePublished\":\"2026-09-02T10:42:29+00:00\",\"mainEntityOfPage\":{\"@id\":\"https:\/\/blogfca.pucminas.br\/ccm\/o-seu-guia-para-o-emmy-awards-2026\/\"},\"wordCount\":911,\"commentCount\":0,\"publisher\":{\"@id\":\"https:\/\/blogfca.pucminas.br\/ccm\/#organization\"},\"image\":{\"@id\":\"https:\/\/blogfca.pucminas.br\/ccm\/o-seu-guia-para-o-emmy-awards-2026\/#primaryimage\"},\"thumbnailUrl\":\"https:\/\/blogfca.pucminas.br\/ccm\/wp-content\/uploads\/2026\/08\/Captura-de-tela-2026-08-29-090810.jpg\",\"keywords\":[\"Audiovisual\",\"Centro de Cr\u00edtica da M\u00eddia\",\"Cultura\",\"Jornalismo Cultural\",\"literatura\",\"M\u00eddia\",\"S\u00e9rie\",\"Sociedade\",\"Televis\u00e3o\"],\"articleSection\":[\"CCM\",\"Colabora\u00e7\u00f5es\",\"Recomenda\u00e7\u00e3o\"],\"inLanguage\":\"pt-BR\",\"potentialAction\":[{\"@type\":\"CommentAction\",\"name\":\"Comment\",\"target\":[\"https:\/\/blogfca.pucminas.br\/ccm\/o-seu-guia-para-o-emmy-awards-2026\/#respond\"]}]},{\"@type\":\"WebPage\",\"@id\":\"https:\/\/blogfca.pucminas.br\/ccm\/o-seu-guia-para-o-emmy-awards-2026\/\",\"url\":\"https:\/\/blogfca.pucminas.br\/ccm\/o-seu-guia-para-o-emmy-awards-2026\/\",\"name\":\"O seu guia para o Emmy Awards 2026 - Centro de Cr\u00edtica Da M\u00eddia\",\"isPartOf\":{\"@id\":\"https:\/\/blogfca.pucminas.br\/ccm\/#website\"},\"primaryImageOfPage\":{\"@id\":\"https:\/\/blogfca.pucminas.br\/ccm\/o-seu-guia-para-o-emmy-awards-2026\/#primaryimage\"},\"image\":{\"@id\":\"https:\/\/blogfca.pucminas.br\/ccm\/o-seu-guia-para-o-emmy-awards-2026\/#primaryimage\"},\"thumbnailUrl\":\"https:\/\/blogfca.pucminas.br\/ccm\/wp-content\/uploads\/2026\/08\/Captura-de-tela-2026-08-29-090810.jpg\",\"datePublished\":\"2026-09-02T10:42:29+00:00\",\"breadcrumb\":{\"@id\":\"https:\/\/blogfca.pucminas.br\/ccm\/o-seu-guia-para-o-emmy-awards-2026\/#breadcrumb\"},\"inLanguage\":\"pt-BR\",\"potentialAction\":[{\"@type\":\"ReadAction\",\"target\":[\"https:\/\/blogfca.pucminas.br\/ccm\/o-seu-guia-para-o-emmy-awards-2026\/\"]}]},{\"@type\":\"ImageObject\",\"inLanguage\":\"pt-BR\",\"@id\":\"https:\/\/blogfca.pucminas.br\/ccm\/o-seu-guia-para-o-emmy-awards-2026\/#primaryimage\",\"url\":\"https:\/\/blogfca.pucminas.br\/ccm\/wp-content\/uploads\/2026\/08\/Captura-de-tela-2026-08-29-090810.jpg\",\"contentUrl\":\"https:\/\/blogfca.pucminas.br\/ccm\/wp-content\/uploads\/2026\/08\/Captura-de-tela-2026-08-29-090810.jpg\",\"width\":754,\"height\":562},{\"@type\":\"BreadcrumbList\",\"@id\":\"https:\/\/blogfca.pucminas.br\/ccm\/o-seu-guia-para-o-emmy-awards-2026\/#breadcrumb\",\"itemListElement\":[{\"@type\":\"ListItem\",\"position\":1,\"name\":\"Home\",\"item\":\"https:\/\/blogfca.pucminas.br\/ccm\/\"},{\"@type\":\"ListItem\",\"position\":2,\"name\":\"O seu guia para o Emmy Awards 2026\"}]},{\"@type\":\"WebSite\",\"@id\":\"https:\/\/blogfca.pucminas.br\/ccm\/#website\",\"url\":\"https:\/\/blogfca.pucminas.br\/ccm\/\",\"name\":\"Centro de Cr\u00edtica da M\u00eddia\",\"description\":\"\",\"publisher\":{\"@id\":\"https:\/\/blogfca.pucminas.br\/ccm\/#organization\"},\"potentialAction\":[{\"@type\":\"SearchAction\",\"target\":{\"@type\":\"EntryPoint\",\"urlTemplate\":\"https:\/\/blogfca.pucminas.br\/ccm\/?s={search_term_string}\"},\"query-input\":{\"@type\":\"PropertyValueSpecification\",\"valueRequired\":true,\"valueName\":\"search_term_string\"}}],\"inLanguage\":\"pt-BR\"},{\"@type\":\"Organization\",\"@id\":\"https:\/\/blogfca.pucminas.br\/ccm\/#organization\",\"name\":\"Centro de Cirtica da M\u00eddia\",\"url\":\"https:\/\/blogfca.pucminas.br\/ccm\/\",\"logo\":{\"@type\":\"ImageObject\",\"inLanguage\":\"pt-BR\",\"@id\":\"https:\/\/blogfca.pucminas.br\/ccm\/#\/schema\/logo\/image\/\",\"url\":\"https:\/\/blogfca.pucminas.br\/ccm\/wp-content\/uploads\/2016\/11\/logo-ccm-preto.png\",\"contentUrl\":\"https:\/\/blogfca.pucminas.br\/ccm\/wp-content\/uploads\/2016\/11\/logo-ccm-preto.png\",\"width\":1191,\"height\":842,\"caption\":\"Centro de Cirtica da M\u00eddia\"},\"image\":{\"@id\":\"https:\/\/blogfca.pucminas.br\/ccm\/#\/schema\/logo\/image\/\"},\"sameAs\":[\"https:\/\/www.facebook.com\/ccmpucminas\/?ref=settings\",\"https:\/\/x.com\/ccmpucminas\",\"https:\/\/www.instagram.com\/ccmpucminas\/?hl=pt-br\",\"https:\/\/www.youtube.com\/channel\/UCpKbhzfoQXgXVhkWlxSuW2w\"]},{\"@type\":\"Person\",\"@id\":\"https:\/\/blogfca.pucminas.br\/ccm\/#\/schema\/person\/96a5785fe6222ab41614e6c7d6fd8c0e\",\"name\":\"Monitor\",\"image\":{\"@type\":\"ImageObject\",\"inLanguage\":\"pt-BR\",\"@id\":\"https:\/\/secure.gravatar.com\/avatar\/322bb6b3650f9fb6d80483e763f0e983b000ecf4dcd7d91ea2b9a58b7d6af889?s=96&d=mm&r=g\",\"url\":\"https:\/\/secure.gravatar.com\/avatar\/322bb6b3650f9fb6d80483e763f0e983b000ecf4dcd7d91ea2b9a58b7d6af889?s=96&d=mm&r=g\",\"contentUrl\":\"https:\/\/secure.gravatar.com\/avatar\/322bb6b3650f9fb6d80483e763f0e983b000ecf4dcd7d91ea2b9a58b7d6af889?s=96&d=mm&r=g\",\"caption\":\"Monitor\"},\"url\":\"https:\/\/blogfca.pucminas.br\/ccm\/author\/monitor\/\"}]}<\/script>\n<!-- \/ Yoast SEO plugin. -->","yoast_head_json":{"title":"O seu guia para o Emmy Awards 2026 - Centro de Cr\u00edtica Da M\u00eddia","robots":{"index":"index","follow":"follow","max-snippet":"max-snippet:-1","max-image-preview":"max-image-preview:large","max-video-preview":"max-video-preview:-1"},"canonical":"https:\/\/blogfca.pucminas.br\/ccm\/o-seu-guia-para-o-emmy-awards-2026\/","og_locale":"pt_BR","og_type":"article","og_title":"O seu guia para o Emmy Awards 2026 - Centro de Cr\u00edtica Da M\u00eddia","og_description":"Por Alice Giovana. A principal premia\u00e7\u00e3o da ind\u00fastria televisiva deste ano est\u00e1 mais pr\u00f3xima do que nunca! No dia 14 de setembro de 2026 acontece a 78\u00ba edi\u00e7\u00e3o do Emmy Awards, e se voc\u00ea n\u00e3o quer ficar de fora desse grande evento de prest\u00edgio \u00e0s maiores produ\u00e7\u00f5es televisivas do ano, venha conhecer algumas das indica\u00e7\u00f5es&hellip;","og_url":"https:\/\/blogfca.pucminas.br\/ccm\/o-seu-guia-para-o-emmy-awards-2026\/","og_site_name":"Centro de Cr\u00edtica Da M\u00eddia","article_publisher":"https:\/\/www.facebook.com\/ccmpucminas\/?ref=settings","article_published_time":"2026-09-02T10:42:29+00:00","og_image":[{"width":754,"height":562,"url":"https:\/\/blogfca.pucminas.br\/ccm\/wp-content\/uploads\/2026\/08\/Captura-de-tela-2026-08-29-090810.jpg","type":"image\/jpeg"}],"author":"Monitor","twitter_card":"summary_large_image","twitter_creator":"@ccmpucminas","twitter_site":"@ccmpucminas","twitter_misc":{"Escrito por":"Monitor","Est. tempo de leitura":"6 minutos"},"schema":{"@context":"https:\/\/schema.org","@graph":[{"@type":"Article","@id":"https:\/\/blogfca.pucminas.br\/ccm\/o-seu-guia-para-o-emmy-awards-2026\/#article","isPartOf":{"@id":"https:\/\/blogfca.pucminas.br\/ccm\/o-seu-guia-para-o-emmy-awards-2026\/"},"author":{"name":"Monitor","@id":"https:\/\/blogfca.pucminas.br\/ccm\/#\/schema\/person\/96a5785fe6222ab41614e6c7d6fd8c0e"},"headline":"O seu guia para o Emmy Awards 2026","datePublished":"2026-09-02T10:42:29+00:00","mainEntityOfPage":{"@id":"https:\/\/blogfca.pucminas.br\/ccm\/o-seu-guia-para-o-emmy-awards-2026\/"},"wordCount":911,"commentCount":0,"publisher":{"@id":"https:\/\/blogfca.pucminas.br\/ccm\/#organization"},"image":{"@id":"https:\/\/blogfca.pucminas.br\/ccm\/o-seu-guia-para-o-emmy-awards-2026\/#primaryimage"},"thumbnailUrl":"https:\/\/blogfca.pucminas.br\/ccm\/wp-content\/uploads\/2026\/08\/Captura-de-tela-2026-08-29-090810.jpg","keywords":["Audiovisual","Centro de Cr\u00edtica da M\u00eddia","Cultura","Jornalismo Cultural","literatura","M\u00eddia","S\u00e9rie","Sociedade","Televis\u00e3o"],"articleSection":["CCM","Colabora\u00e7\u00f5es","Recomenda\u00e7\u00e3o"],"inLanguage":"pt-BR","potentialAction":[{"@type":"CommentAction","name":"Comment","target":["https:\/\/blogfca.pucminas.br\/ccm\/o-seu-guia-para-o-emmy-awards-2026\/#respond"]}]},{"@type":"WebPage","@id":"https:\/\/blogfca.pucminas.br\/ccm\/o-seu-guia-para-o-emmy-awards-2026\/","url":"https:\/\/blogfca.pucminas.br\/ccm\/o-seu-guia-para-o-emmy-awards-2026\/","name":"O seu guia para o Emmy Awards 2026 - Centro de Cr\u00edtica Da M\u00eddia","isPartOf":{"@id":"https:\/\/blogfca.pucminas.br\/ccm\/#website"},"primaryImageOfPage":{"@id":"https:\/\/blogfca.pucminas.br\/ccm\/o-seu-guia-para-o-emmy-awards-2026\/#primaryimage"},"image":{"@id":"https:\/\/blogfca.pucminas.br\/ccm\/o-seu-guia-para-o-emmy-awards-2026\/#primaryimage"},"thumbnailUrl":"https:\/\/blogfca.pucminas.br\/ccm\/wp-content\/uploads\/2026\/08\/Captura-de-tela-2026-08-29-090810.jpg","datePublished":"2026-09-02T10:42:29+00:00","breadcrumb":{"@id":"https:\/\/blogfca.pucminas.br\/ccm\/o-seu-guia-para-o-emmy-awards-2026\/#breadcrumb"},"inLanguage":"pt-BR","potentialAction":[{"@type":"ReadAction","target":["https:\/\/blogfca.pucminas.br\/ccm\/o-seu-guia-para-o-emmy-awards-2026\/"]}]},{"@type":"ImageObject","inLanguage":"pt-BR","@id":"https:\/\/blogfca.pucminas.br\/ccm\/o-seu-guia-para-o-emmy-awards-2026\/#primaryimage","url":"https:\/\/blogfca.pucminas.br\/ccm\/wp-content\/uploads\/2026\/08\/Captura-de-tela-2026-08-29-090810.jpg","contentUrl":"https:\/\/blogfca.pucminas.br\/ccm\/wp-content\/uploads\/2026\/08\/Captura-de-tela-2026-08-29-090810.jpg","width":754,"height":562},{"@type":"BreadcrumbList","@id":"https:\/\/blogfca.pucminas.br\/ccm\/o-seu-guia-para-o-emmy-awards-2026\/#breadcrumb","itemListElement":[{"@type":"ListItem","position":1,"name":"Home","item":"https:\/\/blogfca.pucminas.br\/ccm\/"},{"@type":"ListItem","position":2,"name":"O seu guia para o Emmy Awards 2026"}]},{"@type":"WebSite","@id":"https:\/\/blogfca.pucminas.br\/ccm\/#website","url":"https:\/\/blogfca.pucminas.br\/ccm\/","name":"Centro de Cr\u00edtica da M\u00eddia","description":"","publisher":{"@id":"https:\/\/blogfca.pucminas.br\/ccm\/#organization"},"potentialAction":[{"@type":"SearchAction","target":{"@type":"EntryPoint","urlTemplate":"https:\/\/blogfca.pucminas.br\/ccm\/?s={search_term_string}"},"query-input":{"@type":"PropertyValueSpecification","valueRequired":true,"valueName":"search_term_string"}}],"inLanguage":"pt-BR"},{"@type":"Organization","@id":"https:\/\/blogfca.pucminas.br\/ccm\/#organization","name":"Centro de Cirtica da M\u00eddia","url":"https:\/\/blogfca.pucminas.br\/ccm\/","logo":{"@type":"ImageObject","inLanguage":"pt-BR","@id":"https:\/\/blogfca.pucminas.br\/ccm\/#\/schema\/logo\/image\/","url":"https:\/\/blogfca.pucminas.br\/ccm\/wp-content\/uploads\/2016\/11\/logo-ccm-preto.png","contentUrl":"https:\/\/blogfca.pucminas.br\/ccm\/wp-content\/uploads\/2016\/11\/logo-ccm-preto.png","width":1191,"height":842,"caption":"Centro de Cirtica da M\u00eddia"},"image":{"@id":"https:\/\/blogfca.pucminas.br\/ccm\/#\/schema\/logo\/image\/"},"sameAs":["https:\/\/www.facebook.com\/ccmpucminas\/?ref=settings","https:\/\/x.com\/ccmpucminas","https:\/\/www.instagram.com\/ccmpucminas\/?hl=pt-br","https:\/\/www.youtube.com\/channel\/UCpKbhzfoQXgXVhkWlxSuW2w"]},{"@type":"Person","@id":"https:\/\/blogfca.pucminas.br\/ccm\/#\/schema\/person\/96a5785fe6222ab41614e6c7d6fd8c0e","name":"Monitor","image":{"@type":"ImageObject","inLanguage":"pt-BR","@id":"https:\/\/secure.gravatar.com\/avatar\/322bb6b3650f9fb6d80483e763f0e983b000ecf4dcd7d91ea2b9a58b7d6af889?s=96&d=mm&r=g","url":"https:\/\/secure.gravatar.com\/avatar\/322bb6b3650f9fb6d80483e763f0e983b000ecf4dcd7d91ea2b9a58b7d6af889?s=96&d=mm&r=g","contentUrl":"https:\/\/secure.gravatar.com\/avatar\/322bb6b3650f9fb6d80483e763f0e983b000ecf4dcd7d91ea2b9a58b7d6af889?s=96&d=mm&r=g","caption":"Monitor"},"url":"https:\/\/blogfca.pucminas.br\/ccm\/author\/monitor\/"}]}},"_links":{"self":[{"href":"https:\/\/blogfca.pucminas.br\/ccm\/wp-json\/wp\/v2\/posts\/6785","targetHints":{"allow":["GET"]}}],"collection":[{"href":"https:\/\/blogfca.pucminas.br\/ccm\/wp-json\/wp\/v2\/posts"}],"about":[{"href":"https:\/\/blogfca.pucminas.br\/ccm\/wp-json\/wp\/v2\/types\/post"}],"author":[{"embeddable":true,"href":"https:\/\/blogfca.pucminas.br\/ccm\/wp-json\/wp\/v2\/users\/16"}],"replies":[{"embeddable":true,"href":"https:\/\/blogfca.pucminas.br\/ccm\/wp-json\/wp\/v2\/comments?post=6785"}],"version-history":[{"count":2,"href":"https:\/\/blogfca.pucminas.br\/ccm\/wp-json\/wp\/v2\/posts\/6785\/revisions"}],"predecessor-version":[{"id":6792,"href":"https:\/\/blogfca.pucminas.br\/ccm\/wp-json\/wp\/v2\/posts\/6785\/revisions\/6792"}],"wp:featuredmedia":[{"embeddable":true,"href":"https:\/\/blogfca.pucminas.br\/ccm\/wp-json\/wp\/v2\/media\/6786"}],"wp:attachment":[{"href":"https:\/\/blogfca.pucminas.br\/ccm\/wp-json\/wp\/v2\/media?parent=6785"}],"wp:term":[{"taxonomy":"category","embeddable":true,"href":"https:\/\/blogfca.pucminas.br\/ccm\/wp-json\/wp\/v2\/categories?post=6785"},{"taxonomy":"post_tag","embeddable":true,"href":"https:\/\/blogfca.pucminas.br\/ccm\/wp-json\/wp\/v2\/tags?post=6785"}],"curies":[{"name":"wp","href":"https:\/\/api.w.org\/{rel}","templated":true}]}}