{"id":6781,"date":"2026-08-26T07:50:17","date_gmt":"2026-08-26T10:50:17","guid":{"rendered":"https:\/\/blogfca.pucminas.br\/ccm\/?p=6781"},"modified":"2026-08-25T15:51:10","modified_gmt":"2026-08-25T18:51:10","slug":"distopia-ou-extensao-da-realidade-a-unica-saida-para-o-imperativo-capitalista-no-cinema-de-park-chan-wook","status":"publish","type":"post","link":"https:\/\/blogfca.pucminas.br\/ccm\/distopia-ou-extensao-da-realidade-a-unica-saida-para-o-imperativo-capitalista-no-cinema-de-park-chan-wook\/","title":{"rendered":"Distopia ou extens\u00e3o da realidade? A \u00danica Sa\u00edda para o imperativo capitalista no cinema de Park Chan-Wook"},"content":{"rendered":"<p><img loading=\"lazy\" decoding=\"async\" class=\"size-full wp-image-6782 aligncenter\" src=\"https:\/\/blogfca.pucminas.br\/ccm\/wp-content\/uploads\/2026\/08\/Anotacao-2026-08-25-154158.jpg\" alt=\"\" width=\"960\" height=\"537\" srcset=\"https:\/\/blogfca.pucminas.br\/ccm\/wp-content\/uploads\/2026\/08\/Anotacao-2026-08-25-154158.jpg 960w, https:\/\/blogfca.pucminas.br\/ccm\/wp-content\/uploads\/2026\/08\/Anotacao-2026-08-25-154158-300x168.jpg 300w, https:\/\/blogfca.pucminas.br\/ccm\/wp-content\/uploads\/2026\/08\/Anotacao-2026-08-25-154158-768x430.jpg 768w\" sizes=\"auto, (max-width: 960px) 100vw, 960px\" \/><\/p>\n<p align=\"left\">Por Lucas Veloso.<\/p>\n<p style=\"text-align: justify;\" align=\"left\"><span style=\"font-size: small;\">A \u00fanica sa\u00edda para sobreviver \u00e0s distor\u00e7\u00f5es da sociedade capitalista parece ser, inexoravelmente, apelar para o absurdo. \u00c9 a partir desse argumento que Park Chan-Wook constr\u00f3i a narrativa do longa, que poderia ter entrado na lista dos internacionais reconhecidos pelo Oscar, mas, por algum motivo, caiu no esquecimento. <\/span><\/p>\n<p style=\"text-align: justify;\" align=\"left\"><span style=\"font-size: small;\">Tensionar os limites da a\u00e7\u00e3o humana para tecer cr\u00edticas sobre alguma quest\u00e3o social \u00e9 uma tend\u00eancia cada vez mais recorrente no cinema. \u201cParasita\u201d, que se tornou um \u00e9pico sobre as disparidades entre quem tem muito e quem n\u00e3o tem nada, \u00e9 um desses exemplos mais evidentes. \u201cBlack Mirror\u201d, que nos alerta sobre a corros\u00e3o do car\u00e1ter em fun\u00e7\u00e3o dos supostos avan\u00e7os tecnol\u00f3gicos, tamb\u00e9m \u00e9 uma amostra cl\u00e1ssica.<\/span><\/p>\n<p style=\"text-align: justify;\" align=\"left\"><span style=\"font-size: small;\">Assim, quando o exagero torna-se linguagem, \u00e9 preciso compreender o que est\u00e1 por tr\u00e1s dessa transforma\u00e7\u00e3o. Para mim, isso est\u00e1 ligado a uma tomada de consci\u00eancia sobre a realidade, cada vez mais insensata, mais dif\u00edcil de digerir e entender. A partir da\u00ed, a s\u00e1tira extrema vira uma forma de chamar a aten\u00e7\u00e3o para o que n\u00e3o parece estar mais t\u00e3o distante de n\u00f3s \u2014 e consolida-se como um discurso direto que n\u00e3o deixa d\u00favidas sobre o caminho sombrio que estamos percorrendo.<\/span><\/p>\n<p style=\"text-align: justify;\" align=\"left\"><span style=\"font-size: small;\">\u00c9 trilhando esse beco aparentemente sem sa\u00edda que \u201cNo Other Choice\u201d vai nos convencer de que as armadilhas do capitalismo est\u00e3o prestes a enlouquecer os sujeitos e torn\u00e1-los assassinos. Ao contr\u00e1rio da obra de Bong Joon-hoo, que trata do ressentimento frente \u00e0 desigualdade, o filme de Chan-Wook mergulha no desespero diante do fracasso de um sistema que estimula a competi\u00e7\u00e3o desenfreada enquanto disfar\u00e7a a sua incapacidade de sustentar a pr\u00f3pria promessa de evolu\u00e7\u00e3o. <\/span><\/p>\n<p style=\"text-align: justify;\" align=\"left\"><span style=\"font-size: small;\">A selvageria corporativa, a naturaliza\u00e7\u00e3o da desumaniza\u00e7\u00e3o, a luta pela sobreviv\u00eancia, dessa forma, s\u00e3o apresentadas pelo roteiro como causas da barb\u00e1rie moral que se impregna no tecido social.<\/span><\/p>\n<p style=\"text-align: justify;\" align=\"left\"><span style=\"font-size: small;\">Percebe-se que \u201cNo Other Choice\u201d est\u00e1 na dire\u00e7\u00e3o certa quando n\u00e3o somos capazes de refutar ou oferecer solu\u00e7\u00f5es ao problema exposto por Park. Na verdade, o filme funciona mais como uma extens\u00e3o da realidade do que como uma distopia ficcional. E \u00e9 a\u00ed que a compet\u00eancia do diretor encontra eco, proporcionando-nos uma experi\u00eancia um tanto quanto derivativa, mas necess\u00e1ria.<\/span><\/p>\n<p style=\"text-align: justify;\" align=\"left\"><span style=\"font-size: small;\">Seja como cr\u00edtica ferrenha e nada sutil ao imperativo capitalista, como com\u00e9dia de erros cujo humor diverte, mas assusta, ou como um thriller catastr\u00f3fico em que o absurdo impressiona, mas n\u00e3o \u00e9 mais capaz de chocar, que Chan-Wook continue tocando o dedo na ferida.<\/span><\/p>\n","protected":false},"excerpt":{"rendered":"<p>Por Lucas Veloso. A \u00fanica sa\u00edda para sobreviver \u00e0s distor\u00e7\u00f5es da sociedade capitalista parece ser, inexoravelmente, apelar para o absurdo. \u00c9 a partir desse argumento que Park Chan-Wook constr\u00f3i a narrativa do longa, que poderia ter entrado na lista dos internacionais reconhecidos pelo Oscar, mas, por algum motivo, caiu no esquecimento. Tensionar os limites da&hellip;<\/p>\n","protected":false},"author":16,"featured_media":6782,"comment_status":"open","ping_status":"open","sticky":false,"template":"","format":"standard","meta":{"footnotes":""},"categories":[2,131],"tags":[158,12,15,21,22,124,28,30,31,202,70,104,107,109],"class_list":["post-6781","post","type-post","status-publish","format-standard","has-post-thumbnail","hentry","category-ccm","category-colaboracoes","tag-analise","tag-analise-cinematografica","tag-audiovisual","tag-centro-de-critica-da-midia","tag-cinema","tag-critica","tag-critica-da-midia","tag-critica-midiatica","tag-cultura","tag-filme","tag-midia","tag-serie","tag-sociedade","tag-televisao"],"yoast_head":"<!-- This site is optimized with the Yoast SEO plugin v27.2 - https:\/\/yoast.com\/product\/yoast-seo-wordpress\/ -->\n<title>Distopia ou extens\u00e3o da realidade? A \u00danica Sa\u00edda para o imperativo capitalista no cinema de Park Chan-Wook - Centro de Cr\u00edtica Da M\u00eddia<\/title>\n<meta name=\"robots\" content=\"index, follow, max-snippet:-1, max-image-preview:large, max-video-preview:-1\" \/>\n<link rel=\"canonical\" href=\"https:\/\/blogfca.pucminas.br\/ccm\/distopia-ou-extensao-da-realidade-a-unica-saida-para-o-imperativo-capitalista-no-cinema-de-park-chan-wook\/\" \/>\n<meta property=\"og:locale\" content=\"pt_BR\" \/>\n<meta property=\"og:type\" content=\"article\" \/>\n<meta property=\"og:title\" content=\"Distopia ou extens\u00e3o da realidade? A \u00danica Sa\u00edda para o imperativo capitalista no cinema de Park Chan-Wook - Centro de Cr\u00edtica Da M\u00eddia\" \/>\n<meta property=\"og:description\" content=\"Por Lucas Veloso. A \u00fanica sa\u00edda para sobreviver \u00e0s distor\u00e7\u00f5es da sociedade capitalista parece ser, inexoravelmente, apelar para o absurdo. \u00c9 a partir desse argumento que Park Chan-Wook constr\u00f3i a narrativa do longa, que poderia ter entrado na lista dos internacionais reconhecidos pelo Oscar, mas, por algum motivo, caiu no esquecimento. Tensionar os limites da&hellip;\" \/>\n<meta property=\"og:url\" content=\"https:\/\/blogfca.pucminas.br\/ccm\/distopia-ou-extensao-da-realidade-a-unica-saida-para-o-imperativo-capitalista-no-cinema-de-park-chan-wook\/\" \/>\n<meta property=\"og:site_name\" content=\"Centro de Cr\u00edtica Da M\u00eddia\" \/>\n<meta property=\"article:publisher\" content=\"https:\/\/www.facebook.com\/ccmpucminas\/?ref=settings\" \/>\n<meta property=\"article:published_time\" content=\"2026-08-26T10:50:17+00:00\" \/>\n<meta property=\"og:image\" content=\"https:\/\/blogfca.pucminas.br\/ccm\/wp-content\/uploads\/2026\/08\/Anotacao-2026-08-25-154158.jpg\" \/>\n\t<meta property=\"og:image:width\" content=\"960\" \/>\n\t<meta property=\"og:image:height\" content=\"537\" \/>\n\t<meta property=\"og:image:type\" content=\"image\/jpeg\" \/>\n<meta name=\"author\" content=\"Monitor\" \/>\n<meta name=\"twitter:card\" content=\"summary_large_image\" \/>\n<meta name=\"twitter:creator\" content=\"@ccmpucminas\" \/>\n<meta name=\"twitter:site\" content=\"@ccmpucminas\" \/>\n<meta name=\"twitter:label1\" content=\"Escrito por\" \/>\n\t<meta name=\"twitter:data1\" content=\"Monitor\" \/>\n\t<meta name=\"twitter:label2\" content=\"Est. tempo de leitura\" \/>\n\t<meta name=\"twitter:data2\" content=\"3 minutos\" \/>\n<script type=\"application\/ld+json\" class=\"yoast-schema-graph\">{\"@context\":\"https:\/\/schema.org\",\"@graph\":[{\"@type\":\"Article\",\"@id\":\"https:\/\/blogfca.pucminas.br\/ccm\/distopia-ou-extensao-da-realidade-a-unica-saida-para-o-imperativo-capitalista-no-cinema-de-park-chan-wook\/#article\",\"isPartOf\":{\"@id\":\"https:\/\/blogfca.pucminas.br\/ccm\/distopia-ou-extensao-da-realidade-a-unica-saida-para-o-imperativo-capitalista-no-cinema-de-park-chan-wook\/\"},\"author\":{\"name\":\"Monitor\",\"@id\":\"https:\/\/blogfca.pucminas.br\/ccm\/#\/schema\/person\/96a5785fe6222ab41614e6c7d6fd8c0e\"},\"headline\":\"Distopia ou extens\u00e3o da realidade? A \u00danica Sa\u00edda para o imperativo capitalista no cinema de Park Chan-Wook\",\"datePublished\":\"2026-08-26T10:50:17+00:00\",\"mainEntityOfPage\":{\"@id\":\"https:\/\/blogfca.pucminas.br\/ccm\/distopia-ou-extensao-da-realidade-a-unica-saida-para-o-imperativo-capitalista-no-cinema-de-park-chan-wook\/\"},\"wordCount\":462,\"commentCount\":0,\"publisher\":{\"@id\":\"https:\/\/blogfca.pucminas.br\/ccm\/#organization\"},\"image\":{\"@id\":\"https:\/\/blogfca.pucminas.br\/ccm\/distopia-ou-extensao-da-realidade-a-unica-saida-para-o-imperativo-capitalista-no-cinema-de-park-chan-wook\/#primaryimage\"},\"thumbnailUrl\":\"https:\/\/blogfca.pucminas.br\/ccm\/wp-content\/uploads\/2026\/08\/Anotacao-2026-08-25-154158.jpg\",\"keywords\":[\"An\u00e1lise\",\"an\u00e1lise cinematogr\u00e1fica\",\"Audiovisual\",\"Centro de Cr\u00edtica da M\u00eddia\",\"Cinema\",\"Cr\u00edtica\",\"Cr\u00edtica da M\u00eddia\",\"Cr\u00edtica Midi\u00e1tica\",\"Cultura\",\"Filme\",\"M\u00eddia\",\"S\u00e9rie\",\"Sociedade\",\"Televis\u00e3o\"],\"articleSection\":[\"CCM\",\"Colabora\u00e7\u00f5es\"],\"inLanguage\":\"pt-BR\",\"potentialAction\":[{\"@type\":\"CommentAction\",\"name\":\"Comment\",\"target\":[\"https:\/\/blogfca.pucminas.br\/ccm\/distopia-ou-extensao-da-realidade-a-unica-saida-para-o-imperativo-capitalista-no-cinema-de-park-chan-wook\/#respond\"]}]},{\"@type\":\"WebPage\",\"@id\":\"https:\/\/blogfca.pucminas.br\/ccm\/distopia-ou-extensao-da-realidade-a-unica-saida-para-o-imperativo-capitalista-no-cinema-de-park-chan-wook\/\",\"url\":\"https:\/\/blogfca.pucminas.br\/ccm\/distopia-ou-extensao-da-realidade-a-unica-saida-para-o-imperativo-capitalista-no-cinema-de-park-chan-wook\/\",\"name\":\"Distopia ou extens\u00e3o da realidade? A \u00danica Sa\u00edda para o imperativo capitalista no cinema de Park Chan-Wook - Centro de Cr\u00edtica Da M\u00eddia\",\"isPartOf\":{\"@id\":\"https:\/\/blogfca.pucminas.br\/ccm\/#website\"},\"primaryImageOfPage\":{\"@id\":\"https:\/\/blogfca.pucminas.br\/ccm\/distopia-ou-extensao-da-realidade-a-unica-saida-para-o-imperativo-capitalista-no-cinema-de-park-chan-wook\/#primaryimage\"},\"image\":{\"@id\":\"https:\/\/blogfca.pucminas.br\/ccm\/distopia-ou-extensao-da-realidade-a-unica-saida-para-o-imperativo-capitalista-no-cinema-de-park-chan-wook\/#primaryimage\"},\"thumbnailUrl\":\"https:\/\/blogfca.pucminas.br\/ccm\/wp-content\/uploads\/2026\/08\/Anotacao-2026-08-25-154158.jpg\",\"datePublished\":\"2026-08-26T10:50:17+00:00\",\"breadcrumb\":{\"@id\":\"https:\/\/blogfca.pucminas.br\/ccm\/distopia-ou-extensao-da-realidade-a-unica-saida-para-o-imperativo-capitalista-no-cinema-de-park-chan-wook\/#breadcrumb\"},\"inLanguage\":\"pt-BR\",\"potentialAction\":[{\"@type\":\"ReadAction\",\"target\":[\"https:\/\/blogfca.pucminas.br\/ccm\/distopia-ou-extensao-da-realidade-a-unica-saida-para-o-imperativo-capitalista-no-cinema-de-park-chan-wook\/\"]}]},{\"@type\":\"ImageObject\",\"inLanguage\":\"pt-BR\",\"@id\":\"https:\/\/blogfca.pucminas.br\/ccm\/distopia-ou-extensao-da-realidade-a-unica-saida-para-o-imperativo-capitalista-no-cinema-de-park-chan-wook\/#primaryimage\",\"url\":\"https:\/\/blogfca.pucminas.br\/ccm\/wp-content\/uploads\/2026\/08\/Anotacao-2026-08-25-154158.jpg\",\"contentUrl\":\"https:\/\/blogfca.pucminas.br\/ccm\/wp-content\/uploads\/2026\/08\/Anotacao-2026-08-25-154158.jpg\",\"width\":960,\"height\":537},{\"@type\":\"BreadcrumbList\",\"@id\":\"https:\/\/blogfca.pucminas.br\/ccm\/distopia-ou-extensao-da-realidade-a-unica-saida-para-o-imperativo-capitalista-no-cinema-de-park-chan-wook\/#breadcrumb\",\"itemListElement\":[{\"@type\":\"ListItem\",\"position\":1,\"name\":\"Home\",\"item\":\"https:\/\/blogfca.pucminas.br\/ccm\/\"},{\"@type\":\"ListItem\",\"position\":2,\"name\":\"Distopia ou extens\u00e3o da realidade? A \u00danica Sa\u00edda para o imperativo capitalista no cinema de Park Chan-Wook\"}]},{\"@type\":\"WebSite\",\"@id\":\"https:\/\/blogfca.pucminas.br\/ccm\/#website\",\"url\":\"https:\/\/blogfca.pucminas.br\/ccm\/\",\"name\":\"Centro de Cr\u00edtica da M\u00eddia\",\"description\":\"\",\"publisher\":{\"@id\":\"https:\/\/blogfca.pucminas.br\/ccm\/#organization\"},\"potentialAction\":[{\"@type\":\"SearchAction\",\"target\":{\"@type\":\"EntryPoint\",\"urlTemplate\":\"https:\/\/blogfca.pucminas.br\/ccm\/?s={search_term_string}\"},\"query-input\":{\"@type\":\"PropertyValueSpecification\",\"valueRequired\":true,\"valueName\":\"search_term_string\"}}],\"inLanguage\":\"pt-BR\"},{\"@type\":\"Organization\",\"@id\":\"https:\/\/blogfca.pucminas.br\/ccm\/#organization\",\"name\":\"Centro de Cirtica da M\u00eddia\",\"url\":\"https:\/\/blogfca.pucminas.br\/ccm\/\",\"logo\":{\"@type\":\"ImageObject\",\"inLanguage\":\"pt-BR\",\"@id\":\"https:\/\/blogfca.pucminas.br\/ccm\/#\/schema\/logo\/image\/\",\"url\":\"https:\/\/blogfca.pucminas.br\/ccm\/wp-content\/uploads\/2016\/11\/logo-ccm-preto.png\",\"contentUrl\":\"https:\/\/blogfca.pucminas.br\/ccm\/wp-content\/uploads\/2016\/11\/logo-ccm-preto.png\",\"width\":1191,\"height\":842,\"caption\":\"Centro de Cirtica da M\u00eddia\"},\"image\":{\"@id\":\"https:\/\/blogfca.pucminas.br\/ccm\/#\/schema\/logo\/image\/\"},\"sameAs\":[\"https:\/\/www.facebook.com\/ccmpucminas\/?ref=settings\",\"https:\/\/x.com\/ccmpucminas\",\"https:\/\/www.instagram.com\/ccmpucminas\/?hl=pt-br\",\"https:\/\/www.youtube.com\/channel\/UCpKbhzfoQXgXVhkWlxSuW2w\"]},{\"@type\":\"Person\",\"@id\":\"https:\/\/blogfca.pucminas.br\/ccm\/#\/schema\/person\/96a5785fe6222ab41614e6c7d6fd8c0e\",\"name\":\"Monitor\",\"image\":{\"@type\":\"ImageObject\",\"inLanguage\":\"pt-BR\",\"@id\":\"https:\/\/secure.gravatar.com\/avatar\/322bb6b3650f9fb6d80483e763f0e983b000ecf4dcd7d91ea2b9a58b7d6af889?s=96&d=mm&r=g\",\"url\":\"https:\/\/secure.gravatar.com\/avatar\/322bb6b3650f9fb6d80483e763f0e983b000ecf4dcd7d91ea2b9a58b7d6af889?s=96&d=mm&r=g\",\"contentUrl\":\"https:\/\/secure.gravatar.com\/avatar\/322bb6b3650f9fb6d80483e763f0e983b000ecf4dcd7d91ea2b9a58b7d6af889?s=96&d=mm&r=g\",\"caption\":\"Monitor\"},\"url\":\"https:\/\/blogfca.pucminas.br\/ccm\/author\/monitor\/\"}]}<\/script>\n<!-- \/ Yoast SEO plugin. -->","yoast_head_json":{"title":"Distopia ou extens\u00e3o da realidade? A \u00danica Sa\u00edda para o imperativo capitalista no cinema de Park Chan-Wook - Centro de Cr\u00edtica Da M\u00eddia","robots":{"index":"index","follow":"follow","max-snippet":"max-snippet:-1","max-image-preview":"max-image-preview:large","max-video-preview":"max-video-preview:-1"},"canonical":"https:\/\/blogfca.pucminas.br\/ccm\/distopia-ou-extensao-da-realidade-a-unica-saida-para-o-imperativo-capitalista-no-cinema-de-park-chan-wook\/","og_locale":"pt_BR","og_type":"article","og_title":"Distopia ou extens\u00e3o da realidade? A \u00danica Sa\u00edda para o imperativo capitalista no cinema de Park Chan-Wook - Centro de Cr\u00edtica Da M\u00eddia","og_description":"Por Lucas Veloso. A \u00fanica sa\u00edda para sobreviver \u00e0s distor\u00e7\u00f5es da sociedade capitalista parece ser, inexoravelmente, apelar para o absurdo. \u00c9 a partir desse argumento que Park Chan-Wook constr\u00f3i a narrativa do longa, que poderia ter entrado na lista dos internacionais reconhecidos pelo Oscar, mas, por algum motivo, caiu no esquecimento. Tensionar os limites da&hellip;","og_url":"https:\/\/blogfca.pucminas.br\/ccm\/distopia-ou-extensao-da-realidade-a-unica-saida-para-o-imperativo-capitalista-no-cinema-de-park-chan-wook\/","og_site_name":"Centro de Cr\u00edtica Da M\u00eddia","article_publisher":"https:\/\/www.facebook.com\/ccmpucminas\/?ref=settings","article_published_time":"2026-08-26T10:50:17+00:00","og_image":[{"width":960,"height":537,"url":"https:\/\/blogfca.pucminas.br\/ccm\/wp-content\/uploads\/2026\/08\/Anotacao-2026-08-25-154158.jpg","type":"image\/jpeg"}],"author":"Monitor","twitter_card":"summary_large_image","twitter_creator":"@ccmpucminas","twitter_site":"@ccmpucminas","twitter_misc":{"Escrito por":"Monitor","Est. tempo de leitura":"3 minutos"},"schema":{"@context":"https:\/\/schema.org","@graph":[{"@type":"Article","@id":"https:\/\/blogfca.pucminas.br\/ccm\/distopia-ou-extensao-da-realidade-a-unica-saida-para-o-imperativo-capitalista-no-cinema-de-park-chan-wook\/#article","isPartOf":{"@id":"https:\/\/blogfca.pucminas.br\/ccm\/distopia-ou-extensao-da-realidade-a-unica-saida-para-o-imperativo-capitalista-no-cinema-de-park-chan-wook\/"},"author":{"name":"Monitor","@id":"https:\/\/blogfca.pucminas.br\/ccm\/#\/schema\/person\/96a5785fe6222ab41614e6c7d6fd8c0e"},"headline":"Distopia ou extens\u00e3o da realidade? A \u00danica Sa\u00edda para o imperativo capitalista no cinema de Park Chan-Wook","datePublished":"2026-08-26T10:50:17+00:00","mainEntityOfPage":{"@id":"https:\/\/blogfca.pucminas.br\/ccm\/distopia-ou-extensao-da-realidade-a-unica-saida-para-o-imperativo-capitalista-no-cinema-de-park-chan-wook\/"},"wordCount":462,"commentCount":0,"publisher":{"@id":"https:\/\/blogfca.pucminas.br\/ccm\/#organization"},"image":{"@id":"https:\/\/blogfca.pucminas.br\/ccm\/distopia-ou-extensao-da-realidade-a-unica-saida-para-o-imperativo-capitalista-no-cinema-de-park-chan-wook\/#primaryimage"},"thumbnailUrl":"https:\/\/blogfca.pucminas.br\/ccm\/wp-content\/uploads\/2026\/08\/Anotacao-2026-08-25-154158.jpg","keywords":["An\u00e1lise","an\u00e1lise cinematogr\u00e1fica","Audiovisual","Centro de Cr\u00edtica da M\u00eddia","Cinema","Cr\u00edtica","Cr\u00edtica da M\u00eddia","Cr\u00edtica Midi\u00e1tica","Cultura","Filme","M\u00eddia","S\u00e9rie","Sociedade","Televis\u00e3o"],"articleSection":["CCM","Colabora\u00e7\u00f5es"],"inLanguage":"pt-BR","potentialAction":[{"@type":"CommentAction","name":"Comment","target":["https:\/\/blogfca.pucminas.br\/ccm\/distopia-ou-extensao-da-realidade-a-unica-saida-para-o-imperativo-capitalista-no-cinema-de-park-chan-wook\/#respond"]}]},{"@type":"WebPage","@id":"https:\/\/blogfca.pucminas.br\/ccm\/distopia-ou-extensao-da-realidade-a-unica-saida-para-o-imperativo-capitalista-no-cinema-de-park-chan-wook\/","url":"https:\/\/blogfca.pucminas.br\/ccm\/distopia-ou-extensao-da-realidade-a-unica-saida-para-o-imperativo-capitalista-no-cinema-de-park-chan-wook\/","name":"Distopia ou extens\u00e3o da realidade? A \u00danica Sa\u00edda para o imperativo capitalista no cinema de Park Chan-Wook - Centro de Cr\u00edtica Da M\u00eddia","isPartOf":{"@id":"https:\/\/blogfca.pucminas.br\/ccm\/#website"},"primaryImageOfPage":{"@id":"https:\/\/blogfca.pucminas.br\/ccm\/distopia-ou-extensao-da-realidade-a-unica-saida-para-o-imperativo-capitalista-no-cinema-de-park-chan-wook\/#primaryimage"},"image":{"@id":"https:\/\/blogfca.pucminas.br\/ccm\/distopia-ou-extensao-da-realidade-a-unica-saida-para-o-imperativo-capitalista-no-cinema-de-park-chan-wook\/#primaryimage"},"thumbnailUrl":"https:\/\/blogfca.pucminas.br\/ccm\/wp-content\/uploads\/2026\/08\/Anotacao-2026-08-25-154158.jpg","datePublished":"2026-08-26T10:50:17+00:00","breadcrumb":{"@id":"https:\/\/blogfca.pucminas.br\/ccm\/distopia-ou-extensao-da-realidade-a-unica-saida-para-o-imperativo-capitalista-no-cinema-de-park-chan-wook\/#breadcrumb"},"inLanguage":"pt-BR","potentialAction":[{"@type":"ReadAction","target":["https:\/\/blogfca.pucminas.br\/ccm\/distopia-ou-extensao-da-realidade-a-unica-saida-para-o-imperativo-capitalista-no-cinema-de-park-chan-wook\/"]}]},{"@type":"ImageObject","inLanguage":"pt-BR","@id":"https:\/\/blogfca.pucminas.br\/ccm\/distopia-ou-extensao-da-realidade-a-unica-saida-para-o-imperativo-capitalista-no-cinema-de-park-chan-wook\/#primaryimage","url":"https:\/\/blogfca.pucminas.br\/ccm\/wp-content\/uploads\/2026\/08\/Anotacao-2026-08-25-154158.jpg","contentUrl":"https:\/\/blogfca.pucminas.br\/ccm\/wp-content\/uploads\/2026\/08\/Anotacao-2026-08-25-154158.jpg","width":960,"height":537},{"@type":"BreadcrumbList","@id":"https:\/\/blogfca.pucminas.br\/ccm\/distopia-ou-extensao-da-realidade-a-unica-saida-para-o-imperativo-capitalista-no-cinema-de-park-chan-wook\/#breadcrumb","itemListElement":[{"@type":"ListItem","position":1,"name":"Home","item":"https:\/\/blogfca.pucminas.br\/ccm\/"},{"@type":"ListItem","position":2,"name":"Distopia ou extens\u00e3o da realidade? A \u00danica Sa\u00edda para o imperativo capitalista no cinema de Park Chan-Wook"}]},{"@type":"WebSite","@id":"https:\/\/blogfca.pucminas.br\/ccm\/#website","url":"https:\/\/blogfca.pucminas.br\/ccm\/","name":"Centro de Cr\u00edtica da M\u00eddia","description":"","publisher":{"@id":"https:\/\/blogfca.pucminas.br\/ccm\/#organization"},"potentialAction":[{"@type":"SearchAction","target":{"@type":"EntryPoint","urlTemplate":"https:\/\/blogfca.pucminas.br\/ccm\/?s={search_term_string}"},"query-input":{"@type":"PropertyValueSpecification","valueRequired":true,"valueName":"search_term_string"}}],"inLanguage":"pt-BR"},{"@type":"Organization","@id":"https:\/\/blogfca.pucminas.br\/ccm\/#organization","name":"Centro de Cirtica da M\u00eddia","url":"https:\/\/blogfca.pucminas.br\/ccm\/","logo":{"@type":"ImageObject","inLanguage":"pt-BR","@id":"https:\/\/blogfca.pucminas.br\/ccm\/#\/schema\/logo\/image\/","url":"https:\/\/blogfca.pucminas.br\/ccm\/wp-content\/uploads\/2016\/11\/logo-ccm-preto.png","contentUrl":"https:\/\/blogfca.pucminas.br\/ccm\/wp-content\/uploads\/2016\/11\/logo-ccm-preto.png","width":1191,"height":842,"caption":"Centro de Cirtica da M\u00eddia"},"image":{"@id":"https:\/\/blogfca.pucminas.br\/ccm\/#\/schema\/logo\/image\/"},"sameAs":["https:\/\/www.facebook.com\/ccmpucminas\/?ref=settings","https:\/\/x.com\/ccmpucminas","https:\/\/www.instagram.com\/ccmpucminas\/?hl=pt-br","https:\/\/www.youtube.com\/channel\/UCpKbhzfoQXgXVhkWlxSuW2w"]},{"@type":"Person","@id":"https:\/\/blogfca.pucminas.br\/ccm\/#\/schema\/person\/96a5785fe6222ab41614e6c7d6fd8c0e","name":"Monitor","image":{"@type":"ImageObject","inLanguage":"pt-BR","@id":"https:\/\/secure.gravatar.com\/avatar\/322bb6b3650f9fb6d80483e763f0e983b000ecf4dcd7d91ea2b9a58b7d6af889?s=96&d=mm&r=g","url":"https:\/\/secure.gravatar.com\/avatar\/322bb6b3650f9fb6d80483e763f0e983b000ecf4dcd7d91ea2b9a58b7d6af889?s=96&d=mm&r=g","contentUrl":"https:\/\/secure.gravatar.com\/avatar\/322bb6b3650f9fb6d80483e763f0e983b000ecf4dcd7d91ea2b9a58b7d6af889?s=96&d=mm&r=g","caption":"Monitor"},"url":"https:\/\/blogfca.pucminas.br\/ccm\/author\/monitor\/"}]}},"_links":{"self":[{"href":"https:\/\/blogfca.pucminas.br\/ccm\/wp-json\/wp\/v2\/posts\/6781","targetHints":{"allow":["GET"]}}],"collection":[{"href":"https:\/\/blogfca.pucminas.br\/ccm\/wp-json\/wp\/v2\/posts"}],"about":[{"href":"https:\/\/blogfca.pucminas.br\/ccm\/wp-json\/wp\/v2\/types\/post"}],"author":[{"embeddable":true,"href":"https:\/\/blogfca.pucminas.br\/ccm\/wp-json\/wp\/v2\/users\/16"}],"replies":[{"embeddable":true,"href":"https:\/\/blogfca.pucminas.br\/ccm\/wp-json\/wp\/v2\/comments?post=6781"}],"version-history":[{"count":1,"href":"https:\/\/blogfca.pucminas.br\/ccm\/wp-json\/wp\/v2\/posts\/6781\/revisions"}],"predecessor-version":[{"id":6783,"href":"https:\/\/blogfca.pucminas.br\/ccm\/wp-json\/wp\/v2\/posts\/6781\/revisions\/6783"}],"wp:featuredmedia":[{"embeddable":true,"href":"https:\/\/blogfca.pucminas.br\/ccm\/wp-json\/wp\/v2\/media\/6782"}],"wp:attachment":[{"href":"https:\/\/blogfca.pucminas.br\/ccm\/wp-json\/wp\/v2\/media?parent=6781"}],"wp:term":[{"taxonomy":"category","embeddable":true,"href":"https:\/\/blogfca.pucminas.br\/ccm\/wp-json\/wp\/v2\/categories?post=6781"},{"taxonomy":"post_tag","embeddable":true,"href":"https:\/\/blogfca.pucminas.br\/ccm\/wp-json\/wp\/v2\/tags?post=6781"}],"curies":[{"name":"wp","href":"https:\/\/api.w.org\/{rel}","templated":true}]}}