{"id":6778,"date":"2026-08-28T07:10:16","date_gmt":"2026-08-28T10:10:16","guid":{"rendered":"https:\/\/blogfca.pucminas.br\/ccm\/?p=6778"},"modified":"2026-08-25T14:10:43","modified_gmt":"2026-08-25T17:10:43","slug":"homem-aranha-um-novo-dia-para-os-super-herois","status":"publish","type":"post","link":"https:\/\/blogfca.pucminas.br\/ccm\/homem-aranha-um-novo-dia-para-os-super-herois\/","title":{"rendered":"Homem-Aranha: um novo dia para os super-her\u00f3is"},"content":{"rendered":"<p><img loading=\"lazy\" decoding=\"async\" class=\"size-large wp-image-6779 aligncenter\" src=\"https:\/\/blogfca.pucminas.br\/ccm\/wp-content\/uploads\/2026\/08\/maxresdefault1.jpg-1024x648.jpeg\" alt=\"\" width=\"700\" height=\"443\" srcset=\"https:\/\/blogfca.pucminas.br\/ccm\/wp-content\/uploads\/2026\/08\/maxresdefault1.jpg-1024x648.jpeg 1024w, https:\/\/blogfca.pucminas.br\/ccm\/wp-content\/uploads\/2026\/08\/maxresdefault1.jpg-300x190.jpeg 300w, https:\/\/blogfca.pucminas.br\/ccm\/wp-content\/uploads\/2026\/08\/maxresdefault1.jpg-768x486.jpeg 768w, https:\/\/blogfca.pucminas.br\/ccm\/wp-content\/uploads\/2026\/08\/maxresdefault1.jpg-1536x972.jpeg 1536w, https:\/\/blogfca.pucminas.br\/ccm\/wp-content\/uploads\/2026\/08\/maxresdefault1.jpg-2048x1296.jpeg 2048w\" sizes=\"auto, (max-width: 700px) 100vw, 700px\" \/><\/p>\n<p align=\"left\"><span style=\"font-family: Times New Roman, serif;\"><span style=\"font-size: medium;\">Por Felipe Stenner.<\/span><\/span><\/p>\n<p style=\"text-align: justify;\" align=\"justify\"><span style=\"font-family: Times New Roman, serif;\"><span style=\"font-size: medium;\">Em um cen\u00e1rio onde a recep\u00e7\u00e3o da internet parece unanimemente entusiasmada com <\/span><\/span><span style=\"font-family: Times New Roman, serif;\"><span style=\"font-size: medium;\"><i>Homem-Aranha: Um Novo Dia<\/i><\/span><\/span><span style=\"font-family: Times New Roman, serif;\"><span style=\"font-size: medium;\">, que estreou 29 de julho no Brasil, olhar para a nova empreitada do \u201cteioso\u201d com certa dist\u00e2ncia cr\u00edtica de um \u201cquadrinheiro\u201d chato, apesar de tamb\u00e9m um f\u00e3 animado l\u00e1 no fundo (\u00e9 um filme de Homem-Aranha, gente!), revela uma produ\u00e7\u00e3o de saldo bastante positivo, mas longe de ser o \u00e1pice definitivo do her\u00f3i nos cinemas. O longa carrega barrigas narrativas vis\u00edveis e decis\u00f5es de roteiro que fazem torcer o nariz, por\u00e9m n\u00e3o perde o seu valor como uma aventura digna e muito sens\u00edvel emocionalmente. <\/span><\/span><\/p>\n<p style=\"text-align: justify;\" align=\"justify\"><span style=\"font-family: Times New Roman, serif;\"><span style=\"font-size: medium;\">Entre erros e acertos, a sensa\u00e7\u00e3o final n\u00e3o \u00e9 de rejei\u00e7\u00e3o, e sim de al\u00edvio pela constata\u00e7\u00e3o que apontar suas imperfei\u00e7\u00f5es n\u00e3o significa desgostar do g\u00eanero de super-her\u00f3i de vez, como eu temia que fosse meu caso ap\u00f3s um per\u00edodo recente e longo de apenas frustra\u00e7\u00f5es e resultados insatisfat\u00f3rios iguais a <\/span><\/span><span style=\"font-family: Times New Roman, serif;\"><span style=\"font-size: medium;\"><i>Supergirl <\/i><\/span><\/span><span style=\"font-family: Times New Roman, serif;\"><span style=\"font-size: medium;\">(2026) da \u201cDistinta Concorr\u00eancia\u201d. Isso significa apenas exigir um pouco mais do personagem mais emblem\u00e1tico da Marvel, ou melhor, do super-her\u00f3i mais popular do mundo de acordo com os absurdos <\/span><\/span><a href=\"https:\/\/g1.globo.com\/pop-arte\/cinema\/noticia\/2026\/08\/16\/homem-aranha-um-novo-dia-bate-marca-de-us-2-bilhoes-em-bilheterias.ghtml\"><span style=\"color: #1155cc;\"><span style=\"font-family: Times New Roman, serif;\"><span style=\"font-size: medium;\"><u>recordes de bilheteria do filme<\/u><\/span><\/span><\/span><\/a><span style=\"font-family: Times New Roman, serif;\"><span style=\"font-size: medium;\">.<\/span><\/span><\/p>\n<p style=\"text-align: justify;\" align=\"justify\"><span style=\"font-family: Times New Roman, serif;\"><span style=\"font-size: medium;\">Grande parte do frescor do filme vem do comando de Destin Daniel Cretton, diretor de <\/span><\/span><span style=\"font-family: Times New Roman, serif;\"><span style=\"font-size: medium;\"><i>Shang-Chi e a Lenda dos Dez An\u00e9is<\/i><\/span><\/span><span style=\"font-family: Times New Roman, serif;\"><span style=\"font-size: medium;\"> (2021) e produtor executivo da excelente s\u00e9rie <\/span><\/span><span style=\"font-family: Times New Roman, serif;\"><span style=\"font-size: medium;\"><i>Magnum <\/i><\/span><\/span><span style=\"font-family: Times New Roman, serif;\"><span style=\"font-size: medium;\">(2026). A sa\u00edda do insosso Jon Watts fez um bem enorme \u00e0 franquia, permitindo que Cretton imprimisse uma identidade pr\u00f3pria que, embora ainda n\u00e3o alcance o n\u00edvel e beleza da dire\u00e7\u00e3o de Sam Raimi, da trilogia cl\u00e1ssica do Aranha, emula com maestria a fluidez de c\u00e2meras, movimentos e amplitudes que consagram os jogos recentes de PlayStation da Insomniac, <\/span><\/span><a href=\"https:\/\/www.omelete.com.br\/games\/homem-aranha-um-novo-dia-diretor-se-inspirou-nos-jogos\"><span style=\"color: #1155cc;\"><span style=\"font-family: Times New Roman, serif;\"><span style=\"font-size: medium;\"><u>declaradamente<\/u><\/span><\/span><\/span><\/a><span style=\"font-family: Times New Roman, serif;\"><span style=\"font-size: medium;\"> inspira\u00e7\u00f5es tanto do diretor quanto do astro Tom Holland e grande parte do que faz o longa ser uma obra de arte em movimento na telona. Al\u00e9m disso, a presen\u00e7a de Nova York volta a ter o peso que merece nas hist\u00f3rias. Longe de soar exagerada, a cidade \u00e9 tratada como um verdadeiro personagem, em uma homenagem vibrante que a Marvel n\u00e3o entregava com tanta personalidade desde o \u00e1pice da saga Defensores na Netflix, cujo personagem do Justiceiro foi inclusive pego emprestado aqui.<\/span><\/span><\/p>\n<p style=\"text-align: justify;\" align=\"justify\"><span style=\"font-family: Times New Roman, serif;\"><span style=\"font-size: medium;\">No centro dessa engrenagem, Tom Holland entrega a sua melhor interpreta\u00e7\u00e3o como Homem-Aranha at\u00e9 ent\u00e3o. Arrisco dizer at\u00e9 que a melhor interpreta\u00e7\u00e3o da sua carreira. Mais pr\u00f3ximo da matura\u00e7\u00e3o e do tom visto nos videogames e fase dos quadrinhos p\u00f3s-colegial, o ator assume a ess\u00eancia de Peter Parker durante toda a narrativa sem depender da sombra de tutores.<\/span><\/span><\/p>\n<p style=\"text-align: justify;\" align=\"justify\"><span style=\"font-family: Times New Roman, serif;\"><span style=\"font-size: medium;\">Outro ponto alt\u00edssimo do longa \u00e9 a rela\u00e7\u00e3o entre o Aranha e o Justiceiro (Jon Bernthal), que, antes mesmo de ser do n\u00facleo empregado pela Netflix, era originalmente um personagem surgido das HQs do \u201ccabe\u00e7a-de-teia\u201d. A qu\u00edmica entre Holland e Bernthal funciona impecavelmente na tela, transformando essa din\u00e2mica improv\u00e1vel, pelos extremos opostos polos de personalidade dos her\u00f3is, no elemento mais magn\u00e9tico e divertido da produ\u00e7\u00e3o, lado a lado com o apuro visual impressionante das cenas de a\u00e7\u00e3o. Aqui vale ressaltar uma curiosidade de bastidores: os dois atores s\u00e3o grandes amigos de longa data fora das telas, um estava presente e apoiou o outro nos testes para interpretar seus personagens pela primeira vez em 2016.<\/span><\/span><\/p>\n<p style=\"text-align: justify;\" align=\"justify\"><span style=\"font-family: Times New Roman, serif;\"><span style=\"font-size: medium;\">Por outro lado, o roteiro trope\u00e7a ao lidar com o universo expandido que tenta abra\u00e7ar. Se o Justiceiro \u00e9 retratado de forma exemplar (at\u00e9 mais estrategista do que conseguiu ser nas s\u00e9ries), o mesmo n\u00e3o se pode dizer de outros grupos da Marvel \u2013 vide a condu\u00e7\u00e3o do Tent\u00e1culo, que quase confunde o espectador sobre sua verdadeira origem para quem assistiu <\/span><\/span><span style=\"font-family: Times New Roman, serif;\"><span style=\"font-size: medium;\"><i>Demolidor <\/i><\/span><\/span><span style=\"font-family: Times New Roman, serif;\"><span style=\"font-size: medium;\">(2015-2018). A personagem de Sadie Sink \u00e9 outro exemplo de escolhas narrativas question\u00e1veis: por mais que protagonize momentos emotivos e bem atuados, suas linhas de desenvolvimento geram constante estranhamento. \u00c9 aquilo: uma excelente hist\u00f3ria para o universo do Homem-Aranha, mas at\u00e9 onde faz jus a outro grande, importante e complexo universo da Marvel que \u00e9 os X-Men? Isso mesmo, o maior spoiler do filme, e que n\u00e3o foi noticiado oficialmente por nenhum grande portal da imprensa de entretenimento, \u00e9 que Sink interpreta Jean Grey.<\/span><\/span><\/p>\n<p style=\"text-align: justify;\" align=\"justify\"><span style=\"font-family: Times New Roman, serif;\"><span style=\"font-size: medium;\">Infelizmente, como j\u00e1 adiantei, a famosa mutante \u00e9 muito distorcida em <\/span><\/span><span style=\"font-family: Times New Roman, serif;\"><span style=\"font-size: medium;\"><i>Um Novo Dia <\/i><\/span><\/span><span style=\"font-family: Times New Roman, serif;\"><span style=\"font-size: medium;\">em rela\u00e7\u00e3o ao que costuma ser nas outras obras e materiais antes do arco da F\u00eanix Negra, que eu penso que impregnou em Jean a terr\u00edvel imagem de uma mulher que \u00e9 louca porque \u00e9 poderosa. E, adivinhem, \u00e9 a mesma imagem que ela tem na maior parte da trama aqui, atropelando velhinhos trabalhadores no meio da rua, tratando sentimentos de amor e abandono do Peter sem um pingo de empatia para uma telepata e atirando por a\u00ed indiscriminadamente.<\/span><\/span><\/p>\n<p style=\"text-align: justify;\" align=\"justify\"><span style=\"font-family: Times New Roman, serif;\"><span style=\"font-size: medium;\">Uma fra\u00e7\u00e3o disso, contudo, \u00e9 compensado por uma \u00f3tima cena no \u00faltimo ato do filme, quando, para convenc\u00ea-la a sair do caminho da vingan\u00e7a e trilhar o bem, Homem-Aranha utiliza de uma de suas maiores for\u00e7as em toda sua trajet\u00f3ria: a mem\u00f3ria daqueles que mais ama. No momento mais cr\u00edtico, Peter invoca a falecida tia May na sua mente para \u201clutar\u201d por ele e salvar a alma de Jean, um dos maiores exemplos da sensibilidade do roteiro e algo com que todos n\u00f3s podemos nos relacionar em nossas vidas com entes queridos. A cena me remete diretamente \u00e0 do Aranha invocar a mem\u00f3ria do tio Ben para se libertar do simbionte Venom na saudosa anima\u00e7\u00e3o <\/span><\/span><span style=\"font-family: Times New Roman, serif;\"><span style=\"font-size: medium;\"><i>O Espetacular Homem-Aranha <\/i><\/span><\/span><span style=\"font-family: Times New Roman, serif;\"><span style=\"font-size: medium;\">(2008-2009).<\/span><\/span><\/p>\n<p style=\"text-align: justify;\" align=\"justify\"><span style=\"font-family: Times New Roman, serif;\"><span style=\"font-size: medium;\">Apesar de bonito, n\u00e3o deu para ignorar uma sensa\u00e7\u00e3o de que realmente houve uma altera\u00e7\u00e3o vis\u00edvel no tom do desfecho em rela\u00e7\u00e3o aos vazamentos de <\/span><\/span><span style=\"font-family: Times New Roman, serif;\"><span style=\"font-size: medium;\"><i>insiders<\/i><\/span><\/span><span style=\"font-family: Times New Roman, serif;\"><span style=\"font-size: medium;\"> pr\u00e9-lan\u00e7amento, nos X e Reddit da vida, sugerindo um recuo de \u00faltima hora que trocou a ousadia da morte de Peter Parker por uma resolu\u00e7\u00e3o mais contida e segura.<\/span><\/span><\/p>\n<p style=\"text-align: justify;\" align=\"justify\"><span style=\"font-family: Times New Roman, serif;\"><span style=\"font-size: medium;\">J\u00e1 um dos vazios mais sentidos em <\/span><\/span><span style=\"font-family: Times New Roman, serif;\"><span style=\"font-size: medium;\"><i>Homem-Aranha: Um Novo Dia<\/i><\/span><\/span><span style=\"font-family: Times New Roman, serif;\"><span style=\"font-size: medium;\"> diz respeito \u00e0 funda\u00e7\u00e3o da pr\u00f3pria vida adulta de Peter. A completa aus\u00eancia de explica\u00e7\u00f5es claras sobre como o her\u00f3i se mant\u00e9m financeiramente e paga suas contas (e suas m\u00e1quinas) destoa da ess\u00eancia do personagem. Ser o Homem-Aranha n\u00e3o \u00e9 um trabalho em si, como transpareceu no filme, mas um fardo que metaforiza nossas responsabilidades e sacrif\u00edcios cotidianos bem al\u00e9m dos empregat\u00edcios. Ao ignorar a dimens\u00e3o prosaica do sustento \u2013 a ponto de criar a ilus\u00e3o c\u00f4mica de que Peter estaria recebendo dinheiro de sua amiga da pol\u00edcia, capit\u00e3 DeWolff (Liza Col\u00f3n-Zayas) \u2013, o filme perde a oportunidade de resgatar a for\u00e7a dram\u00e1tica e realista que tornou <\/span><\/span><span style=\"font-family: Times New Roman, serif;\"><span style=\"font-size: medium;\"><i>Homem-Aranha 2 <\/i><\/span><\/span><span style=\"font-family: Times New Roman, serif;\"><span style=\"font-size: medium;\">(2004) um marco inigual\u00e1vel at\u00e9 hoje insuperado.<\/span><\/span><\/p>\n<p style=\"text-align: justify;\" align=\"justify\"><span style=\"font-family: Times New Roman, serif;\"><span style=\"font-size: medium;\">Ainda que o cen\u00e1rio ideal para este cap\u00edtulo mais p\u00e9 no ch\u00e3o do Aranha pedisse antagonistas de peso urbano como o Rei do Crime e a Gata Negra \u2013 pois n\u00e3o h\u00e1 um grande \u2013 vil\u00e3o para ser perfeito, a estrondosa capacidade do filme em atrair multid\u00f5es e superar marcas de bilheteria \u00e9 em si uma vit\u00f3ria a ser celebrada. Ver uma produ\u00e7\u00e3o com os empr\u00e9stimos certos do ecossistema Marvel, uma aventura envolvente e quest\u00f5es da natureza social e psicol\u00f3gica humana performar t\u00e3o bem nos cinemas \u00e9 o principal ant\u00eddoto contra a famigerada \u201cfadiga dos super-her\u00f3is\u201d. O que estimula os est\u00fadios a continuarem investindo em projetos cada vez melhores. Vida longa ao Homem-Aranha nas telonas e em outras m\u00eddias!<\/span><\/span><\/p>\n<p style=\"text-align: justify;\" align=\"justify\"><span style=\"font-family: Times New Roman, serif;\"><span style=\"font-size: medium;\">Ah \u00e9&#8230; O Hulk selvagem est\u00e1 de volta neste filme tamb\u00e9m, n\u00e9? Bom, para o futuro, s\u00f3 resta para os f\u00e3s saberem se os amigos Vingadores v\u00e3o visit\u00e1-lo ou resgat\u00e1-lo do hospital psiqui\u00e1trico ou se estar\u00e3o t\u00e3o presentes para ele quanto estiveram no funeral do Pantera Negra. Amigos da on\u00e7a.<\/span><\/span><\/p>\n","protected":false},"excerpt":{"rendered":"<p>Por Felipe Stenner. Em um cen\u00e1rio onde a recep\u00e7\u00e3o da internet parece unanimemente entusiasmada com Homem-Aranha: Um Novo Dia, que estreou 29 de julho no Brasil, olhar para a nova empreitada do \u201cteioso\u201d com certa dist\u00e2ncia cr\u00edtica de um \u201cquadrinheiro\u201d chato, apesar de tamb\u00e9m um f\u00e3 animado l\u00e1 no fundo (\u00e9 um filme de Homem-Aranha,&hellip;<\/p>\n","protected":false},"author":16,"featured_media":6779,"comment_status":"open","ping_status":"open","sticky":false,"template":"","format":"standard","meta":{"footnotes":""},"categories":[2,131],"tags":[158,12,15,21,22,124,28,30,31,202,191,362,70,180,104,109],"class_list":["post-6778","post","type-post","status-publish","format-standard","has-post-thumbnail","hentry","category-ccm","category-colaboracoes","tag-analise","tag-analise-cinematografica","tag-audiovisual","tag-centro-de-critica-da-midia","tag-cinema","tag-critica","tag-critica-da-midia","tag-critica-midiatica","tag-cultura","tag-filme","tag-jornalismo-cultural","tag-literatura","tag-midia","tag-redes-sociais","tag-serie","tag-televisao"],"yoast_head":"<!-- This site is optimized with the Yoast SEO plugin v27.2 - https:\/\/yoast.com\/product\/yoast-seo-wordpress\/ -->\n<title>Homem-Aranha: um novo dia para os super-her\u00f3is - Centro de Cr\u00edtica Da M\u00eddia<\/title>\n<meta name=\"robots\" content=\"index, follow, max-snippet:-1, max-image-preview:large, max-video-preview:-1\" \/>\n<link rel=\"canonical\" href=\"https:\/\/blogfca.pucminas.br\/ccm\/homem-aranha-um-novo-dia-para-os-super-herois\/\" \/>\n<meta property=\"og:locale\" content=\"pt_BR\" \/>\n<meta property=\"og:type\" content=\"article\" \/>\n<meta property=\"og:title\" content=\"Homem-Aranha: um novo dia para os super-her\u00f3is - Centro de Cr\u00edtica Da M\u00eddia\" \/>\n<meta property=\"og:description\" content=\"Por Felipe Stenner. Em um cen\u00e1rio onde a recep\u00e7\u00e3o da internet parece unanimemente entusiasmada com Homem-Aranha: Um Novo Dia, que estreou 29 de julho no Brasil, olhar para a nova empreitada do \u201cteioso\u201d com certa dist\u00e2ncia cr\u00edtica de um \u201cquadrinheiro\u201d chato, apesar de tamb\u00e9m um f\u00e3 animado l\u00e1 no fundo (\u00e9 um filme de Homem-Aranha,&hellip;\" \/>\n<meta property=\"og:url\" content=\"https:\/\/blogfca.pucminas.br\/ccm\/homem-aranha-um-novo-dia-para-os-super-herois\/\" \/>\n<meta property=\"og:site_name\" content=\"Centro de Cr\u00edtica Da M\u00eddia\" \/>\n<meta property=\"article:publisher\" content=\"https:\/\/www.facebook.com\/ccmpucminas\/?ref=settings\" \/>\n<meta property=\"article:published_time\" content=\"2026-08-28T10:10:16+00:00\" \/>\n<meta property=\"og:image\" content=\"https:\/\/blogfca.pucminas.br\/ccm\/wp-content\/uploads\/2026\/08\/maxresdefault1.jpg-scaled.jpeg\" \/>\n\t<meta property=\"og:image:width\" content=\"2560\" \/>\n\t<meta property=\"og:image:height\" content=\"1620\" \/>\n\t<meta property=\"og:image:type\" content=\"image\/jpeg\" \/>\n<meta name=\"author\" content=\"Monitor\" \/>\n<meta name=\"twitter:card\" content=\"summary_large_image\" \/>\n<meta name=\"twitter:creator\" content=\"@ccmpucminas\" \/>\n<meta name=\"twitter:site\" content=\"@ccmpucminas\" \/>\n<meta name=\"twitter:label1\" content=\"Escrito por\" \/>\n\t<meta name=\"twitter:data1\" content=\"Monitor\" \/>\n\t<meta name=\"twitter:label2\" content=\"Est. tempo de leitura\" \/>\n\t<meta name=\"twitter:data2\" content=\"8 minutos\" \/>\n<script type=\"application\/ld+json\" class=\"yoast-schema-graph\">{\"@context\":\"https:\/\/schema.org\",\"@graph\":[{\"@type\":\"Article\",\"@id\":\"https:\/\/blogfca.pucminas.br\/ccm\/homem-aranha-um-novo-dia-para-os-super-herois\/#article\",\"isPartOf\":{\"@id\":\"https:\/\/blogfca.pucminas.br\/ccm\/homem-aranha-um-novo-dia-para-os-super-herois\/\"},\"author\":{\"name\":\"Monitor\",\"@id\":\"https:\/\/blogfca.pucminas.br\/ccm\/#\/schema\/person\/96a5785fe6222ab41614e6c7d6fd8c0e\"},\"headline\":\"Homem-Aranha: um novo dia para os super-her\u00f3is\",\"datePublished\":\"2026-08-28T10:10:16+00:00\",\"mainEntityOfPage\":{\"@id\":\"https:\/\/blogfca.pucminas.br\/ccm\/homem-aranha-um-novo-dia-para-os-super-herois\/\"},\"wordCount\":1354,\"commentCount\":0,\"publisher\":{\"@id\":\"https:\/\/blogfca.pucminas.br\/ccm\/#organization\"},\"image\":{\"@id\":\"https:\/\/blogfca.pucminas.br\/ccm\/homem-aranha-um-novo-dia-para-os-super-herois\/#primaryimage\"},\"thumbnailUrl\":\"https:\/\/blogfca.pucminas.br\/ccm\/wp-content\/uploads\/2026\/08\/maxresdefault1.jpg-scaled.jpeg\",\"keywords\":[\"An\u00e1lise\",\"an\u00e1lise cinematogr\u00e1fica\",\"Audiovisual\",\"Centro de Cr\u00edtica da M\u00eddia\",\"Cinema\",\"Cr\u00edtica\",\"Cr\u00edtica da M\u00eddia\",\"Cr\u00edtica Midi\u00e1tica\",\"Cultura\",\"Filme\",\"Jornalismo Cultural\",\"literatura\",\"M\u00eddia\",\"Redes Sociais\",\"S\u00e9rie\",\"Televis\u00e3o\"],\"articleSection\":[\"CCM\",\"Colabora\u00e7\u00f5es\"],\"inLanguage\":\"pt-BR\",\"potentialAction\":[{\"@type\":\"CommentAction\",\"name\":\"Comment\",\"target\":[\"https:\/\/blogfca.pucminas.br\/ccm\/homem-aranha-um-novo-dia-para-os-super-herois\/#respond\"]}]},{\"@type\":\"WebPage\",\"@id\":\"https:\/\/blogfca.pucminas.br\/ccm\/homem-aranha-um-novo-dia-para-os-super-herois\/\",\"url\":\"https:\/\/blogfca.pucminas.br\/ccm\/homem-aranha-um-novo-dia-para-os-super-herois\/\",\"name\":\"Homem-Aranha: um novo dia para os super-her\u00f3is - Centro de Cr\u00edtica Da M\u00eddia\",\"isPartOf\":{\"@id\":\"https:\/\/blogfca.pucminas.br\/ccm\/#website\"},\"primaryImageOfPage\":{\"@id\":\"https:\/\/blogfca.pucminas.br\/ccm\/homem-aranha-um-novo-dia-para-os-super-herois\/#primaryimage\"},\"image\":{\"@id\":\"https:\/\/blogfca.pucminas.br\/ccm\/homem-aranha-um-novo-dia-para-os-super-herois\/#primaryimage\"},\"thumbnailUrl\":\"https:\/\/blogfca.pucminas.br\/ccm\/wp-content\/uploads\/2026\/08\/maxresdefault1.jpg-scaled.jpeg\",\"datePublished\":\"2026-08-28T10:10:16+00:00\",\"breadcrumb\":{\"@id\":\"https:\/\/blogfca.pucminas.br\/ccm\/homem-aranha-um-novo-dia-para-os-super-herois\/#breadcrumb\"},\"inLanguage\":\"pt-BR\",\"potentialAction\":[{\"@type\":\"ReadAction\",\"target\":[\"https:\/\/blogfca.pucminas.br\/ccm\/homem-aranha-um-novo-dia-para-os-super-herois\/\"]}]},{\"@type\":\"ImageObject\",\"inLanguage\":\"pt-BR\",\"@id\":\"https:\/\/blogfca.pucminas.br\/ccm\/homem-aranha-um-novo-dia-para-os-super-herois\/#primaryimage\",\"url\":\"https:\/\/blogfca.pucminas.br\/ccm\/wp-content\/uploads\/2026\/08\/maxresdefault1.jpg-scaled.jpeg\",\"contentUrl\":\"https:\/\/blogfca.pucminas.br\/ccm\/wp-content\/uploads\/2026\/08\/maxresdefault1.jpg-scaled.jpeg\",\"width\":2560,\"height\":1620},{\"@type\":\"BreadcrumbList\",\"@id\":\"https:\/\/blogfca.pucminas.br\/ccm\/homem-aranha-um-novo-dia-para-os-super-herois\/#breadcrumb\",\"itemListElement\":[{\"@type\":\"ListItem\",\"position\":1,\"name\":\"Home\",\"item\":\"https:\/\/blogfca.pucminas.br\/ccm\/\"},{\"@type\":\"ListItem\",\"position\":2,\"name\":\"Homem-Aranha: um novo dia para os super-her\u00f3is\"}]},{\"@type\":\"WebSite\",\"@id\":\"https:\/\/blogfca.pucminas.br\/ccm\/#website\",\"url\":\"https:\/\/blogfca.pucminas.br\/ccm\/\",\"name\":\"Centro de Cr\u00edtica da M\u00eddia\",\"description\":\"\",\"publisher\":{\"@id\":\"https:\/\/blogfca.pucminas.br\/ccm\/#organization\"},\"potentialAction\":[{\"@type\":\"SearchAction\",\"target\":{\"@type\":\"EntryPoint\",\"urlTemplate\":\"https:\/\/blogfca.pucminas.br\/ccm\/?s={search_term_string}\"},\"query-input\":{\"@type\":\"PropertyValueSpecification\",\"valueRequired\":true,\"valueName\":\"search_term_string\"}}],\"inLanguage\":\"pt-BR\"},{\"@type\":\"Organization\",\"@id\":\"https:\/\/blogfca.pucminas.br\/ccm\/#organization\",\"name\":\"Centro de Cirtica da M\u00eddia\",\"url\":\"https:\/\/blogfca.pucminas.br\/ccm\/\",\"logo\":{\"@type\":\"ImageObject\",\"inLanguage\":\"pt-BR\",\"@id\":\"https:\/\/blogfca.pucminas.br\/ccm\/#\/schema\/logo\/image\/\",\"url\":\"https:\/\/blogfca.pucminas.br\/ccm\/wp-content\/uploads\/2016\/11\/logo-ccm-preto.png\",\"contentUrl\":\"https:\/\/blogfca.pucminas.br\/ccm\/wp-content\/uploads\/2016\/11\/logo-ccm-preto.png\",\"width\":1191,\"height\":842,\"caption\":\"Centro de Cirtica da M\u00eddia\"},\"image\":{\"@id\":\"https:\/\/blogfca.pucminas.br\/ccm\/#\/schema\/logo\/image\/\"},\"sameAs\":[\"https:\/\/www.facebook.com\/ccmpucminas\/?ref=settings\",\"https:\/\/x.com\/ccmpucminas\",\"https:\/\/www.instagram.com\/ccmpucminas\/?hl=pt-br\",\"https:\/\/www.youtube.com\/channel\/UCpKbhzfoQXgXVhkWlxSuW2w\"]},{\"@type\":\"Person\",\"@id\":\"https:\/\/blogfca.pucminas.br\/ccm\/#\/schema\/person\/96a5785fe6222ab41614e6c7d6fd8c0e\",\"name\":\"Monitor\",\"image\":{\"@type\":\"ImageObject\",\"inLanguage\":\"pt-BR\",\"@id\":\"https:\/\/secure.gravatar.com\/avatar\/322bb6b3650f9fb6d80483e763f0e983b000ecf4dcd7d91ea2b9a58b7d6af889?s=96&d=mm&r=g\",\"url\":\"https:\/\/secure.gravatar.com\/avatar\/322bb6b3650f9fb6d80483e763f0e983b000ecf4dcd7d91ea2b9a58b7d6af889?s=96&d=mm&r=g\",\"contentUrl\":\"https:\/\/secure.gravatar.com\/avatar\/322bb6b3650f9fb6d80483e763f0e983b000ecf4dcd7d91ea2b9a58b7d6af889?s=96&d=mm&r=g\",\"caption\":\"Monitor\"},\"url\":\"https:\/\/blogfca.pucminas.br\/ccm\/author\/monitor\/\"}]}<\/script>\n<!-- \/ Yoast SEO plugin. -->","yoast_head_json":{"title":"Homem-Aranha: um novo dia para os super-her\u00f3is - Centro de Cr\u00edtica Da M\u00eddia","robots":{"index":"index","follow":"follow","max-snippet":"max-snippet:-1","max-image-preview":"max-image-preview:large","max-video-preview":"max-video-preview:-1"},"canonical":"https:\/\/blogfca.pucminas.br\/ccm\/homem-aranha-um-novo-dia-para-os-super-herois\/","og_locale":"pt_BR","og_type":"article","og_title":"Homem-Aranha: um novo dia para os super-her\u00f3is - Centro de Cr\u00edtica Da M\u00eddia","og_description":"Por Felipe Stenner. Em um cen\u00e1rio onde a recep\u00e7\u00e3o da internet parece unanimemente entusiasmada com Homem-Aranha: Um Novo Dia, que estreou 29 de julho no Brasil, olhar para a nova empreitada do \u201cteioso\u201d com certa dist\u00e2ncia cr\u00edtica de um \u201cquadrinheiro\u201d chato, apesar de tamb\u00e9m um f\u00e3 animado l\u00e1 no fundo (\u00e9 um filme de Homem-Aranha,&hellip;","og_url":"https:\/\/blogfca.pucminas.br\/ccm\/homem-aranha-um-novo-dia-para-os-super-herois\/","og_site_name":"Centro de Cr\u00edtica Da M\u00eddia","article_publisher":"https:\/\/www.facebook.com\/ccmpucminas\/?ref=settings","article_published_time":"2026-08-28T10:10:16+00:00","og_image":[{"width":2560,"height":1620,"url":"https:\/\/blogfca.pucminas.br\/ccm\/wp-content\/uploads\/2026\/08\/maxresdefault1.jpg-scaled.jpeg","type":"image\/jpeg"}],"author":"Monitor","twitter_card":"summary_large_image","twitter_creator":"@ccmpucminas","twitter_site":"@ccmpucminas","twitter_misc":{"Escrito por":"Monitor","Est. tempo de leitura":"8 minutos"},"schema":{"@context":"https:\/\/schema.org","@graph":[{"@type":"Article","@id":"https:\/\/blogfca.pucminas.br\/ccm\/homem-aranha-um-novo-dia-para-os-super-herois\/#article","isPartOf":{"@id":"https:\/\/blogfca.pucminas.br\/ccm\/homem-aranha-um-novo-dia-para-os-super-herois\/"},"author":{"name":"Monitor","@id":"https:\/\/blogfca.pucminas.br\/ccm\/#\/schema\/person\/96a5785fe6222ab41614e6c7d6fd8c0e"},"headline":"Homem-Aranha: um novo dia para os super-her\u00f3is","datePublished":"2026-08-28T10:10:16+00:00","mainEntityOfPage":{"@id":"https:\/\/blogfca.pucminas.br\/ccm\/homem-aranha-um-novo-dia-para-os-super-herois\/"},"wordCount":1354,"commentCount":0,"publisher":{"@id":"https:\/\/blogfca.pucminas.br\/ccm\/#organization"},"image":{"@id":"https:\/\/blogfca.pucminas.br\/ccm\/homem-aranha-um-novo-dia-para-os-super-herois\/#primaryimage"},"thumbnailUrl":"https:\/\/blogfca.pucminas.br\/ccm\/wp-content\/uploads\/2026\/08\/maxresdefault1.jpg-scaled.jpeg","keywords":["An\u00e1lise","an\u00e1lise cinematogr\u00e1fica","Audiovisual","Centro de Cr\u00edtica da M\u00eddia","Cinema","Cr\u00edtica","Cr\u00edtica da M\u00eddia","Cr\u00edtica Midi\u00e1tica","Cultura","Filme","Jornalismo Cultural","literatura","M\u00eddia","Redes Sociais","S\u00e9rie","Televis\u00e3o"],"articleSection":["CCM","Colabora\u00e7\u00f5es"],"inLanguage":"pt-BR","potentialAction":[{"@type":"CommentAction","name":"Comment","target":["https:\/\/blogfca.pucminas.br\/ccm\/homem-aranha-um-novo-dia-para-os-super-herois\/#respond"]}]},{"@type":"WebPage","@id":"https:\/\/blogfca.pucminas.br\/ccm\/homem-aranha-um-novo-dia-para-os-super-herois\/","url":"https:\/\/blogfca.pucminas.br\/ccm\/homem-aranha-um-novo-dia-para-os-super-herois\/","name":"Homem-Aranha: um novo dia para os super-her\u00f3is - Centro de Cr\u00edtica Da M\u00eddia","isPartOf":{"@id":"https:\/\/blogfca.pucminas.br\/ccm\/#website"},"primaryImageOfPage":{"@id":"https:\/\/blogfca.pucminas.br\/ccm\/homem-aranha-um-novo-dia-para-os-super-herois\/#primaryimage"},"image":{"@id":"https:\/\/blogfca.pucminas.br\/ccm\/homem-aranha-um-novo-dia-para-os-super-herois\/#primaryimage"},"thumbnailUrl":"https:\/\/blogfca.pucminas.br\/ccm\/wp-content\/uploads\/2026\/08\/maxresdefault1.jpg-scaled.jpeg","datePublished":"2026-08-28T10:10:16+00:00","breadcrumb":{"@id":"https:\/\/blogfca.pucminas.br\/ccm\/homem-aranha-um-novo-dia-para-os-super-herois\/#breadcrumb"},"inLanguage":"pt-BR","potentialAction":[{"@type":"ReadAction","target":["https:\/\/blogfca.pucminas.br\/ccm\/homem-aranha-um-novo-dia-para-os-super-herois\/"]}]},{"@type":"ImageObject","inLanguage":"pt-BR","@id":"https:\/\/blogfca.pucminas.br\/ccm\/homem-aranha-um-novo-dia-para-os-super-herois\/#primaryimage","url":"https:\/\/blogfca.pucminas.br\/ccm\/wp-content\/uploads\/2026\/08\/maxresdefault1.jpg-scaled.jpeg","contentUrl":"https:\/\/blogfca.pucminas.br\/ccm\/wp-content\/uploads\/2026\/08\/maxresdefault1.jpg-scaled.jpeg","width":2560,"height":1620},{"@type":"BreadcrumbList","@id":"https:\/\/blogfca.pucminas.br\/ccm\/homem-aranha-um-novo-dia-para-os-super-herois\/#breadcrumb","itemListElement":[{"@type":"ListItem","position":1,"name":"Home","item":"https:\/\/blogfca.pucminas.br\/ccm\/"},{"@type":"ListItem","position":2,"name":"Homem-Aranha: um novo dia para os super-her\u00f3is"}]},{"@type":"WebSite","@id":"https:\/\/blogfca.pucminas.br\/ccm\/#website","url":"https:\/\/blogfca.pucminas.br\/ccm\/","name":"Centro de Cr\u00edtica da M\u00eddia","description":"","publisher":{"@id":"https:\/\/blogfca.pucminas.br\/ccm\/#organization"},"potentialAction":[{"@type":"SearchAction","target":{"@type":"EntryPoint","urlTemplate":"https:\/\/blogfca.pucminas.br\/ccm\/?s={search_term_string}"},"query-input":{"@type":"PropertyValueSpecification","valueRequired":true,"valueName":"search_term_string"}}],"inLanguage":"pt-BR"},{"@type":"Organization","@id":"https:\/\/blogfca.pucminas.br\/ccm\/#organization","name":"Centro de Cirtica da M\u00eddia","url":"https:\/\/blogfca.pucminas.br\/ccm\/","logo":{"@type":"ImageObject","inLanguage":"pt-BR","@id":"https:\/\/blogfca.pucminas.br\/ccm\/#\/schema\/logo\/image\/","url":"https:\/\/blogfca.pucminas.br\/ccm\/wp-content\/uploads\/2016\/11\/logo-ccm-preto.png","contentUrl":"https:\/\/blogfca.pucminas.br\/ccm\/wp-content\/uploads\/2016\/11\/logo-ccm-preto.png","width":1191,"height":842,"caption":"Centro de Cirtica da M\u00eddia"},"image":{"@id":"https:\/\/blogfca.pucminas.br\/ccm\/#\/schema\/logo\/image\/"},"sameAs":["https:\/\/www.facebook.com\/ccmpucminas\/?ref=settings","https:\/\/x.com\/ccmpucminas","https:\/\/www.instagram.com\/ccmpucminas\/?hl=pt-br","https:\/\/www.youtube.com\/channel\/UCpKbhzfoQXgXVhkWlxSuW2w"]},{"@type":"Person","@id":"https:\/\/blogfca.pucminas.br\/ccm\/#\/schema\/person\/96a5785fe6222ab41614e6c7d6fd8c0e","name":"Monitor","image":{"@type":"ImageObject","inLanguage":"pt-BR","@id":"https:\/\/secure.gravatar.com\/avatar\/322bb6b3650f9fb6d80483e763f0e983b000ecf4dcd7d91ea2b9a58b7d6af889?s=96&d=mm&r=g","url":"https:\/\/secure.gravatar.com\/avatar\/322bb6b3650f9fb6d80483e763f0e983b000ecf4dcd7d91ea2b9a58b7d6af889?s=96&d=mm&r=g","contentUrl":"https:\/\/secure.gravatar.com\/avatar\/322bb6b3650f9fb6d80483e763f0e983b000ecf4dcd7d91ea2b9a58b7d6af889?s=96&d=mm&r=g","caption":"Monitor"},"url":"https:\/\/blogfca.pucminas.br\/ccm\/author\/monitor\/"}]}},"_links":{"self":[{"href":"https:\/\/blogfca.pucminas.br\/ccm\/wp-json\/wp\/v2\/posts\/6778","targetHints":{"allow":["GET"]}}],"collection":[{"href":"https:\/\/blogfca.pucminas.br\/ccm\/wp-json\/wp\/v2\/posts"}],"about":[{"href":"https:\/\/blogfca.pucminas.br\/ccm\/wp-json\/wp\/v2\/types\/post"}],"author":[{"embeddable":true,"href":"https:\/\/blogfca.pucminas.br\/ccm\/wp-json\/wp\/v2\/users\/16"}],"replies":[{"embeddable":true,"href":"https:\/\/blogfca.pucminas.br\/ccm\/wp-json\/wp\/v2\/comments?post=6778"}],"version-history":[{"count":1,"href":"https:\/\/blogfca.pucminas.br\/ccm\/wp-json\/wp\/v2\/posts\/6778\/revisions"}],"predecessor-version":[{"id":6780,"href":"https:\/\/blogfca.pucminas.br\/ccm\/wp-json\/wp\/v2\/posts\/6778\/revisions\/6780"}],"wp:featuredmedia":[{"embeddable":true,"href":"https:\/\/blogfca.pucminas.br\/ccm\/wp-json\/wp\/v2\/media\/6779"}],"wp:attachment":[{"href":"https:\/\/blogfca.pucminas.br\/ccm\/wp-json\/wp\/v2\/media?parent=6778"}],"wp:term":[{"taxonomy":"category","embeddable":true,"href":"https:\/\/blogfca.pucminas.br\/ccm\/wp-json\/wp\/v2\/categories?post=6778"},{"taxonomy":"post_tag","embeddable":true,"href":"https:\/\/blogfca.pucminas.br\/ccm\/wp-json\/wp\/v2\/tags?post=6778"}],"curies":[{"name":"wp","href":"https:\/\/api.w.org\/{rel}","templated":true}]}}