{"id":6593,"date":"2026-04-29T07:23:00","date_gmt":"2026-04-29T10:23:00","guid":{"rendered":"https:\/\/blogfca.pucminas.br\/ccm\/?p=6593"},"modified":"2026-04-29T13:14:23","modified_gmt":"2026-04-29T16:14:23","slug":"voce-nao-e-aquele-amigo-woke-demais-mesmo-que-voce-pense-ser","status":"publish","type":"post","link":"https:\/\/blogfca.pucminas.br\/ccm\/voce-nao-e-aquele-amigo-woke-demais-mesmo-que-voce-pense-ser\/","title":{"rendered":"VOC\u00ca N\u00c3O \u00c9 AQUELE \u201cAMIGO WOKE DEMAIS\u201d (MESMO QUE VOC\u00ca PENSE SER)."},"content":{"rendered":"<p>&nbsp;<\/p>\n<p><img loading=\"lazy\" decoding=\"async\" class=\"alignright size-full wp-image-6594\" src=\"https:\/\/blogfca.pucminas.br\/ccm\/wp-content\/uploads\/2026\/04\/woke-1.png\" alt=\"\" width=\"743\" height=\"485\" srcset=\"https:\/\/blogfca.pucminas.br\/ccm\/wp-content\/uploads\/2026\/04\/woke-1.png 743w, https:\/\/blogfca.pucminas.br\/ccm\/wp-content\/uploads\/2026\/04\/woke-1-300x196.png 300w\" sizes=\"auto, (max-width: 743px) 100vw, 743px\" \/>Muitos idosos encaram a gera\u00e7\u00e3o atual como grandes ditadores de valores, um j\u00fari jovem preparado para bater o martelo frente a qualquer m\u00ednima injusti\u00e7a, revoltados com problemas que, h\u00e1 uma d\u00e9cada, n\u00e3o eram sequer considerados como empecilhos, mas que hoje se tornam centro de grandes discuss\u00f5es. Em outras palavras, gera\u00e7\u00f5es anteriores nomeiam a atual como \u201cgera\u00e7\u00e3o mimimi\u201d, uma gera\u00e7\u00e3o que n\u00e3o se conforma com o que \u00e9, ou j\u00e1 foi h\u00e1 muito tempo, que n\u00e3o hesita em reclamar em alto e bom tom sobre suas indigna\u00e7\u00f5es e fazer ainda pior caso n\u00e3o seja ouvida. Mas e se o maior problema entre os jovens for justamente o contr\u00e1rio?<\/p>\n<p>A express\u00e3o woke surgiu nos 1940, durante um per\u00edodo de fortes lutas raciais nos Estados Unidos. A palavra, originalmente pronunciada como wake (acorde), deu lugar a express\u00e3o \u201cstay woke\u201d (fique alerta), que dizia respeito \u00e0 vigil\u00e2ncia sobre casos de preconceitos, racismo e injusti\u00e7as sociais. Anos depois, durante o movimento Black Lives Matter, protesto internacional que lutava contra racismo e viol\u00eancia policial, o termo foi encurtado como woke, designando aquela pessoa que est\u00e1 sempre alerta e em defesa \u00e0s causas sociais, sejam elas feministas, anti-racistas, LGBTQIA+, etc. Posteriormente, o termo se tornou um guarda- chuva, \u201cpessoa alerta a injusti\u00e7as sociais\u201d ou \u201cpessoa extremista de doutrina\u00e7\u00e3o progressista\u201d como significado no dicion\u00e1rio de Oxford.<\/p>\n<p>O termo \u201caquele amigo que \u00e9 muito woke\u201d surge como uma s\u00e1tira entre os anos de 2023 e 2024, trazendo a imagem de algu\u00e9m exageradamente progressista, que problematiza pequenas situa\u00e7\u00f5es di\u00e1rias, e mais tarde passa a ser utilizada durante o in\u00edcio de frases por pessoas que apontam problem\u00e1ticas em pequenas a\u00e7\u00f5es cotidianas dentro das redes sociais.<\/p>\n<p>Ser woke foi apropriado e distorcido pela extrema direita e, de repente, os jovens que tanto s\u00e3o acusados pelas antigas gera\u00e7\u00f5es de apontarem pequenas injusti\u00e7as e se rebelarem passam a sentir vergonha. Antes, ser woke era um sinal de for\u00e7a e resist\u00eancia a favor das lutas que se acredita; hoje, fazer isso \u00e9 visto como um exagero, uma piada para conservadores e direitistas que lutam contra tudo o que a cultura woke, em sua ess\u00eancia, lutou para conquistar. E essa n\u00e3o \u00e9 sequer a maior surpresa. Que grupos conservadores zombem de pautas sociais j\u00e1 era esperado; a grande quest\u00e3o \u00e9 que os pr\u00f3prios jovens se sintam acuados diante desse cen\u00e1rio, e n\u00e3o completamente revoltados.<\/p>\n<p>Mas o processo de mudan\u00e7a para que jovens perdessem o orgulho de lutar por suas causas n\u00e3o foi t\u00e3o repentino quanto parece. H\u00e1 uma tentativa sutil do conservadorismo e de movimentos extremistas em chamar aten\u00e7\u00e3o dos jovens, que, cada vez mais, baseiam seus posicionamentos na est\u00e9tica e suas opini\u00f5es no que est\u00e1 em alta. Um exemplo disso s\u00e3o as tradwifes (traditional wives), uma est\u00e9tica que se popularizou nas redes sociais, em que mulheres fazem v\u00eddeos que remetem ao tradicionalismo, apresentando rotinas dom\u00e9sticas enquanto o homem aparece como provedor. Essa est\u00e9tica \u00e9 problem\u00e1tica, pois pode romantizar quest\u00f5es como desigualdade de g\u00eanero, limita\u00e7\u00e3o de acesso \u00e0 educa\u00e7\u00e3o e imposi\u00e7\u00e3o de pap\u00e9is sociais.<\/p>\n<p>Outro exemplo \u00e9 cultura do looksmaxxing, uma tend\u00eancia onde homens buscam elevar sua apar\u00eancia a um padr\u00e3o masculino idealizado, como mand\u00edbula marcada, corpo musculoso, tra\u00e7os do rosto considerados perfeitos. Dentro dessa comunidade, existem pr\u00e1ticas de autoavalia\u00e7\u00e3o em escala de um a dez, apelidando aqueles que alcan\u00e7am a pontua\u00e7\u00e3o m\u00e1xima como giga chad. Em casos mais extremos, h\u00e1 interven\u00e7\u00f5es f\u00edsicas, como o bone smashing. O looksmaxxing \u00e9 frequentemente associado a comunidades mais problem\u00e1ticas, como a machosfera e grupos incel (involuntary celibates), ambos marcados por discursos mis\u00f3ginos.<\/p>\n<p>Essas comunidades t\u00eam muito em comum: apresentam pr\u00e1ticas e discursos perigosos e anti\u00e9ticos, mas vendidas de forma romantizada e com uma est\u00e9tica agrad\u00e1vel aos olhos, uma descri\u00e7\u00e3o r\u00e1pida \u00e9 suficiente para atrair jovens que buscam pertencimento, oferecendo um grupo com interesses em comum.<\/p>\n<p>O grande problema com a forma\u00e7\u00e3o dessas comunidades \u00e9 que, muitas vezes, elas discretamente carregam discursos pol\u00edticos camuflados, e imp\u00f5em de forma quase impercept\u00edvel aos seus participantes princ\u00edpios pol\u00edticos que eles passam a defender, n\u00e3o porque realmente acreditam no que est\u00e1 sendo dito, mas porque desejam se misturar a uma massa de outros jovens que buscam sobretudo a valida\u00e7\u00e3o da ideologia que seguem, e n\u00e3o o entendimento real das ideias que movem essas massas, que formam esse grupos.<\/p>\n<p>A jovem usu\u00e1ria que se torna parte da comunidade tradwifes no tiktok, por exemplo, n\u00e3o busca entender o elitismo e o machismo estrutural que impulsionam esse estilo de vida. Da mesma forma, o jovem que adentra a comunidade looksmaxxing n\u00e3o se importa em fazer uma pesquisa aprofundada sobre o crescimento desse fen\u00f4meno e como ele alimenta uma onda crescente de misoginia e masculinidade t\u00f3xica dentro da internet.<\/p>\n<p>A grande verdade disfar\u00e7ada em meio a tudo isso \u00e9 que as novas gera\u00e7\u00f5es n\u00e3o s\u00e3o necessariamente revoltadas, rebeldes e revolucion\u00e1rias. Pelo contr\u00e1rio, muitas vezes elas est\u00e3o presas em crises perform\u00e1ticas e de identidade pol\u00edtica. Observa-se uma grossa camada de hipocrisia em movimentos pol\u00edticos que priorizam a est\u00e9tica em detrimento das ideias espalhadas, movimentos que s\u00f3 s\u00e3o realmente valorizados se forem coerentes com um feed bem arrumado ou um edit no TikTok, assuntos que s\u00f3 s\u00e3o relevantes ao entrarem nos trending topics, com debates que s\u00f3 interessam se formarem quotes marcantes para a sua biografia ou para \u201chitarem\u201d no Twitter.<\/p>\n<p>\u00c9 tudo uma grande m\u00e1scara, uma epidemia de ideias dissolvidas por estere\u00f3tipos, um surto coletivo constru\u00eddo sobre o desespero de pertencer e a incapacidade de formular as pr\u00f3prias ideias, culminando no inevit\u00e1vel: a sensa\u00e7\u00e3o de que estamos sendo enganados e superestimados como uma grande pot\u00eancia sociopol\u00edtica, n\u00e3o s\u00f3 pelas antigas gera\u00e7\u00f5es, mas por n\u00f3s mesmos.<\/p>\n<p>Alice Giovana \u00e9 graduanda do 2\u00b0 per\u00edodo do curso de Jornalismo da PUC Minas.<\/p>\n<p>HTTPS:\/\/WWW.FACEBOOK.COM\/BBCNEWS. O que \u00e9 \u201cwoke\u201d e por que termo gera<br \/>\nbatalha cultural e pol\u00edtica nos EUA &#8211; BBC News Brasil. Dispon\u00edvel em:<br \/>\n&amp;lt;https:\/\/www.bbc.com\/portuguese\/articles\/cy4y82w737do&amp;gt;.<br \/>\n\u200c<br \/>\nHTTPS:\/\/WWW.FACEBOOK.COM\/BBCNEWS. \u201cLooksmaxxing\u201d: a pol\u00eamica tend\u00eancia de<br \/>\nbeleza entre homens jovens e sua rela\u00e7\u00e3o com o mundo incel &#8211; BBC News Brasil. Dispon\u00edvel<br \/>\nem: &amp;lt;https:\/\/www.bbc.com\/portuguese\/articles\/cx248y1p5k7o&amp;gt;. Acesso em: 7 abr. 2026.<\/p>\n","protected":false},"excerpt":{"rendered":"<p>&nbsp; Muitos idosos encaram a gera\u00e7\u00e3o atual como grandes ditadores de valores, um j\u00fari jovem preparado para bater o martelo frente a qualquer m\u00ednima injusti\u00e7a, revoltados com problemas que, h\u00e1 uma d\u00e9cada, n\u00e3o eram sequer considerados como empecilhos, mas que hoje se tornam centro de grandes discuss\u00f5es. Em outras palavras, gera\u00e7\u00f5es anteriores nomeiam a atual&hellip;<\/p>\n","protected":false},"author":16,"featured_media":6594,"comment_status":"open","ping_status":"open","sticky":false,"template":"","format":"standard","meta":{"footnotes":""},"categories":[2,131],"tags":[124,31,81,209,180,107],"class_list":["post-6593","post","type-post","status-publish","format-standard","has-post-thumbnail","hentry","category-ccm","category-colaboracoes","tag-critica","tag-cultura","tag-noticias","tag-politica","tag-redes-sociais","tag-sociedade"],"yoast_head":"<!-- This site is optimized with the Yoast SEO plugin v27.2 - https:\/\/yoast.com\/product\/yoast-seo-wordpress\/ -->\n<title>VOC\u00ca N\u00c3O \u00c9 AQUELE \u201cAMIGO WOKE DEMAIS\u201d (MESMO QUE VOC\u00ca PENSE SER). - Centro de Cr\u00edtica Da M\u00eddia<\/title>\n<meta name=\"robots\" content=\"index, follow, max-snippet:-1, max-image-preview:large, max-video-preview:-1\" \/>\n<link rel=\"canonical\" href=\"https:\/\/blogfca.pucminas.br\/ccm\/voce-nao-e-aquele-amigo-woke-demais-mesmo-que-voce-pense-ser\/\" \/>\n<meta property=\"og:locale\" content=\"pt_BR\" \/>\n<meta property=\"og:type\" content=\"article\" \/>\n<meta property=\"og:title\" content=\"VOC\u00ca N\u00c3O \u00c9 AQUELE \u201cAMIGO WOKE DEMAIS\u201d (MESMO QUE VOC\u00ca PENSE SER). - Centro de Cr\u00edtica Da M\u00eddia\" \/>\n<meta property=\"og:description\" content=\"&nbsp; Muitos idosos encaram a gera\u00e7\u00e3o atual como grandes ditadores de valores, um j\u00fari jovem preparado para bater o martelo frente a qualquer m\u00ednima injusti\u00e7a, revoltados com problemas que, h\u00e1 uma d\u00e9cada, n\u00e3o eram sequer considerados como empecilhos, mas que hoje se tornam centro de grandes discuss\u00f5es. Em outras palavras, gera\u00e7\u00f5es anteriores nomeiam a atual&hellip;\" \/>\n<meta property=\"og:url\" content=\"https:\/\/blogfca.pucminas.br\/ccm\/voce-nao-e-aquele-amigo-woke-demais-mesmo-que-voce-pense-ser\/\" \/>\n<meta property=\"og:site_name\" content=\"Centro de Cr\u00edtica Da M\u00eddia\" \/>\n<meta property=\"article:publisher\" content=\"https:\/\/www.facebook.com\/ccmpucminas\/?ref=settings\" \/>\n<meta property=\"article:published_time\" content=\"2026-04-29T10:23:00+00:00\" \/>\n<meta property=\"article:modified_time\" content=\"2026-04-29T16:14:23+00:00\" \/>\n<meta property=\"og:image\" content=\"https:\/\/blogfca.pucminas.br\/ccm\/wp-content\/uploads\/2026\/04\/woke-1.png\" \/>\n\t<meta property=\"og:image:width\" content=\"743\" \/>\n\t<meta property=\"og:image:height\" content=\"485\" \/>\n\t<meta property=\"og:image:type\" content=\"image\/png\" \/>\n<meta name=\"author\" content=\"Monitor\" \/>\n<meta name=\"twitter:card\" content=\"summary_large_image\" \/>\n<meta name=\"twitter:creator\" content=\"@ccmpucminas\" \/>\n<meta name=\"twitter:site\" content=\"@ccmpucminas\" \/>\n<meta name=\"twitter:label1\" content=\"Escrito por\" \/>\n\t<meta name=\"twitter:data1\" content=\"Monitor\" \/>\n\t<meta name=\"twitter:label2\" content=\"Est. tempo de leitura\" \/>\n\t<meta name=\"twitter:data2\" content=\"6 minutos\" \/>\n<script type=\"application\/ld+json\" class=\"yoast-schema-graph\">{\"@context\":\"https:\/\/schema.org\",\"@graph\":[{\"@type\":\"Article\",\"@id\":\"https:\/\/blogfca.pucminas.br\/ccm\/voce-nao-e-aquele-amigo-woke-demais-mesmo-que-voce-pense-ser\/#article\",\"isPartOf\":{\"@id\":\"https:\/\/blogfca.pucminas.br\/ccm\/voce-nao-e-aquele-amigo-woke-demais-mesmo-que-voce-pense-ser\/\"},\"author\":{\"name\":\"Monitor\",\"@id\":\"https:\/\/blogfca.pucminas.br\/ccm\/#\/schema\/person\/96a5785fe6222ab41614e6c7d6fd8c0e\"},\"headline\":\"VOC\u00ca N\u00c3O \u00c9 AQUELE \u201cAMIGO WOKE DEMAIS\u201d (MESMO QUE VOC\u00ca PENSE SER).\",\"datePublished\":\"2026-04-29T10:23:00+00:00\",\"dateModified\":\"2026-04-29T16:14:23+00:00\",\"mainEntityOfPage\":{\"@id\":\"https:\/\/blogfca.pucminas.br\/ccm\/voce-nao-e-aquele-amigo-woke-demais-mesmo-que-voce-pense-ser\/\"},\"wordCount\":1144,\"commentCount\":0,\"publisher\":{\"@id\":\"https:\/\/blogfca.pucminas.br\/ccm\/#organization\"},\"image\":{\"@id\":\"https:\/\/blogfca.pucminas.br\/ccm\/voce-nao-e-aquele-amigo-woke-demais-mesmo-que-voce-pense-ser\/#primaryimage\"},\"thumbnailUrl\":\"https:\/\/blogfca.pucminas.br\/ccm\/wp-content\/uploads\/2026\/04\/woke-1.png\",\"keywords\":[\"Cr\u00edtica\",\"Cultura\",\"Not\u00edcias\",\"Pol\u00edtica\",\"Redes Sociais\",\"Sociedade\"],\"articleSection\":[\"CCM\",\"Colabora\u00e7\u00f5es\"],\"inLanguage\":\"pt-BR\",\"potentialAction\":[{\"@type\":\"CommentAction\",\"name\":\"Comment\",\"target\":[\"https:\/\/blogfca.pucminas.br\/ccm\/voce-nao-e-aquele-amigo-woke-demais-mesmo-que-voce-pense-ser\/#respond\"]}]},{\"@type\":\"WebPage\",\"@id\":\"https:\/\/blogfca.pucminas.br\/ccm\/voce-nao-e-aquele-amigo-woke-demais-mesmo-que-voce-pense-ser\/\",\"url\":\"https:\/\/blogfca.pucminas.br\/ccm\/voce-nao-e-aquele-amigo-woke-demais-mesmo-que-voce-pense-ser\/\",\"name\":\"VOC\u00ca N\u00c3O \u00c9 AQUELE \u201cAMIGO WOKE DEMAIS\u201d (MESMO QUE VOC\u00ca PENSE SER). - Centro de Cr\u00edtica Da M\u00eddia\",\"isPartOf\":{\"@id\":\"https:\/\/blogfca.pucminas.br\/ccm\/#website\"},\"primaryImageOfPage\":{\"@id\":\"https:\/\/blogfca.pucminas.br\/ccm\/voce-nao-e-aquele-amigo-woke-demais-mesmo-que-voce-pense-ser\/#primaryimage\"},\"image\":{\"@id\":\"https:\/\/blogfca.pucminas.br\/ccm\/voce-nao-e-aquele-amigo-woke-demais-mesmo-que-voce-pense-ser\/#primaryimage\"},\"thumbnailUrl\":\"https:\/\/blogfca.pucminas.br\/ccm\/wp-content\/uploads\/2026\/04\/woke-1.png\",\"datePublished\":\"2026-04-29T10:23:00+00:00\",\"dateModified\":\"2026-04-29T16:14:23+00:00\",\"breadcrumb\":{\"@id\":\"https:\/\/blogfca.pucminas.br\/ccm\/voce-nao-e-aquele-amigo-woke-demais-mesmo-que-voce-pense-ser\/#breadcrumb\"},\"inLanguage\":\"pt-BR\",\"potentialAction\":[{\"@type\":\"ReadAction\",\"target\":[\"https:\/\/blogfca.pucminas.br\/ccm\/voce-nao-e-aquele-amigo-woke-demais-mesmo-que-voce-pense-ser\/\"]}]},{\"@type\":\"ImageObject\",\"inLanguage\":\"pt-BR\",\"@id\":\"https:\/\/blogfca.pucminas.br\/ccm\/voce-nao-e-aquele-amigo-woke-demais-mesmo-que-voce-pense-ser\/#primaryimage\",\"url\":\"https:\/\/blogfca.pucminas.br\/ccm\/wp-content\/uploads\/2026\/04\/woke-1.png\",\"contentUrl\":\"https:\/\/blogfca.pucminas.br\/ccm\/wp-content\/uploads\/2026\/04\/woke-1.png\",\"width\":743,\"height\":485},{\"@type\":\"BreadcrumbList\",\"@id\":\"https:\/\/blogfca.pucminas.br\/ccm\/voce-nao-e-aquele-amigo-woke-demais-mesmo-que-voce-pense-ser\/#breadcrumb\",\"itemListElement\":[{\"@type\":\"ListItem\",\"position\":1,\"name\":\"Home\",\"item\":\"https:\/\/blogfca.pucminas.br\/ccm\/\"},{\"@type\":\"ListItem\",\"position\":2,\"name\":\"VOC\u00ca N\u00c3O \u00c9 AQUELE \u201cAMIGO WOKE DEMAIS\u201d (MESMO QUE VOC\u00ca PENSE SER).\"}]},{\"@type\":\"WebSite\",\"@id\":\"https:\/\/blogfca.pucminas.br\/ccm\/#website\",\"url\":\"https:\/\/blogfca.pucminas.br\/ccm\/\",\"name\":\"Centro de Cr\u00edtica da M\u00eddia\",\"description\":\"\",\"publisher\":{\"@id\":\"https:\/\/blogfca.pucminas.br\/ccm\/#organization\"},\"potentialAction\":[{\"@type\":\"SearchAction\",\"target\":{\"@type\":\"EntryPoint\",\"urlTemplate\":\"https:\/\/blogfca.pucminas.br\/ccm\/?s={search_term_string}\"},\"query-input\":{\"@type\":\"PropertyValueSpecification\",\"valueRequired\":true,\"valueName\":\"search_term_string\"}}],\"inLanguage\":\"pt-BR\"},{\"@type\":\"Organization\",\"@id\":\"https:\/\/blogfca.pucminas.br\/ccm\/#organization\",\"name\":\"Centro de Cirtica da M\u00eddia\",\"url\":\"https:\/\/blogfca.pucminas.br\/ccm\/\",\"logo\":{\"@type\":\"ImageObject\",\"inLanguage\":\"pt-BR\",\"@id\":\"https:\/\/blogfca.pucminas.br\/ccm\/#\/schema\/logo\/image\/\",\"url\":\"https:\/\/blogfca.pucminas.br\/ccm\/wp-content\/uploads\/2016\/11\/logo-ccm-preto.png\",\"contentUrl\":\"https:\/\/blogfca.pucminas.br\/ccm\/wp-content\/uploads\/2016\/11\/logo-ccm-preto.png\",\"width\":1191,\"height\":842,\"caption\":\"Centro de Cirtica da M\u00eddia\"},\"image\":{\"@id\":\"https:\/\/blogfca.pucminas.br\/ccm\/#\/schema\/logo\/image\/\"},\"sameAs\":[\"https:\/\/www.facebook.com\/ccmpucminas\/?ref=settings\",\"https:\/\/x.com\/ccmpucminas\",\"https:\/\/www.instagram.com\/ccmpucminas\/?hl=pt-br\",\"https:\/\/www.youtube.com\/channel\/UCpKbhzfoQXgXVhkWlxSuW2w\"]},{\"@type\":\"Person\",\"@id\":\"https:\/\/blogfca.pucminas.br\/ccm\/#\/schema\/person\/96a5785fe6222ab41614e6c7d6fd8c0e\",\"name\":\"Monitor\",\"image\":{\"@type\":\"ImageObject\",\"inLanguage\":\"pt-BR\",\"@id\":\"https:\/\/secure.gravatar.com\/avatar\/322bb6b3650f9fb6d80483e763f0e983b000ecf4dcd7d91ea2b9a58b7d6af889?s=96&d=mm&r=g\",\"url\":\"https:\/\/secure.gravatar.com\/avatar\/322bb6b3650f9fb6d80483e763f0e983b000ecf4dcd7d91ea2b9a58b7d6af889?s=96&d=mm&r=g\",\"contentUrl\":\"https:\/\/secure.gravatar.com\/avatar\/322bb6b3650f9fb6d80483e763f0e983b000ecf4dcd7d91ea2b9a58b7d6af889?s=96&d=mm&r=g\",\"caption\":\"Monitor\"},\"url\":\"https:\/\/blogfca.pucminas.br\/ccm\/author\/monitor\/\"}]}<\/script>\n<!-- \/ Yoast SEO plugin. -->","yoast_head_json":{"title":"VOC\u00ca N\u00c3O \u00c9 AQUELE \u201cAMIGO WOKE DEMAIS\u201d (MESMO QUE VOC\u00ca PENSE SER). - Centro de Cr\u00edtica Da M\u00eddia","robots":{"index":"index","follow":"follow","max-snippet":"max-snippet:-1","max-image-preview":"max-image-preview:large","max-video-preview":"max-video-preview:-1"},"canonical":"https:\/\/blogfca.pucminas.br\/ccm\/voce-nao-e-aquele-amigo-woke-demais-mesmo-que-voce-pense-ser\/","og_locale":"pt_BR","og_type":"article","og_title":"VOC\u00ca N\u00c3O \u00c9 AQUELE \u201cAMIGO WOKE DEMAIS\u201d (MESMO QUE VOC\u00ca PENSE SER). - Centro de Cr\u00edtica Da M\u00eddia","og_description":"&nbsp; Muitos idosos encaram a gera\u00e7\u00e3o atual como grandes ditadores de valores, um j\u00fari jovem preparado para bater o martelo frente a qualquer m\u00ednima injusti\u00e7a, revoltados com problemas que, h\u00e1 uma d\u00e9cada, n\u00e3o eram sequer considerados como empecilhos, mas que hoje se tornam centro de grandes discuss\u00f5es. Em outras palavras, gera\u00e7\u00f5es anteriores nomeiam a atual&hellip;","og_url":"https:\/\/blogfca.pucminas.br\/ccm\/voce-nao-e-aquele-amigo-woke-demais-mesmo-que-voce-pense-ser\/","og_site_name":"Centro de Cr\u00edtica Da M\u00eddia","article_publisher":"https:\/\/www.facebook.com\/ccmpucminas\/?ref=settings","article_published_time":"2026-04-29T10:23:00+00:00","article_modified_time":"2026-04-29T16:14:23+00:00","og_image":[{"width":743,"height":485,"url":"https:\/\/blogfca.pucminas.br\/ccm\/wp-content\/uploads\/2026\/04\/woke-1.png","type":"image\/png"}],"author":"Monitor","twitter_card":"summary_large_image","twitter_creator":"@ccmpucminas","twitter_site":"@ccmpucminas","twitter_misc":{"Escrito por":"Monitor","Est. tempo de leitura":"6 minutos"},"schema":{"@context":"https:\/\/schema.org","@graph":[{"@type":"Article","@id":"https:\/\/blogfca.pucminas.br\/ccm\/voce-nao-e-aquele-amigo-woke-demais-mesmo-que-voce-pense-ser\/#article","isPartOf":{"@id":"https:\/\/blogfca.pucminas.br\/ccm\/voce-nao-e-aquele-amigo-woke-demais-mesmo-que-voce-pense-ser\/"},"author":{"name":"Monitor","@id":"https:\/\/blogfca.pucminas.br\/ccm\/#\/schema\/person\/96a5785fe6222ab41614e6c7d6fd8c0e"},"headline":"VOC\u00ca N\u00c3O \u00c9 AQUELE \u201cAMIGO WOKE DEMAIS\u201d (MESMO QUE VOC\u00ca PENSE SER).","datePublished":"2026-04-29T10:23:00+00:00","dateModified":"2026-04-29T16:14:23+00:00","mainEntityOfPage":{"@id":"https:\/\/blogfca.pucminas.br\/ccm\/voce-nao-e-aquele-amigo-woke-demais-mesmo-que-voce-pense-ser\/"},"wordCount":1144,"commentCount":0,"publisher":{"@id":"https:\/\/blogfca.pucminas.br\/ccm\/#organization"},"image":{"@id":"https:\/\/blogfca.pucminas.br\/ccm\/voce-nao-e-aquele-amigo-woke-demais-mesmo-que-voce-pense-ser\/#primaryimage"},"thumbnailUrl":"https:\/\/blogfca.pucminas.br\/ccm\/wp-content\/uploads\/2026\/04\/woke-1.png","keywords":["Cr\u00edtica","Cultura","Not\u00edcias","Pol\u00edtica","Redes Sociais","Sociedade"],"articleSection":["CCM","Colabora\u00e7\u00f5es"],"inLanguage":"pt-BR","potentialAction":[{"@type":"CommentAction","name":"Comment","target":["https:\/\/blogfca.pucminas.br\/ccm\/voce-nao-e-aquele-amigo-woke-demais-mesmo-que-voce-pense-ser\/#respond"]}]},{"@type":"WebPage","@id":"https:\/\/blogfca.pucminas.br\/ccm\/voce-nao-e-aquele-amigo-woke-demais-mesmo-que-voce-pense-ser\/","url":"https:\/\/blogfca.pucminas.br\/ccm\/voce-nao-e-aquele-amigo-woke-demais-mesmo-que-voce-pense-ser\/","name":"VOC\u00ca N\u00c3O \u00c9 AQUELE \u201cAMIGO WOKE DEMAIS\u201d (MESMO QUE VOC\u00ca PENSE SER). - Centro de Cr\u00edtica Da M\u00eddia","isPartOf":{"@id":"https:\/\/blogfca.pucminas.br\/ccm\/#website"},"primaryImageOfPage":{"@id":"https:\/\/blogfca.pucminas.br\/ccm\/voce-nao-e-aquele-amigo-woke-demais-mesmo-que-voce-pense-ser\/#primaryimage"},"image":{"@id":"https:\/\/blogfca.pucminas.br\/ccm\/voce-nao-e-aquele-amigo-woke-demais-mesmo-que-voce-pense-ser\/#primaryimage"},"thumbnailUrl":"https:\/\/blogfca.pucminas.br\/ccm\/wp-content\/uploads\/2026\/04\/woke-1.png","datePublished":"2026-04-29T10:23:00+00:00","dateModified":"2026-04-29T16:14:23+00:00","breadcrumb":{"@id":"https:\/\/blogfca.pucminas.br\/ccm\/voce-nao-e-aquele-amigo-woke-demais-mesmo-que-voce-pense-ser\/#breadcrumb"},"inLanguage":"pt-BR","potentialAction":[{"@type":"ReadAction","target":["https:\/\/blogfca.pucminas.br\/ccm\/voce-nao-e-aquele-amigo-woke-demais-mesmo-que-voce-pense-ser\/"]}]},{"@type":"ImageObject","inLanguage":"pt-BR","@id":"https:\/\/blogfca.pucminas.br\/ccm\/voce-nao-e-aquele-amigo-woke-demais-mesmo-que-voce-pense-ser\/#primaryimage","url":"https:\/\/blogfca.pucminas.br\/ccm\/wp-content\/uploads\/2026\/04\/woke-1.png","contentUrl":"https:\/\/blogfca.pucminas.br\/ccm\/wp-content\/uploads\/2026\/04\/woke-1.png","width":743,"height":485},{"@type":"BreadcrumbList","@id":"https:\/\/blogfca.pucminas.br\/ccm\/voce-nao-e-aquele-amigo-woke-demais-mesmo-que-voce-pense-ser\/#breadcrumb","itemListElement":[{"@type":"ListItem","position":1,"name":"Home","item":"https:\/\/blogfca.pucminas.br\/ccm\/"},{"@type":"ListItem","position":2,"name":"VOC\u00ca N\u00c3O \u00c9 AQUELE \u201cAMIGO WOKE DEMAIS\u201d (MESMO QUE VOC\u00ca PENSE SER)."}]},{"@type":"WebSite","@id":"https:\/\/blogfca.pucminas.br\/ccm\/#website","url":"https:\/\/blogfca.pucminas.br\/ccm\/","name":"Centro de Cr\u00edtica da M\u00eddia","description":"","publisher":{"@id":"https:\/\/blogfca.pucminas.br\/ccm\/#organization"},"potentialAction":[{"@type":"SearchAction","target":{"@type":"EntryPoint","urlTemplate":"https:\/\/blogfca.pucminas.br\/ccm\/?s={search_term_string}"},"query-input":{"@type":"PropertyValueSpecification","valueRequired":true,"valueName":"search_term_string"}}],"inLanguage":"pt-BR"},{"@type":"Organization","@id":"https:\/\/blogfca.pucminas.br\/ccm\/#organization","name":"Centro de Cirtica da M\u00eddia","url":"https:\/\/blogfca.pucminas.br\/ccm\/","logo":{"@type":"ImageObject","inLanguage":"pt-BR","@id":"https:\/\/blogfca.pucminas.br\/ccm\/#\/schema\/logo\/image\/","url":"https:\/\/blogfca.pucminas.br\/ccm\/wp-content\/uploads\/2016\/11\/logo-ccm-preto.png","contentUrl":"https:\/\/blogfca.pucminas.br\/ccm\/wp-content\/uploads\/2016\/11\/logo-ccm-preto.png","width":1191,"height":842,"caption":"Centro de Cirtica da M\u00eddia"},"image":{"@id":"https:\/\/blogfca.pucminas.br\/ccm\/#\/schema\/logo\/image\/"},"sameAs":["https:\/\/www.facebook.com\/ccmpucminas\/?ref=settings","https:\/\/x.com\/ccmpucminas","https:\/\/www.instagram.com\/ccmpucminas\/?hl=pt-br","https:\/\/www.youtube.com\/channel\/UCpKbhzfoQXgXVhkWlxSuW2w"]},{"@type":"Person","@id":"https:\/\/blogfca.pucminas.br\/ccm\/#\/schema\/person\/96a5785fe6222ab41614e6c7d6fd8c0e","name":"Monitor","image":{"@type":"ImageObject","inLanguage":"pt-BR","@id":"https:\/\/secure.gravatar.com\/avatar\/322bb6b3650f9fb6d80483e763f0e983b000ecf4dcd7d91ea2b9a58b7d6af889?s=96&d=mm&r=g","url":"https:\/\/secure.gravatar.com\/avatar\/322bb6b3650f9fb6d80483e763f0e983b000ecf4dcd7d91ea2b9a58b7d6af889?s=96&d=mm&r=g","contentUrl":"https:\/\/secure.gravatar.com\/avatar\/322bb6b3650f9fb6d80483e763f0e983b000ecf4dcd7d91ea2b9a58b7d6af889?s=96&d=mm&r=g","caption":"Monitor"},"url":"https:\/\/blogfca.pucminas.br\/ccm\/author\/monitor\/"}]}},"_links":{"self":[{"href":"https:\/\/blogfca.pucminas.br\/ccm\/wp-json\/wp\/v2\/posts\/6593","targetHints":{"allow":["GET"]}}],"collection":[{"href":"https:\/\/blogfca.pucminas.br\/ccm\/wp-json\/wp\/v2\/posts"}],"about":[{"href":"https:\/\/blogfca.pucminas.br\/ccm\/wp-json\/wp\/v2\/types\/post"}],"author":[{"embeddable":true,"href":"https:\/\/blogfca.pucminas.br\/ccm\/wp-json\/wp\/v2\/users\/16"}],"replies":[{"embeddable":true,"href":"https:\/\/blogfca.pucminas.br\/ccm\/wp-json\/wp\/v2\/comments?post=6593"}],"version-history":[{"count":3,"href":"https:\/\/blogfca.pucminas.br\/ccm\/wp-json\/wp\/v2\/posts\/6593\/revisions"}],"predecessor-version":[{"id":6598,"href":"https:\/\/blogfca.pucminas.br\/ccm\/wp-json\/wp\/v2\/posts\/6593\/revisions\/6598"}],"wp:featuredmedia":[{"embeddable":true,"href":"https:\/\/blogfca.pucminas.br\/ccm\/wp-json\/wp\/v2\/media\/6594"}],"wp:attachment":[{"href":"https:\/\/blogfca.pucminas.br\/ccm\/wp-json\/wp\/v2\/media?parent=6593"}],"wp:term":[{"taxonomy":"category","embeddable":true,"href":"https:\/\/blogfca.pucminas.br\/ccm\/wp-json\/wp\/v2\/categories?post=6593"},{"taxonomy":"post_tag","embeddable":true,"href":"https:\/\/blogfca.pucminas.br\/ccm\/wp-json\/wp\/v2\/tags?post=6593"}],"curies":[{"name":"wp","href":"https:\/\/api.w.org\/{rel}","templated":true}]}}