{"id":3573,"date":"2021-05-25T07:00:00","date_gmt":"2021-05-25T10:00:00","guid":{"rendered":"https:\/\/blogfca.pucminas.br\/ccm\/?p=3573"},"modified":"2023-10-25T19:37:25","modified_gmt":"2023-10-25T22:37:25","slug":"a-representacao-feminina-em-o-gambito-da-rainha","status":"publish","type":"post","link":"https:\/\/blogfca.pucminas.br\/ccm\/a-representacao-feminina-em-o-gambito-da-rainha\/","title":{"rendered":"A Representa\u00e7\u00e3o Feminina em O Gambito da Rainha"},"content":{"rendered":"\n<figure class=\"wp-block-image size-large\"><img loading=\"lazy\" decoding=\"async\" width=\"1024\" height=\"576\" src=\"https:\/\/blogfca.pucminas.br\/ccm\/wp-content\/uploads\/2021\/05\/AAAABUTdR0OCMRuhctSHN2ZVLBKRp2kbK7slnHJ8sF-DyI2-xEGYRXTGkd7pXvHZSxvtbKV_8bIK32DUdSEDSuXkzSsuX1B3.jpg\" alt=\"\" class=\"wp-image-3574\" srcset=\"https:\/\/blogfca.pucminas.br\/ccm\/wp-content\/uploads\/2021\/05\/AAAABUTdR0OCMRuhctSHN2ZVLBKRp2kbK7slnHJ8sF-DyI2-xEGYRXTGkd7pXvHZSxvtbKV_8bIK32DUdSEDSuXkzSsuX1B3.jpg 1024w, https:\/\/blogfca.pucminas.br\/ccm\/wp-content\/uploads\/2021\/05\/AAAABUTdR0OCMRuhctSHN2ZVLBKRp2kbK7slnHJ8sF-DyI2-xEGYRXTGkd7pXvHZSxvtbKV_8bIK32DUdSEDSuXkzSsuX1B3-300x169.jpg 300w, https:\/\/blogfca.pucminas.br\/ccm\/wp-content\/uploads\/2021\/05\/AAAABUTdR0OCMRuhctSHN2ZVLBKRp2kbK7slnHJ8sF-DyI2-xEGYRXTGkd7pXvHZSxvtbKV_8bIK32DUdSEDSuXkzSsuX1B3-768x432.jpg 768w, https:\/\/blogfca.pucminas.br\/ccm\/wp-content\/uploads\/2021\/05\/AAAABUTdR0OCMRuhctSHN2ZVLBKRp2kbK7slnHJ8sF-DyI2-xEGYRXTGkd7pXvHZSxvtbKV_8bIK32DUdSEDSuXkzSsuX1B3-460x260.jpg 460w\" sizes=\"auto, (max-width: 1024px) 100vw, 1024px\" \/><figcaption>Foto: Reprodu\u00e7\u00e3o\/Netflix<\/figcaption><\/figure>\n\n\n\n<p>Por Beatriz Xavier, Helenna Dias e Sarah Cafiero.<\/p>\n\n\n\n<p class=\"has-text-align-justify\">A miniss\u00e9rie de fic\u00e7\u00e3o <em>O Gambito da Rainha <\/em>(2020), baseada no livro hom\u00f4nimo de Walter Tevis, narra a trajet\u00f3ria de Beth Harmon da inf\u00e2ncia em um orfanato at\u00e9 se tornar a primeira campe\u00e3 mundial de xadrez. Ainda aos 9 anos, a protagonista \u00e9 apresentada ao jogo pelo zelador do orfanato onde mora e j\u00e1 demonstra um racioc\u00ednio excepcional. Por volta dos 13, Beth \u00e9 adotada e come\u00e7a a participar de competi\u00e7\u00f5es oficiais. Enfrentando o machismo e o v\u00edcio em subst\u00e2ncias, ela persiste estudando e derrotando seus oponentes at\u00e9 o Campeonato Mundial de Xadrez.<\/p>\n\n\n\n<p class=\"has-text-align-justify\">O resumo pode dar a impress\u00e3o de que a s\u00e9rie segue um caminho de combate ao machismo no xadrez, o que ela de fato tenta fazer, mas a espectadora atenta a isso pode sair frustrada. Por tr\u00e1s do discurso feminista, a narrativa refor\u00e7a estere\u00f3tipos e minimiza a viol\u00eancia contra jogadoras. Ao comentar a s\u00e9rie em <a href=\"https:\/\/www.bbc.com\/portuguese\/geral-55087124\">entrevista \u00e0 BBC<\/a>, a enxadrista h\u00fangara-americana Susan Polgar conta agress\u00f5es que j\u00e1 vivenciou jogando contra homens: &#8220;Em vez de aceitar a derrota ou me parabenizar, ele lan\u00e7ou as pe\u00e7as sobre o tabuleiro&#8221;.&nbsp;<\/p>\n\n\n\n<p class=\"has-text-align-justify\">Na s\u00e9rie, as poucas personagens femininas relevantes parecem condenadas a um fim tr\u00e1gico ou desinteressante. A m\u00e3e biol\u00f3gica de Beth se suicida. A adotiva morre de hepatite durante um dos torneios. Apenas sua amiga Jolene, \u00fanica mulher negra da s\u00e9rie, parece ter um destino favor\u00e1vel como assistente jur\u00eddica, ainda que parte do seu sucesso se deva a um homem. O desenvolvimento dessa personagem, por\u00e9m, n\u00e3o \u00e9 acompanhado, j\u00e1 que ela aparece de maneira relevante apenas no primeiro e no \u00faltimo epis\u00f3dios.&nbsp;<\/p>\n\n\n\n<p class=\"has-text-align-justify\">Jolene \u00e9 ainda a \u00fanica amiga de Beth. E isso n\u00e3o se deve apenas \u00e0 sua dificuldade de relacionamento: em diversas cenas, Harmon parece desprezar elementos tradicionalmente ligados \u00e0 feminilidade, como ao descartar a boneca e ao deixar a festa das colegas de escola. Jolene crian\u00e7a \u00e9 apresentada como pouco feminina, ou seja, n\u00e3o \u00e9 f\u00fatil e tola como as outras e, por isso, merece a amizade de Beth. Al\u00e9m dela, as companhias da protagonista s\u00e3o predominantemente homens: somente eles est\u00e3o no n\u00edvel intelectual dela. Isso refor\u00e7a a ideia de que para alcan\u00e7ar uma qualidade ligada ao masculino, como a intelig\u00eancia, \u00e9 necess\u00e1rio negar o feminino, associado a caracter\u00edsticas negativas.<\/p>\n\n\n\n<p>Ademais, apesar de a protagonista perder as primeiras partidas contra o zelador, logo mostra-se naturalmente dotada para o jogo. Dessa forma, a s\u00e9rie passa que para mudar uma situa\u00e7\u00e3o social voc\u00ea deve ser especial, nascer com o dom. \u00c9 fato que h\u00e1 pessoas com maior facilidade em determinadas atividades, mas a narrativa coloca Beth com seu talento como a \u00fanica capaz de abalar a estrutura machista da sociedade e ter um desfecho de sucesso.<\/p>\n\n\n\n<p class=\"has-text-align-justify\">Dito isso, precisamos esclarecer que a s\u00e9rie n\u00e3o \u00e9 nem de longe um caso perdido: feitas as devidas ressalvas, traz discuss\u00f5es importantes, com uma protagonista forte construindo seu nome num meio masculino. \u00c9 v\u00e1lido assistir com um olhar cr\u00edtico, identificando onde a s\u00e9rie peca e desfrutando da narrativa bem constru\u00edda, personagens complexos e dire\u00e7\u00e3o de arte not\u00e1vel.<\/p>\n\n\n\n<p><strong>O Gambito da Rainha &#8211; 1 temporada (EUA, 2020). Netflix.&nbsp;<\/strong><\/p>\n\n\n\n<p><strong>Dire\u00e7\u00e3o: <\/strong>Scott Frank<\/p>\n\n\n\n<p><strong>Roteiro:<\/strong> Scott Frank<\/p>\n\n\n\n<p><strong>Elenco: <\/strong>Anya Taylor-Joy, Bill Camp, Marielle Heller, Moses Ingram, Christiane Seidel, Rebecca Root, Chloe Pirrie, Akemnji Ndifornyen, <a href=\"https:\/\/pt.wikipedia.org\/wiki\/Harry_Melling\">Harry Melling<\/a>, Patrick Kennedy, Jacob Fortune-Lloyd, <a href=\"https:\/\/pt.wikipedia.org\/wiki\/Thomas_Brodie-Sangster\">Thomas Brodie-Sangster<\/a> e Marcin Doroci\u0144sk.<\/p>\n\n\n\n<p><strong>Dura\u00e7\u00e3o: <\/strong>7 epis\u00f3dios com cerca de 60 min.<\/p>\n\n\n\n<p>Trabalho produzido para a disciplina An\u00e1lise e Cr\u00edtica de Filmes, do curso Cinema e Audiovisual.<\/p>\n\n\n\n<p><strong>REFER\u00caNCIAS<\/strong><\/p>\n\n\n\n<p>DUARTE, Fernando. \u2018O Gambito da Rainha\u2019: s\u00e9rie da Netflix ignora o sexismo no xadrez, diz ex-campe\u00e3. <strong>BBC<\/strong>, 27 nov. 2020. Dispon\u00edvel em: &lt;https:\/\/www.bbc.com\/portuguese\/geral-55087124&gt;. Acesso em: 17 abr. 2021.<\/p>\n\n\n\n<p>REIS, Ana. Jogadoras de xadrez contam o que \u00e9 real ou fake em \u201cO Gambito da Rainha\u201d. <strong>Universa, <\/strong>08 nov. 2021. Dispon\u00edvel em: &lt;https:\/\/www.uol.com.br\/universa\/noticias\/redacao\/2020\/11\/08\/jogadoras-de-xadrez-contam-o-que-e-real-ou-fake-em-o-gambito-da-rainha.htm?cmpid=copiaecola&gt;. Acesso em 20 abr. 2021.<\/p>\n\n\n\n<p>SABBAGA, Julia. Para campe\u00e3 brasileira de xadrez, O Gambito da Rainha pega at\u00e9 leve no machismo. <strong>Omelete, <\/strong>13 nov. 2020. Dispon\u00edvel em: &lt;<a href=\"https:\/\/www.omelete.com.br\/netflix\/o-gambito-da-rainha-campea-de-xadrez-comenta\">https:\/\/www.omelete.com.br\/netflix\/o-gambito-da-rainha-campea-de-xadrez-comenta<\/a>&gt;. Acesso em 17 abr. 2021.<\/p>\n","protected":false},"excerpt":{"rendered":"<p>Por Beatriz Xavier, Helenna Dias e Sarah Cafiero. A miniss\u00e9rie de fic\u00e7\u00e3o O Gambito da Rainha (2020), baseada no livro hom\u00f4nimo de Walter Tevis, narra a trajet\u00f3ria de Beth Harmon da inf\u00e2ncia em um orfanato at\u00e9 se tornar a primeira campe\u00e3 mundial de xadrez. Ainda aos 9 anos, a protagonista \u00e9 apresentada ao jogo pelo&hellip;<\/p>\n","protected":false},"author":16,"featured_media":3574,"comment_status":"open","ping_status":"open","sticky":false,"template":"","format":"standard","meta":{"footnotes":""},"categories":[4],"tags":[30,190],"class_list":["post-3573","post","type-post","status-publish","format-standard","has-post-thumbnail","hentry","category-ensaios","tag-critica-midiatica","tag-tv-complexa"],"yoast_head":"<!-- This site is optimized with the Yoast SEO plugin v27.2 - https:\/\/yoast.com\/product\/yoast-seo-wordpress\/ -->\n<title>A Representa\u00e7\u00e3o Feminina em O Gambito da Rainha - Centro de Cr\u00edtica Da M\u00eddia<\/title>\n<meta name=\"robots\" content=\"index, follow, max-snippet:-1, max-image-preview:large, max-video-preview:-1\" \/>\n<link rel=\"canonical\" href=\"https:\/\/blogfca.pucminas.br\/ccm\/a-representacao-feminina-em-o-gambito-da-rainha\/\" \/>\n<meta property=\"og:locale\" content=\"pt_BR\" \/>\n<meta property=\"og:type\" content=\"article\" \/>\n<meta property=\"og:title\" content=\"A Representa\u00e7\u00e3o Feminina em O Gambito da Rainha - Centro de Cr\u00edtica Da M\u00eddia\" \/>\n<meta property=\"og:description\" content=\"Por Beatriz Xavier, Helenna Dias e Sarah Cafiero. A miniss\u00e9rie de fic\u00e7\u00e3o O Gambito da Rainha (2020), baseada no livro hom\u00f4nimo de Walter Tevis, narra a trajet\u00f3ria de Beth Harmon da inf\u00e2ncia em um orfanato at\u00e9 se tornar a primeira campe\u00e3 mundial de xadrez. Ainda aos 9 anos, a protagonista \u00e9 apresentada ao jogo pelo&hellip;\" \/>\n<meta property=\"og:url\" content=\"https:\/\/blogfca.pucminas.br\/ccm\/a-representacao-feminina-em-o-gambito-da-rainha\/\" \/>\n<meta property=\"og:site_name\" content=\"Centro de Cr\u00edtica Da M\u00eddia\" \/>\n<meta property=\"article:publisher\" content=\"https:\/\/www.facebook.com\/ccmpucminas\/?ref=settings\" \/>\n<meta property=\"article:published_time\" content=\"2021-05-25T10:00:00+00:00\" \/>\n<meta property=\"article:modified_time\" content=\"2023-10-25T22:37:25+00:00\" \/>\n<meta property=\"og:image\" content=\"https:\/\/blogfca.pucminas.br\/ccm\/wp-content\/uploads\/2021\/05\/AAAABUTdR0OCMRuhctSHN2ZVLBKRp2kbK7slnHJ8sF-DyI2-xEGYRXTGkd7pXvHZSxvtbKV_8bIK32DUdSEDSuXkzSsuX1B3.jpg\" \/>\n\t<meta property=\"og:image:width\" content=\"1024\" \/>\n\t<meta property=\"og:image:height\" content=\"576\" \/>\n\t<meta property=\"og:image:type\" content=\"image\/jpeg\" \/>\n<meta name=\"author\" content=\"Monitor\" \/>\n<meta name=\"twitter:card\" content=\"summary_large_image\" \/>\n<meta name=\"twitter:creator\" content=\"@ccmpucminas\" \/>\n<meta name=\"twitter:site\" content=\"@ccmpucminas\" \/>\n<meta name=\"twitter:label1\" content=\"Escrito por\" \/>\n\t<meta name=\"twitter:data1\" content=\"Monitor\" \/>\n\t<meta name=\"twitter:label2\" content=\"Est. tempo de leitura\" \/>\n\t<meta name=\"twitter:data2\" content=\"4 minutos\" \/>\n<script type=\"application\/ld+json\" class=\"yoast-schema-graph\">{\"@context\":\"https:\/\/schema.org\",\"@graph\":[{\"@type\":\"Article\",\"@id\":\"https:\/\/blogfca.pucminas.br\/ccm\/a-representacao-feminina-em-o-gambito-da-rainha\/#article\",\"isPartOf\":{\"@id\":\"https:\/\/blogfca.pucminas.br\/ccm\/a-representacao-feminina-em-o-gambito-da-rainha\/\"},\"author\":{\"name\":\"Monitor\",\"@id\":\"https:\/\/blogfca.pucminas.br\/ccm\/#\/schema\/person\/96a5785fe6222ab41614e6c7d6fd8c0e\"},\"headline\":\"A Representa\u00e7\u00e3o Feminina em O Gambito da Rainha\",\"datePublished\":\"2021-05-25T10:00:00+00:00\",\"dateModified\":\"2023-10-25T22:37:25+00:00\",\"mainEntityOfPage\":{\"@id\":\"https:\/\/blogfca.pucminas.br\/ccm\/a-representacao-feminina-em-o-gambito-da-rainha\/\"},\"wordCount\":740,\"commentCount\":0,\"publisher\":{\"@id\":\"https:\/\/blogfca.pucminas.br\/ccm\/#organization\"},\"image\":{\"@id\":\"https:\/\/blogfca.pucminas.br\/ccm\/a-representacao-feminina-em-o-gambito-da-rainha\/#primaryimage\"},\"thumbnailUrl\":\"https:\/\/blogfca.pucminas.br\/ccm\/wp-content\/uploads\/2021\/05\/AAAABUTdR0OCMRuhctSHN2ZVLBKRp2kbK7slnHJ8sF-DyI2-xEGYRXTGkd7pXvHZSxvtbKV_8bIK32DUdSEDSuXkzSsuX1B3.jpg\",\"keywords\":[\"Cr\u00edtica Midi\u00e1tica\",\"TV Complexa\"],\"articleSection\":[\"Ensaios\"],\"inLanguage\":\"pt-BR\",\"potentialAction\":[{\"@type\":\"CommentAction\",\"name\":\"Comment\",\"target\":[\"https:\/\/blogfca.pucminas.br\/ccm\/a-representacao-feminina-em-o-gambito-da-rainha\/#respond\"]}]},{\"@type\":\"WebPage\",\"@id\":\"https:\/\/blogfca.pucminas.br\/ccm\/a-representacao-feminina-em-o-gambito-da-rainha\/\",\"url\":\"https:\/\/blogfca.pucminas.br\/ccm\/a-representacao-feminina-em-o-gambito-da-rainha\/\",\"name\":\"A Representa\u00e7\u00e3o Feminina em O Gambito da Rainha - Centro de Cr\u00edtica Da M\u00eddia\",\"isPartOf\":{\"@id\":\"https:\/\/blogfca.pucminas.br\/ccm\/#website\"},\"primaryImageOfPage\":{\"@id\":\"https:\/\/blogfca.pucminas.br\/ccm\/a-representacao-feminina-em-o-gambito-da-rainha\/#primaryimage\"},\"image\":{\"@id\":\"https:\/\/blogfca.pucminas.br\/ccm\/a-representacao-feminina-em-o-gambito-da-rainha\/#primaryimage\"},\"thumbnailUrl\":\"https:\/\/blogfca.pucminas.br\/ccm\/wp-content\/uploads\/2021\/05\/AAAABUTdR0OCMRuhctSHN2ZVLBKRp2kbK7slnHJ8sF-DyI2-xEGYRXTGkd7pXvHZSxvtbKV_8bIK32DUdSEDSuXkzSsuX1B3.jpg\",\"datePublished\":\"2021-05-25T10:00:00+00:00\",\"dateModified\":\"2023-10-25T22:37:25+00:00\",\"breadcrumb\":{\"@id\":\"https:\/\/blogfca.pucminas.br\/ccm\/a-representacao-feminina-em-o-gambito-da-rainha\/#breadcrumb\"},\"inLanguage\":\"pt-BR\",\"potentialAction\":[{\"@type\":\"ReadAction\",\"target\":[\"https:\/\/blogfca.pucminas.br\/ccm\/a-representacao-feminina-em-o-gambito-da-rainha\/\"]}]},{\"@type\":\"ImageObject\",\"inLanguage\":\"pt-BR\",\"@id\":\"https:\/\/blogfca.pucminas.br\/ccm\/a-representacao-feminina-em-o-gambito-da-rainha\/#primaryimage\",\"url\":\"https:\/\/blogfca.pucminas.br\/ccm\/wp-content\/uploads\/2021\/05\/AAAABUTdR0OCMRuhctSHN2ZVLBKRp2kbK7slnHJ8sF-DyI2-xEGYRXTGkd7pXvHZSxvtbKV_8bIK32DUdSEDSuXkzSsuX1B3.jpg\",\"contentUrl\":\"https:\/\/blogfca.pucminas.br\/ccm\/wp-content\/uploads\/2021\/05\/AAAABUTdR0OCMRuhctSHN2ZVLBKRp2kbK7slnHJ8sF-DyI2-xEGYRXTGkd7pXvHZSxvtbKV_8bIK32DUdSEDSuXkzSsuX1B3.jpg\",\"width\":1024,\"height\":576},{\"@type\":\"BreadcrumbList\",\"@id\":\"https:\/\/blogfca.pucminas.br\/ccm\/a-representacao-feminina-em-o-gambito-da-rainha\/#breadcrumb\",\"itemListElement\":[{\"@type\":\"ListItem\",\"position\":1,\"name\":\"Home\",\"item\":\"https:\/\/blogfca.pucminas.br\/ccm\/\"},{\"@type\":\"ListItem\",\"position\":2,\"name\":\"A Representa\u00e7\u00e3o Feminina em O Gambito da Rainha\"}]},{\"@type\":\"WebSite\",\"@id\":\"https:\/\/blogfca.pucminas.br\/ccm\/#website\",\"url\":\"https:\/\/blogfca.pucminas.br\/ccm\/\",\"name\":\"Centro de Cr\u00edtica da M\u00eddia\",\"description\":\"\",\"publisher\":{\"@id\":\"https:\/\/blogfca.pucminas.br\/ccm\/#organization\"},\"potentialAction\":[{\"@type\":\"SearchAction\",\"target\":{\"@type\":\"EntryPoint\",\"urlTemplate\":\"https:\/\/blogfca.pucminas.br\/ccm\/?s={search_term_string}\"},\"query-input\":{\"@type\":\"PropertyValueSpecification\",\"valueRequired\":true,\"valueName\":\"search_term_string\"}}],\"inLanguage\":\"pt-BR\"},{\"@type\":\"Organization\",\"@id\":\"https:\/\/blogfca.pucminas.br\/ccm\/#organization\",\"name\":\"Centro de Cirtica da M\u00eddia\",\"url\":\"https:\/\/blogfca.pucminas.br\/ccm\/\",\"logo\":{\"@type\":\"ImageObject\",\"inLanguage\":\"pt-BR\",\"@id\":\"https:\/\/blogfca.pucminas.br\/ccm\/#\/schema\/logo\/image\/\",\"url\":\"https:\/\/blogfca.pucminas.br\/ccm\/wp-content\/uploads\/2016\/11\/logo-ccm-preto.png\",\"contentUrl\":\"https:\/\/blogfca.pucminas.br\/ccm\/wp-content\/uploads\/2016\/11\/logo-ccm-preto.png\",\"width\":1191,\"height\":842,\"caption\":\"Centro de Cirtica da M\u00eddia\"},\"image\":{\"@id\":\"https:\/\/blogfca.pucminas.br\/ccm\/#\/schema\/logo\/image\/\"},\"sameAs\":[\"https:\/\/www.facebook.com\/ccmpucminas\/?ref=settings\",\"https:\/\/x.com\/ccmpucminas\",\"https:\/\/www.instagram.com\/ccmpucminas\/?hl=pt-br\",\"https:\/\/www.youtube.com\/channel\/UCpKbhzfoQXgXVhkWlxSuW2w\"]},{\"@type\":\"Person\",\"@id\":\"https:\/\/blogfca.pucminas.br\/ccm\/#\/schema\/person\/96a5785fe6222ab41614e6c7d6fd8c0e\",\"name\":\"Monitor\",\"image\":{\"@type\":\"ImageObject\",\"inLanguage\":\"pt-BR\",\"@id\":\"https:\/\/secure.gravatar.com\/avatar\/322bb6b3650f9fb6d80483e763f0e983b000ecf4dcd7d91ea2b9a58b7d6af889?s=96&d=mm&r=g\",\"url\":\"https:\/\/secure.gravatar.com\/avatar\/322bb6b3650f9fb6d80483e763f0e983b000ecf4dcd7d91ea2b9a58b7d6af889?s=96&d=mm&r=g\",\"contentUrl\":\"https:\/\/secure.gravatar.com\/avatar\/322bb6b3650f9fb6d80483e763f0e983b000ecf4dcd7d91ea2b9a58b7d6af889?s=96&d=mm&r=g\",\"caption\":\"Monitor\"},\"url\":\"https:\/\/blogfca.pucminas.br\/ccm\/author\/monitor\/\"}]}<\/script>\n<!-- \/ Yoast SEO plugin. -->","yoast_head_json":{"title":"A Representa\u00e7\u00e3o Feminina em O Gambito da Rainha - Centro de Cr\u00edtica Da M\u00eddia","robots":{"index":"index","follow":"follow","max-snippet":"max-snippet:-1","max-image-preview":"max-image-preview:large","max-video-preview":"max-video-preview:-1"},"canonical":"https:\/\/blogfca.pucminas.br\/ccm\/a-representacao-feminina-em-o-gambito-da-rainha\/","og_locale":"pt_BR","og_type":"article","og_title":"A Representa\u00e7\u00e3o Feminina em O Gambito da Rainha - Centro de Cr\u00edtica Da M\u00eddia","og_description":"Por Beatriz Xavier, Helenna Dias e Sarah Cafiero. A miniss\u00e9rie de fic\u00e7\u00e3o O Gambito da Rainha (2020), baseada no livro hom\u00f4nimo de Walter Tevis, narra a trajet\u00f3ria de Beth Harmon da inf\u00e2ncia em um orfanato at\u00e9 se tornar a primeira campe\u00e3 mundial de xadrez. Ainda aos 9 anos, a protagonista \u00e9 apresentada ao jogo pelo&hellip;","og_url":"https:\/\/blogfca.pucminas.br\/ccm\/a-representacao-feminina-em-o-gambito-da-rainha\/","og_site_name":"Centro de Cr\u00edtica Da M\u00eddia","article_publisher":"https:\/\/www.facebook.com\/ccmpucminas\/?ref=settings","article_published_time":"2021-05-25T10:00:00+00:00","article_modified_time":"2023-10-25T22:37:25+00:00","og_image":[{"width":1024,"height":576,"url":"https:\/\/blogfca.pucminas.br\/ccm\/wp-content\/uploads\/2021\/05\/AAAABUTdR0OCMRuhctSHN2ZVLBKRp2kbK7slnHJ8sF-DyI2-xEGYRXTGkd7pXvHZSxvtbKV_8bIK32DUdSEDSuXkzSsuX1B3.jpg","type":"image\/jpeg"}],"author":"Monitor","twitter_card":"summary_large_image","twitter_creator":"@ccmpucminas","twitter_site":"@ccmpucminas","twitter_misc":{"Escrito por":"Monitor","Est. tempo de leitura":"4 minutos"},"schema":{"@context":"https:\/\/schema.org","@graph":[{"@type":"Article","@id":"https:\/\/blogfca.pucminas.br\/ccm\/a-representacao-feminina-em-o-gambito-da-rainha\/#article","isPartOf":{"@id":"https:\/\/blogfca.pucminas.br\/ccm\/a-representacao-feminina-em-o-gambito-da-rainha\/"},"author":{"name":"Monitor","@id":"https:\/\/blogfca.pucminas.br\/ccm\/#\/schema\/person\/96a5785fe6222ab41614e6c7d6fd8c0e"},"headline":"A Representa\u00e7\u00e3o Feminina em O Gambito da Rainha","datePublished":"2021-05-25T10:00:00+00:00","dateModified":"2023-10-25T22:37:25+00:00","mainEntityOfPage":{"@id":"https:\/\/blogfca.pucminas.br\/ccm\/a-representacao-feminina-em-o-gambito-da-rainha\/"},"wordCount":740,"commentCount":0,"publisher":{"@id":"https:\/\/blogfca.pucminas.br\/ccm\/#organization"},"image":{"@id":"https:\/\/blogfca.pucminas.br\/ccm\/a-representacao-feminina-em-o-gambito-da-rainha\/#primaryimage"},"thumbnailUrl":"https:\/\/blogfca.pucminas.br\/ccm\/wp-content\/uploads\/2021\/05\/AAAABUTdR0OCMRuhctSHN2ZVLBKRp2kbK7slnHJ8sF-DyI2-xEGYRXTGkd7pXvHZSxvtbKV_8bIK32DUdSEDSuXkzSsuX1B3.jpg","keywords":["Cr\u00edtica Midi\u00e1tica","TV Complexa"],"articleSection":["Ensaios"],"inLanguage":"pt-BR","potentialAction":[{"@type":"CommentAction","name":"Comment","target":["https:\/\/blogfca.pucminas.br\/ccm\/a-representacao-feminina-em-o-gambito-da-rainha\/#respond"]}]},{"@type":"WebPage","@id":"https:\/\/blogfca.pucminas.br\/ccm\/a-representacao-feminina-em-o-gambito-da-rainha\/","url":"https:\/\/blogfca.pucminas.br\/ccm\/a-representacao-feminina-em-o-gambito-da-rainha\/","name":"A Representa\u00e7\u00e3o Feminina em O Gambito da Rainha - Centro de Cr\u00edtica Da M\u00eddia","isPartOf":{"@id":"https:\/\/blogfca.pucminas.br\/ccm\/#website"},"primaryImageOfPage":{"@id":"https:\/\/blogfca.pucminas.br\/ccm\/a-representacao-feminina-em-o-gambito-da-rainha\/#primaryimage"},"image":{"@id":"https:\/\/blogfca.pucminas.br\/ccm\/a-representacao-feminina-em-o-gambito-da-rainha\/#primaryimage"},"thumbnailUrl":"https:\/\/blogfca.pucminas.br\/ccm\/wp-content\/uploads\/2021\/05\/AAAABUTdR0OCMRuhctSHN2ZVLBKRp2kbK7slnHJ8sF-DyI2-xEGYRXTGkd7pXvHZSxvtbKV_8bIK32DUdSEDSuXkzSsuX1B3.jpg","datePublished":"2021-05-25T10:00:00+00:00","dateModified":"2023-10-25T22:37:25+00:00","breadcrumb":{"@id":"https:\/\/blogfca.pucminas.br\/ccm\/a-representacao-feminina-em-o-gambito-da-rainha\/#breadcrumb"},"inLanguage":"pt-BR","potentialAction":[{"@type":"ReadAction","target":["https:\/\/blogfca.pucminas.br\/ccm\/a-representacao-feminina-em-o-gambito-da-rainha\/"]}]},{"@type":"ImageObject","inLanguage":"pt-BR","@id":"https:\/\/blogfca.pucminas.br\/ccm\/a-representacao-feminina-em-o-gambito-da-rainha\/#primaryimage","url":"https:\/\/blogfca.pucminas.br\/ccm\/wp-content\/uploads\/2021\/05\/AAAABUTdR0OCMRuhctSHN2ZVLBKRp2kbK7slnHJ8sF-DyI2-xEGYRXTGkd7pXvHZSxvtbKV_8bIK32DUdSEDSuXkzSsuX1B3.jpg","contentUrl":"https:\/\/blogfca.pucminas.br\/ccm\/wp-content\/uploads\/2021\/05\/AAAABUTdR0OCMRuhctSHN2ZVLBKRp2kbK7slnHJ8sF-DyI2-xEGYRXTGkd7pXvHZSxvtbKV_8bIK32DUdSEDSuXkzSsuX1B3.jpg","width":1024,"height":576},{"@type":"BreadcrumbList","@id":"https:\/\/blogfca.pucminas.br\/ccm\/a-representacao-feminina-em-o-gambito-da-rainha\/#breadcrumb","itemListElement":[{"@type":"ListItem","position":1,"name":"Home","item":"https:\/\/blogfca.pucminas.br\/ccm\/"},{"@type":"ListItem","position":2,"name":"A Representa\u00e7\u00e3o Feminina em O Gambito da Rainha"}]},{"@type":"WebSite","@id":"https:\/\/blogfca.pucminas.br\/ccm\/#website","url":"https:\/\/blogfca.pucminas.br\/ccm\/","name":"Centro de Cr\u00edtica da M\u00eddia","description":"","publisher":{"@id":"https:\/\/blogfca.pucminas.br\/ccm\/#organization"},"potentialAction":[{"@type":"SearchAction","target":{"@type":"EntryPoint","urlTemplate":"https:\/\/blogfca.pucminas.br\/ccm\/?s={search_term_string}"},"query-input":{"@type":"PropertyValueSpecification","valueRequired":true,"valueName":"search_term_string"}}],"inLanguage":"pt-BR"},{"@type":"Organization","@id":"https:\/\/blogfca.pucminas.br\/ccm\/#organization","name":"Centro de Cirtica da M\u00eddia","url":"https:\/\/blogfca.pucminas.br\/ccm\/","logo":{"@type":"ImageObject","inLanguage":"pt-BR","@id":"https:\/\/blogfca.pucminas.br\/ccm\/#\/schema\/logo\/image\/","url":"https:\/\/blogfca.pucminas.br\/ccm\/wp-content\/uploads\/2016\/11\/logo-ccm-preto.png","contentUrl":"https:\/\/blogfca.pucminas.br\/ccm\/wp-content\/uploads\/2016\/11\/logo-ccm-preto.png","width":1191,"height":842,"caption":"Centro de Cirtica da M\u00eddia"},"image":{"@id":"https:\/\/blogfca.pucminas.br\/ccm\/#\/schema\/logo\/image\/"},"sameAs":["https:\/\/www.facebook.com\/ccmpucminas\/?ref=settings","https:\/\/x.com\/ccmpucminas","https:\/\/www.instagram.com\/ccmpucminas\/?hl=pt-br","https:\/\/www.youtube.com\/channel\/UCpKbhzfoQXgXVhkWlxSuW2w"]},{"@type":"Person","@id":"https:\/\/blogfca.pucminas.br\/ccm\/#\/schema\/person\/96a5785fe6222ab41614e6c7d6fd8c0e","name":"Monitor","image":{"@type":"ImageObject","inLanguage":"pt-BR","@id":"https:\/\/secure.gravatar.com\/avatar\/322bb6b3650f9fb6d80483e763f0e983b000ecf4dcd7d91ea2b9a58b7d6af889?s=96&d=mm&r=g","url":"https:\/\/secure.gravatar.com\/avatar\/322bb6b3650f9fb6d80483e763f0e983b000ecf4dcd7d91ea2b9a58b7d6af889?s=96&d=mm&r=g","contentUrl":"https:\/\/secure.gravatar.com\/avatar\/322bb6b3650f9fb6d80483e763f0e983b000ecf4dcd7d91ea2b9a58b7d6af889?s=96&d=mm&r=g","caption":"Monitor"},"url":"https:\/\/blogfca.pucminas.br\/ccm\/author\/monitor\/"}]}},"_links":{"self":[{"href":"https:\/\/blogfca.pucminas.br\/ccm\/wp-json\/wp\/v2\/posts\/3573","targetHints":{"allow":["GET"]}}],"collection":[{"href":"https:\/\/blogfca.pucminas.br\/ccm\/wp-json\/wp\/v2\/posts"}],"about":[{"href":"https:\/\/blogfca.pucminas.br\/ccm\/wp-json\/wp\/v2\/types\/post"}],"author":[{"embeddable":true,"href":"https:\/\/blogfca.pucminas.br\/ccm\/wp-json\/wp\/v2\/users\/16"}],"replies":[{"embeddable":true,"href":"https:\/\/blogfca.pucminas.br\/ccm\/wp-json\/wp\/v2\/comments?post=3573"}],"version-history":[{"count":2,"href":"https:\/\/blogfca.pucminas.br\/ccm\/wp-json\/wp\/v2\/posts\/3573\/revisions"}],"predecessor-version":[{"id":3576,"href":"https:\/\/blogfca.pucminas.br\/ccm\/wp-json\/wp\/v2\/posts\/3573\/revisions\/3576"}],"wp:featuredmedia":[{"embeddable":true,"href":"https:\/\/blogfca.pucminas.br\/ccm\/wp-json\/wp\/v2\/media\/3574"}],"wp:attachment":[{"href":"https:\/\/blogfca.pucminas.br\/ccm\/wp-json\/wp\/v2\/media?parent=3573"}],"wp:term":[{"taxonomy":"category","embeddable":true,"href":"https:\/\/blogfca.pucminas.br\/ccm\/wp-json\/wp\/v2\/categories?post=3573"},{"taxonomy":"post_tag","embeddable":true,"href":"https:\/\/blogfca.pucminas.br\/ccm\/wp-json\/wp\/v2\/tags?post=3573"}],"curies":[{"name":"wp","href":"https:\/\/api.w.org\/{rel}","templated":true}]}}